{"id":4903,"date":"2025-09-17T10:50:14","date_gmt":"2025-09-17T16:50:14","guid":{"rendered":"https:\/\/arjenoticias.com\/?p=4903"},"modified":"2025-09-17T10:54:15","modified_gmt":"2025-09-17T16:54:15","slug":"trump-anuncia-ataque-contra-presuntos-narcotraficantes-en-aguas-internacionales","status":"publish","type":"post","link":"https:\/\/arjenoticias.com.mx\/mundo\/trump-anuncia-ataque-contra-presuntos-narcotraficantes-en-aguas-internacionales\/","title":{"rendered":"Trump anuncia ataque contra presuntos narcotraficantes en aguas internacionales"},"content":{"rendered":"\n<p class=\"wp-block-paragraph\">El presidente Donald Trump inform\u00f3 este lunes 15 de septiembre, a trav\u00e9s de su red Truth Social, que las Fuerzas Armadas de Estados Unidos realizaron un segundo \u201cataque cin\u00e9tico\u201d contra una embarcaci\u00f3n presuntamente vinculada a carteles venezolanos. Seg\u00fan el mandatario, el operativo se llev\u00f3 a cabo en aguas internacionales bajo el mando de SOUTHCOM y dej\u00f3 como saldo tres hombres muertos sin bajas estadounidenses.<\/p>\n\n\n\n<p class=\"wp-block-paragraph\">En su mensaje, Trump acus\u00f3 a los grupos atacados de ser \u201cnarcoterroristas\u201d responsables de introducir fentanilo y coca\u00edna en territorio estadounidense, drogas que calific\u00f3 como \u201cun arma mortal que envenena a los estadounidenses\u201d. Adem\u00e1s, lanz\u00f3 una advertencia directa: \u201cSi est\u00e1s transportando drogas que pueden matar a estadounidenses, te estamos cazando\u201d.<\/p>\n\n\n\n<figure class=\"wp-block-image size-full\"><img decoding=\"async\" src=\"https:\/\/arjenoticias.com\/wp-content\/uploads\/2025\/09\/declaracion-trump.png\" alt=\"\" class=\"wp-image-4904\"\/><\/figure>\n\n\n\n<p class=\"wp-block-paragraph\">La Casa Blanca sostiene que se trata de una ofensiva m\u00e1s amplia contra redes criminales transnacionales que, asegura, representan una amenaza a la seguridad nacional y a los intereses estrat\u00e9gicos de Estados Unidos. Sin embargo, la administraci\u00f3n no ha ofrecido pruebas detalladas sobre el cargamento del barco ni sobre el tipo de armamento utilizado en la operaci\u00f3n.<\/p>\n\n\n\n<p class=\"wp-block-paragraph\">Este es el segundo ataque de este tipo en menos de dos semanas. El 2 de septiembre, Washington inform\u00f3 de un operativo similar que dej\u00f3 11 muertos, lo que encendi\u00f3 el debate en el Congreso sobre la base legal que permite al gobierno de Estados Unidos ordenar el uso de fuerza letal en aguas internacionales contra presuntos delincuentes.<\/p>\n\n\n\n<p class=\"wp-block-paragraph\">Mientras sectores conservadores aplauden la \u201cl\u00ednea dura\u201d de Trump contra los carteles, cr\u00edticos y expertos en derecho internacional advierten que calificar a estas organizaciones como \u201cnarcoterroristas\u201d abre un terreno riesgoso, al equiparar la lucha antidrogas con la guerra antiterrorista. Adem\u00e1s, alertan sobre posibles repercusiones diplom\u00e1ticas con Venezuela y otros pa\u00edses de la regi\u00f3n.<\/p>\n\n\n\n<p class=\"wp-block-paragraph\">Con este nuevo anuncio, la estrategia de Trump contra el narcotr\u00e1fico parece intensificarse, aunque persisten dudas sobre su legalidad.<\/p>\n\n\n","protected":false},"excerpt":{"rendered":"<p>El presidente Donald Trump inform\u00f3 este lunes 15 de septiembre, a trav\u00e9s de su red&#8230;<\/p>\n","protected":false},"author":44,"featured_media":0,"comment_status":"closed","ping_status":"closed","sticky":false,"template":"","format":"standard","meta":{"footnotes":""},"categories":[9],"tags":[312,492,490,491,129],"class_list":["post-4903","post","type-post","status-publish","format-standard","hentry","category-mundo","tag-donald-trump","tag-narcotrafico-2","tag-southcom","tag-truth-social","tag-venezuela"],"yoast_head":"<!-- This site is optimized with the Yoast SEO plugin v28.4 - https:\/\/yoast.com\/product\/yoast-seo-wordpress\/ -->\n<title>Trump anuncia ataque contra presuntos narcotraficantes en aguas internacionales -<\/title>\n<meta name=\"description\" content=\"El presidente Donald Trump inform\u00f3 que Estados Unidos bajo el mando de SOUTHCOM realizaron un segundo \u201cataque cin\u00e9tico\u201d contra una embarcaci\u00f3n presuntamente vinculada a carteles venezolanos.\" \/>\n<meta name=\"robots\" content=\"index, follow, max-snippet:-1, max-image-preview:large, max-video-preview:-1\" \/>\n<link rel=\"canonical\" href=\"https:\/\/arjenoticias.com.mx\/mundo\/trump-anuncia-ataque-contra-presuntos-narcotraficantes-en-aguas-internacionales\/\" \/>\n<meta property=\"og:locale\" content=\"es_ES\" \/>\n<meta property=\"og:type\" content=\"article\" \/>\n<meta property=\"og:title\" content=\"Trump anuncia ataque contra presuntos narcotraficantes en aguas internacionales -\" \/>\n<meta property=\"og:description\" content=\"El presidente Donald Trump inform\u00f3 que Estados Unidos bajo el mando de SOUTHCOM realizaron un segundo \u201cataque cin\u00e9tico\u201d contra una embarcaci\u00f3n presuntamente vinculada a carteles venezolanos.\" \/>\n<meta property=\"og:url\" content=\"https:\/\/arjenoticias.com.mx\/mundo\/trump-anuncia-ataque-contra-presuntos-narcotraficantes-en-aguas-internacionales\/\" \/>\n<meta property=\"article:publisher\" content=\"https:\/\/www.facebook.com\/ArjeNoticiasMX\" \/>\n<meta property=\"article:published_time\" content=\"2025-09-17T16:50:14+00:00\" \/>\n<meta property=\"article:modified_time\" content=\"2025-09-17T16:54:15+00:00\" \/>\n<meta property=\"og:image\" content=\"https:\/\/arjenoticias.com\/wp-content\/uploads\/2025\/09\/declaracion-trump.png\" \/>\n<meta name=\"author\" content=\"Roberta Cannizzaro Sep\u00falveda\" \/>\n<meta name=\"twitter:card\" content=\"summary_large_image\" \/>\n<meta name=\"twitter:creator\" content=\"@ArjeNoticias\" \/>\n<meta name=\"twitter:site\" content=\"@ArjeNoticias\" \/>\n<meta name=\"twitter:label1\" content=\"Escrito por\" \/>\n\t<meta name=\"twitter:data1\" content=\"Roberta Cannizzaro Sep\u00falveda\" \/>\n\t<meta name=\"twitter:label2\" content=\"Tiempo de lectura\" \/>\n\t<meta name=\"twitter:data2\" content=\"2 minutos\" \/>\n<script type=\"application\/ld+json\" class=\"yoast-schema-graph\">{\"@context\":\"https:\\\/\\\/schema.org\",\"@graph\":[{\"@type\":\"Article\",\"@id\":\"https:\\\/\\\/arjenoticias.com.mx\\\/mundo\\\/trump-anuncia-ataque-contra-presuntos-narcotraficantes-en-aguas-internacionales\\\/#article\",\"isPartOf\":{\"@id\":\"https:\\\/\\\/arjenoticias.com.mx\\\/mundo\\\/trump-anuncia-ataque-contra-presuntos-narcotraficantes-en-aguas-internacionales\\\/\"},\"author\":{\"name\":\"Roberta Cannizzaro Sep\u00falveda\",\"@id\":\"https:\\\/\\\/arjenoticias.com.mx\\\/#\\\/schema\\\/person\\\/2fe3e56c236e33d7717fe09d5aee5dd2\"},\"headline\":\"Trump anuncia ataque contra presuntos narcotraficantes en aguas internacionales\",\"datePublished\":\"2025-09-17T16:50:14+00:00\",\"dateModified\":\"2025-09-17T16:54:15+00:00\",\"mainEntityOfPage\":{\"@id\":\"https:\\\/\\\/arjenoticias.com.mx\\\/mundo\\\/trump-anuncia-ataque-contra-presuntos-narcotraficantes-en-aguas-internacionales\\\/\"},\"wordCount\":325,\"publisher\":{\"@id\":\"https:\\\/\\\/arjenoticias.com.mx\\\/#organization\"},\"image\":{\"@id\":\"https:\\\/\\\/arjenoticias.com.mx\\\/mundo\\\/trump-anuncia-ataque-contra-presuntos-narcotraficantes-en-aguas-internacionales\\\/#primaryimage\"},\"thumbnailUrl\":\"https:\\\/\\\/arjenoticias.com\\\/wp-content\\\/uploads\\\/2025\\\/09\\\/declaracion-trump.png\",\"keywords\":[\"Donald Trump\",\"Narcotrafico\",\"SOUTHCOM\",\"Truth Social\",\"Venezuela\"],\"articleSection\":[\"Mundo\"],\"inLanguage\":\"es\"},{\"@type\":\"WebPage\",\"@id\":\"https:\\\/\\\/arjenoticias.com.mx\\\/mundo\\\/trump-anuncia-ataque-contra-presuntos-narcotraficantes-en-aguas-internacionales\\\/\",\"url\":\"https:\\\/\\\/arjenoticias.com.mx\\\/mundo\\\/trump-anuncia-ataque-contra-presuntos-narcotraficantes-en-aguas-internacionales\\\/\",\"name\":\"Trump anuncia ataque contra presuntos narcotraficantes en aguas internacionales -\",\"isPartOf\":{\"@id\":\"https:\\\/\\\/arjenoticias.com.mx\\\/#website\"},\"primaryImageOfPage\":{\"@id\":\"https:\\\/\\\/arjenoticias.com.mx\\\/mundo\\\/trump-anuncia-ataque-contra-presuntos-narcotraficantes-en-aguas-internacionales\\\/#primaryimage\"},\"image\":{\"@id\":\"https:\\\/\\\/arjenoticias.com.mx\\\/mundo\\\/trump-anuncia-ataque-contra-presuntos-narcotraficantes-en-aguas-internacionales\\\/#primaryimage\"},\"thumbnailUrl\":\"https:\\\/\\\/arjenoticias.com\\\/wp-content\\\/uploads\\\/2025\\\/09\\\/declaracion-trump.png\",\"datePublished\":\"2025-09-17T16:50:14+00:00\",\"dateModified\":\"2025-09-17T16:54:15+00:00\",\"description\":\"El presidente Donald Trump inform\u00f3 que Estados Unidos bajo el mando de SOUTHCOM realizaron un segundo \u201cataque cin\u00e9tico\u201d contra una embarcaci\u00f3n presuntamente vinculada a carteles venezolanos.\",\"breadcrumb\":{\"@id\":\"https:\\\/\\\/arjenoticias.com.mx\\\/mundo\\\/trump-anuncia-ataque-contra-presuntos-narcotraficantes-en-aguas-internacionales\\\/#breadcrumb\"},\"inLanguage\":\"es\",\"potentialAction\":[{\"@type\":\"ReadAction\",\"target\":[\"https:\\\/\\\/arjenoticias.com.mx\\\/mundo\\\/trump-anuncia-ataque-contra-presuntos-narcotraficantes-en-aguas-internacionales\\\/\"]}]},{\"@type\":\"ImageObject\",\"inLanguage\":\"es\",\"@id\":\"https:\\\/\\\/arjenoticias.com.mx\\\/mundo\\\/trump-anuncia-ataque-contra-presuntos-narcotraficantes-en-aguas-internacionales\\\/#primaryimage\",\"url\":\"https:\\\/\\\/arjenoticias.com\\\/wp-content\\\/uploads\\\/2025\\\/09\\\/declaracion-trump.png\",\"contentUrl\":\"https:\\\/\\\/arjenoticias.com\\\/wp-content\\\/uploads\\\/2025\\\/09\\\/declaracion-trump.png\"},{\"@type\":\"BreadcrumbList\",\"@id\":\"https:\\\/\\\/arjenoticias.com.mx\\\/mundo\\\/trump-anuncia-ataque-contra-presuntos-narcotraficantes-en-aguas-internacionales\\\/#breadcrumb\",\"itemListElement\":[{\"@type\":\"ListItem\",\"position\":1,\"name\":\"Portada\",\"item\":\"https:\\\/\\\/arjenoticias.com.mx\\\/\"},{\"@type\":\"ListItem\",\"position\":2,\"name\":\"Trump anuncia ataque contra presuntos narcotraficantes en aguas internacionales\"}]},{\"@type\":\"WebSite\",\"@id\":\"https:\\\/\\\/arjenoticias.com.mx\\\/#website\",\"url\":\"https:\\\/\\\/arjenoticias.com.mx\\\/\",\"name\":\"Arj\u00e9 M\u00e9xico\",\"description\":\"\",\"publisher\":{\"@id\":\"https:\\\/\\\/arjenoticias.com.mx\\\/#organization\"},\"potentialAction\":[{\"@type\":\"SearchAction\",\"target\":{\"@type\":\"EntryPoint\",\"urlTemplate\":\"https:\\\/\\\/arjenoticias.com.mx\\\/?s={search_term_string}\"},\"query-input\":{\"@type\":\"PropertyValueSpecification\",\"valueRequired\":true,\"valueName\":\"search_term_string\"}}],\"inLanguage\":\"es\"},{\"@type\":\"Organization\",\"@id\":\"https:\\\/\\\/arjenoticias.com.mx\\\/#organization\",\"name\":\"Arj\u00e9 M\u00e9xico\",\"url\":\"https:\\\/\\\/arjenoticias.com.mx\\\/\",\"logo\":{\"@type\":\"ImageObject\",\"inLanguage\":\"es\",\"@id\":\"https:\\\/\\\/arjenoticias.com.mx\\\/#\\\/schema\\\/logo\\\/image\\\/\",\"url\":\"https:\\\/\\\/arjenoticias.com\\\/wp-content\\\/uploads\\\/2026\\\/04\\\/cropped-cropped-logo-inverted-1-scaled-1.png\",\"contentUrl\":\"https:\\\/\\\/arjenoticias.com\\\/wp-content\\\/uploads\\\/2026\\\/04\\\/cropped-cropped-logo-inverted-1-scaled-1.png\",\"width\":2556,\"height\":549,\"caption\":\"Arj\u00e9 M\u00e9xico\"},\"image\":{\"@id\":\"https:\\\/\\\/arjenoticias.com.mx\\\/#\\\/schema\\\/logo\\\/image\\\/\"},\"sameAs\":[\"https:\\\/\\\/www.facebook.com\\\/ArjeNoticiasMX\",\"https:\\\/\\\/x.com\\\/ArjeNoticias\"]},{\"@type\":\"Person\",\"@id\":\"https:\\\/\\\/arjenoticias.com.mx\\\/#\\\/schema\\\/person\\\/2fe3e56c236e33d7717fe09d5aee5dd2\",\"name\":\"Roberta Cannizzaro Sep\u00falveda\",\"image\":{\"@type\":\"ImageObject\",\"inLanguage\":\"es\",\"@id\":\"https:\\\/\\\/secure.gravatar.com\\\/avatar\\\/8eb0527ba75bbb8412e1eaf04c852c82b3fdf6614b9405aedd23180e2275ae53?s=96&d=mm&r=g\",\"url\":\"https:\\\/\\\/secure.gravatar.com\\\/avatar\\\/8eb0527ba75bbb8412e1eaf04c852c82b3fdf6614b9405aedd23180e2275ae53?s=96&d=mm&r=g\",\"contentUrl\":\"https:\\\/\\\/secure.gravatar.com\\\/avatar\\\/8eb0527ba75bbb8412e1eaf04c852c82b3fdf6614b9405aedd23180e2275ae53?s=96&d=mm&r=g\",\"caption\":\"Roberta Cannizzaro Sep\u00falveda\"},\"description\":\"Internacionalista y polit\u00f3loga.\",\"sameAs\":[\"https:\\\/\\\/www.instagram.com\\\/robertacann\\\/\",\"https:\\\/\\\/www.linkedin.com\\\/in\\\/robertacannsepulveda\\\/\"],\"url\":\"https:\\\/\\\/arjenoticias.com.mx\\\/author\\\/roberta-cannizzaro-sepulveda\\\/\"}]}<\/script>\n<!-- \/ Yoast SEO plugin. -->","yoast_head_json":{"title":"Trump anuncia ataque contra presuntos narcotraficantes en aguas internacionales -","description":"El presidente Donald Trump inform\u00f3 que Estados Unidos bajo el mando de SOUTHCOM realizaron un segundo \u201cataque cin\u00e9tico\u201d contra una embarcaci\u00f3n presuntamente vinculada a carteles venezolanos.","robots":{"index":"index","follow":"follow","max-snippet":"max-snippet:-1","max-image-preview":"max-image-preview:large","max-video-preview":"max-video-preview:-1"},"canonical":"https:\/\/arjenoticias.com.mx\/mundo\/trump-anuncia-ataque-contra-presuntos-narcotraficantes-en-aguas-internacionales\/","og_locale":"es_ES","og_type":"article","og_title":"Trump anuncia ataque contra presuntos narcotraficantes en aguas internacionales -","og_description":"El presidente Donald Trump inform\u00f3 que Estados Unidos bajo el mando de SOUTHCOM realizaron un segundo \u201cataque cin\u00e9tico\u201d contra una embarcaci\u00f3n presuntamente vinculada a carteles venezolanos.","og_url":"https:\/\/arjenoticias.com.mx\/mundo\/trump-anuncia-ataque-contra-presuntos-narcotraficantes-en-aguas-internacionales\/","article_publisher":"https:\/\/www.facebook.com\/ArjeNoticiasMX","article_published_time":"2025-09-17T16:50:14+00:00","article_modified_time":"2025-09-17T16:54:15+00:00","og_image":[{"url":"https:\/\/arjenoticias.com\/wp-content\/uploads\/2025\/09\/declaracion-trump.png","type":"","width":"","height":""}],"author":"Roberta Cannizzaro Sep\u00falveda","twitter_card":"summary_large_image","twitter_creator":"@ArjeNoticias","twitter_site":"@ArjeNoticias","twitter_misc":{"Escrito por":"Roberta Cannizzaro Sep\u00falveda","Tiempo de lectura":"2 minutos"},"schema":{"@context":"https:\/\/schema.org","@graph":[{"@type":"Article","@id":"https:\/\/arjenoticias.com.mx\/mundo\/trump-anuncia-ataque-contra-presuntos-narcotraficantes-en-aguas-internacionales\/#article","isPartOf":{"@id":"https:\/\/arjenoticias.com.mx\/mundo\/trump-anuncia-ataque-contra-presuntos-narcotraficantes-en-aguas-internacionales\/"},"author":{"name":"Roberta Cannizzaro Sep\u00falveda","@id":"https:\/\/arjenoticias.com.mx\/#\/schema\/person\/2fe3e56c236e33d7717fe09d5aee5dd2"},"headline":"Trump anuncia ataque contra presuntos narcotraficantes en aguas internacionales","datePublished":"2025-09-17T16:50:14+00:00","dateModified":"2025-09-17T16:54:15+00:00","mainEntityOfPage":{"@id":"https:\/\/arjenoticias.com.mx\/mundo\/trump-anuncia-ataque-contra-presuntos-narcotraficantes-en-aguas-internacionales\/"},"wordCount":325,"publisher":{"@id":"https:\/\/arjenoticias.com.mx\/#organization"},"image":{"@id":"https:\/\/arjenoticias.com.mx\/mundo\/trump-anuncia-ataque-contra-presuntos-narcotraficantes-en-aguas-internacionales\/#primaryimage"},"thumbnailUrl":"https:\/\/arjenoticias.com\/wp-content\/uploads\/2025\/09\/declaracion-trump.png","keywords":["Donald Trump","Narcotrafico","SOUTHCOM","Truth Social","Venezuela"],"articleSection":["Mundo"],"inLanguage":"es"},{"@type":"WebPage","@id":"https:\/\/arjenoticias.com.mx\/mundo\/trump-anuncia-ataque-contra-presuntos-narcotraficantes-en-aguas-internacionales\/","url":"https:\/\/arjenoticias.com.mx\/mundo\/trump-anuncia-ataque-contra-presuntos-narcotraficantes-en-aguas-internacionales\/","name":"Trump anuncia ataque contra presuntos narcotraficantes en aguas internacionales -","isPartOf":{"@id":"https:\/\/arjenoticias.com.mx\/#website"},"primaryImageOfPage":{"@id":"https:\/\/arjenoticias.com.mx\/mundo\/trump-anuncia-ataque-contra-presuntos-narcotraficantes-en-aguas-internacionales\/#primaryimage"},"image":{"@id":"https:\/\/arjenoticias.com.mx\/mundo\/trump-anuncia-ataque-contra-presuntos-narcotraficantes-en-aguas-internacionales\/#primaryimage"},"thumbnailUrl":"https:\/\/arjenoticias.com\/wp-content\/uploads\/2025\/09\/declaracion-trump.png","datePublished":"2025-09-17T16:50:14+00:00","dateModified":"2025-09-17T16:54:15+00:00","description":"El presidente Donald Trump inform\u00f3 que Estados Unidos bajo el mando de SOUTHCOM realizaron un segundo \u201cataque cin\u00e9tico\u201d contra una embarcaci\u00f3n presuntamente vinculada a carteles venezolanos.","breadcrumb":{"@id":"https:\/\/arjenoticias.com.mx\/mundo\/trump-anuncia-ataque-contra-presuntos-narcotraficantes-en-aguas-internacionales\/#breadcrumb"},"inLanguage":"es","potentialAction":[{"@type":"ReadAction","target":["https:\/\/arjenoticias.com.mx\/mundo\/trump-anuncia-ataque-contra-presuntos-narcotraficantes-en-aguas-internacionales\/"]}]},{"@type":"ImageObject","inLanguage":"es","@id":"https:\/\/arjenoticias.com.mx\/mundo\/trump-anuncia-ataque-contra-presuntos-narcotraficantes-en-aguas-internacionales\/#primaryimage","url":"https:\/\/arjenoticias.com\/wp-content\/uploads\/2025\/09\/declaracion-trump.png","contentUrl":"https:\/\/arjenoticias.com\/wp-content\/uploads\/2025\/09\/declaracion-trump.png"},{"@type":"BreadcrumbList","@id":"https:\/\/arjenoticias.com.mx\/mundo\/trump-anuncia-ataque-contra-presuntos-narcotraficantes-en-aguas-internacionales\/#breadcrumb","itemListElement":[{"@type":"ListItem","position":1,"name":"Portada","item":"https:\/\/arjenoticias.com.mx\/"},{"@type":"ListItem","position":2,"name":"Trump anuncia ataque contra presuntos narcotraficantes en aguas internacionales"}]},{"@type":"WebSite","@id":"https:\/\/arjenoticias.com.mx\/#website","url":"https:\/\/arjenoticias.com.mx\/","name":"Arj\u00e9 M\u00e9xico","description":"","publisher":{"@id":"https:\/\/arjenoticias.com.mx\/#organization"},"potentialAction":[{"@type":"SearchAction","target":{"@type":"EntryPoint","urlTemplate":"https:\/\/arjenoticias.com.mx\/?s={search_term_string}"},"query-input":{"@type":"PropertyValueSpecification","valueRequired":true,"valueName":"search_term_string"}}],"inLanguage":"es"},{"@type":"Organization","@id":"https:\/\/arjenoticias.com.mx\/#organization","name":"Arj\u00e9 M\u00e9xico","url":"https:\/\/arjenoticias.com.mx\/","logo":{"@type":"ImageObject","inLanguage":"es","@id":"https:\/\/arjenoticias.com.mx\/#\/schema\/logo\/image\/","url":"https:\/\/arjenoticias.com\/wp-content\/uploads\/2026\/04\/cropped-cropped-logo-inverted-1-scaled-1.png","contentUrl":"https:\/\/arjenoticias.com\/wp-content\/uploads\/2026\/04\/cropped-cropped-logo-inverted-1-scaled-1.png","width":2556,"height":549,"caption":"Arj\u00e9 M\u00e9xico"},"image":{"@id":"https:\/\/arjenoticias.com.mx\/#\/schema\/logo\/image\/"},"sameAs":["https:\/\/www.facebook.com\/ArjeNoticiasMX","https:\/\/x.com\/ArjeNoticias"]},{"@type":"Person","@id":"https:\/\/arjenoticias.com.mx\/#\/schema\/person\/2fe3e56c236e33d7717fe09d5aee5dd2","name":"Roberta Cannizzaro Sep\u00falveda","image":{"@type":"ImageObject","inLanguage":"es","@id":"https:\/\/secure.gravatar.com\/avatar\/8eb0527ba75bbb8412e1eaf04c852c82b3fdf6614b9405aedd23180e2275ae53?s=96&d=mm&r=g","url":"https:\/\/secure.gravatar.com\/avatar\/8eb0527ba75bbb8412e1eaf04c852c82b3fdf6614b9405aedd23180e2275ae53?s=96&d=mm&r=g","contentUrl":"https:\/\/secure.gravatar.com\/avatar\/8eb0527ba75bbb8412e1eaf04c852c82b3fdf6614b9405aedd23180e2275ae53?s=96&d=mm&r=g","caption":"Roberta Cannizzaro Sep\u00falveda"},"description":"Internacionalista y polit\u00f3loga.","sameAs":["https:\/\/www.instagram.com\/robertacann\/","https:\/\/www.linkedin.com\/in\/robertacannsepulveda\/"],"url":"https:\/\/arjenoticias.com.mx\/author\/roberta-cannizzaro-sepulveda\/"}]}},"featured_image_urls":{"full":"","thumbnail":"","medium":"","medium_large":"","large":"","1536x1536":"","2048x2048":"","covernews-featured":"","covernews-medium":""},"author_info":{"info":["Roberta Cannizzaro Sep\u00falveda"]},"category_info":"<a href=\"https:\/\/arjenoticias.com.mx\/category\/mundo\/\" rel=\"category tag\">Mundo<\/a>","tag_info":"Mundo","comment_count":"0","_links":{"self":[{"href":"https:\/\/arjenoticias.com.mx\/wp-json\/wp\/v2\/posts\/4903","targetHints":{"allow":["GET"]}}],"collection":[{"href":"https:\/\/arjenoticias.com.mx\/wp-json\/wp\/v2\/posts"}],"about":[{"href":"https:\/\/arjenoticias.com.mx\/wp-json\/wp\/v2\/types\/post"}],"author":[{"embeddable":true,"href":"https:\/\/arjenoticias.com.mx\/wp-json\/wp\/v2\/users\/44"}],"replies":[{"embeddable":true,"href":"https:\/\/arjenoticias.com.mx\/wp-json\/wp\/v2\/comments?post=4903"}],"version-history":[{"count":1,"href":"https:\/\/arjenoticias.com.mx\/wp-json\/wp\/v2\/posts\/4903\/revisions"}],"predecessor-version":[{"id":4906,"href":"https:\/\/arjenoticias.com.mx\/wp-json\/wp\/v2\/posts\/4903\/revisions\/4906"}],"wp:attachment":[{"href":"https:\/\/arjenoticias.com.mx\/wp-json\/wp\/v2\/media?parent=4903"}],"wp:term":[{"taxonomy":"category","embeddable":true,"href":"https:\/\/arjenoticias.com.mx\/wp-json\/wp\/v2\/categories?post=4903"},{"taxonomy":"post_tag","embeddable":true,"href":"https:\/\/arjenoticias.com.mx\/wp-json\/wp\/v2\/tags?post=4903"}],"curies":[{"name":"wp","href":"https:\/\/api.w.org\/{rel}","templated":true}]}}