{"id":4857,"date":"2025-09-16T17:51:39","date_gmt":"2025-09-16T23:51:39","guid":{"rendered":"https:\/\/arjenoticias.com\/?p=4857"},"modified":"2025-09-16T17:51:39","modified_gmt":"2025-09-16T23:51:39","slug":"mas-de-65-mil-celebran-el-grito-de-independencia-en-nuevo-leon","status":"publish","type":"post","link":"https:\/\/arjenoticias.com.mx\/?p=4857","title":{"rendered":"M\u00e1s de 65 mil celebran el Grito de Independencia en Nuevo Le\u00f3n"},"content":{"rendered":"\n<p class=\"wp-block-paragraph\">Con una asistencia de m\u00e1s de 65 mil personas en la Explanada de los H\u00e9roes, el Gobernador <strong>Samuel Alejandro Garc\u00eda Sep\u00falveda<\/strong> encabez\u00f3 la ceremonia del <strong>Grito de Independencia<\/strong>, acompa\u00f1ado por su esposa <strong>Mariana Rodr\u00edguez Cant\u00fa<\/strong>, sus hijas <strong>Mariel e Isabel<\/strong>, y miembros de su gabinete.<\/p>\n\n\n\n<p class=\"wp-block-paragraph\">El Mandatario recibi\u00f3 la bandera nacional, se dirigi\u00f3 a las escalinatas del Palacio de Gobierno, hizo sonar la campana y dio el tradicional grito, exaltando el orgullo de ser nuevoleon\u00e9s.<\/p>\n\n\n\n<blockquote class=\"wp-block-quote is-layout-flow wp-block-quote-is-layout-flow\">\n<p class=\"wp-block-paragraph\">\u201cHoy celebramos con m\u00e1s orgullo que nunca nuestra Independencia. Nuevo Le\u00f3n es primer lugar en todo, gracias a su gente valiente y trabajadora. \u00a1Sigamos honrando a nuestros h\u00e9roes!\u201d, expres\u00f3.<\/p>\n<\/blockquote>\n\n\n\n<p class=\"wp-block-paragraph\">La ceremonia concluy\u00f3 con los tradicionales \u201c\u00a1Viva M\u00e9xico!\u201d y ovaciones del p\u00fablico.<\/p>\n\n\n\n<p class=\"wp-block-paragraph\">Tras el acto oficial, se present\u00f3 un espect\u00e1culo de drones con figuras representativas del estado como el Cerro de la Silla, un acorde\u00f3n, sombrero, el mapa de Nuevo Le\u00f3n y frases como \u201c\u00a1Viva M\u00e9xico!\u201d.<\/p>\n\n\n\n<p class=\"wp-block-paragraph\">Despu\u00e9s, el Gobernador activ\u00f3 el bot\u00f3n del conteo regresivo hacia el <strong>Mundial 2026<\/strong>, instalado en la Macroplaza.<\/p>\n\n\n\n<p class=\"wp-block-paragraph\">La noche continu\u00f3 con la presentaci\u00f3n estelar del <strong>Grupo Duelo<\/strong>, que abri\u00f3 con <em>&#8220;El Amor no Acaba&#8221;<\/em>, seguido de sus \u00e9xitos m\u00e1s populares.<\/p>\n\n\n\n<p class=\"wp-block-paragraph\">Durante la jornada del 15 de septiembre, miles de familias disfrutaron de diversas actividades culturales, incluyendo al <strong>Ballet Folkl\u00f3rico \u201cRa\u00edces\u201d<\/strong>, la cantante <strong>Myriam Montemayor<\/strong>, el <strong>Grupo La Trevi\u00f1osa<\/strong> y el cantante <strong>Joss Favela<\/strong>, quienes pusieron ambiente a esta noche mexicana en el coraz\u00f3n de Monterrey.<\/p>\n\n\n\n<figure class=\"wp-block-image size-large is-resized\"><img decoding=\"async\" src=\"https:\/\/arjenoticias.com.mx\/wp-content\/uploads\/2025\/09\/20250915_08_gobernador_grito_independencia_03-1024x768.png\" alt=\"\" class=\"wp-image-4868\" style=\"width:491px;height:auto\"\/><\/figure>\n\n\n\n<figure class=\"wp-block-image size-large is-resized\"><img decoding=\"async\" src=\"https:\/\/arjenoticias.com.mx\/wp-content\/uploads\/2025\/09\/20250915_08_gobernador_grito_independencia_02-1024x768.png\" alt=\"\" class=\"wp-image-4867\" style=\"width:495px;height:auto\"\/><\/figure>\n\n\n\n<figure class=\"wp-block-image size-large is-resized\"><img decoding=\"async\" src=\"https:\/\/arjenoticias.com.mx\/wp-content\/uploads\/2025\/09\/20250915_08_gobernador_grito_independencia_04-1024x768.png\" alt=\"\" class=\"wp-image-4869\" style=\"width:498px;height:auto\"\/><\/figure>\n\n\n\n<figure class=\"wp-block-image size-large is-resized\"><img decoding=\"async\" src=\"https:\/\/arjenoticias.com.mx\/wp-content\/uploads\/2025\/09\/20250915_08_gobernador_grito_independencia_05-1024x768.png\" alt=\"\" class=\"wp-image-4870\" style=\"width:499px;height:auto\"\/><\/figure>\n\n\n\n<figure class=\"wp-block-image size-large is-resized\"><img decoding=\"async\" src=\"https:\/\/arjenoticias.com.mx\/wp-content\/uploads\/2025\/09\/20250915_08_gobernador_grito_independencia_06-1024x768.png\" alt=\"\" class=\"wp-image-4871\" style=\"width:501px;height:auto\"\/><\/figure>\n\n\n\n<figure class=\"wp-block-image size-large is-resized\"><img decoding=\"async\" src=\"https:\/\/arjenoticias.com.mx\/wp-content\/uploads\/2025\/09\/20250915_08_gobernador_grito_independencia_07-1024x768.png\" alt=\"\" class=\"wp-image-4872\" style=\"width:506px;height:auto\"\/><\/figure>\n","protected":false},"excerpt":{"rendered":"<p>Con una asistencia de m\u00e1s de 65 mil personas en la Explanada de los H\u00e9roes,&#8230;<\/p>\n","protected":false},"author":66,"featured_media":4866,"comment_status":"closed","ping_status":"closed","sticky":false,"template":"","format":"standard","meta":{"footnotes":""},"categories":[4],"tags":[],"class_list":["post-4857","post","type-post","status-publish","format-standard","has-post-thumbnail","hentry","category-ciudad"],"yoast_head":"<!-- This site is optimized with the Yoast SEO plugin v28.4 - https:\/\/yoast.com\/product\/yoast-seo-wordpress\/ -->\n<title>M\u00e1s de 65 mil celebran el Grito de Independencia en Nuevo Le\u00f3n -<\/title>\n<meta name=\"robots\" content=\"index, follow, max-snippet:-1, max-image-preview:large, max-video-preview:-1\" \/>\n<link rel=\"canonical\" href=\"https:\/\/arjenoticias.com.mx\/?p=4857\" \/>\n<meta property=\"og:locale\" content=\"es_MX\" \/>\n<meta property=\"og:type\" content=\"article\" \/>\n<meta property=\"og:title\" content=\"M\u00e1s de 65 mil celebran el Grito de Independencia en Nuevo Le\u00f3n -\" \/>\n<meta property=\"og:description\" content=\"Con una asistencia de m\u00e1s de 65 mil personas en la Explanada de los H\u00e9roes,...\" \/>\n<meta property=\"og:url\" content=\"https:\/\/arjenoticias.com.mx\/?p=4857\" \/>\n<meta property=\"article:published_time\" content=\"2025-09-16T23:51:39+00:00\" \/>\n<meta name=\"author\" content=\"Arj\u00e9 Noticias\" \/>\n<meta name=\"twitter:card\" content=\"summary_large_image\" \/>\n<meta name=\"twitter:label1\" content=\"Escrito por\" \/>\n\t<meta name=\"twitter:data1\" content=\"Arj\u00e9 Noticias\" \/>\n\t<meta name=\"twitter:label2\" content=\"Tiempo de lectura\" \/>\n\t<meta name=\"twitter:data2\" content=\"3 minutos\" \/>\n<script type=\"application\/ld+json\" class=\"yoast-schema-graph\">{\"@context\":\"https:\\\/\\\/schema.org\",\"@graph\":[{\"@type\":\"Article\",\"@id\":\"https:\\\/\\\/arjenoticias.com.mx\\\/?p=4857#article\",\"isPartOf\":{\"@id\":\"https:\\\/\\\/arjenoticias.com.mx\\\/?p=4857\"},\"author\":{\"name\":\"Arj\u00e9 Noticias\",\"@id\":\"https:\\\/\\\/arjenoticias.com.mx\\\/#\\\/schema\\\/person\\\/83f9fb68162b16794b69a8186dd31bc0\"},\"headline\":\"M\u00e1s de 65 mil celebran el Grito de Independencia en Nuevo Le\u00f3n\",\"datePublished\":\"2025-09-16T23:51:39+00:00\",\"mainEntityOfPage\":{\"@id\":\"https:\\\/\\\/arjenoticias.com.mx\\\/?p=4857\"},\"wordCount\":269,\"publisher\":{\"@id\":\"https:\\\/\\\/arjenoticias.com.mx\\\/#organization\"},\"image\":{\"@id\":\"https:\\\/\\\/arjenoticias.com.mx\\\/?p=4857#primaryimage\"},\"thumbnailUrl\":\"\",\"articleSection\":[\"Ciudad\"],\"inLanguage\":\"es\"},{\"@type\":\"WebPage\",\"@id\":\"https:\\\/\\\/arjenoticias.com.mx\\\/?p=4857\",\"url\":\"https:\\\/\\\/arjenoticias.com.mx\\\/?p=4857\",\"name\":\"M\u00e1s de 65 mil celebran el Grito de Independencia en Nuevo Le\u00f3n -\",\"isPartOf\":{\"@id\":\"https:\\\/\\\/arjenoticias.com.mx\\\/#website\"},\"primaryImageOfPage\":{\"@id\":\"https:\\\/\\\/arjenoticias.com.mx\\\/?p=4857#primaryimage\"},\"image\":{\"@id\":\"https:\\\/\\\/arjenoticias.com.mx\\\/?p=4857#primaryimage\"},\"thumbnailUrl\":\"\",\"datePublished\":\"2025-09-16T23:51:39+00:00\",\"breadcrumb\":{\"@id\":\"https:\\\/\\\/arjenoticias.com.mx\\\/?p=4857#breadcrumb\"},\"inLanguage\":\"es\",\"potentialAction\":[{\"@type\":\"ReadAction\",\"target\":[\"https:\\\/\\\/arjenoticias.com.mx\\\/?p=4857\"]}]},{\"@type\":\"ImageObject\",\"inLanguage\":\"es\",\"@id\":\"https:\\\/\\\/arjenoticias.com.mx\\\/?p=4857#primaryimage\",\"url\":\"\",\"contentUrl\":\"\"},{\"@type\":\"BreadcrumbList\",\"@id\":\"https:\\\/\\\/arjenoticias.com.mx\\\/?p=4857#breadcrumb\",\"itemListElement\":[{\"@type\":\"ListItem\",\"position\":1,\"name\":\"Inicio\",\"item\":\"https:\\\/\\\/arjenoticias.com.mx\\\/\"},{\"@type\":\"ListItem\",\"position\":2,\"name\":\"M\u00e1s de 65 mil celebran el Grito de Independencia en Nuevo Le\u00f3n\"}]},{\"@type\":\"WebSite\",\"@id\":\"https:\\\/\\\/arjenoticias.com.mx\\\/#website\",\"url\":\"https:\\\/\\\/arjenoticias.com.mx\\\/\",\"name\":\"arjenoticias.com.mx\",\"description\":\"\",\"publisher\":{\"@id\":\"https:\\\/\\\/arjenoticias.com.mx\\\/#organization\"},\"potentialAction\":[{\"@type\":\"SearchAction\",\"target\":{\"@type\":\"EntryPoint\",\"urlTemplate\":\"https:\\\/\\\/arjenoticias.com.mx\\\/?s={search_term_string}\"},\"query-input\":{\"@type\":\"PropertyValueSpecification\",\"valueRequired\":true,\"valueName\":\"search_term_string\"}}],\"inLanguage\":\"es\"},{\"@type\":\"Organization\",\"@id\":\"https:\\\/\\\/arjenoticias.com.mx\\\/#organization\",\"name\":\"Arj\u00e9 de M\u00e9xico Noticias\",\"url\":\"https:\\\/\\\/arjenoticias.com.mx\\\/\",\"logo\":{\"@type\":\"ImageObject\",\"inLanguage\":\"es\",\"@id\":\"https:\\\/\\\/arjenoticias.com.mx\\\/#\\\/schema\\\/logo\\\/image\\\/\",\"url\":\"https:\\\/\\\/arjenoticias.com.mx\\\/wp-content\\\/uploads\\\/2025\\\/07\\\/cropped-logo-scaled-1.png\",\"contentUrl\":\"https:\\\/\\\/arjenoticias.com.mx\\\/wp-content\\\/uploads\\\/2025\\\/07\\\/cropped-logo-scaled-1.png\",\"width\":2558,\"height\":558,\"caption\":\"Arj\u00e9 de M\u00e9xico Noticias\"},\"image\":{\"@id\":\"https:\\\/\\\/arjenoticias.com.mx\\\/#\\\/schema\\\/logo\\\/image\\\/\"}},{\"@type\":\"Person\",\"@id\":\"https:\\\/\\\/arjenoticias.com.mx\\\/#\\\/schema\\\/person\\\/83f9fb68162b16794b69a8186dd31bc0\",\"name\":\"Arj\u00e9 Noticias\",\"image\":{\"@type\":\"ImageObject\",\"inLanguage\":\"es\",\"@id\":\"https:\\\/\\\/secure.gravatar.com\\\/avatar\\\/f604b88a0e24c04f3f89fae6b5400bfd6093d0999292a64803d3651d9d4a35a5?s=96&d=mm&r=g\",\"url\":\"https:\\\/\\\/secure.gravatar.com\\\/avatar\\\/f604b88a0e24c04f3f89fae6b5400bfd6093d0999292a64803d3651d9d4a35a5?s=96&d=mm&r=g\",\"contentUrl\":\"https:\\\/\\\/secure.gravatar.com\\\/avatar\\\/f604b88a0e24c04f3f89fae6b5400bfd6093d0999292a64803d3651d9d4a35a5?s=96&d=mm&r=g\",\"caption\":\"Arj\u00e9 Noticias\"},\"url\":\"https:\\\/\\\/arjenoticias.com.mx\\\/?author=66\"}]}<\/script>\n<!-- \/ Yoast SEO plugin. -->","yoast_head_json":{"title":"M\u00e1s de 65 mil celebran el Grito de Independencia en Nuevo Le\u00f3n -","robots":{"index":"index","follow":"follow","max-snippet":"max-snippet:-1","max-image-preview":"max-image-preview:large","max-video-preview":"max-video-preview:-1"},"canonical":"https:\/\/arjenoticias.com.mx\/?p=4857","og_locale":"es_MX","og_type":"article","og_title":"M\u00e1s de 65 mil celebran el Grito de Independencia en Nuevo Le\u00f3n -","og_description":"Con una asistencia de m\u00e1s de 65 mil personas en la Explanada de los H\u00e9roes,...","og_url":"https:\/\/arjenoticias.com.mx\/?p=4857","article_published_time":"2025-09-16T23:51:39+00:00","author":"Arj\u00e9 Noticias","twitter_card":"summary_large_image","twitter_misc":{"Escrito por":"Arj\u00e9 Noticias","Tiempo de lectura":"3 minutos"},"schema":{"@context":"https:\/\/schema.org","@graph":[{"@type":"Article","@id":"https:\/\/arjenoticias.com.mx\/?p=4857#article","isPartOf":{"@id":"https:\/\/arjenoticias.com.mx\/?p=4857"},"author":{"name":"Arj\u00e9 Noticias","@id":"https:\/\/arjenoticias.com.mx\/#\/schema\/person\/83f9fb68162b16794b69a8186dd31bc0"},"headline":"M\u00e1s de 65 mil celebran el Grito de Independencia en Nuevo Le\u00f3n","datePublished":"2025-09-16T23:51:39+00:00","mainEntityOfPage":{"@id":"https:\/\/arjenoticias.com.mx\/?p=4857"},"wordCount":269,"publisher":{"@id":"https:\/\/arjenoticias.com.mx\/#organization"},"image":{"@id":"https:\/\/arjenoticias.com.mx\/?p=4857#primaryimage"},"thumbnailUrl":"","articleSection":["Ciudad"],"inLanguage":"es"},{"@type":"WebPage","@id":"https:\/\/arjenoticias.com.mx\/?p=4857","url":"https:\/\/arjenoticias.com.mx\/?p=4857","name":"M\u00e1s de 65 mil celebran el Grito de Independencia en Nuevo Le\u00f3n -","isPartOf":{"@id":"https:\/\/arjenoticias.com.mx\/#website"},"primaryImageOfPage":{"@id":"https:\/\/arjenoticias.com.mx\/?p=4857#primaryimage"},"image":{"@id":"https:\/\/arjenoticias.com.mx\/?p=4857#primaryimage"},"thumbnailUrl":"","datePublished":"2025-09-16T23:51:39+00:00","breadcrumb":{"@id":"https:\/\/arjenoticias.com.mx\/?p=4857#breadcrumb"},"inLanguage":"es","potentialAction":[{"@type":"ReadAction","target":["https:\/\/arjenoticias.com.mx\/?p=4857"]}]},{"@type":"ImageObject","inLanguage":"es","@id":"https:\/\/arjenoticias.com.mx\/?p=4857#primaryimage","url":"","contentUrl":""},{"@type":"BreadcrumbList","@id":"https:\/\/arjenoticias.com.mx\/?p=4857#breadcrumb","itemListElement":[{"@type":"ListItem","position":1,"name":"Inicio","item":"https:\/\/arjenoticias.com.mx\/"},{"@type":"ListItem","position":2,"name":"M\u00e1s de 65 mil celebran el Grito de Independencia en Nuevo Le\u00f3n"}]},{"@type":"WebSite","@id":"https:\/\/arjenoticias.com.mx\/#website","url":"https:\/\/arjenoticias.com.mx\/","name":"arjenoticias.com.mx","description":"","publisher":{"@id":"https:\/\/arjenoticias.com.mx\/#organization"},"potentialAction":[{"@type":"SearchAction","target":{"@type":"EntryPoint","urlTemplate":"https:\/\/arjenoticias.com.mx\/?s={search_term_string}"},"query-input":{"@type":"PropertyValueSpecification","valueRequired":true,"valueName":"search_term_string"}}],"inLanguage":"es"},{"@type":"Organization","@id":"https:\/\/arjenoticias.com.mx\/#organization","name":"Arj\u00e9 de M\u00e9xico Noticias","url":"https:\/\/arjenoticias.com.mx\/","logo":{"@type":"ImageObject","inLanguage":"es","@id":"https:\/\/arjenoticias.com.mx\/#\/schema\/logo\/image\/","url":"https:\/\/arjenoticias.com.mx\/wp-content\/uploads\/2025\/07\/cropped-logo-scaled-1.png","contentUrl":"https:\/\/arjenoticias.com.mx\/wp-content\/uploads\/2025\/07\/cropped-logo-scaled-1.png","width":2558,"height":558,"caption":"Arj\u00e9 de M\u00e9xico Noticias"},"image":{"@id":"https:\/\/arjenoticias.com.mx\/#\/schema\/logo\/image\/"}},{"@type":"Person","@id":"https:\/\/arjenoticias.com.mx\/#\/schema\/person\/83f9fb68162b16794b69a8186dd31bc0","name":"Arj\u00e9 Noticias","image":{"@type":"ImageObject","inLanguage":"es","@id":"https:\/\/secure.gravatar.com\/avatar\/f604b88a0e24c04f3f89fae6b5400bfd6093d0999292a64803d3651d9d4a35a5?s=96&d=mm&r=g","url":"https:\/\/secure.gravatar.com\/avatar\/f604b88a0e24c04f3f89fae6b5400bfd6093d0999292a64803d3651d9d4a35a5?s=96&d=mm&r=g","contentUrl":"https:\/\/secure.gravatar.com\/avatar\/f604b88a0e24c04f3f89fae6b5400bfd6093d0999292a64803d3651d9d4a35a5?s=96&d=mm&r=g","caption":"Arj\u00e9 Noticias"},"url":"https:\/\/arjenoticias.com.mx\/?author=66"}]}},"_links":{"self":[{"href":"https:\/\/arjenoticias.com.mx\/index.php?rest_route=\/wp\/v2\/posts\/4857","targetHints":{"allow":["GET"]}}],"collection":[{"href":"https:\/\/arjenoticias.com.mx\/index.php?rest_route=\/wp\/v2\/posts"}],"about":[{"href":"https:\/\/arjenoticias.com.mx\/index.php?rest_route=\/wp\/v2\/types\/post"}],"author":[{"embeddable":true,"href":"https:\/\/arjenoticias.com.mx\/index.php?rest_route=\/wp\/v2\/users\/66"}],"replies":[{"embeddable":true,"href":"https:\/\/arjenoticias.com.mx\/index.php?rest_route=%2Fwp%2Fv2%2Fcomments&post=4857"}],"version-history":[{"count":0,"href":"https:\/\/arjenoticias.com.mx\/index.php?rest_route=\/wp\/v2\/posts\/4857\/revisions"}],"wp:attachment":[{"href":"https:\/\/arjenoticias.com.mx\/index.php?rest_route=%2Fwp%2Fv2%2Fmedia&parent=4857"}],"wp:term":[{"taxonomy":"category","embeddable":true,"href":"https:\/\/arjenoticias.com.mx\/index.php?rest_route=%2Fwp%2Fv2%2Fcategories&post=4857"},{"taxonomy":"post_tag","embeddable":true,"href":"https:\/\/arjenoticias.com.mx\/index.php?rest_route=%2Fwp%2Fv2%2Ftags&post=4857"}],"curies":[{"name":"wp","href":"https:\/\/api.w.org\/{rel}","templated":true}]}}