{"id":4685,"date":"2025-09-14T15:26:50","date_gmt":"2025-09-14T21:26:50","guid":{"rendered":"https:\/\/arjenoticias.com\/?p=4685"},"modified":"2025-09-14T15:26:50","modified_gmt":"2025-09-14T21:26:50","slug":"lo-que-la-inteligencia-artificial-nos-regalo","status":"publish","type":"post","link":"https:\/\/arjenoticias.com.mx\/?p=4685","title":{"rendered":"\u00a1Lo que la Inteligencia Artificial nos regal\u00f3 en las redes sociales!"},"content":{"rendered":"\n<p class=\"wp-block-paragraph\">Este fin de semana la Inteligencia artificial logr\u00f3 lo que la vida real dif\u00edcilmente podr\u00e1; unir en un fuerte abrazo a quienes ideol\u00f3gicamente est\u00e1n m\u00e1s que divididos.<\/p>\n\n\n\n<p class=\"wp-block-paragraph\">Y es qu\u00e9 las im\u00e1genes de pol\u00edticos actuales estuvieron circulando, fusionando en un abrazo a quienes se han confrontado ideol\u00f3gicamente y en algunos casos llegando al insulto y manotazos.<\/p>\n\n\n\n<p class=\"wp-block-paragraph\">El empresario <strong>Ricardo Salinas Pliego<\/strong> y <strong>Citlalli Hern\u00e1ndez<\/strong>, quien est\u00e1 hoy al frente de la Secretar\u00eda de las mujeres, tuvieron un \u00e1lgido encuentro verbal, cuando la morenista era Senadora.<\/p>\n\n\n\n<figure class=\"wp-block-image aligncenter is-resized\"><img decoding=\"async\" src=\"https:\/\/arjenoticias.com.mx\/wp-content\/uploads\/2025\/09\/8-268x300.jpg\" alt=\"\" style=\"width:410px;height:auto\"\/><\/figure>\n\n\n\n<p class=\"wp-block-paragraph\">El Presidente de Estados Unidos <strong>Donald Trump <\/strong>abrazando al Presidente de Rusia <strong>Vladimir Putin<\/strong>, con quien a intentado negociar fallidamente la Paz, entre ese pa\u00eds y Ucrania.<\/p>\n\n\n\n<figure class=\"wp-block-image aligncenter is-resized\"><img decoding=\"async\" src=\"https:\/\/arjenoticias.com.mx\/wp-content\/uploads\/2025\/09\/9-268x300.jpg\" alt=\"\" style=\"width:382px;height:auto\"\/><\/figure>\n\n\n\n<p class=\"wp-block-paragraph\">La ex candidata a la Presidencia <strong>X\u00f3chitl G\u00e1lvez<\/strong> y la Presidenta <strong>Claudia Sheinbaum<\/strong>, quienes se dieron hasta con la cubeta en campa\u00f1a.<\/p>\n\n\n\n<figure class=\"wp-block-image aligncenter is-resized\"><img decoding=\"async\" src=\"https:\/\/arjenoticias.com.mx\/wp-content\/uploads\/2025\/09\/3-1-273x300.jpg\" alt=\"\" style=\"width:399px;height:auto\"\/><\/figure>\n\n\n\n<p class=\"wp-block-paragraph\">La presidenta saliente de la SCJN, <strong>Norma Pi\u00f1a<\/strong> y el presidente actual, <strong>Hugo Aguilar<\/strong>, quien desde que lleg\u00f3 a querido desmarcarse de la forma de hacer justicia anterior. <\/p>\n\n\n\n<figure class=\"wp-block-image aligncenter is-resized\"><img decoding=\"async\" src=\"https:\/\/arjenoticias.com.mx\/wp-content\/uploads\/2025\/09\/5-284x300.jpg\" alt=\"\" style=\"width:416px;height:auto\"\/><\/figure>\n\n\n\n<p class=\"wp-block-paragraph\">La Senadora Andrea Ch\u00e1vez y la Diputada Federal <strong> Kenia<\/strong> <strong>L\u00f3pez Rabad\u00e1n<\/strong>, quien asumi\u00f3 la <em>presidencia<\/em> de la Mesa Directiva de la C\u00e1mara de Diputados; constantemente intercambian se\u00f1alamientos que han llegado a subir de tono, hasta pasar al insulto.<\/p>\n\n\n\n<figure class=\"wp-block-image aligncenter\"><img decoding=\"async\" src=\"https:\/\/arjenoticias.com.mx\/wp-content\/uploads\/2025\/09\/7-273x300.jpg\" alt=\"\"\/><\/figure>\n\n\n\n<p class=\"wp-block-paragraph\">Y este abrazo con Inteligencia artificial que resulta imposible se de en la vida real, se presenta entre el ex presidente brasile\u00f1o,<strong> Jair Bolsonaro<\/strong>, sentenciado a 27 a\u00f1os de prisi\u00f3n por haber liderado una organizaci\u00f3n criminal armada que trat\u00f3 de aferrarse al poder tras perder los comicios en 2022  y  el hoy presidente <strong>Luiz In\u00e1cio Lula da Silva<\/strong>, quien tambi\u00e9n fue condenado en 2017 a 12 a\u00f1os de prisi\u00f3n por corrupci\u00f3n y cumpli\u00f3 19 meses de la condena, antes de que esta fuera anulada por la justicia por defectos procesales.<\/p>\n\n\n<p><img fetchpriority=\"high\" decoding=\"async\" class=\"aligncenter\" src=\"https:\/\/arjenoticias.com.mx\/wp-content\/uploads\/2025\/09\/4-284x300.jpg\" alt=\"\" width=\"281\" height=\"297\" \/><\/p>\n<figure><\/figure>\n<p><!-- \/wp:post-content --><!-- wp:image {\"id\":4686,\"width\":\"357px\",\"height\":\"auto\",\"sizeSlug\":\"large\",\"linkDestination\":\"none\"} --><\/p>\n<figure><\/figure>\n<p><!-- \/wp:image --><!-- wp:image {\"id\":4687,\"width\":\"362px\",\"height\":\"auto\",\"sizeSlug\":\"large\",\"linkDestination\":\"none\"} --><\/p>\n<figure><\/figure>\n<p><!-- \/wp:image --><!-- wp:image {\"id\":4688,\"width\":\"365px\",\"height\":\"auto\",\"sizeSlug\":\"large\",\"linkDestination\":\"none\"} --><\/p>\n<figure><\/figure>\n<p><!-- \/wp:image --><!-- wp:image {\"id\":4689,\"width\":\"372px\",\"height\":\"auto\",\"sizeSlug\":\"large\",\"linkDestination\":\"none\"} --><\/p>\n<figure><\/figure>\n<p><!-- \/wp:image --><!-- wp:image {\"id\":4691,\"width\":\"376px\",\"height\":\"auto\",\"sizeSlug\":\"full\",\"linkDestination\":\"none\"} --><\/p>\n<figure><\/figure>\n<p><!-- \/wp:image --><!-- wp:image {\"id\":4692,\"width\":\"375px\",\"height\":\"auto\",\"sizeSlug\":\"large\",\"linkDestination\":\"none\"} --><\/p>\n<figure><\/figure>\n<p><!-- \/wp:image --><!-- wp:image {\"id\":4693,\"width\":\"372px\",\"height\":\"auto\",\"sizeSlug\":\"large\",\"linkDestination\":\"none\"} --><\/p>\n<figure><\/figure>\n<p><!-- \/wp:image --><\/p>\n<p><!-- wp:paragraph --><\/p>\n<p><!-- \/wp:paragraph --><\/p>","protected":false},"excerpt":{"rendered":"<p>Este fin de semana la Inteligencia artificial logr\u00f3 lo que la vida real dif\u00edcilmente podr\u00e1;&#8230;<\/p>\n","protected":false},"author":67,"featured_media":4704,"comment_status":"closed","ping_status":"closed","sticky":false,"template":"","format":"standard","meta":{"footnotes":""},"categories":[5],"tags":[1031,2134],"class_list":["post-4685","post","type-post","status-publish","format-standard","has-post-thumbnail","hentry","category-cultura","tag-fotos-con-inteligencia-artificial","tag-politicos-y-ia"],"yoast_head":"<!-- This site is optimized with the Yoast SEO plugin v28.4 - https:\/\/yoast.com\/product\/yoast-seo-wordpress\/ -->\n<title>\u00a1Lo que la Inteligencia Artificial nos regal\u00f3 en las redes sociales! -<\/title>\n<meta name=\"description\" content=\"La Inteligencia artificial logr\u00f3 lo que la vida real dif\u00edcilmente podr\u00e1; unir en un fuerte abrazo a algunos pol\u00edticos y un empresario.\" \/>\n<meta name=\"robots\" content=\"index, follow, max-snippet:-1, max-image-preview:large, max-video-preview:-1\" \/>\n<link rel=\"canonical\" href=\"https:\/\/arjenoticias.com.mx\/?p=4685\" \/>\n<meta property=\"og:locale\" content=\"es_MX\" \/>\n<meta property=\"og:type\" content=\"article\" \/>\n<meta property=\"og:title\" content=\"\u00a1Lo que la Inteligencia Artificial nos regal\u00f3 en las redes sociales! -\" \/>\n<meta property=\"og:description\" content=\"La Inteligencia artificial logr\u00f3 lo que la vida real dif\u00edcilmente podr\u00e1; unir en un fuerte abrazo a algunos pol\u00edticos y un empresario.\" \/>\n<meta property=\"og:url\" content=\"https:\/\/arjenoticias.com.mx\/?p=4685\" \/>\n<meta property=\"article:published_time\" content=\"2025-09-14T21:26:50+00:00\" \/>\n<meta name=\"author\" content=\"Teresa Sep\u00falveda Elizondo\" \/>\n<meta name=\"twitter:card\" content=\"summary_large_image\" \/>\n<meta name=\"twitter:label1\" content=\"Escrito por\" \/>\n\t<meta name=\"twitter:data1\" content=\"Teresa Sep\u00falveda Elizondo\" \/>\n\t<meta name=\"twitter:label2\" content=\"Tiempo de lectura\" \/>\n\t<meta name=\"twitter:data2\" content=\"3 minutos\" \/>\n<script type=\"application\/ld+json\" class=\"yoast-schema-graph\">{\"@context\":\"https:\\\/\\\/schema.org\",\"@graph\":[{\"@type\":\"Article\",\"@id\":\"https:\\\/\\\/arjenoticias.com.mx\\\/?p=4685#article\",\"isPartOf\":{\"@id\":\"https:\\\/\\\/arjenoticias.com.mx\\\/?p=4685\"},\"author\":{\"name\":\"Teresa Sep\u00falveda Elizondo\",\"@id\":\"https:\\\/\\\/arjenoticias.com.mx\\\/#\\\/schema\\\/person\\\/da5b96cdb3d0ca850682c4c74f9888d1\"},\"headline\":\"\u00a1Lo que la Inteligencia Artificial nos regal\u00f3 en las redes sociales!\",\"datePublished\":\"2025-09-14T21:26:50+00:00\",\"mainEntityOfPage\":{\"@id\":\"https:\\\/\\\/arjenoticias.com.mx\\\/?p=4685\"},\"wordCount\":324,\"publisher\":{\"@id\":\"https:\\\/\\\/arjenoticias.com.mx\\\/#organization\"},\"image\":{\"@id\":\"https:\\\/\\\/arjenoticias.com.mx\\\/?p=4685#primaryimage\"},\"thumbnailUrl\":\"\",\"keywords\":[\"Fotos con Inteligencia Artificial\",\"Politicos y IA\"],\"articleSection\":[\"Cultura y Entretenimiento\"],\"inLanguage\":\"es\"},{\"@type\":\"WebPage\",\"@id\":\"https:\\\/\\\/arjenoticias.com.mx\\\/?p=4685\",\"url\":\"https:\\\/\\\/arjenoticias.com.mx\\\/?p=4685\",\"name\":\"\u00a1Lo que la Inteligencia Artificial nos regal\u00f3 en las redes sociales! -\",\"isPartOf\":{\"@id\":\"https:\\\/\\\/arjenoticias.com.mx\\\/#website\"},\"primaryImageOfPage\":{\"@id\":\"https:\\\/\\\/arjenoticias.com.mx\\\/?p=4685#primaryimage\"},\"image\":{\"@id\":\"https:\\\/\\\/arjenoticias.com.mx\\\/?p=4685#primaryimage\"},\"thumbnailUrl\":\"\",\"datePublished\":\"2025-09-14T21:26:50+00:00\",\"description\":\"La Inteligencia artificial logr\u00f3 lo que la vida real dif\u00edcilmente podr\u00e1; unir en un fuerte abrazo a algunos pol\u00edticos y un empresario.\",\"breadcrumb\":{\"@id\":\"https:\\\/\\\/arjenoticias.com.mx\\\/?p=4685#breadcrumb\"},\"inLanguage\":\"es\",\"potentialAction\":[{\"@type\":\"ReadAction\",\"target\":[\"https:\\\/\\\/arjenoticias.com.mx\\\/?p=4685\"]}]},{\"@type\":\"ImageObject\",\"inLanguage\":\"es\",\"@id\":\"https:\\\/\\\/arjenoticias.com.mx\\\/?p=4685#primaryimage\",\"url\":\"\",\"contentUrl\":\"\"},{\"@type\":\"BreadcrumbList\",\"@id\":\"https:\\\/\\\/arjenoticias.com.mx\\\/?p=4685#breadcrumb\",\"itemListElement\":[{\"@type\":\"ListItem\",\"position\":1,\"name\":\"Inicio\",\"item\":\"https:\\\/\\\/arjenoticias.com.mx\\\/\"},{\"@type\":\"ListItem\",\"position\":2,\"name\":\"\u00a1Lo que la Inteligencia Artificial nos regal\u00f3 en las redes sociales!\"}]},{\"@type\":\"WebSite\",\"@id\":\"https:\\\/\\\/arjenoticias.com.mx\\\/#website\",\"url\":\"https:\\\/\\\/arjenoticias.com.mx\\\/\",\"name\":\"arjenoticias.com.mx\",\"description\":\"\",\"publisher\":{\"@id\":\"https:\\\/\\\/arjenoticias.com.mx\\\/#organization\"},\"potentialAction\":[{\"@type\":\"SearchAction\",\"target\":{\"@type\":\"EntryPoint\",\"urlTemplate\":\"https:\\\/\\\/arjenoticias.com.mx\\\/?s={search_term_string}\"},\"query-input\":{\"@type\":\"PropertyValueSpecification\",\"valueRequired\":true,\"valueName\":\"search_term_string\"}}],\"inLanguage\":\"es\"},{\"@type\":\"Organization\",\"@id\":\"https:\\\/\\\/arjenoticias.com.mx\\\/#organization\",\"name\":\"Arj\u00e9 de M\u00e9xico Noticias\",\"url\":\"https:\\\/\\\/arjenoticias.com.mx\\\/\",\"logo\":{\"@type\":\"ImageObject\",\"inLanguage\":\"es\",\"@id\":\"https:\\\/\\\/arjenoticias.com.mx\\\/#\\\/schema\\\/logo\\\/image\\\/\",\"url\":\"https:\\\/\\\/arjenoticias.com.mx\\\/wp-content\\\/uploads\\\/2025\\\/07\\\/cropped-logo-scaled-1.png\",\"contentUrl\":\"https:\\\/\\\/arjenoticias.com.mx\\\/wp-content\\\/uploads\\\/2025\\\/07\\\/cropped-logo-scaled-1.png\",\"width\":2558,\"height\":558,\"caption\":\"Arj\u00e9 de M\u00e9xico Noticias\"},\"image\":{\"@id\":\"https:\\\/\\\/arjenoticias.com.mx\\\/#\\\/schema\\\/logo\\\/image\\\/\"}},{\"@type\":\"Person\",\"@id\":\"https:\\\/\\\/arjenoticias.com.mx\\\/#\\\/schema\\\/person\\\/da5b96cdb3d0ca850682c4c74f9888d1\",\"name\":\"Teresa Sep\u00falveda Elizondo\",\"image\":{\"@type\":\"ImageObject\",\"inLanguage\":\"es\",\"@id\":\"https:\\\/\\\/secure.gravatar.com\\\/avatar\\\/d028fefd8eb201705a23e8ddfe978fbf484e56c5190e4b37aa46229a4d471d39?s=96&d=mm&r=g\",\"url\":\"https:\\\/\\\/secure.gravatar.com\\\/avatar\\\/d028fefd8eb201705a23e8ddfe978fbf484e56c5190e4b37aa46229a4d471d39?s=96&d=mm&r=g\",\"contentUrl\":\"https:\\\/\\\/secure.gravatar.com\\\/avatar\\\/d028fefd8eb201705a23e8ddfe978fbf484e56c5190e4b37aa46229a4d471d39?s=96&d=mm&r=g\",\"caption\":\"Teresa Sep\u00falveda Elizondo\"},\"url\":\"https:\\\/\\\/arjenoticias.com.mx\\\/?author=67\"}]}<\/script>\n<!-- \/ Yoast SEO plugin. -->","yoast_head_json":{"title":"\u00a1Lo que la Inteligencia Artificial nos regal\u00f3 en las redes sociales! -","description":"La Inteligencia artificial logr\u00f3 lo que la vida real dif\u00edcilmente podr\u00e1; unir en un fuerte abrazo a algunos pol\u00edticos y un empresario.","robots":{"index":"index","follow":"follow","max-snippet":"max-snippet:-1","max-image-preview":"max-image-preview:large","max-video-preview":"max-video-preview:-1"},"canonical":"https:\/\/arjenoticias.com.mx\/?p=4685","og_locale":"es_MX","og_type":"article","og_title":"\u00a1Lo que la Inteligencia Artificial nos regal\u00f3 en las redes sociales! -","og_description":"La Inteligencia artificial logr\u00f3 lo que la vida real dif\u00edcilmente podr\u00e1; unir en un fuerte abrazo a algunos pol\u00edticos y un empresario.","og_url":"https:\/\/arjenoticias.com.mx\/?p=4685","article_published_time":"2025-09-14T21:26:50+00:00","author":"Teresa Sep\u00falveda Elizondo","twitter_card":"summary_large_image","twitter_misc":{"Escrito por":"Teresa Sep\u00falveda Elizondo","Tiempo de lectura":"3 minutos"},"schema":{"@context":"https:\/\/schema.org","@graph":[{"@type":"Article","@id":"https:\/\/arjenoticias.com.mx\/?p=4685#article","isPartOf":{"@id":"https:\/\/arjenoticias.com.mx\/?p=4685"},"author":{"name":"Teresa Sep\u00falveda Elizondo","@id":"https:\/\/arjenoticias.com.mx\/#\/schema\/person\/da5b96cdb3d0ca850682c4c74f9888d1"},"headline":"\u00a1Lo que la Inteligencia Artificial nos regal\u00f3 en las redes sociales!","datePublished":"2025-09-14T21:26:50+00:00","mainEntityOfPage":{"@id":"https:\/\/arjenoticias.com.mx\/?p=4685"},"wordCount":324,"publisher":{"@id":"https:\/\/arjenoticias.com.mx\/#organization"},"image":{"@id":"https:\/\/arjenoticias.com.mx\/?p=4685#primaryimage"},"thumbnailUrl":"","keywords":["Fotos con Inteligencia Artificial","Politicos y IA"],"articleSection":["Cultura y Entretenimiento"],"inLanguage":"es"},{"@type":"WebPage","@id":"https:\/\/arjenoticias.com.mx\/?p=4685","url":"https:\/\/arjenoticias.com.mx\/?p=4685","name":"\u00a1Lo que la Inteligencia Artificial nos regal\u00f3 en las redes sociales! -","isPartOf":{"@id":"https:\/\/arjenoticias.com.mx\/#website"},"primaryImageOfPage":{"@id":"https:\/\/arjenoticias.com.mx\/?p=4685#primaryimage"},"image":{"@id":"https:\/\/arjenoticias.com.mx\/?p=4685#primaryimage"},"thumbnailUrl":"","datePublished":"2025-09-14T21:26:50+00:00","description":"La Inteligencia artificial logr\u00f3 lo que la vida real dif\u00edcilmente podr\u00e1; unir en un fuerte abrazo a algunos pol\u00edticos y un empresario.","breadcrumb":{"@id":"https:\/\/arjenoticias.com.mx\/?p=4685#breadcrumb"},"inLanguage":"es","potentialAction":[{"@type":"ReadAction","target":["https:\/\/arjenoticias.com.mx\/?p=4685"]}]},{"@type":"ImageObject","inLanguage":"es","@id":"https:\/\/arjenoticias.com.mx\/?p=4685#primaryimage","url":"","contentUrl":""},{"@type":"BreadcrumbList","@id":"https:\/\/arjenoticias.com.mx\/?p=4685#breadcrumb","itemListElement":[{"@type":"ListItem","position":1,"name":"Inicio","item":"https:\/\/arjenoticias.com.mx\/"},{"@type":"ListItem","position":2,"name":"\u00a1Lo que la Inteligencia Artificial nos regal\u00f3 en las redes sociales!"}]},{"@type":"WebSite","@id":"https:\/\/arjenoticias.com.mx\/#website","url":"https:\/\/arjenoticias.com.mx\/","name":"arjenoticias.com.mx","description":"","publisher":{"@id":"https:\/\/arjenoticias.com.mx\/#organization"},"potentialAction":[{"@type":"SearchAction","target":{"@type":"EntryPoint","urlTemplate":"https:\/\/arjenoticias.com.mx\/?s={search_term_string}"},"query-input":{"@type":"PropertyValueSpecification","valueRequired":true,"valueName":"search_term_string"}}],"inLanguage":"es"},{"@type":"Organization","@id":"https:\/\/arjenoticias.com.mx\/#organization","name":"Arj\u00e9 de M\u00e9xico Noticias","url":"https:\/\/arjenoticias.com.mx\/","logo":{"@type":"ImageObject","inLanguage":"es","@id":"https:\/\/arjenoticias.com.mx\/#\/schema\/logo\/image\/","url":"https:\/\/arjenoticias.com.mx\/wp-content\/uploads\/2025\/07\/cropped-logo-scaled-1.png","contentUrl":"https:\/\/arjenoticias.com.mx\/wp-content\/uploads\/2025\/07\/cropped-logo-scaled-1.png","width":2558,"height":558,"caption":"Arj\u00e9 de M\u00e9xico Noticias"},"image":{"@id":"https:\/\/arjenoticias.com.mx\/#\/schema\/logo\/image\/"}},{"@type":"Person","@id":"https:\/\/arjenoticias.com.mx\/#\/schema\/person\/da5b96cdb3d0ca850682c4c74f9888d1","name":"Teresa Sep\u00falveda Elizondo","image":{"@type":"ImageObject","inLanguage":"es","@id":"https:\/\/secure.gravatar.com\/avatar\/d028fefd8eb201705a23e8ddfe978fbf484e56c5190e4b37aa46229a4d471d39?s=96&d=mm&r=g","url":"https:\/\/secure.gravatar.com\/avatar\/d028fefd8eb201705a23e8ddfe978fbf484e56c5190e4b37aa46229a4d471d39?s=96&d=mm&r=g","contentUrl":"https:\/\/secure.gravatar.com\/avatar\/d028fefd8eb201705a23e8ddfe978fbf484e56c5190e4b37aa46229a4d471d39?s=96&d=mm&r=g","caption":"Teresa Sep\u00falveda Elizondo"},"url":"https:\/\/arjenoticias.com.mx\/?author=67"}]}},"_links":{"self":[{"href":"https:\/\/arjenoticias.com.mx\/index.php?rest_route=\/wp\/v2\/posts\/4685","targetHints":{"allow":["GET"]}}],"collection":[{"href":"https:\/\/arjenoticias.com.mx\/index.php?rest_route=\/wp\/v2\/posts"}],"about":[{"href":"https:\/\/arjenoticias.com.mx\/index.php?rest_route=\/wp\/v2\/types\/post"}],"author":[{"embeddable":true,"href":"https:\/\/arjenoticias.com.mx\/index.php?rest_route=\/wp\/v2\/users\/67"}],"replies":[{"embeddable":true,"href":"https:\/\/arjenoticias.com.mx\/index.php?rest_route=%2Fwp%2Fv2%2Fcomments&post=4685"}],"version-history":[{"count":0,"href":"https:\/\/arjenoticias.com.mx\/index.php?rest_route=\/wp\/v2\/posts\/4685\/revisions"}],"wp:attachment":[{"href":"https:\/\/arjenoticias.com.mx\/index.php?rest_route=%2Fwp%2Fv2%2Fmedia&parent=4685"}],"wp:term":[{"taxonomy":"category","embeddable":true,"href":"https:\/\/arjenoticias.com.mx\/index.php?rest_route=%2Fwp%2Fv2%2Fcategories&post=4685"},{"taxonomy":"post_tag","embeddable":true,"href":"https:\/\/arjenoticias.com.mx\/index.php?rest_route=%2Fwp%2Fv2%2Ftags&post=4685"}],"curies":[{"name":"wp","href":"https:\/\/api.w.org\/{rel}","templated":true}]}}