{"id":4674,"date":"2025-09-14T09:37:41","date_gmt":"2025-09-14T15:37:41","guid":{"rendered":"https:\/\/arjenoticias.com\/?p=4674"},"modified":"2025-09-14T09:37:41","modified_gmt":"2025-09-14T15:37:41","slug":"tu-eres-una-vela-que-mexico-necesita","status":"publish","type":"post","link":"https:\/\/arjenoticias.com.mx\/?p=4674","title":{"rendered":"Tu eres una vela que M\u00e9xico necesita"},"content":{"rendered":"\n<p class=\"wp-block-paragraph\">Les comparto esta reflexi\u00f3n que es adecuada a la celebraci\u00f3n de la independencia de M\u00e9xico y a la dif\u00edcil situaci\u00f3n que atravesamos, donde impera la obscuridad, la incertidumbre, la mentira, la violencia, la indiferencia ciudadana, el abandono de las autoridades y la corrupci\u00f3n. <\/p>\n\n\n\n<p class=\"wp-block-paragraph\">Te invito a leerla y ponerla en practica en tu actividad diaria. <\/p>\n\n\n\n<p class=\"wp-block-paragraph\">Hoy te voy a encender \u2014 dijo el cerillo.<br>La vela, asustada, respondi\u00f3:<br>\u2014 \u00a1No! Si me enciendes, me consumir\u00e9. Mis d\u00edas estar\u00e1n contados\u2026<br>El cerillo guard\u00f3 silencio unos segundos y luego pregunt\u00f3:<br>\u2014 \u00bfDe verdad quieres pasar toda tu vida as\u00ed? Dura, fr\u00eda\u2026 y sin haber brillado nunca?<br>\u2014 Pero encenderme duele\u2026 y me agotar\u00e1 \u2014 susurr\u00f3 la vela.<br>\u2014 S\u00ed, duele. Y s\u00ed, poco a poco te consumir\u00e1s \u2014 dijo el cerillo. \u2014 Pero para eso fuimos creados. Yo nac\u00ed para encender, y t\u00fa para dar luz.<br>\u2014 Mi chispa es corta, peque\u00f1a\u2026 pero si te la paso, cumplir\u00e9 con mi prop\u00f3sito.<br>La vela lo mir\u00f3 conmovida\u2026 y justo en el momento en que la flama del cerillo casi se apagaba, dijo:<br>\u2014 Por favor\u2026 \u00a1enci\u00e9ndeme!<br>Y as\u00ed naci\u00f3 la luz. Brillante. Hermosa.<br>La flama que ilumin\u00f3 la habitaci\u00f3n\u2026 porque la vela entendi\u00f3 que su verdadero valor no estaba en permanecer intacta, sino en brillar.<br>A veces, ser luz duele. Pero eso lo cambia todo.<br>A veces, dar lo mejor de uno mismo significa entregar un pedacito del alma.<br>Porque fuimos creados para brillar. Para tocar otras vidas. Para hacer el mundo un poquito menos oscuro.<\/p>\n\n\n\n<p class=\"wp-block-paragraph\">Para hacer de M\u00e9xico un pa\u00eds brillante, prospero, justo y seguro. <\/p>\n","protected":false},"excerpt":{"rendered":"<p>Les comparto esta reflexi\u00f3n que es adecuada a la celebraci\u00f3n de la independencia de M\u00e9xico&#8230;<\/p>\n","protected":false},"author":68,"featured_media":0,"comment_status":"closed","ping_status":"closed","sticky":false,"template":"","format":"standard","meta":{"footnotes":""},"categories":[12],"tags":[],"class_list":["post-4674","post","type-post","status-publish","format-standard","hentry","category-opinion"],"yoast_head":"<!-- This site is optimized with the Yoast SEO plugin v28.4 - https:\/\/yoast.com\/product\/yoast-seo-wordpress\/ -->\n<title>Mexico mejor: La b\u00fasqueda de la verdad y la luz -<\/title>\n<meta name=\"description\" content=\"Motivar a los mexicanos a ser la luz que ilumine nuestra naci\u00f3n para que vivamos en paz, prosperidad, igualdad y justicia,\" \/>\n<meta name=\"robots\" content=\"index, follow, max-snippet:-1, max-image-preview:large, max-video-preview:-1\" \/>\n<link rel=\"canonical\" href=\"https:\/\/arjenoticias.com.mx\/?p=4674\" \/>\n<meta property=\"og:locale\" content=\"es_MX\" \/>\n<meta property=\"og:type\" content=\"article\" \/>\n<meta property=\"og:title\" content=\"Mexico mejor: La b\u00fasqueda de la verdad y la luz -\" \/>\n<meta property=\"og:description\" content=\"Motivar a los mexicanos a ser la luz que ilumine nuestra naci\u00f3n para que vivamos en paz, prosperidad, igualdad y justicia,\" \/>\n<meta property=\"og:url\" content=\"https:\/\/arjenoticias.com.mx\/?p=4674\" \/>\n<meta property=\"article:published_time\" content=\"2025-09-14T15:37:41+00:00\" \/>\n<meta name=\"author\" content=\"Ra\u00fal Monter Ortega\" \/>\n<meta name=\"twitter:card\" content=\"summary_large_image\" \/>\n<meta name=\"twitter:label1\" content=\"Escrito por\" \/>\n\t<meta name=\"twitter:data1\" content=\"Ra\u00fal Monter Ortega\" \/>\n\t<meta name=\"twitter:label2\" content=\"Tiempo de lectura\" \/>\n\t<meta name=\"twitter:data2\" content=\"2 minutos\" \/>\n<script type=\"application\/ld+json\" class=\"yoast-schema-graph\">{\"@context\":\"https:\\\/\\\/schema.org\",\"@graph\":[{\"@type\":\"Article\",\"@id\":\"https:\\\/\\\/arjenoticias.com.mx\\\/?p=4674#article\",\"isPartOf\":{\"@id\":\"https:\\\/\\\/arjenoticias.com.mx\\\/?p=4674\"},\"author\":{\"name\":\"Ra\u00fal Monter Ortega\",\"@id\":\"https:\\\/\\\/arjenoticias.com.mx\\\/#\\\/schema\\\/person\\\/f48bc28476b38490cbe82bd109c72b24\"},\"headline\":\"Tu eres una vela que M\u00e9xico necesita\",\"datePublished\":\"2025-09-14T15:37:41+00:00\",\"mainEntityOfPage\":{\"@id\":\"https:\\\/\\\/arjenoticias.com.mx\\\/?p=4674\"},\"wordCount\":278,\"publisher\":{\"@id\":\"https:\\\/\\\/arjenoticias.com.mx\\\/#organization\"},\"articleSection\":[\"Opini\u00f3n\"],\"inLanguage\":\"es\"},{\"@type\":\"WebPage\",\"@id\":\"https:\\\/\\\/arjenoticias.com.mx\\\/?p=4674\",\"url\":\"https:\\\/\\\/arjenoticias.com.mx\\\/?p=4674\",\"name\":\"Mexico mejor: La b\u00fasqueda de la verdad y la luz -\",\"isPartOf\":{\"@id\":\"https:\\\/\\\/arjenoticias.com.mx\\\/#website\"},\"datePublished\":\"2025-09-14T15:37:41+00:00\",\"description\":\"Motivar a los mexicanos a ser la luz que ilumine nuestra naci\u00f3n para que vivamos en paz, prosperidad, igualdad y justicia,\",\"breadcrumb\":{\"@id\":\"https:\\\/\\\/arjenoticias.com.mx\\\/?p=4674#breadcrumb\"},\"inLanguage\":\"es\",\"potentialAction\":[{\"@type\":\"ReadAction\",\"target\":[\"https:\\\/\\\/arjenoticias.com.mx\\\/?p=4674\"]}]},{\"@type\":\"BreadcrumbList\",\"@id\":\"https:\\\/\\\/arjenoticias.com.mx\\\/?p=4674#breadcrumb\",\"itemListElement\":[{\"@type\":\"ListItem\",\"position\":1,\"name\":\"Inicio\",\"item\":\"https:\\\/\\\/arjenoticias.com.mx\\\/\"},{\"@type\":\"ListItem\",\"position\":2,\"name\":\"Tu eres una vela que M\u00e9xico necesita\"}]},{\"@type\":\"WebSite\",\"@id\":\"https:\\\/\\\/arjenoticias.com.mx\\\/#website\",\"url\":\"https:\\\/\\\/arjenoticias.com.mx\\\/\",\"name\":\"arjenoticias.com.mx\",\"description\":\"\",\"publisher\":{\"@id\":\"https:\\\/\\\/arjenoticias.com.mx\\\/#organization\"},\"potentialAction\":[{\"@type\":\"SearchAction\",\"target\":{\"@type\":\"EntryPoint\",\"urlTemplate\":\"https:\\\/\\\/arjenoticias.com.mx\\\/?s={search_term_string}\"},\"query-input\":{\"@type\":\"PropertyValueSpecification\",\"valueRequired\":true,\"valueName\":\"search_term_string\"}}],\"inLanguage\":\"es\"},{\"@type\":\"Organization\",\"@id\":\"https:\\\/\\\/arjenoticias.com.mx\\\/#organization\",\"name\":\"Arj\u00e9 de M\u00e9xico Noticias\",\"url\":\"https:\\\/\\\/arjenoticias.com.mx\\\/\",\"logo\":{\"@type\":\"ImageObject\",\"inLanguage\":\"es\",\"@id\":\"https:\\\/\\\/arjenoticias.com.mx\\\/#\\\/schema\\\/logo\\\/image\\\/\",\"url\":\"https:\\\/\\\/arjenoticias.com.mx\\\/wp-content\\\/uploads\\\/2025\\\/07\\\/cropped-logo-scaled-1.png\",\"contentUrl\":\"https:\\\/\\\/arjenoticias.com.mx\\\/wp-content\\\/uploads\\\/2025\\\/07\\\/cropped-logo-scaled-1.png\",\"width\":2558,\"height\":558,\"caption\":\"Arj\u00e9 de M\u00e9xico Noticias\"},\"image\":{\"@id\":\"https:\\\/\\\/arjenoticias.com.mx\\\/#\\\/schema\\\/logo\\\/image\\\/\"}},{\"@type\":\"Person\",\"@id\":\"https:\\\/\\\/arjenoticias.com.mx\\\/#\\\/schema\\\/person\\\/f48bc28476b38490cbe82bd109c72b24\",\"name\":\"Ra\u00fal Monter Ortega\",\"image\":{\"@type\":\"ImageObject\",\"inLanguage\":\"es\",\"@id\":\"https:\\\/\\\/secure.gravatar.com\\\/avatar\\\/1616403283ceadc5d9a2d98c21703f217676e6be6595972f5d3d26ff78793f9d?s=96&d=mm&r=g\",\"url\":\"https:\\\/\\\/secure.gravatar.com\\\/avatar\\\/1616403283ceadc5d9a2d98c21703f217676e6be6595972f5d3d26ff78793f9d?s=96&d=mm&r=g\",\"contentUrl\":\"https:\\\/\\\/secure.gravatar.com\\\/avatar\\\/1616403283ceadc5d9a2d98c21703f217676e6be6595972f5d3d26ff78793f9d?s=96&d=mm&r=g\",\"caption\":\"Ra\u00fal Monter Ortega\"},\"url\":\"https:\\\/\\\/arjenoticias.com.mx\\\/?author=68\"}]}<\/script>\n<!-- \/ Yoast SEO plugin. -->","yoast_head_json":{"title":"Mexico mejor: La b\u00fasqueda de la verdad y la luz -","description":"Motivar a los mexicanos a ser la luz que ilumine nuestra naci\u00f3n para que vivamos en paz, prosperidad, igualdad y justicia,","robots":{"index":"index","follow":"follow","max-snippet":"max-snippet:-1","max-image-preview":"max-image-preview:large","max-video-preview":"max-video-preview:-1"},"canonical":"https:\/\/arjenoticias.com.mx\/?p=4674","og_locale":"es_MX","og_type":"article","og_title":"Mexico mejor: La b\u00fasqueda de la verdad y la luz -","og_description":"Motivar a los mexicanos a ser la luz que ilumine nuestra naci\u00f3n para que vivamos en paz, prosperidad, igualdad y justicia,","og_url":"https:\/\/arjenoticias.com.mx\/?p=4674","article_published_time":"2025-09-14T15:37:41+00:00","author":"Ra\u00fal Monter Ortega","twitter_card":"summary_large_image","twitter_misc":{"Escrito por":"Ra\u00fal Monter Ortega","Tiempo de lectura":"2 minutos"},"schema":{"@context":"https:\/\/schema.org","@graph":[{"@type":"Article","@id":"https:\/\/arjenoticias.com.mx\/?p=4674#article","isPartOf":{"@id":"https:\/\/arjenoticias.com.mx\/?p=4674"},"author":{"name":"Ra\u00fal Monter Ortega","@id":"https:\/\/arjenoticias.com.mx\/#\/schema\/person\/f48bc28476b38490cbe82bd109c72b24"},"headline":"Tu eres una vela que M\u00e9xico necesita","datePublished":"2025-09-14T15:37:41+00:00","mainEntityOfPage":{"@id":"https:\/\/arjenoticias.com.mx\/?p=4674"},"wordCount":278,"publisher":{"@id":"https:\/\/arjenoticias.com.mx\/#organization"},"articleSection":["Opini\u00f3n"],"inLanguage":"es"},{"@type":"WebPage","@id":"https:\/\/arjenoticias.com.mx\/?p=4674","url":"https:\/\/arjenoticias.com.mx\/?p=4674","name":"Mexico mejor: La b\u00fasqueda de la verdad y la luz -","isPartOf":{"@id":"https:\/\/arjenoticias.com.mx\/#website"},"datePublished":"2025-09-14T15:37:41+00:00","description":"Motivar a los mexicanos a ser la luz que ilumine nuestra naci\u00f3n para que vivamos en paz, prosperidad, igualdad y justicia,","breadcrumb":{"@id":"https:\/\/arjenoticias.com.mx\/?p=4674#breadcrumb"},"inLanguage":"es","potentialAction":[{"@type":"ReadAction","target":["https:\/\/arjenoticias.com.mx\/?p=4674"]}]},{"@type":"BreadcrumbList","@id":"https:\/\/arjenoticias.com.mx\/?p=4674#breadcrumb","itemListElement":[{"@type":"ListItem","position":1,"name":"Inicio","item":"https:\/\/arjenoticias.com.mx\/"},{"@type":"ListItem","position":2,"name":"Tu eres una vela que M\u00e9xico necesita"}]},{"@type":"WebSite","@id":"https:\/\/arjenoticias.com.mx\/#website","url":"https:\/\/arjenoticias.com.mx\/","name":"arjenoticias.com.mx","description":"","publisher":{"@id":"https:\/\/arjenoticias.com.mx\/#organization"},"potentialAction":[{"@type":"SearchAction","target":{"@type":"EntryPoint","urlTemplate":"https:\/\/arjenoticias.com.mx\/?s={search_term_string}"},"query-input":{"@type":"PropertyValueSpecification","valueRequired":true,"valueName":"search_term_string"}}],"inLanguage":"es"},{"@type":"Organization","@id":"https:\/\/arjenoticias.com.mx\/#organization","name":"Arj\u00e9 de M\u00e9xico Noticias","url":"https:\/\/arjenoticias.com.mx\/","logo":{"@type":"ImageObject","inLanguage":"es","@id":"https:\/\/arjenoticias.com.mx\/#\/schema\/logo\/image\/","url":"https:\/\/arjenoticias.com.mx\/wp-content\/uploads\/2025\/07\/cropped-logo-scaled-1.png","contentUrl":"https:\/\/arjenoticias.com.mx\/wp-content\/uploads\/2025\/07\/cropped-logo-scaled-1.png","width":2558,"height":558,"caption":"Arj\u00e9 de M\u00e9xico Noticias"},"image":{"@id":"https:\/\/arjenoticias.com.mx\/#\/schema\/logo\/image\/"}},{"@type":"Person","@id":"https:\/\/arjenoticias.com.mx\/#\/schema\/person\/f48bc28476b38490cbe82bd109c72b24","name":"Ra\u00fal Monter Ortega","image":{"@type":"ImageObject","inLanguage":"es","@id":"https:\/\/secure.gravatar.com\/avatar\/1616403283ceadc5d9a2d98c21703f217676e6be6595972f5d3d26ff78793f9d?s=96&d=mm&r=g","url":"https:\/\/secure.gravatar.com\/avatar\/1616403283ceadc5d9a2d98c21703f217676e6be6595972f5d3d26ff78793f9d?s=96&d=mm&r=g","contentUrl":"https:\/\/secure.gravatar.com\/avatar\/1616403283ceadc5d9a2d98c21703f217676e6be6595972f5d3d26ff78793f9d?s=96&d=mm&r=g","caption":"Ra\u00fal Monter Ortega"},"url":"https:\/\/arjenoticias.com.mx\/?author=68"}]}},"_links":{"self":[{"href":"https:\/\/arjenoticias.com.mx\/index.php?rest_route=\/wp\/v2\/posts\/4674","targetHints":{"allow":["GET"]}}],"collection":[{"href":"https:\/\/arjenoticias.com.mx\/index.php?rest_route=\/wp\/v2\/posts"}],"about":[{"href":"https:\/\/arjenoticias.com.mx\/index.php?rest_route=\/wp\/v2\/types\/post"}],"author":[{"embeddable":true,"href":"https:\/\/arjenoticias.com.mx\/index.php?rest_route=\/wp\/v2\/users\/68"}],"replies":[{"embeddable":true,"href":"https:\/\/arjenoticias.com.mx\/index.php?rest_route=%2Fwp%2Fv2%2Fcomments&post=4674"}],"version-history":[{"count":0,"href":"https:\/\/arjenoticias.com.mx\/index.php?rest_route=\/wp\/v2\/posts\/4674\/revisions"}],"wp:attachment":[{"href":"https:\/\/arjenoticias.com.mx\/index.php?rest_route=%2Fwp%2Fv2%2Fmedia&parent=4674"}],"wp:term":[{"taxonomy":"category","embeddable":true,"href":"https:\/\/arjenoticias.com.mx\/index.php?rest_route=%2Fwp%2Fv2%2Fcategories&post=4674"},{"taxonomy":"post_tag","embeddable":true,"href":"https:\/\/arjenoticias.com.mx\/index.php?rest_route=%2Fwp%2Fv2%2Ftags&post=4674"}],"curies":[{"name":"wp","href":"https:\/\/api.w.org\/{rel}","templated":true}]}}