{"id":4468,"date":"2025-09-13T12:07:15","date_gmt":"2025-09-13T18:07:15","guid":{"rendered":"https:\/\/arjenoticias.com\/?p=4468"},"modified":"2025-09-13T15:25:32","modified_gmt":"2025-09-13T21:25:32","slug":"opositores-o-rebeldes-eduardo-mireles","status":"publish","type":"post","link":"https:\/\/arjenoticias.com.mx\/opinion\/opositores-o-rebeldes-eduardo-mireles\/","title":{"rendered":"\u00bfOpositores o rebeldes?: Eduardo Mireles"},"content":{"rendered":"\n<h2 class=\"wp-block-heading\">Un grave problema que por hoy existe en M\u00e9xico para un verdadero balance de fuerzas es la carencia de<br>una aut\u00e9ntica oposici\u00f3n, pues en pol\u00edtica no basta con solo dar contra sistem\u00e1ticamente a un gobierno<br>para poder definirse alguien o alg\u00fan grupo como oposici\u00f3n.<\/h2>\n\n\n\n<p class=\"wp-block-paragraph\"><br>Por m\u00e1s de 30 a\u00f1os, un servidor fui oposici\u00f3n del r\u00e9gimen anterior de diversas formas y varias<br>trincheras, desde el mismo interior del PRI, cuando observamos que el poder econ\u00f3mico invad\u00eda al<br>poder pol\u00edtico desde el coraz\u00f3n del partido desplazando a los pol\u00edticos y sustituyendo estos por los<br>tecn\u00f3cratas, o sea, la ca\u00edda de los licenciados por la llegada de los economistas, hasta el tener que<br>formar un movimiento social que luego se tuvo que convertir en partido pol\u00edtico para regenerar la vida<br>p\u00fablica, social y econ\u00f3mica de nuestro pa\u00eds bajo un proyecto alternativo de naci\u00f3n.<\/p>\n\n\n\n<blockquote class=\"wp-block-quote is-layout-flow wp-block-quote-is-layout-flow\">\n<p class=\"wp-block-paragraph\"><br>Yo fui oposici\u00f3n, en los 80s y 90s muchas veces alc\u00e9 la voz por los cambios que se hac\u00edan en contra del inter\u00e9s p\u00fablico y eso me vali\u00f3 el tener que migrar de partidos junto con muchos otros compa\u00f1eros.<\/p>\n<\/blockquote>\n\n\n\n<p class=\"wp-block-paragraph\"><br>Antes, ser oposici\u00f3n no se limitaba a solo quejarse y se\u00f1alar corruptelas, ser oposici\u00f3n era mantenerse<br>firme con un pensamiento, con un proyecto, era el no claudicar en una lucha por los principios y los<br>valores mamados en la cuna de quienes formaron patria. Me volv\u00ed oposici\u00f3n, porque el r\u00e9gimen<br>traicion\u00f3 al pueblo, y coincid\u00ed con panistas y con comunistas en que el camino que llevaba M\u00e9xico nos<br>conduc\u00eda a la pobreza, a la polarizaci\u00f3n, a la desigualdad y el clasismo.<\/p>\n\n\n\n<blockquote class=\"wp-block-quote is-layout-flow wp-block-quote-is-layout-flow\">\n<p class=\"wp-block-paragraph\"> Luch\u00e9 para que la justicia no fuera selectiva, defend\u00ed los derechos humanos, di la cara y se\u00f1al\u00e9 de frente la corrupci\u00f3n, tom\u00e9 el micr\u00f3fono y habl\u00e9 en las plazas y el pueblo me escuch\u00f3 y me sigui\u00f3, pero estaba de frente a una Dictadura Perfecta, que en \u201cvotaciones libres\u201d siempre ganaba el previamente \u201celegido\u201d por el sistema. Aqu\u00ed NUNCA va a perder el PRI, me dec\u00edan en tono ufano.<\/p>\n<\/blockquote>\n\n\n\n<blockquote class=\"wp-block-quote is-layout-flow wp-block-quote-is-layout-flow\">\n<p class=\"wp-block-paragraph\"><br>Como oposici\u00f3n, nunca necesit\u00e9 decir que el hijo del presidente calzaba tenis caros o que estudiaba en tal pa\u00eds, porque era m\u00e1s importante se\u00f1alar que el presidente estaba desmantelando el patrimonio de la naci\u00f3n para malbaratarlo y entregarlo en manos privadas, jam\u00e1s tuve la necesidad de decir que fulano y  mangano se fueron, con su dinero, de vacaciones a lugares caros porque era m\u00e1s importante denunciar que se saqueaba nuestro suelo sin beneficio para el pueblo. Para nosotros como oposici\u00f3n era m\u00e1s importante denunciar que el ej\u00e9rcito masacraba campesinos que acusar de corrupci\u00f3n a un almirante por traer a M\u00e9xico gasolina sin pagar impuestos.<\/p>\n<\/blockquote>\n\n\n\n<p class=\"wp-block-paragraph\"><br>Nosotros siendo oposici\u00f3n, ten\u00edamos un proyecto alternativo de naci\u00f3n, una propuesta diferente al<br>sistema que estaba destruyendo a M\u00e9xico y empobreciendo a los mexicanos, al malbaratar no solo el<br>patrimonio de la naci\u00f3n sino el mismo valor del trabajo, f\u00edsico e intelectual del pueblo. Se\u00f1al\u00e1bamos lo<br>malo y propon\u00edamos al mismo tiempo algo diferente para hacer un M\u00e9xico mejor, m\u00e1s justo, con un<br>estado m\u00e1s comprometido con el pueblo y que equilibrara la balanza por el bien de todos.<\/p>\n\n\n\n<blockquote class=\"wp-block-quote is-layout-flow wp-block-quote-is-layout-flow\">\n<p class=\"wp-block-paragraph\"><br>Yo viv\u00ed desde la oposici\u00f3n, un sistema rapaz y autoritario en el gobierno, no porque respondiera en las ma\u00f1anas los dichos o denuncias de los medios, sino porque desaparec\u00eda a periodistas, yo fui oposici\u00f3n de un estado narcotraficante no por que a uno de los opositores se nos antojara acusar de eso, sino porque las mismas polic\u00edas transportaban la droga al amparo de jueces y autoridades, yo en la oposici\u00f3n viv\u00ed una dictadura no porque mayoriteara en los congresos, sino porque el sistema estaba controlado por pocas manos y a\u00fan y que el pueblo te eligiera nunca ten\u00edas oportunidad de llegar a ser autoridad, el fraude era sin\u00f3nimo de \u201celecciones\u201d pues el estado era el encargado a trav\u00e9s de un instituto aut\u00f3nomo hecho a modo para simular democracia. La dictadura era perfecta y la democracia extinta desde dentro del mismo partido \u201coficial\u201d, pues todos sab\u00edamos frases como \u201cel que se mueva no sale en la foto\u201d y \u201cel PRI nunca pierde y cuando pierde arrebata\u201d.<\/p>\n<\/blockquote>\n\n\n\n<p class=\"wp-block-paragraph\"><br>Es triste ver como hoy la oposici\u00f3n ha sido reducida a un pu\u00f1ado de rebeldes que solo buscan el<br>esc\u00e1ndalo para salir en las noticias para que los pocos seguidores que les quedan sigan sabiendo de<br>ellos. Es triste saber que lo \u00fanico que se escucha de la oposici\u00f3n es un continuo berreo sin forma ni<br>fondo, sin propuesta ni causa a seguir, solo un continuo berreo sin cesar. Es muy lamentable, pues si<br>alguien puede hacer que el nuevo r\u00e9gimen tenga \u00e9xito para el bien de todos, ese alguien es la oposici\u00f3n.<\/p>\n\n\n\n<h2 class=\"wp-block-heading\"><br>El principal papel de la oposici\u00f3n hoy en d\u00eda no deber\u00eda ser berrear y hacer pleitos en las c\u00e1maras, menos<br>el alentar ese berreo y disculpar los golpes y la violencia ni el exportar el berreo a otros pa\u00edses. Eso no<br>sirve de nada ni convence a nadie.<\/h2>\n\n\n\n<p class=\"wp-block-paragraph\"><br>La degeneraci\u00f3n del r\u00e9gimen anterior es un hecho que le consta a toda la naci\u00f3n mexicana a tal grado<br>que, a\u00fan y con el supremo control medi\u00e1tico e institucional de los \u00f3rganos electorales, la nueva<br>propuesta de regeneraci\u00f3n avasalla en las elecciones de una manera inobjetable. \u00bfQu\u00e9 puede hacer la<br>oposici\u00f3n ante eso?, \u00bfBerrear?, NO, CLARO QUE NO.<\/p>\n\n\n\n<p class=\"wp-block-paragraph\"><br>El pueblo no quiere solo quejas, y peor cuando esas quejas son continuamente desmentidas. El pueblo<br>quiere hechos, quiere el cumplimiento de lo prometido, si ya vot\u00f3 por un nuevo r\u00e9gimen ESO ES LO QUE<br>QUIERE, y hoy el trabajo de la oposici\u00f3n es hacer que el gobierno CUMPLA cabalmente con la promesa,<br>pero no pataleando y berreando, sino denunciando de una manera evidente y proponiendo la soluci\u00f3n<br>alternativa, la oposici\u00f3n debe ser ese ojo anal\u00edtico y escudri\u00f1ador que est\u00e1n esperando los que a\u00fan no se<br>convencen del nuevo r\u00e9gimen. En vez de mantener sus seguidores cautivos por el miedo al comunismo,<br>Venezuela o que les quiten sus casas, deber\u00edan ser m\u00e1s inteligentes y dar una propuesta alternativa<br>atractiva a toda la naci\u00f3n mexicana, nada es perfecto y ellos pueden abanderar otro proyecto de naci\u00f3n<br>que se\u00f1ale las deficiencias del modelo de la 4T y las mejore y garantice su implementaci\u00f3n.<\/p>\n\n\n\n<p class=\"wp-block-paragraph\"><br><strong>La oposici\u00f3n, tan necesaria para la democracia en M\u00e9xico, se est\u00e1 auto limitando a ser un simple grupo<br>de rebeldes sin causa que se sostienen en base a puro show medi\u00e1tico, empujones y la exportaci\u00f3n del<br>berreo, y mientras no presenten un proyecto de naci\u00f3n, no va a importar cu\u00e1ntas veces griten<br>autoritarismo, dictadura, narco gobierno o corrupci\u00f3n, no va a importar si se suben a estrado a empujar<br>al presidente, no va a importar que se\u00f1alen la casa de 12 millones, la tienda de chocolates o los tenis de<br>chocofl\u00e1n, m\u00e1s seguidores no van a conseguir ni le van a quitar un solo seguidor a la 4T.<\/strong><\/p>\n\n\n\n<p class=\"wp-block-paragraph\"><br><strong>Propuestas de gobierno, ese es su salvavidas, pero al parecer, no hay solvencia para eso.<br>Buena suerte<\/strong><\/p>\n\n\n\n<p class=\"wp-block-paragraph\"><\/p>\n","protected":false},"excerpt":{"rendered":"<p>Un grave problema que por hoy existe en M\u00e9xico para un verdadero balance de fuerzas&#8230;<\/p>\n","protected":false},"author":37,"featured_media":4471,"comment_status":"closed","ping_status":"closed","sticky":false,"template":"","format":"standard","meta":{"footnotes":""},"categories":[59],"tags":[],"class_list":["post-4468","post","type-post","status-publish","format-standard","has-post-thumbnail","hentry","category-opinion"],"yoast_head":"<!-- This site is optimized with the Yoast SEO plugin v28.4 - https:\/\/yoast.com\/product\/yoast-seo-wordpress\/ -->\n<title>\u00bfOpositores o rebeldes?: Eduardo Mireles -<\/title>\n<meta name=\"description\" content=\"Ser oposici\u00f3n era mantenersefirme con un pensamiento, con un proyecto, era el no claudicar en una lucha por los principios\" \/>\n<meta name=\"robots\" content=\"index, follow, max-snippet:-1, max-image-preview:large, max-video-preview:-1\" \/>\n<link rel=\"canonical\" href=\"https:\/\/arjenoticias.com.mx\/opinion\/opositores-o-rebeldes-eduardo-mireles\/\" \/>\n<meta property=\"og:locale\" content=\"es_ES\" \/>\n<meta property=\"og:type\" content=\"article\" \/>\n<meta property=\"og:title\" content=\"\u00bfOpositores o rebeldes?: Eduardo Mireles -\" \/>\n<meta property=\"og:description\" content=\"Ser oposici\u00f3n era mantenersefirme con un pensamiento, con un proyecto, era el no claudicar en una lucha por los principios\" \/>\n<meta property=\"og:url\" content=\"https:\/\/arjenoticias.com.mx\/opinion\/opositores-o-rebeldes-eduardo-mireles\/\" \/>\n<meta property=\"article:publisher\" content=\"https:\/\/www.facebook.com\/ArjeNoticiasMX\" \/>\n<meta property=\"article:published_time\" content=\"2025-09-13T18:07:15+00:00\" \/>\n<meta property=\"article:modified_time\" content=\"2025-09-13T21:25:32+00:00\" \/>\n<meta property=\"og:image\" content=\"https:\/\/arjenoticias.com.mx\/wp-content\/uploads\/2025\/09\/Oposicion.webp\" \/>\n\t<meta property=\"og:image:width\" content=\"474\" \/>\n\t<meta property=\"og:image:height\" content=\"266\" \/>\n\t<meta property=\"og:image:type\" content=\"image\/webp\" \/>\n<meta name=\"author\" content=\"Eduardo Mireles Montemayor\" \/>\n<meta name=\"twitter:card\" content=\"summary_large_image\" \/>\n<meta name=\"twitter:creator\" content=\"@ArjeNoticias\" \/>\n<meta name=\"twitter:site\" content=\"@ArjeNoticias\" \/>\n<meta name=\"twitter:label1\" content=\"Escrito por\" \/>\n\t<meta name=\"twitter:data1\" content=\"Eduardo Mireles Montemayor\" \/>\n\t<meta name=\"twitter:label2\" content=\"Tiempo de lectura\" \/>\n\t<meta name=\"twitter:data2\" content=\"4 minutos\" \/>\n<script type=\"application\/ld+json\" class=\"yoast-schema-graph\">{\"@context\":\"https:\\\/\\\/schema.org\",\"@graph\":[{\"@type\":\"Article\",\"@id\":\"https:\\\/\\\/arjenoticias.com.mx\\\/opinion\\\/opositores-o-rebeldes-eduardo-mireles\\\/#article\",\"isPartOf\":{\"@id\":\"https:\\\/\\\/arjenoticias.com.mx\\\/opinion\\\/opositores-o-rebeldes-eduardo-mireles\\\/\"},\"author\":{\"name\":\"Eduardo Mireles Montemayor\",\"@id\":\"https:\\\/\\\/arjenoticias.com.mx\\\/#\\\/schema\\\/person\\\/d73a6ba1ca168374a9323be9755df727\"},\"headline\":\"\u00bfOpositores o rebeldes?: Eduardo Mireles\",\"datePublished\":\"2025-09-13T18:07:15+00:00\",\"dateModified\":\"2025-09-13T21:25:32+00:00\",\"mainEntityOfPage\":{\"@id\":\"https:\\\/\\\/arjenoticias.com.mx\\\/opinion\\\/opositores-o-rebeldes-eduardo-mireles\\\/\"},\"wordCount\":1239,\"publisher\":{\"@id\":\"https:\\\/\\\/arjenoticias.com.mx\\\/#organization\"},\"image\":{\"@id\":\"https:\\\/\\\/arjenoticias.com.mx\\\/opinion\\\/opositores-o-rebeldes-eduardo-mireles\\\/#primaryimage\"},\"thumbnailUrl\":\"https:\\\/\\\/arjenoticias.com.mx\\\/wp-content\\\/uploads\\\/2025\\\/09\\\/Oposicion.webp\",\"articleSection\":[\"Opini\u00f3n\"],\"inLanguage\":\"es\"},{\"@type\":\"WebPage\",\"@id\":\"https:\\\/\\\/arjenoticias.com.mx\\\/opinion\\\/opositores-o-rebeldes-eduardo-mireles\\\/\",\"url\":\"https:\\\/\\\/arjenoticias.com.mx\\\/opinion\\\/opositores-o-rebeldes-eduardo-mireles\\\/\",\"name\":\"\u00bfOpositores o rebeldes?: Eduardo Mireles -\",\"isPartOf\":{\"@id\":\"https:\\\/\\\/arjenoticias.com.mx\\\/#website\"},\"primaryImageOfPage\":{\"@id\":\"https:\\\/\\\/arjenoticias.com.mx\\\/opinion\\\/opositores-o-rebeldes-eduardo-mireles\\\/#primaryimage\"},\"image\":{\"@id\":\"https:\\\/\\\/arjenoticias.com.mx\\\/opinion\\\/opositores-o-rebeldes-eduardo-mireles\\\/#primaryimage\"},\"thumbnailUrl\":\"https:\\\/\\\/arjenoticias.com.mx\\\/wp-content\\\/uploads\\\/2025\\\/09\\\/Oposicion.webp\",\"datePublished\":\"2025-09-13T18:07:15+00:00\",\"dateModified\":\"2025-09-13T21:25:32+00:00\",\"description\":\"Ser oposici\u00f3n era mantenersefirme con un pensamiento, con un proyecto, era el no claudicar en una lucha por los principios\",\"breadcrumb\":{\"@id\":\"https:\\\/\\\/arjenoticias.com.mx\\\/opinion\\\/opositores-o-rebeldes-eduardo-mireles\\\/#breadcrumb\"},\"inLanguage\":\"es\",\"potentialAction\":[{\"@type\":\"ReadAction\",\"target\":[\"https:\\\/\\\/arjenoticias.com.mx\\\/opinion\\\/opositores-o-rebeldes-eduardo-mireles\\\/\"]}]},{\"@type\":\"ImageObject\",\"inLanguage\":\"es\",\"@id\":\"https:\\\/\\\/arjenoticias.com.mx\\\/opinion\\\/opositores-o-rebeldes-eduardo-mireles\\\/#primaryimage\",\"url\":\"https:\\\/\\\/arjenoticias.com.mx\\\/wp-content\\\/uploads\\\/2025\\\/09\\\/Oposicion.webp\",\"contentUrl\":\"https:\\\/\\\/arjenoticias.com.mx\\\/wp-content\\\/uploads\\\/2025\\\/09\\\/Oposicion.webp\",\"width\":474,\"height\":266,\"caption\":\"Como oposici\u00f3n, nunca necesit\u00e9 decir que el hijo del presidente calzaba tenis caros o que estudiaba en tal pa\u00eds, porque era m\u00e1s importante se\u00f1alar que el presidente estaba desmantelando el patrimonio de la naci\u00f3n para malbaratarlo y entregarlo en manos privadas\"},{\"@type\":\"BreadcrumbList\",\"@id\":\"https:\\\/\\\/arjenoticias.com.mx\\\/opinion\\\/opositores-o-rebeldes-eduardo-mireles\\\/#breadcrumb\",\"itemListElement\":[{\"@type\":\"ListItem\",\"position\":1,\"name\":\"Portada\",\"item\":\"https:\\\/\\\/arjenoticias.com.mx\\\/\"},{\"@type\":\"ListItem\",\"position\":2,\"name\":\"\u00bfOpositores o rebeldes?: Eduardo Mireles\"}]},{\"@type\":\"WebSite\",\"@id\":\"https:\\\/\\\/arjenoticias.com.mx\\\/#website\",\"url\":\"https:\\\/\\\/arjenoticias.com.mx\\\/\",\"name\":\"Arj\u00e9 M\u00e9xico\",\"description\":\"\",\"publisher\":{\"@id\":\"https:\\\/\\\/arjenoticias.com.mx\\\/#organization\"},\"potentialAction\":[{\"@type\":\"SearchAction\",\"target\":{\"@type\":\"EntryPoint\",\"urlTemplate\":\"https:\\\/\\\/arjenoticias.com.mx\\\/?s={search_term_string}\"},\"query-input\":{\"@type\":\"PropertyValueSpecification\",\"valueRequired\":true,\"valueName\":\"search_term_string\"}}],\"inLanguage\":\"es\"},{\"@type\":\"Organization\",\"@id\":\"https:\\\/\\\/arjenoticias.com.mx\\\/#organization\",\"name\":\"Arj\u00e9 M\u00e9xico\",\"url\":\"https:\\\/\\\/arjenoticias.com.mx\\\/\",\"logo\":{\"@type\":\"ImageObject\",\"inLanguage\":\"es\",\"@id\":\"https:\\\/\\\/arjenoticias.com.mx\\\/#\\\/schema\\\/logo\\\/image\\\/\",\"url\":\"https:\\\/\\\/arjenoticias.com\\\/wp-content\\\/uploads\\\/2026\\\/04\\\/cropped-cropped-logo-inverted-1-scaled-1.png\",\"contentUrl\":\"https:\\\/\\\/arjenoticias.com\\\/wp-content\\\/uploads\\\/2026\\\/04\\\/cropped-cropped-logo-inverted-1-scaled-1.png\",\"width\":2556,\"height\":549,\"caption\":\"Arj\u00e9 M\u00e9xico\"},\"image\":{\"@id\":\"https:\\\/\\\/arjenoticias.com.mx\\\/#\\\/schema\\\/logo\\\/image\\\/\"},\"sameAs\":[\"https:\\\/\\\/www.facebook.com\\\/ArjeNoticiasMX\",\"https:\\\/\\\/x.com\\\/ArjeNoticias\"]},{\"@type\":\"Person\",\"@id\":\"https:\\\/\\\/arjenoticias.com.mx\\\/#\\\/schema\\\/person\\\/d73a6ba1ca168374a9323be9755df727\",\"name\":\"Eduardo Mireles Montemayor\",\"image\":{\"@type\":\"ImageObject\",\"inLanguage\":\"es\",\"@id\":\"https:\\\/\\\/arjenoticias.com\\\/wp-content\\\/uploads\\\/2026\\\/04\\\/Eduardo-Mireles-96x96.png\",\"url\":\"https:\\\/\\\/arjenoticias.com\\\/wp-content\\\/uploads\\\/2026\\\/04\\\/Eduardo-Mireles-96x96.png\",\"contentUrl\":\"https:\\\/\\\/arjenoticias.com\\\/wp-content\\\/uploads\\\/2026\\\/04\\\/Eduardo-Mireles-96x96.png\",\"caption\":\"Eduardo Mireles Montemayor\"},\"description\":\"Pol\u00edtico de MORENA en Nuevo Le\u00f3n, con experiencia en liderazgo municipal y campa\u00f1as locales.\",\"url\":\"https:\\\/\\\/arjenoticias.com.mx\\\/author\\\/eduardo-mireles-montemayor\\\/\"}]}<\/script>\n<!-- \/ Yoast SEO plugin. -->","yoast_head_json":{"title":"\u00bfOpositores o rebeldes?: Eduardo Mireles -","description":"Ser oposici\u00f3n era mantenersefirme con un pensamiento, con un proyecto, era el no claudicar en una lucha por los principios","robots":{"index":"index","follow":"follow","max-snippet":"max-snippet:-1","max-image-preview":"max-image-preview:large","max-video-preview":"max-video-preview:-1"},"canonical":"https:\/\/arjenoticias.com.mx\/opinion\/opositores-o-rebeldes-eduardo-mireles\/","og_locale":"es_ES","og_type":"article","og_title":"\u00bfOpositores o rebeldes?: Eduardo Mireles -","og_description":"Ser oposici\u00f3n era mantenersefirme con un pensamiento, con un proyecto, era el no claudicar en una lucha por los principios","og_url":"https:\/\/arjenoticias.com.mx\/opinion\/opositores-o-rebeldes-eduardo-mireles\/","article_publisher":"https:\/\/www.facebook.com\/ArjeNoticiasMX","article_published_time":"2025-09-13T18:07:15+00:00","article_modified_time":"2025-09-13T21:25:32+00:00","og_image":[{"width":474,"height":266,"url":"https:\/\/arjenoticias.com.mx\/wp-content\/uploads\/2025\/09\/Oposicion.webp","type":"image\/webp"}],"author":"Eduardo Mireles Montemayor","twitter_card":"summary_large_image","twitter_creator":"@ArjeNoticias","twitter_site":"@ArjeNoticias","twitter_misc":{"Escrito por":"Eduardo Mireles Montemayor","Tiempo de lectura":"4 minutos"},"schema":{"@context":"https:\/\/schema.org","@graph":[{"@type":"Article","@id":"https:\/\/arjenoticias.com.mx\/opinion\/opositores-o-rebeldes-eduardo-mireles\/#article","isPartOf":{"@id":"https:\/\/arjenoticias.com.mx\/opinion\/opositores-o-rebeldes-eduardo-mireles\/"},"author":{"name":"Eduardo Mireles Montemayor","@id":"https:\/\/arjenoticias.com.mx\/#\/schema\/person\/d73a6ba1ca168374a9323be9755df727"},"headline":"\u00bfOpositores o rebeldes?: Eduardo Mireles","datePublished":"2025-09-13T18:07:15+00:00","dateModified":"2025-09-13T21:25:32+00:00","mainEntityOfPage":{"@id":"https:\/\/arjenoticias.com.mx\/opinion\/opositores-o-rebeldes-eduardo-mireles\/"},"wordCount":1239,"publisher":{"@id":"https:\/\/arjenoticias.com.mx\/#organization"},"image":{"@id":"https:\/\/arjenoticias.com.mx\/opinion\/opositores-o-rebeldes-eduardo-mireles\/#primaryimage"},"thumbnailUrl":"https:\/\/arjenoticias.com.mx\/wp-content\/uploads\/2025\/09\/Oposicion.webp","articleSection":["Opini\u00f3n"],"inLanguage":"es"},{"@type":"WebPage","@id":"https:\/\/arjenoticias.com.mx\/opinion\/opositores-o-rebeldes-eduardo-mireles\/","url":"https:\/\/arjenoticias.com.mx\/opinion\/opositores-o-rebeldes-eduardo-mireles\/","name":"\u00bfOpositores o rebeldes?: Eduardo Mireles -","isPartOf":{"@id":"https:\/\/arjenoticias.com.mx\/#website"},"primaryImageOfPage":{"@id":"https:\/\/arjenoticias.com.mx\/opinion\/opositores-o-rebeldes-eduardo-mireles\/#primaryimage"},"image":{"@id":"https:\/\/arjenoticias.com.mx\/opinion\/opositores-o-rebeldes-eduardo-mireles\/#primaryimage"},"thumbnailUrl":"https:\/\/arjenoticias.com.mx\/wp-content\/uploads\/2025\/09\/Oposicion.webp","datePublished":"2025-09-13T18:07:15+00:00","dateModified":"2025-09-13T21:25:32+00:00","description":"Ser oposici\u00f3n era mantenersefirme con un pensamiento, con un proyecto, era el no claudicar en una lucha por los principios","breadcrumb":{"@id":"https:\/\/arjenoticias.com.mx\/opinion\/opositores-o-rebeldes-eduardo-mireles\/#breadcrumb"},"inLanguage":"es","potentialAction":[{"@type":"ReadAction","target":["https:\/\/arjenoticias.com.mx\/opinion\/opositores-o-rebeldes-eduardo-mireles\/"]}]},{"@type":"ImageObject","inLanguage":"es","@id":"https:\/\/arjenoticias.com.mx\/opinion\/opositores-o-rebeldes-eduardo-mireles\/#primaryimage","url":"https:\/\/arjenoticias.com.mx\/wp-content\/uploads\/2025\/09\/Oposicion.webp","contentUrl":"https:\/\/arjenoticias.com.mx\/wp-content\/uploads\/2025\/09\/Oposicion.webp","width":474,"height":266,"caption":"Como oposici\u00f3n, nunca necesit\u00e9 decir que el hijo del presidente calzaba tenis caros o que estudiaba en tal pa\u00eds, porque era m\u00e1s importante se\u00f1alar que el presidente estaba desmantelando el patrimonio de la naci\u00f3n para malbaratarlo y entregarlo en manos privadas"},{"@type":"BreadcrumbList","@id":"https:\/\/arjenoticias.com.mx\/opinion\/opositores-o-rebeldes-eduardo-mireles\/#breadcrumb","itemListElement":[{"@type":"ListItem","position":1,"name":"Portada","item":"https:\/\/arjenoticias.com.mx\/"},{"@type":"ListItem","position":2,"name":"\u00bfOpositores o rebeldes?: Eduardo Mireles"}]},{"@type":"WebSite","@id":"https:\/\/arjenoticias.com.mx\/#website","url":"https:\/\/arjenoticias.com.mx\/","name":"Arj\u00e9 M\u00e9xico","description":"","publisher":{"@id":"https:\/\/arjenoticias.com.mx\/#organization"},"potentialAction":[{"@type":"SearchAction","target":{"@type":"EntryPoint","urlTemplate":"https:\/\/arjenoticias.com.mx\/?s={search_term_string}"},"query-input":{"@type":"PropertyValueSpecification","valueRequired":true,"valueName":"search_term_string"}}],"inLanguage":"es"},{"@type":"Organization","@id":"https:\/\/arjenoticias.com.mx\/#organization","name":"Arj\u00e9 M\u00e9xico","url":"https:\/\/arjenoticias.com.mx\/","logo":{"@type":"ImageObject","inLanguage":"es","@id":"https:\/\/arjenoticias.com.mx\/#\/schema\/logo\/image\/","url":"https:\/\/arjenoticias.com\/wp-content\/uploads\/2026\/04\/cropped-cropped-logo-inverted-1-scaled-1.png","contentUrl":"https:\/\/arjenoticias.com\/wp-content\/uploads\/2026\/04\/cropped-cropped-logo-inverted-1-scaled-1.png","width":2556,"height":549,"caption":"Arj\u00e9 M\u00e9xico"},"image":{"@id":"https:\/\/arjenoticias.com.mx\/#\/schema\/logo\/image\/"},"sameAs":["https:\/\/www.facebook.com\/ArjeNoticiasMX","https:\/\/x.com\/ArjeNoticias"]},{"@type":"Person","@id":"https:\/\/arjenoticias.com.mx\/#\/schema\/person\/d73a6ba1ca168374a9323be9755df727","name":"Eduardo Mireles Montemayor","image":{"@type":"ImageObject","inLanguage":"es","@id":"https:\/\/arjenoticias.com\/wp-content\/uploads\/2026\/04\/Eduardo-Mireles-96x96.png","url":"https:\/\/arjenoticias.com\/wp-content\/uploads\/2026\/04\/Eduardo-Mireles-96x96.png","contentUrl":"https:\/\/arjenoticias.com\/wp-content\/uploads\/2026\/04\/Eduardo-Mireles-96x96.png","caption":"Eduardo Mireles Montemayor"},"description":"Pol\u00edtico de MORENA en Nuevo Le\u00f3n, con experiencia en liderazgo municipal y campa\u00f1as locales.","url":"https:\/\/arjenoticias.com.mx\/author\/eduardo-mireles-montemayor\/"}]}},"featured_image_urls":{"full":["https:\/\/arjenoticias.com.mx\/wp-content\/uploads\/2025\/09\/Oposicion.webp",474,266,false],"thumbnail":["https:\/\/arjenoticias.com.mx\/wp-content\/uploads\/2025\/09\/Oposicion-150x150.webp",150,150,true],"medium":["https:\/\/arjenoticias.com.mx\/wp-content\/uploads\/2025\/09\/Oposicion-300x168.webp",300,168,true],"medium_large":["https:\/\/arjenoticias.com.mx\/wp-content\/uploads\/2025\/09\/Oposicion.webp",474,266,false],"large":["https:\/\/arjenoticias.com.mx\/wp-content\/uploads\/2025\/09\/Oposicion.webp",474,266,false],"1536x1536":["https:\/\/arjenoticias.com.mx\/wp-content\/uploads\/2025\/09\/Oposicion.webp",474,266,false],"2048x2048":["https:\/\/arjenoticias.com.mx\/wp-content\/uploads\/2025\/09\/Oposicion.webp",474,266,false],"covernews-featured":["https:\/\/arjenoticias.com.mx\/wp-content\/uploads\/2025\/09\/Oposicion.webp",474,266,false],"covernews-medium":["https:\/\/arjenoticias.com.mx\/wp-content\/uploads\/2025\/09\/Oposicion.webp",474,266,false]},"author_info":{"info":["Eduardo Mireles Montemayor"]},"category_info":"<a href=\"https:\/\/arjenoticias.com.mx\/category\/opinion\/\" rel=\"category tag\">Opini\u00f3n<\/a>","tag_info":"Opini\u00f3n","comment_count":"0","_links":{"self":[{"href":"https:\/\/arjenoticias.com.mx\/wp-json\/wp\/v2\/posts\/4468","targetHints":{"allow":["GET"]}}],"collection":[{"href":"https:\/\/arjenoticias.com.mx\/wp-json\/wp\/v2\/posts"}],"about":[{"href":"https:\/\/arjenoticias.com.mx\/wp-json\/wp\/v2\/types\/post"}],"author":[{"embeddable":true,"href":"https:\/\/arjenoticias.com.mx\/wp-json\/wp\/v2\/users\/37"}],"replies":[{"embeddable":true,"href":"https:\/\/arjenoticias.com.mx\/wp-json\/wp\/v2\/comments?post=4468"}],"version-history":[{"count":1,"href":"https:\/\/arjenoticias.com.mx\/wp-json\/wp\/v2\/posts\/4468\/revisions"}],"predecessor-version":[{"id":4473,"href":"https:\/\/arjenoticias.com.mx\/wp-json\/wp\/v2\/posts\/4468\/revisions\/4473"}],"wp:featuredmedia":[{"embeddable":true,"href":"https:\/\/arjenoticias.com.mx\/wp-json\/wp\/v2\/media\/4471"}],"wp:attachment":[{"href":"https:\/\/arjenoticias.com.mx\/wp-json\/wp\/v2\/media?parent=4468"}],"wp:term":[{"taxonomy":"category","embeddable":true,"href":"https:\/\/arjenoticias.com.mx\/wp-json\/wp\/v2\/categories?post=4468"},{"taxonomy":"post_tag","embeddable":true,"href":"https:\/\/arjenoticias.com.mx\/wp-json\/wp\/v2\/tags?post=4468"}],"curies":[{"name":"wp","href":"https:\/\/api.w.org\/{rel}","templated":true}]}}