{"id":4460,"date":"2025-09-13T11:36:38","date_gmt":"2025-09-13T17:36:38","guid":{"rendered":"https:\/\/arjenoticias.com\/?p=4460"},"modified":"2025-09-13T11:36:38","modified_gmt":"2025-09-13T17:36:38","slug":"montessori-es-un-sistema-para-ninos-pobres","status":"publish","type":"post","link":"https:\/\/arjenoticias.com.mx\/?p=4460","title":{"rendered":"Montessori es un sistema para ni\u00f1os pobres."},"content":{"rendered":"\n<p class=\"wp-block-paragraph\">Los ni\u00f1os no necesitan ser controlados o arreglados. Necesitan ser confiables.<\/p>\n\n\n\n<h2 class=\"wp-block-heading\">En 1896, Mar\u00eda Montessori se gradu\u00f3 en la Universidad de Roma.<\/h2>\n\n\n\n<blockquote class=\"wp-block-quote is-layout-flow wp-block-quote-is-layout-flow\">\n<p class=\"wp-block-paragraph\">Era la \u00fanica mujer en su clase.<\/p>\n<\/blockquote>\n\n\n\n<p class=\"wp-block-paragraph\">\u00bfSu primer trabajo? Un m\u00e9dico voluntario en una cl\u00ednica psiqui\u00e1trica.<\/p>\n\n\n\n<p class=\"wp-block-paragraph\">All\u00ed, visit\u00f3 asilos llenos de ni\u00f1os.<\/p>\n\n\n\n<p class=\"wp-block-paragraph\">Muchos encerrados porque eran pobres, discapacitados o no deseados.<\/p>\n\n\n\n<p class=\"wp-block-paragraph\">Montessori comenz\u00f3 a desarrollar herramientas pr\u00e1cticas basadas en el trabajo de dos m\u00e9dicos franceses: Itard y S\u00e9guin.<\/p>\n\n\n\n<p class=\"wp-block-paragraph\">Bolas. Perlas. Bloques.<\/p>\n\n\n\n<p class=\"wp-block-paragraph\">Utiliz\u00f3 el aprendizaje sensorial para ense\u00f1ar a ni\u00f1os que antes se consideraban ineducables.<\/p>\n\n\n\n<blockquote class=\"wp-block-quote is-layout-flow wp-block-quote-is-layout-flow\">\n<p class=\"wp-block-paragraph\">En 1900, dirig\u00eda la Escuela Ortofr\u00e9nica de Roma, un instituto de formaci\u00f3n para maestros que trabajaban con ni\u00f1os discapacitados.<\/p>\n<\/blockquote>\n\n\n\n<p class=\"wp-block-paragraph\">\u00bfSus alumnos? La mayor\u00eda hab\u00eda sido institucionalizada. Y, sin embargo, aprobaron los mismos ex\u00e1menes estandarizados que los ni\u00f1os en el sistema p\u00fablico.<\/p>\n\n\n\n<blockquote class=\"wp-block-quote is-layout-flow wp-block-quote-is-layout-flow\">\n<p class=\"wp-block-paragraph\">Montessori dijo: &#8220;Si mis estudiantes con discapacidad mental pueden aprobar, eso no es un milagro, es una acusaci\u00f3n&#8221;.<\/p>\n<\/blockquote>\n\n\n\n<p class=\"wp-block-paragraph\">Se alej\u00f3 de la escuela para abrir la primera Casa dei Bambini en San Lorenzo.<\/p>\n\n\n\n<p class=\"wp-block-paragraph\">Era una guarder\u00eda para los hijos de padres que trabajaban.<\/p>\n\n\n\n<blockquote class=\"wp-block-quote is-layout-flow wp-block-quote-is-layout-flow\">\n<p class=\"wp-block-paragraph\">No hab\u00eda escritorios. Sin calificaciones. Sin recompensas.<\/p>\n<\/blockquote>\n\n\n\n<p class=\"wp-block-paragraph\">Solo libertad, estructura y herramientas dise\u00f1adas para manos peque\u00f1as.<\/p>\n\n\n\n<p class=\"wp-block-paragraph\">Botones abrochados por ni\u00f1os. Flores arregladas. Letras de papel de lija trazadas. Y aprendieron a leer y escribir por s\u00ed mismos.<\/p>\n\n\n\n<blockquote class=\"wp-block-quote is-layout-flow wp-block-quote-is-layout-flow\">\n<p class=\"wp-block-paragraph\">Montessori vio que los ni\u00f1os no necesitaban que se les ense\u00f1ara a aprender.<\/p>\n<\/blockquote>\n\n\n\n<p class=\"wp-block-paragraph\">Necesitaban un entorno que les permitiera seguir su curiosidad. En menos de dos a\u00f1os, su modelo se extendi\u00f3 por Roma.<\/p>\n\n\n\n<blockquote class=\"wp-block-quote is-layout-flow wp-block-quote-is-layout-flow\">\n<p class=\"wp-block-paragraph\">En 1911, El m\u00e9todo Montessori era un \u00e9xito de ventas en los EE. UU.<\/p>\n<\/blockquote>\n\n\n\n<p class=\"wp-block-paragraph\">En 1913, hab\u00eda m\u00e1s de 100 escuelas Montessori en Estados Unidos.<\/p>\n\n\n\n<blockquote class=\"wp-block-quote is-layout-flow wp-block-quote-is-layout-flow\">\n<p class=\"wp-block-paragraph\">Las primeras aulas Montessori de EE. UU. se alojaron en mansiones.<\/p>\n<\/blockquote>\n\n\n\n<h2 class=\"wp-block-heading\">Pero ella hab\u00eda construido este modelo para los pobres.<\/h2>\n\n\n\n<p class=\"wp-block-paragraph\">En 1929, cofund\u00f3 la Asociaci\u00f3n Montessori Internacional (AMI) con su hijo Mario.<\/p>\n\n\n\n<p class=\"wp-block-paragraph\">Luego vino Mussolini.<\/p>\n\n\n\n<blockquote class=\"wp-block-quote is-layout-flow wp-block-quote-is-layout-flow\">\n<p class=\"wp-block-paragraph\">Cuando Mar\u00eda se neg\u00f3 a permitir que la propaganda fascista entrara en sus aulas, el estado la cerr\u00f3.<\/p>\n<\/blockquote>\n\n\n\n<p class=\"wp-block-paragraph\">Se fue de Italia.<\/p>\n\n\n\n<p class=\"wp-block-paragraph\">Desde el exilio, desarroll\u00f3 algo nuevo: Educaci\u00f3n para la Paz.<\/p>\n\n\n\n<p class=\"wp-block-paragraph\">Ella cre\u00eda que la guerra no era inevitable.<\/p>\n\n\n\n<p class=\"wp-block-paragraph\">Se ense\u00f1\u00f3.<\/p>\n\n\n\n<p class=\"wp-block-paragraph\">Y la educaci\u00f3n era el ant\u00eddoto.<\/p>\n\n\n\n<blockquote class=\"wp-block-quote is-layout-flow wp-block-quote-is-layout-flow\">\n<p class=\"wp-block-paragraph\">Cuando estall\u00f3 la Segunda Guerra Mundial, ella estaba en la India. Debido a que era italiana e Italia se hab\u00eda alineado con Alemania, fue puesta bajo arresto domiciliario.<\/p>\n<\/blockquote>\n\n\n\n<p class=\"wp-block-paragraph\">A\u00fan as\u00ed, sigui\u00f3 repitiendo un mensaje: el ni\u00f1o no es un recipiente vac\u00edo, el ni\u00f1o es el constructor del futuro.<\/p>\n\n\n\n<p class=\"wp-block-paragraph\">En su vida, Montessori fue nominada para el Premio Nobel de la Paz tres veces.<\/p>\n\n\n\n<p class=\"wp-block-paragraph\">Muri\u00f3 en 1952 a la edad de 81 a\u00f1os, en los Pa\u00edses Bajos.<\/p>\n\n\n\n<h2 class=\"wp-block-heading\">\u00bfHoy?<\/h2>\n\n\n\n<h2 class=\"wp-block-heading\">Su m\u00e9todo a menudo se malinterpreta como \u00e9lite.<\/h2>\n\n\n\n<h2 class=\"wp-block-heading\">Reservado para escuelas privadas con matr\u00edcula alta.<\/h2>\n\n\n\n<h2 class=\"wp-block-heading\">En realidad, lo construy\u00f3 para ni\u00f1os en asilos. En viviendas. En zonas de guerra.<\/h2>\n\n\n\n<p class=\"wp-block-paragraph\"><\/p>\n","protected":false},"excerpt":{"rendered":"<p>Los ni\u00f1os no necesitan ser controlados o arreglados. Necesitan ser confiables. En 1896, Mar\u00eda Montessori&#8230;<\/p>\n","protected":false},"author":68,"featured_media":4461,"comment_status":"closed","ping_status":"closed","sticky":false,"template":"","format":"standard","meta":{"footnotes":""},"categories":[5],"tags":[],"class_list":["post-4460","post","type-post","status-publish","format-standard","has-post-thumbnail","hentry","category-cultura"],"yoast_head":"<!-- This site is optimized with the Yoast SEO plugin v28.4 - https:\/\/yoast.com\/product\/yoast-seo-wordpress\/ -->\n<title>Montessori es un sistema para ni\u00f1os pobres. -<\/title>\n<meta name=\"description\" content=\"Montessori comenz\u00f3 a desarrollar herramientas pr\u00e1cticas basadas en el trabajo de dos m\u00e9dicos franceses: Itard y S\u00e9guin.\" \/>\n<meta name=\"robots\" content=\"index, follow, max-snippet:-1, max-image-preview:large, max-video-preview:-1\" \/>\n<link rel=\"canonical\" href=\"https:\/\/arjenoticias.com.mx\/?p=4460\" \/>\n<meta property=\"og:locale\" content=\"es_MX\" \/>\n<meta property=\"og:type\" content=\"article\" \/>\n<meta property=\"og:title\" content=\"Montessori es un sistema para ni\u00f1os pobres. -\" \/>\n<meta property=\"og:description\" content=\"Montessori comenz\u00f3 a desarrollar herramientas pr\u00e1cticas basadas en el trabajo de dos m\u00e9dicos franceses: Itard y S\u00e9guin.\" \/>\n<meta property=\"og:url\" content=\"https:\/\/arjenoticias.com.mx\/?p=4460\" \/>\n<meta property=\"article:published_time\" content=\"2025-09-13T17:36:38+00:00\" \/>\n<meta name=\"author\" content=\"Ra\u00fal Monter Ortega\" \/>\n<meta name=\"twitter:card\" content=\"summary_large_image\" \/>\n<meta name=\"twitter:label1\" content=\"Escrito por\" \/>\n\t<meta name=\"twitter:data1\" content=\"Ra\u00fal Monter Ortega\" \/>\n\t<meta name=\"twitter:label2\" content=\"Tiempo de lectura\" \/>\n\t<meta name=\"twitter:data2\" content=\"2 minutos\" \/>\n<script type=\"application\/ld+json\" class=\"yoast-schema-graph\">{\"@context\":\"https:\\\/\\\/schema.org\",\"@graph\":[{\"@type\":\"Article\",\"@id\":\"https:\\\/\\\/arjenoticias.com.mx\\\/?p=4460#article\",\"isPartOf\":{\"@id\":\"https:\\\/\\\/arjenoticias.com.mx\\\/?p=4460\"},\"author\":{\"name\":\"Ra\u00fal Monter Ortega\",\"@id\":\"https:\\\/\\\/arjenoticias.com.mx\\\/#\\\/schema\\\/person\\\/f48bc28476b38490cbe82bd109c72b24\"},\"headline\":\"Montessori es un sistema para ni\u00f1os pobres.\",\"datePublished\":\"2025-09-13T17:36:38+00:00\",\"mainEntityOfPage\":{\"@id\":\"https:\\\/\\\/arjenoticias.com.mx\\\/?p=4460\"},\"wordCount\":504,\"publisher\":{\"@id\":\"https:\\\/\\\/arjenoticias.com.mx\\\/#organization\"},\"image\":{\"@id\":\"https:\\\/\\\/arjenoticias.com.mx\\\/?p=4460#primaryimage\"},\"thumbnailUrl\":\"\",\"articleSection\":[\"Cultura y Entretenimiento\"],\"inLanguage\":\"es\"},{\"@type\":\"WebPage\",\"@id\":\"https:\\\/\\\/arjenoticias.com.mx\\\/?p=4460\",\"url\":\"https:\\\/\\\/arjenoticias.com.mx\\\/?p=4460\",\"name\":\"Montessori es un sistema para ni\u00f1os pobres. -\",\"isPartOf\":{\"@id\":\"https:\\\/\\\/arjenoticias.com.mx\\\/#website\"},\"primaryImageOfPage\":{\"@id\":\"https:\\\/\\\/arjenoticias.com.mx\\\/?p=4460#primaryimage\"},\"image\":{\"@id\":\"https:\\\/\\\/arjenoticias.com.mx\\\/?p=4460#primaryimage\"},\"thumbnailUrl\":\"\",\"datePublished\":\"2025-09-13T17:36:38+00:00\",\"description\":\"Montessori comenz\u00f3 a desarrollar herramientas pr\u00e1cticas basadas en el trabajo de dos m\u00e9dicos franceses: Itard y S\u00e9guin.\",\"breadcrumb\":{\"@id\":\"https:\\\/\\\/arjenoticias.com.mx\\\/?p=4460#breadcrumb\"},\"inLanguage\":\"es\",\"potentialAction\":[{\"@type\":\"ReadAction\",\"target\":[\"https:\\\/\\\/arjenoticias.com.mx\\\/?p=4460\"]}]},{\"@type\":\"ImageObject\",\"inLanguage\":\"es\",\"@id\":\"https:\\\/\\\/arjenoticias.com.mx\\\/?p=4460#primaryimage\",\"url\":\"\",\"contentUrl\":\"\"},{\"@type\":\"BreadcrumbList\",\"@id\":\"https:\\\/\\\/arjenoticias.com.mx\\\/?p=4460#breadcrumb\",\"itemListElement\":[{\"@type\":\"ListItem\",\"position\":1,\"name\":\"Inicio\",\"item\":\"https:\\\/\\\/arjenoticias.com.mx\\\/\"},{\"@type\":\"ListItem\",\"position\":2,\"name\":\"Montessori es un sistema para ni\u00f1os pobres.\"}]},{\"@type\":\"WebSite\",\"@id\":\"https:\\\/\\\/arjenoticias.com.mx\\\/#website\",\"url\":\"https:\\\/\\\/arjenoticias.com.mx\\\/\",\"name\":\"arjenoticias.com.mx\",\"description\":\"\",\"publisher\":{\"@id\":\"https:\\\/\\\/arjenoticias.com.mx\\\/#organization\"},\"potentialAction\":[{\"@type\":\"SearchAction\",\"target\":{\"@type\":\"EntryPoint\",\"urlTemplate\":\"https:\\\/\\\/arjenoticias.com.mx\\\/?s={search_term_string}\"},\"query-input\":{\"@type\":\"PropertyValueSpecification\",\"valueRequired\":true,\"valueName\":\"search_term_string\"}}],\"inLanguage\":\"es\"},{\"@type\":\"Organization\",\"@id\":\"https:\\\/\\\/arjenoticias.com.mx\\\/#organization\",\"name\":\"Arj\u00e9 de M\u00e9xico Noticias\",\"url\":\"https:\\\/\\\/arjenoticias.com.mx\\\/\",\"logo\":{\"@type\":\"ImageObject\",\"inLanguage\":\"es\",\"@id\":\"https:\\\/\\\/arjenoticias.com.mx\\\/#\\\/schema\\\/logo\\\/image\\\/\",\"url\":\"https:\\\/\\\/arjenoticias.com.mx\\\/wp-content\\\/uploads\\\/2025\\\/07\\\/cropped-logo-scaled-1.png\",\"contentUrl\":\"https:\\\/\\\/arjenoticias.com.mx\\\/wp-content\\\/uploads\\\/2025\\\/07\\\/cropped-logo-scaled-1.png\",\"width\":2558,\"height\":558,\"caption\":\"Arj\u00e9 de M\u00e9xico Noticias\"},\"image\":{\"@id\":\"https:\\\/\\\/arjenoticias.com.mx\\\/#\\\/schema\\\/logo\\\/image\\\/\"}},{\"@type\":\"Person\",\"@id\":\"https:\\\/\\\/arjenoticias.com.mx\\\/#\\\/schema\\\/person\\\/f48bc28476b38490cbe82bd109c72b24\",\"name\":\"Ra\u00fal Monter Ortega\",\"image\":{\"@type\":\"ImageObject\",\"inLanguage\":\"es\",\"@id\":\"https:\\\/\\\/secure.gravatar.com\\\/avatar\\\/1616403283ceadc5d9a2d98c21703f217676e6be6595972f5d3d26ff78793f9d?s=96&d=mm&r=g\",\"url\":\"https:\\\/\\\/secure.gravatar.com\\\/avatar\\\/1616403283ceadc5d9a2d98c21703f217676e6be6595972f5d3d26ff78793f9d?s=96&d=mm&r=g\",\"contentUrl\":\"https:\\\/\\\/secure.gravatar.com\\\/avatar\\\/1616403283ceadc5d9a2d98c21703f217676e6be6595972f5d3d26ff78793f9d?s=96&d=mm&r=g\",\"caption\":\"Ra\u00fal Monter Ortega\"},\"url\":\"https:\\\/\\\/arjenoticias.com.mx\\\/?author=68\"}]}<\/script>\n<!-- \/ Yoast SEO plugin. -->","yoast_head_json":{"title":"Montessori es un sistema para ni\u00f1os pobres. -","description":"Montessori comenz\u00f3 a desarrollar herramientas pr\u00e1cticas basadas en el trabajo de dos m\u00e9dicos franceses: Itard y S\u00e9guin.","robots":{"index":"index","follow":"follow","max-snippet":"max-snippet:-1","max-image-preview":"max-image-preview:large","max-video-preview":"max-video-preview:-1"},"canonical":"https:\/\/arjenoticias.com.mx\/?p=4460","og_locale":"es_MX","og_type":"article","og_title":"Montessori es un sistema para ni\u00f1os pobres. -","og_description":"Montessori comenz\u00f3 a desarrollar herramientas pr\u00e1cticas basadas en el trabajo de dos m\u00e9dicos franceses: Itard y S\u00e9guin.","og_url":"https:\/\/arjenoticias.com.mx\/?p=4460","article_published_time":"2025-09-13T17:36:38+00:00","author":"Ra\u00fal Monter Ortega","twitter_card":"summary_large_image","twitter_misc":{"Escrito por":"Ra\u00fal Monter Ortega","Tiempo de lectura":"2 minutos"},"schema":{"@context":"https:\/\/schema.org","@graph":[{"@type":"Article","@id":"https:\/\/arjenoticias.com.mx\/?p=4460#article","isPartOf":{"@id":"https:\/\/arjenoticias.com.mx\/?p=4460"},"author":{"name":"Ra\u00fal Monter Ortega","@id":"https:\/\/arjenoticias.com.mx\/#\/schema\/person\/f48bc28476b38490cbe82bd109c72b24"},"headline":"Montessori es un sistema para ni\u00f1os pobres.","datePublished":"2025-09-13T17:36:38+00:00","mainEntityOfPage":{"@id":"https:\/\/arjenoticias.com.mx\/?p=4460"},"wordCount":504,"publisher":{"@id":"https:\/\/arjenoticias.com.mx\/#organization"},"image":{"@id":"https:\/\/arjenoticias.com.mx\/?p=4460#primaryimage"},"thumbnailUrl":"","articleSection":["Cultura y Entretenimiento"],"inLanguage":"es"},{"@type":"WebPage","@id":"https:\/\/arjenoticias.com.mx\/?p=4460","url":"https:\/\/arjenoticias.com.mx\/?p=4460","name":"Montessori es un sistema para ni\u00f1os pobres. -","isPartOf":{"@id":"https:\/\/arjenoticias.com.mx\/#website"},"primaryImageOfPage":{"@id":"https:\/\/arjenoticias.com.mx\/?p=4460#primaryimage"},"image":{"@id":"https:\/\/arjenoticias.com.mx\/?p=4460#primaryimage"},"thumbnailUrl":"","datePublished":"2025-09-13T17:36:38+00:00","description":"Montessori comenz\u00f3 a desarrollar herramientas pr\u00e1cticas basadas en el trabajo de dos m\u00e9dicos franceses: Itard y S\u00e9guin.","breadcrumb":{"@id":"https:\/\/arjenoticias.com.mx\/?p=4460#breadcrumb"},"inLanguage":"es","potentialAction":[{"@type":"ReadAction","target":["https:\/\/arjenoticias.com.mx\/?p=4460"]}]},{"@type":"ImageObject","inLanguage":"es","@id":"https:\/\/arjenoticias.com.mx\/?p=4460#primaryimage","url":"","contentUrl":""},{"@type":"BreadcrumbList","@id":"https:\/\/arjenoticias.com.mx\/?p=4460#breadcrumb","itemListElement":[{"@type":"ListItem","position":1,"name":"Inicio","item":"https:\/\/arjenoticias.com.mx\/"},{"@type":"ListItem","position":2,"name":"Montessori es un sistema para ni\u00f1os pobres."}]},{"@type":"WebSite","@id":"https:\/\/arjenoticias.com.mx\/#website","url":"https:\/\/arjenoticias.com.mx\/","name":"arjenoticias.com.mx","description":"","publisher":{"@id":"https:\/\/arjenoticias.com.mx\/#organization"},"potentialAction":[{"@type":"SearchAction","target":{"@type":"EntryPoint","urlTemplate":"https:\/\/arjenoticias.com.mx\/?s={search_term_string}"},"query-input":{"@type":"PropertyValueSpecification","valueRequired":true,"valueName":"search_term_string"}}],"inLanguage":"es"},{"@type":"Organization","@id":"https:\/\/arjenoticias.com.mx\/#organization","name":"Arj\u00e9 de M\u00e9xico Noticias","url":"https:\/\/arjenoticias.com.mx\/","logo":{"@type":"ImageObject","inLanguage":"es","@id":"https:\/\/arjenoticias.com.mx\/#\/schema\/logo\/image\/","url":"https:\/\/arjenoticias.com.mx\/wp-content\/uploads\/2025\/07\/cropped-logo-scaled-1.png","contentUrl":"https:\/\/arjenoticias.com.mx\/wp-content\/uploads\/2025\/07\/cropped-logo-scaled-1.png","width":2558,"height":558,"caption":"Arj\u00e9 de M\u00e9xico Noticias"},"image":{"@id":"https:\/\/arjenoticias.com.mx\/#\/schema\/logo\/image\/"}},{"@type":"Person","@id":"https:\/\/arjenoticias.com.mx\/#\/schema\/person\/f48bc28476b38490cbe82bd109c72b24","name":"Ra\u00fal Monter Ortega","image":{"@type":"ImageObject","inLanguage":"es","@id":"https:\/\/secure.gravatar.com\/avatar\/1616403283ceadc5d9a2d98c21703f217676e6be6595972f5d3d26ff78793f9d?s=96&d=mm&r=g","url":"https:\/\/secure.gravatar.com\/avatar\/1616403283ceadc5d9a2d98c21703f217676e6be6595972f5d3d26ff78793f9d?s=96&d=mm&r=g","contentUrl":"https:\/\/secure.gravatar.com\/avatar\/1616403283ceadc5d9a2d98c21703f217676e6be6595972f5d3d26ff78793f9d?s=96&d=mm&r=g","caption":"Ra\u00fal Monter Ortega"},"url":"https:\/\/arjenoticias.com.mx\/?author=68"}]}},"_links":{"self":[{"href":"https:\/\/arjenoticias.com.mx\/index.php?rest_route=\/wp\/v2\/posts\/4460","targetHints":{"allow":["GET"]}}],"collection":[{"href":"https:\/\/arjenoticias.com.mx\/index.php?rest_route=\/wp\/v2\/posts"}],"about":[{"href":"https:\/\/arjenoticias.com.mx\/index.php?rest_route=\/wp\/v2\/types\/post"}],"author":[{"embeddable":true,"href":"https:\/\/arjenoticias.com.mx\/index.php?rest_route=\/wp\/v2\/users\/68"}],"replies":[{"embeddable":true,"href":"https:\/\/arjenoticias.com.mx\/index.php?rest_route=%2Fwp%2Fv2%2Fcomments&post=4460"}],"version-history":[{"count":0,"href":"https:\/\/arjenoticias.com.mx\/index.php?rest_route=\/wp\/v2\/posts\/4460\/revisions"}],"wp:attachment":[{"href":"https:\/\/arjenoticias.com.mx\/index.php?rest_route=%2Fwp%2Fv2%2Fmedia&parent=4460"}],"wp:term":[{"taxonomy":"category","embeddable":true,"href":"https:\/\/arjenoticias.com.mx\/index.php?rest_route=%2Fwp%2Fv2%2Fcategories&post=4460"},{"taxonomy":"post_tag","embeddable":true,"href":"https:\/\/arjenoticias.com.mx\/index.php?rest_route=%2Fwp%2Fv2%2Ftags&post=4460"}],"curies":[{"name":"wp","href":"https:\/\/api.w.org\/{rel}","templated":true}]}}