{"id":4421,"date":"2025-09-12T23:26:20","date_gmt":"2025-09-13T05:26:20","guid":{"rendered":"https:\/\/arjenoticias.com\/?p=4421"},"modified":"2025-09-12T23:26:20","modified_gmt":"2025-09-13T05:26:20","slug":"detienen-en-paraguay-a-hernan-bermudez-requena-presunto-lider-de-la-barredora","status":"publish","type":"post","link":"https:\/\/arjenoticias.com.mx\/?p=4421","title":{"rendered":"Detienen en Paraguay a presunto l\u00edder de \u201cLa Barredora\u201d"},"content":{"rendered":"\n<p class=\"wp-block-paragraph\">Hern\u00e1n Berm\u00fadez Requena, alias \u201cRequena\u201d o \u201cEl Abuelo\u201d, exsecretario de Seguridad P\u00fablica de Tabasco, fue detenido esta noche en Paraguay. Se le acusa de liderar la organizaci\u00f3n criminal conocida como <em>La Barredora<\/em>, brazo operativo del C\u00e1rtel Jalisco Nueva Generaci\u00f3n (CJNG). <\/p>\n\n\n\n<h3 class=\"wp-block-heading\">Detalles de la captura<\/h3>\n\n\n\n<ul class=\"wp-block-list\">\n<li>Seg\u00fan el secretario de Seguridad y Protecci\u00f3n Ciudadana, Omar Garc\u00eda Harfuch, la operaci\u00f3n fue posible gracias al trabajo coordinado entre el gobierno de M\u00e9xico y el de Paraguay, bajo el mando del Centro Nacional de Inteligencia (CNI), la Unidad de Inteligencia Financiera (UIF) y otras instancias de seguridad nacionales<a href=\"https:\/\/www.eleconomista.com.mx\/politica\/detienen-paraguay-hernan-bermudez-exfuncionario-tabasco-lider-criminal-barredora-20250912-777054.html?utm_source=chatgpt.com\" target=\"_blank\" rel=\"noreferrer noopener\">.<\/a><\/li>\n\n\n\n<li>Berm\u00fadez ten\u00eda una orden de aprehensi\u00f3n desde febrero de 2025, por los delitos de asociaci\u00f3n delictuosa, extorsi\u00f3n y secuestro expr\u00e9s, en Tabasco. <\/li>\n\n\n\n<li>Tambi\u00e9n contaba con una ficha roja de Interpol, emitida el 17 de julio de 2025. <\/li>\n<\/ul>\n\n\n\n<h3 class=\"wp-block-heading\">Perfil del detenido y acusaciones<\/h3>\n\n\n\n<ul class=\"wp-block-list\">\n<li>Hern\u00e1n Berm\u00fadez ocup\u00f3 el cargo de secretario de Seguridad de Tabasco desde diciembre de 2019, durante los gobiernos de Ad\u00e1n Augusto L\u00f3pez Hern\u00e1ndez y Carlos Merino Campos.<\/li>\n\n\n\n<li>Se le acusa de usar su posici\u00f3n para favorecer las operaciones de <em>La Barredora<\/em>, incluidas actividades como extorsi\u00f3n y huachicoleo, entre otras.<\/li>\n<\/ul>\n\n\n\n<h3 class=\"wp-block-heading\">Contexto<\/h3>\n\n\n\n<ul class=\"wp-block-list\">\n<li>Berm\u00fadez huy\u00f3 del pa\u00eds cuando fue emitida la orden en su contra. La investigaci\u00f3n se\u00f1ala que pas\u00f3 por varios pa\u00edses antes de ser ubicado en Paraguay.<\/li>\n\n\n\n<li>El gobierno de M\u00e9xico enfatiza que esta detenci\u00f3n es parte de una estrategia de \u201ccero tolerancia a la corrupci\u00f3n\u201d ordenada por la presidencia, y que la operaci\u00f3n cumple con los protocolos legales nacionales e internacionales.<\/li>\n<\/ul>\n\n\n\n<figure class=\"wp-block-embed is-type-rich is-provider-twitter wp-block-embed-twitter\"><div class=\"wp-block-embed__wrapper\">\n<blockquote class=\"twitter-tweet\" data-width=\"550\" data-dnt=\"true\"><p lang=\"es\" dir=\"ltr\">Por instrucciones de la Presidenta, <a href=\"https:\/\/twitter.com\/Claudiashein?ref_src=twsrc%5Etfw\">@Claudiashein<\/a>  de Cero Tolerancia a la Corrupci\u00f3n, se llev\u00f3 a cabo una operaci\u00f3n conjunta encabezada por el Centro Nacional de Inteligencia CNI,  <a href=\"https:\/\/twitter.com\/Defensamx1?ref_src=twsrc%5Etfw\">@Defensamx1<\/a>, <a href=\"https:\/\/twitter.com\/SEMAR_mx?ref_src=twsrc%5Etfw\">@SEMAR_mx<\/a>, <a href=\"https:\/\/twitter.com\/FGRMexico?ref_src=twsrc%5Etfw\">@FGRMexico<\/a>, <a href=\"https:\/\/twitter.com\/GN_MEXICO_?ref_src=twsrc%5Etfw\">@GN_MEXICO_<\/a>, <a href=\"https:\/\/twitter.com\/SSPCMexico?ref_src=twsrc%5Etfw\">@SSPCMexico<\/a>, en la que se realiz\u00f3 la detenci\u00f3n de\u2026 <a href=\"https:\/\/t.co\/2ULLcRGjDX\">pic.twitter.com\/2ULLcRGjDX<\/a><\/p>&mdash; Omar H Garcia Harfuch (@OHarfuch) <a href=\"https:\/\/twitter.com\/OHarfuch\/status\/1966704706429792400?ref_src=twsrc%5Etfw\">September 13, 2025<\/a><\/blockquote><script async src=\"https:\/\/platform.twitter.com\/widgets.js\" charset=\"utf-8\"><\/script>\n<\/div><\/figure>\n\n\n\n<p class=\"wp-block-paragraph\"><\/p>\n","protected":false},"excerpt":{"rendered":"<p>Hern\u00e1n Berm\u00fadez Requena, alias \u201cRequena\u201d o \u201cEl Abuelo\u201d, exsecretario de Seguridad P\u00fablica de Tabasco, fue&#8230;<\/p>\n","protected":false},"author":69,"featured_media":4422,"comment_status":"closed","ping_status":"closed","sticky":false,"template":"","format":"standard","meta":{"footnotes":""},"categories":[8],"tags":[634,635],"class_list":["post-4421","post","type-post","status-publish","format-standard","has-post-thumbnail","hentry","category-los-poetas","tag-detienen-a-hernan-bermudez","tag-detienen-a-lider-de-la-barredora"],"yoast_head":"<!-- This site is optimized with the Yoast SEO plugin v28.4 - https:\/\/yoast.com\/product\/yoast-seo-wordpress\/ -->\n<title>Detienen en Paraguay a presunto l\u00edder de \u201cLa Barredora\u201d -<\/title>\n<meta name=\"description\" content=\"Hern\u00e1n Berm\u00fadez Requena, alias \u201cRequena\u201d o \u201cEl Abuelo\u201d, exsecretario de Seguridad P\u00fablica de Tabasco, fue detenido esta noche en Paraguay.\" \/>\n<meta name=\"robots\" content=\"index, follow, max-snippet:-1, max-image-preview:large, max-video-preview:-1\" \/>\n<link rel=\"canonical\" href=\"https:\/\/arjenoticias.com.mx\/?p=4421\" \/>\n<meta property=\"og:locale\" content=\"es_MX\" \/>\n<meta property=\"og:type\" content=\"article\" \/>\n<meta property=\"og:title\" content=\"Detienen en Paraguay a presunto l\u00edder de \u201cLa Barredora\u201d -\" \/>\n<meta property=\"og:description\" content=\"Hern\u00e1n Berm\u00fadez Requena, alias \u201cRequena\u201d o \u201cEl Abuelo\u201d, exsecretario de Seguridad P\u00fablica de Tabasco, fue detenido esta noche en Paraguay.\" \/>\n<meta property=\"og:url\" content=\"https:\/\/arjenoticias.com.mx\/?p=4421\" \/>\n<meta property=\"article:published_time\" content=\"2025-09-13T05:26:20+00:00\" \/>\n<meta name=\"author\" content=\"Roberta Cannizzaro Sep\u00falveda\" \/>\n<meta name=\"twitter:card\" content=\"summary_large_image\" \/>\n<meta name=\"twitter:label1\" content=\"Escrito por\" \/>\n\t<meta name=\"twitter:data1\" content=\"Roberta Cannizzaro Sep\u00falveda\" \/>\n\t<meta name=\"twitter:label2\" content=\"Tiempo de lectura\" \/>\n\t<meta name=\"twitter:data2\" content=\"2 minutos\" \/>\n<script type=\"application\/ld+json\" class=\"yoast-schema-graph\">{\"@context\":\"https:\\\/\\\/schema.org\",\"@graph\":[{\"@type\":\"Article\",\"@id\":\"https:\\\/\\\/arjenoticias.com.mx\\\/?p=4421#article\",\"isPartOf\":{\"@id\":\"https:\\\/\\\/arjenoticias.com.mx\\\/?p=4421\"},\"author\":{\"name\":\"Roberta Cannizzaro Sep\u00falveda\",\"@id\":\"https:\\\/\\\/arjenoticias.com.mx\\\/#\\\/schema\\\/person\\\/9026ab26887c6d28ffddcf3996086adb\"},\"headline\":\"Detienen en Paraguay a presunto l\u00edder de \u201cLa Barredora\u201d\",\"datePublished\":\"2025-09-13T05:26:20+00:00\",\"mainEntityOfPage\":{\"@id\":\"https:\\\/\\\/arjenoticias.com.mx\\\/?p=4421\"},\"wordCount\":291,\"publisher\":{\"@id\":\"https:\\\/\\\/arjenoticias.com.mx\\\/#organization\"},\"image\":{\"@id\":\"https:\\\/\\\/arjenoticias.com.mx\\\/?p=4421#primaryimage\"},\"thumbnailUrl\":\"\",\"keywords\":[\"Detienen a Hern\u00e1n Berm\u00fadez\",\"Detienen a l\u00edder de la Barredora\"],\"articleSection\":[\"Los poetas\"],\"inLanguage\":\"es\"},{\"@type\":\"WebPage\",\"@id\":\"https:\\\/\\\/arjenoticias.com.mx\\\/?p=4421\",\"url\":\"https:\\\/\\\/arjenoticias.com.mx\\\/?p=4421\",\"name\":\"Detienen en Paraguay a presunto l\u00edder de \u201cLa Barredora\u201d -\",\"isPartOf\":{\"@id\":\"https:\\\/\\\/arjenoticias.com.mx\\\/#website\"},\"primaryImageOfPage\":{\"@id\":\"https:\\\/\\\/arjenoticias.com.mx\\\/?p=4421#primaryimage\"},\"image\":{\"@id\":\"https:\\\/\\\/arjenoticias.com.mx\\\/?p=4421#primaryimage\"},\"thumbnailUrl\":\"\",\"datePublished\":\"2025-09-13T05:26:20+00:00\",\"description\":\"Hern\u00e1n Berm\u00fadez Requena, alias \u201cRequena\u201d o \u201cEl Abuelo\u201d, exsecretario de Seguridad P\u00fablica de Tabasco, fue detenido esta noche en Paraguay.\",\"breadcrumb\":{\"@id\":\"https:\\\/\\\/arjenoticias.com.mx\\\/?p=4421#breadcrumb\"},\"inLanguage\":\"es\",\"potentialAction\":[{\"@type\":\"ReadAction\",\"target\":[\"https:\\\/\\\/arjenoticias.com.mx\\\/?p=4421\"]}]},{\"@type\":\"ImageObject\",\"inLanguage\":\"es\",\"@id\":\"https:\\\/\\\/arjenoticias.com.mx\\\/?p=4421#primaryimage\",\"url\":\"\",\"contentUrl\":\"\"},{\"@type\":\"BreadcrumbList\",\"@id\":\"https:\\\/\\\/arjenoticias.com.mx\\\/?p=4421#breadcrumb\",\"itemListElement\":[{\"@type\":\"ListItem\",\"position\":1,\"name\":\"Inicio\",\"item\":\"https:\\\/\\\/arjenoticias.com.mx\\\/\"},{\"@type\":\"ListItem\",\"position\":2,\"name\":\"Detienen en Paraguay a presunto l\u00edder de \u201cLa Barredora\u201d\"}]},{\"@type\":\"WebSite\",\"@id\":\"https:\\\/\\\/arjenoticias.com.mx\\\/#website\",\"url\":\"https:\\\/\\\/arjenoticias.com.mx\\\/\",\"name\":\"arjenoticias.com.mx\",\"description\":\"\",\"publisher\":{\"@id\":\"https:\\\/\\\/arjenoticias.com.mx\\\/#organization\"},\"potentialAction\":[{\"@type\":\"SearchAction\",\"target\":{\"@type\":\"EntryPoint\",\"urlTemplate\":\"https:\\\/\\\/arjenoticias.com.mx\\\/?s={search_term_string}\"},\"query-input\":{\"@type\":\"PropertyValueSpecification\",\"valueRequired\":true,\"valueName\":\"search_term_string\"}}],\"inLanguage\":\"es\"},{\"@type\":\"Organization\",\"@id\":\"https:\\\/\\\/arjenoticias.com.mx\\\/#organization\",\"name\":\"Arj\u00e9 de M\u00e9xico Noticias\",\"url\":\"https:\\\/\\\/arjenoticias.com.mx\\\/\",\"logo\":{\"@type\":\"ImageObject\",\"inLanguage\":\"es\",\"@id\":\"https:\\\/\\\/arjenoticias.com.mx\\\/#\\\/schema\\\/logo\\\/image\\\/\",\"url\":\"https:\\\/\\\/arjenoticias.com.mx\\\/wp-content\\\/uploads\\\/2025\\\/07\\\/cropped-logo-scaled-1.png\",\"contentUrl\":\"https:\\\/\\\/arjenoticias.com.mx\\\/wp-content\\\/uploads\\\/2025\\\/07\\\/cropped-logo-scaled-1.png\",\"width\":2558,\"height\":558,\"caption\":\"Arj\u00e9 de M\u00e9xico Noticias\"},\"image\":{\"@id\":\"https:\\\/\\\/arjenoticias.com.mx\\\/#\\\/schema\\\/logo\\\/image\\\/\"}},{\"@type\":\"Person\",\"@id\":\"https:\\\/\\\/arjenoticias.com.mx\\\/#\\\/schema\\\/person\\\/9026ab26887c6d28ffddcf3996086adb\",\"name\":\"Roberta Cannizzaro Sep\u00falveda\",\"image\":{\"@type\":\"ImageObject\",\"inLanguage\":\"es\",\"@id\":\"https:\\\/\\\/secure.gravatar.com\\\/avatar\\\/8eb0527ba75bbb8412e1eaf04c852c82b3fdf6614b9405aedd23180e2275ae53?s=96&d=mm&r=g\",\"url\":\"https:\\\/\\\/secure.gravatar.com\\\/avatar\\\/8eb0527ba75bbb8412e1eaf04c852c82b3fdf6614b9405aedd23180e2275ae53?s=96&d=mm&r=g\",\"contentUrl\":\"https:\\\/\\\/secure.gravatar.com\\\/avatar\\\/8eb0527ba75bbb8412e1eaf04c852c82b3fdf6614b9405aedd23180e2275ae53?s=96&d=mm&r=g\",\"caption\":\"Roberta Cannizzaro Sep\u00falveda\"},\"url\":\"https:\\\/\\\/arjenoticias.com.mx\\\/?author=69\"}]}<\/script>\n<!-- \/ Yoast SEO plugin. -->","yoast_head_json":{"title":"Detienen en Paraguay a presunto l\u00edder de \u201cLa Barredora\u201d -","description":"Hern\u00e1n Berm\u00fadez Requena, alias \u201cRequena\u201d o \u201cEl Abuelo\u201d, exsecretario de Seguridad P\u00fablica de Tabasco, fue detenido esta noche en Paraguay.","robots":{"index":"index","follow":"follow","max-snippet":"max-snippet:-1","max-image-preview":"max-image-preview:large","max-video-preview":"max-video-preview:-1"},"canonical":"https:\/\/arjenoticias.com.mx\/?p=4421","og_locale":"es_MX","og_type":"article","og_title":"Detienen en Paraguay a presunto l\u00edder de \u201cLa Barredora\u201d -","og_description":"Hern\u00e1n Berm\u00fadez Requena, alias \u201cRequena\u201d o \u201cEl Abuelo\u201d, exsecretario de Seguridad P\u00fablica de Tabasco, fue detenido esta noche en Paraguay.","og_url":"https:\/\/arjenoticias.com.mx\/?p=4421","article_published_time":"2025-09-13T05:26:20+00:00","author":"Roberta Cannizzaro Sep\u00falveda","twitter_card":"summary_large_image","twitter_misc":{"Escrito por":"Roberta Cannizzaro Sep\u00falveda","Tiempo de lectura":"2 minutos"},"schema":{"@context":"https:\/\/schema.org","@graph":[{"@type":"Article","@id":"https:\/\/arjenoticias.com.mx\/?p=4421#article","isPartOf":{"@id":"https:\/\/arjenoticias.com.mx\/?p=4421"},"author":{"name":"Roberta Cannizzaro Sep\u00falveda","@id":"https:\/\/arjenoticias.com.mx\/#\/schema\/person\/9026ab26887c6d28ffddcf3996086adb"},"headline":"Detienen en Paraguay a presunto l\u00edder de \u201cLa Barredora\u201d","datePublished":"2025-09-13T05:26:20+00:00","mainEntityOfPage":{"@id":"https:\/\/arjenoticias.com.mx\/?p=4421"},"wordCount":291,"publisher":{"@id":"https:\/\/arjenoticias.com.mx\/#organization"},"image":{"@id":"https:\/\/arjenoticias.com.mx\/?p=4421#primaryimage"},"thumbnailUrl":"","keywords":["Detienen a Hern\u00e1n Berm\u00fadez","Detienen a l\u00edder de la Barredora"],"articleSection":["Los poetas"],"inLanguage":"es"},{"@type":"WebPage","@id":"https:\/\/arjenoticias.com.mx\/?p=4421","url":"https:\/\/arjenoticias.com.mx\/?p=4421","name":"Detienen en Paraguay a presunto l\u00edder de \u201cLa Barredora\u201d -","isPartOf":{"@id":"https:\/\/arjenoticias.com.mx\/#website"},"primaryImageOfPage":{"@id":"https:\/\/arjenoticias.com.mx\/?p=4421#primaryimage"},"image":{"@id":"https:\/\/arjenoticias.com.mx\/?p=4421#primaryimage"},"thumbnailUrl":"","datePublished":"2025-09-13T05:26:20+00:00","description":"Hern\u00e1n Berm\u00fadez Requena, alias \u201cRequena\u201d o \u201cEl Abuelo\u201d, exsecretario de Seguridad P\u00fablica de Tabasco, fue detenido esta noche en Paraguay.","breadcrumb":{"@id":"https:\/\/arjenoticias.com.mx\/?p=4421#breadcrumb"},"inLanguage":"es","potentialAction":[{"@type":"ReadAction","target":["https:\/\/arjenoticias.com.mx\/?p=4421"]}]},{"@type":"ImageObject","inLanguage":"es","@id":"https:\/\/arjenoticias.com.mx\/?p=4421#primaryimage","url":"","contentUrl":""},{"@type":"BreadcrumbList","@id":"https:\/\/arjenoticias.com.mx\/?p=4421#breadcrumb","itemListElement":[{"@type":"ListItem","position":1,"name":"Inicio","item":"https:\/\/arjenoticias.com.mx\/"},{"@type":"ListItem","position":2,"name":"Detienen en Paraguay a presunto l\u00edder de \u201cLa Barredora\u201d"}]},{"@type":"WebSite","@id":"https:\/\/arjenoticias.com.mx\/#website","url":"https:\/\/arjenoticias.com.mx\/","name":"arjenoticias.com.mx","description":"","publisher":{"@id":"https:\/\/arjenoticias.com.mx\/#organization"},"potentialAction":[{"@type":"SearchAction","target":{"@type":"EntryPoint","urlTemplate":"https:\/\/arjenoticias.com.mx\/?s={search_term_string}"},"query-input":{"@type":"PropertyValueSpecification","valueRequired":true,"valueName":"search_term_string"}}],"inLanguage":"es"},{"@type":"Organization","@id":"https:\/\/arjenoticias.com.mx\/#organization","name":"Arj\u00e9 de M\u00e9xico Noticias","url":"https:\/\/arjenoticias.com.mx\/","logo":{"@type":"ImageObject","inLanguage":"es","@id":"https:\/\/arjenoticias.com.mx\/#\/schema\/logo\/image\/","url":"https:\/\/arjenoticias.com.mx\/wp-content\/uploads\/2025\/07\/cropped-logo-scaled-1.png","contentUrl":"https:\/\/arjenoticias.com.mx\/wp-content\/uploads\/2025\/07\/cropped-logo-scaled-1.png","width":2558,"height":558,"caption":"Arj\u00e9 de M\u00e9xico Noticias"},"image":{"@id":"https:\/\/arjenoticias.com.mx\/#\/schema\/logo\/image\/"}},{"@type":"Person","@id":"https:\/\/arjenoticias.com.mx\/#\/schema\/person\/9026ab26887c6d28ffddcf3996086adb","name":"Roberta Cannizzaro Sep\u00falveda","image":{"@type":"ImageObject","inLanguage":"es","@id":"https:\/\/secure.gravatar.com\/avatar\/8eb0527ba75bbb8412e1eaf04c852c82b3fdf6614b9405aedd23180e2275ae53?s=96&d=mm&r=g","url":"https:\/\/secure.gravatar.com\/avatar\/8eb0527ba75bbb8412e1eaf04c852c82b3fdf6614b9405aedd23180e2275ae53?s=96&d=mm&r=g","contentUrl":"https:\/\/secure.gravatar.com\/avatar\/8eb0527ba75bbb8412e1eaf04c852c82b3fdf6614b9405aedd23180e2275ae53?s=96&d=mm&r=g","caption":"Roberta Cannizzaro Sep\u00falveda"},"url":"https:\/\/arjenoticias.com.mx\/?author=69"}]}},"_links":{"self":[{"href":"https:\/\/arjenoticias.com.mx\/index.php?rest_route=\/wp\/v2\/posts\/4421","targetHints":{"allow":["GET"]}}],"collection":[{"href":"https:\/\/arjenoticias.com.mx\/index.php?rest_route=\/wp\/v2\/posts"}],"about":[{"href":"https:\/\/arjenoticias.com.mx\/index.php?rest_route=\/wp\/v2\/types\/post"}],"author":[{"embeddable":true,"href":"https:\/\/arjenoticias.com.mx\/index.php?rest_route=\/wp\/v2\/users\/69"}],"replies":[{"embeddable":true,"href":"https:\/\/arjenoticias.com.mx\/index.php?rest_route=%2Fwp%2Fv2%2Fcomments&post=4421"}],"version-history":[{"count":0,"href":"https:\/\/arjenoticias.com.mx\/index.php?rest_route=\/wp\/v2\/posts\/4421\/revisions"}],"wp:attachment":[{"href":"https:\/\/arjenoticias.com.mx\/index.php?rest_route=%2Fwp%2Fv2%2Fmedia&parent=4421"}],"wp:term":[{"taxonomy":"category","embeddable":true,"href":"https:\/\/arjenoticias.com.mx\/index.php?rest_route=%2Fwp%2Fv2%2Fcategories&post=4421"},{"taxonomy":"post_tag","embeddable":true,"href":"https:\/\/arjenoticias.com.mx\/index.php?rest_route=%2Fwp%2Fv2%2Ftags&post=4421"}],"curies":[{"name":"wp","href":"https:\/\/api.w.org\/{rel}","templated":true}]}}