{"id":4379,"date":"2025-09-12T15:23:35","date_gmt":"2025-09-12T21:23:35","guid":{"rendered":"https:\/\/arjenoticias.com\/?p=4379"},"modified":"2025-09-13T22:53:00","modified_gmt":"2025-09-14T04:53:00","slug":"gretel-lo-hizo-de-nuevo","status":"publish","type":"post","link":"https:\/\/arjenoticias.com.mx\/cultura\/gretel-lo-hizo-de-nuevo\/","title":{"rendered":"Gretel lo hizo de nuevo"},"content":{"rendered":"\n<pre class=\"wp-block-preformatted\">Gretel tuvo un mal matrimonio. En ocasiones, hasta pens\u00f3 en que habr\u00eda sido mejor que se la hubiera comido la bruja. Junto al lecho de muerte de su marido, abri\u00f3 una peque\u00f1a caja llena de trocitos de pan. \u00c9l la gru\u00f1\u00f3 por \u00faltima vez: \u00bfQu\u00e9 maldita obsesi\u00f3n es esa que tienes con las migajas de pan, mujer? Ella le respondi\u00f3 con toda calma, como si saboreara una venganza, que hab\u00eda guardado un trocito por cada momento de su vida en que sinti\u00f3 que se deten\u00eda el tiempo y experiment\u00f3 la plenitud (eran muy pocos). Fue tom\u00e1ndolos uno a uno, palp\u00e1ndolos, dejando que la devolvieran al momento preservado. Su marido expir\u00f3 antes de ver que Gretel, la vieja Gretel, hab\u00eda vuelto a ser una mujer joven, lozana y atractiva. Cuando ella comi\u00f3 la \u00faltima migaja, sinti\u00f3 una vez m\u00e1s la intensidad del momento en el que junto con su hermano escap\u00f3 de la bruja y, entonces, se levant\u00f3, abandon\u00f3 la habitaci\u00f3n y emergi\u00f3 al mundo; la vida la recib\u00eda con una pensi\u00f3n de fuerza y felicidad.<\/pre>\n\n\n\n<p class=\"wp-block-paragraph\"><\/p>\n","protected":false},"excerpt":{"rendered":"<p>Gretel tuvo un mal matrimonio. En ocasiones, hasta pens\u00f3 en que habr\u00eda sido mejor que&#8230;<\/p>\n","protected":false},"author":48,"featured_media":4384,"comment_status":"closed","ping_status":"closed","sticky":false,"template":"","format":"standard","meta":{"footnotes":""},"categories":[1],"tags":[425,426],"class_list":["post-4379","post","type-post","status-publish","format-standard","has-post-thumbnail","hentry","category-cultura","tag-jaime-palacios","tag-microrrelatos"],"yoast_head":"<!-- This site is optimized with the Yoast SEO plugin v28.4 - https:\/\/yoast.com\/product\/yoast-seo-wordpress\/ -->\n<title>Gretel lo hizo de nuevo -<\/title>\n<meta name=\"description\" content=\"No te pierdas los &quot;Microrrelatos de Jaime Palacios&quot; a trav\u00e9s de Arj\u00e9 Cultura. Hoy nos presenta: &quot;Gretel lo hizo de nuevo&quot;.\" \/>\n<meta name=\"robots\" content=\"index, follow, max-snippet:-1, max-image-preview:large, max-video-preview:-1\" \/>\n<link rel=\"canonical\" href=\"https:\/\/arjenoticias.com.mx\/cultura\/gretel-lo-hizo-de-nuevo\/\" \/>\n<meta property=\"og:locale\" content=\"es_ES\" \/>\n<meta property=\"og:type\" content=\"article\" \/>\n<meta property=\"og:title\" content=\"Gretel lo hizo de nuevo -\" \/>\n<meta property=\"og:description\" content=\"No te pierdas los &quot;Microrrelatos de Jaime Palacios&quot; a trav\u00e9s de Arj\u00e9 Cultura. Hoy nos presenta: &quot;Gretel lo hizo de nuevo&quot;.\" \/>\n<meta property=\"og:url\" content=\"https:\/\/arjenoticias.com.mx\/cultura\/gretel-lo-hizo-de-nuevo\/\" \/>\n<meta property=\"article:publisher\" content=\"https:\/\/www.facebook.com\/ArjeNoticiasMX\" \/>\n<meta property=\"article:published_time\" content=\"2025-09-12T21:23:35+00:00\" \/>\n<meta property=\"article:modified_time\" content=\"2025-09-14T04:53:00+00:00\" \/>\n<meta property=\"og:image\" content=\"https:\/\/arjenoticias.com.mx\/wp-content\/uploads\/2025\/09\/Copilot_20250912_152955-1024x683.png\" \/>\n\t<meta property=\"og:image:width\" content=\"1024\" \/>\n\t<meta property=\"og:image:height\" content=\"683\" \/>\n\t<meta property=\"og:image:type\" content=\"image\/png\" \/>\n<meta name=\"author\" content=\"Jaime Palacios\" \/>\n<meta name=\"twitter:card\" content=\"summary_large_image\" \/>\n<meta name=\"twitter:creator\" content=\"@ArjeNoticias\" \/>\n<meta name=\"twitter:site\" content=\"@ArjeNoticias\" \/>\n<meta name=\"twitter:label1\" content=\"Escrito por\" \/>\n\t<meta name=\"twitter:data1\" content=\"Jaime Palacios\" \/>\n\t<meta name=\"twitter:label2\" content=\"Tiempo de lectura\" \/>\n\t<meta name=\"twitter:data2\" content=\"1 minuto\" \/>\n<script type=\"application\/ld+json\" class=\"yoast-schema-graph\">{\"@context\":\"https:\\\/\\\/schema.org\",\"@graph\":[{\"@type\":\"Article\",\"@id\":\"https:\\\/\\\/arjenoticias.com.mx\\\/cultura\\\/gretel-lo-hizo-de-nuevo\\\/#article\",\"isPartOf\":{\"@id\":\"https:\\\/\\\/arjenoticias.com.mx\\\/cultura\\\/gretel-lo-hizo-de-nuevo\\\/\"},\"author\":{\"name\":\"Jaime Palacios\",\"@id\":\"https:\\\/\\\/arjenoticias.com.mx\\\/#\\\/schema\\\/person\\\/4dd5de25a2f9e8d13186f00167c82472\"},\"headline\":\"Gretel lo hizo de nuevo\",\"datePublished\":\"2025-09-12T21:23:35+00:00\",\"dateModified\":\"2025-09-14T04:53:00+00:00\",\"mainEntityOfPage\":{\"@id\":\"https:\\\/\\\/arjenoticias.com.mx\\\/cultura\\\/gretel-lo-hizo-de-nuevo\\\/\"},\"wordCount\":5,\"publisher\":{\"@id\":\"https:\\\/\\\/arjenoticias.com.mx\\\/#organization\"},\"image\":{\"@id\":\"https:\\\/\\\/arjenoticias.com.mx\\\/cultura\\\/gretel-lo-hizo-de-nuevo\\\/#primaryimage\"},\"thumbnailUrl\":\"https:\\\/\\\/arjenoticias.com.mx\\\/wp-content\\\/uploads\\\/2025\\\/09\\\/Copilot_20250912_152955.png\",\"keywords\":[\"Jaime Palacios\",\"Microrrelatos\"],\"articleSection\":[\"Cultura y Entretenimiento\"],\"inLanguage\":\"es\"},{\"@type\":\"WebPage\",\"@id\":\"https:\\\/\\\/arjenoticias.com.mx\\\/cultura\\\/gretel-lo-hizo-de-nuevo\\\/\",\"url\":\"https:\\\/\\\/arjenoticias.com.mx\\\/cultura\\\/gretel-lo-hizo-de-nuevo\\\/\",\"name\":\"Gretel lo hizo de nuevo -\",\"isPartOf\":{\"@id\":\"https:\\\/\\\/arjenoticias.com.mx\\\/#website\"},\"primaryImageOfPage\":{\"@id\":\"https:\\\/\\\/arjenoticias.com.mx\\\/cultura\\\/gretel-lo-hizo-de-nuevo\\\/#primaryimage\"},\"image\":{\"@id\":\"https:\\\/\\\/arjenoticias.com.mx\\\/cultura\\\/gretel-lo-hizo-de-nuevo\\\/#primaryimage\"},\"thumbnailUrl\":\"https:\\\/\\\/arjenoticias.com.mx\\\/wp-content\\\/uploads\\\/2025\\\/09\\\/Copilot_20250912_152955.png\",\"datePublished\":\"2025-09-12T21:23:35+00:00\",\"dateModified\":\"2025-09-14T04:53:00+00:00\",\"description\":\"No te pierdas los \\\"Microrrelatos de Jaime Palacios\\\" a trav\u00e9s de Arj\u00e9 Cultura. Hoy nos presenta: \\\"Gretel lo hizo de nuevo\\\".\",\"breadcrumb\":{\"@id\":\"https:\\\/\\\/arjenoticias.com.mx\\\/cultura\\\/gretel-lo-hizo-de-nuevo\\\/#breadcrumb\"},\"inLanguage\":\"es\",\"potentialAction\":[{\"@type\":\"ReadAction\",\"target\":[\"https:\\\/\\\/arjenoticias.com.mx\\\/cultura\\\/gretel-lo-hizo-de-nuevo\\\/\"]}]},{\"@type\":\"ImageObject\",\"inLanguage\":\"es\",\"@id\":\"https:\\\/\\\/arjenoticias.com.mx\\\/cultura\\\/gretel-lo-hizo-de-nuevo\\\/#primaryimage\",\"url\":\"https:\\\/\\\/arjenoticias.com.mx\\\/wp-content\\\/uploads\\\/2025\\\/09\\\/Copilot_20250912_152955.png\",\"contentUrl\":\"https:\\\/\\\/arjenoticias.com.mx\\\/wp-content\\\/uploads\\\/2025\\\/09\\\/Copilot_20250912_152955.png\",\"width\":1536,\"height\":1024},{\"@type\":\"BreadcrumbList\",\"@id\":\"https:\\\/\\\/arjenoticias.com.mx\\\/cultura\\\/gretel-lo-hizo-de-nuevo\\\/#breadcrumb\",\"itemListElement\":[{\"@type\":\"ListItem\",\"position\":1,\"name\":\"Portada\",\"item\":\"https:\\\/\\\/arjenoticias.com.mx\\\/\"},{\"@type\":\"ListItem\",\"position\":2,\"name\":\"Gretel lo hizo de nuevo\"}]},{\"@type\":\"WebSite\",\"@id\":\"https:\\\/\\\/arjenoticias.com.mx\\\/#website\",\"url\":\"https:\\\/\\\/arjenoticias.com.mx\\\/\",\"name\":\"Arj\u00e9 M\u00e9xico\",\"description\":\"\",\"publisher\":{\"@id\":\"https:\\\/\\\/arjenoticias.com.mx\\\/#organization\"},\"potentialAction\":[{\"@type\":\"SearchAction\",\"target\":{\"@type\":\"EntryPoint\",\"urlTemplate\":\"https:\\\/\\\/arjenoticias.com.mx\\\/?s={search_term_string}\"},\"query-input\":{\"@type\":\"PropertyValueSpecification\",\"valueRequired\":true,\"valueName\":\"search_term_string\"}}],\"inLanguage\":\"es\"},{\"@type\":\"Organization\",\"@id\":\"https:\\\/\\\/arjenoticias.com.mx\\\/#organization\",\"name\":\"Arj\u00e9 M\u00e9xico\",\"url\":\"https:\\\/\\\/arjenoticias.com.mx\\\/\",\"logo\":{\"@type\":\"ImageObject\",\"inLanguage\":\"es\",\"@id\":\"https:\\\/\\\/arjenoticias.com.mx\\\/#\\\/schema\\\/logo\\\/image\\\/\",\"url\":\"https:\\\/\\\/arjenoticias.com\\\/wp-content\\\/uploads\\\/2026\\\/04\\\/cropped-cropped-logo-inverted-1-scaled-1.png\",\"contentUrl\":\"https:\\\/\\\/arjenoticias.com\\\/wp-content\\\/uploads\\\/2026\\\/04\\\/cropped-cropped-logo-inverted-1-scaled-1.png\",\"width\":2556,\"height\":549,\"caption\":\"Arj\u00e9 M\u00e9xico\"},\"image\":{\"@id\":\"https:\\\/\\\/arjenoticias.com.mx\\\/#\\\/schema\\\/logo\\\/image\\\/\"},\"sameAs\":[\"https:\\\/\\\/www.facebook.com\\\/ArjeNoticiasMX\",\"https:\\\/\\\/x.com\\\/ArjeNoticias\"]},{\"@type\":\"Person\",\"@id\":\"https:\\\/\\\/arjenoticias.com.mx\\\/#\\\/schema\\\/person\\\/4dd5de25a2f9e8d13186f00167c82472\",\"name\":\"Jaime Palacios\",\"image\":{\"@type\":\"ImageObject\",\"inLanguage\":\"es\",\"@id\":\"https:\\\/\\\/arjenoticias.com\\\/wp-content\\\/uploads\\\/2026\\\/04\\\/Jaime-Palacios-Chapa-96x96.png\",\"url\":\"https:\\\/\\\/arjenoticias.com\\\/wp-content\\\/uploads\\\/2026\\\/04\\\/Jaime-Palacios-Chapa-96x96.png\",\"contentUrl\":\"https:\\\/\\\/arjenoticias.com\\\/wp-content\\\/uploads\\\/2026\\\/04\\\/Jaime-Palacios-Chapa-96x96.png\",\"caption\":\"Jaime Palacios\"},\"description\":\"Jaime Palacios es Licenciado en Ciencias de la Comunicaci\u00f3n y en Psicolog\u00eda. Tiene una maestr\u00eda en Letras. Ha participado en talleres de guionismo con autores nacionales e internacionales como Syd Field, Doc Comparato, Ma. Teresa Fornero, V\u00edctor Saca, Beatriz Novaro, Eduardo Presa.\",\"url\":\"https:\\\/\\\/arjenoticias.com.mx\\\/author\\\/jaime-palacios\\\/\"}]}<\/script>\n<!-- \/ Yoast SEO plugin. -->","yoast_head_json":{"title":"Gretel lo hizo de nuevo -","description":"No te pierdas los \"Microrrelatos de Jaime Palacios\" a trav\u00e9s de Arj\u00e9 Cultura. Hoy nos presenta: \"Gretel lo hizo de nuevo\".","robots":{"index":"index","follow":"follow","max-snippet":"max-snippet:-1","max-image-preview":"max-image-preview:large","max-video-preview":"max-video-preview:-1"},"canonical":"https:\/\/arjenoticias.com.mx\/cultura\/gretel-lo-hizo-de-nuevo\/","og_locale":"es_ES","og_type":"article","og_title":"Gretel lo hizo de nuevo -","og_description":"No te pierdas los \"Microrrelatos de Jaime Palacios\" a trav\u00e9s de Arj\u00e9 Cultura. Hoy nos presenta: \"Gretel lo hizo de nuevo\".","og_url":"https:\/\/arjenoticias.com.mx\/cultura\/gretel-lo-hizo-de-nuevo\/","article_publisher":"https:\/\/www.facebook.com\/ArjeNoticiasMX","article_published_time":"2025-09-12T21:23:35+00:00","article_modified_time":"2025-09-14T04:53:00+00:00","og_image":[{"width":1024,"height":683,"url":"https:\/\/arjenoticias.com.mx\/wp-content\/uploads\/2025\/09\/Copilot_20250912_152955-1024x683.png","type":"image\/png"}],"author":"Jaime Palacios","twitter_card":"summary_large_image","twitter_creator":"@ArjeNoticias","twitter_site":"@ArjeNoticias","twitter_misc":{"Escrito por":"Jaime Palacios","Tiempo de lectura":"1 minuto"},"schema":{"@context":"https:\/\/schema.org","@graph":[{"@type":"Article","@id":"https:\/\/arjenoticias.com.mx\/cultura\/gretel-lo-hizo-de-nuevo\/#article","isPartOf":{"@id":"https:\/\/arjenoticias.com.mx\/cultura\/gretel-lo-hizo-de-nuevo\/"},"author":{"name":"Jaime Palacios","@id":"https:\/\/arjenoticias.com.mx\/#\/schema\/person\/4dd5de25a2f9e8d13186f00167c82472"},"headline":"Gretel lo hizo de nuevo","datePublished":"2025-09-12T21:23:35+00:00","dateModified":"2025-09-14T04:53:00+00:00","mainEntityOfPage":{"@id":"https:\/\/arjenoticias.com.mx\/cultura\/gretel-lo-hizo-de-nuevo\/"},"wordCount":5,"publisher":{"@id":"https:\/\/arjenoticias.com.mx\/#organization"},"image":{"@id":"https:\/\/arjenoticias.com.mx\/cultura\/gretel-lo-hizo-de-nuevo\/#primaryimage"},"thumbnailUrl":"https:\/\/arjenoticias.com.mx\/wp-content\/uploads\/2025\/09\/Copilot_20250912_152955.png","keywords":["Jaime Palacios","Microrrelatos"],"articleSection":["Cultura y Entretenimiento"],"inLanguage":"es"},{"@type":"WebPage","@id":"https:\/\/arjenoticias.com.mx\/cultura\/gretel-lo-hizo-de-nuevo\/","url":"https:\/\/arjenoticias.com.mx\/cultura\/gretel-lo-hizo-de-nuevo\/","name":"Gretel lo hizo de nuevo -","isPartOf":{"@id":"https:\/\/arjenoticias.com.mx\/#website"},"primaryImageOfPage":{"@id":"https:\/\/arjenoticias.com.mx\/cultura\/gretel-lo-hizo-de-nuevo\/#primaryimage"},"image":{"@id":"https:\/\/arjenoticias.com.mx\/cultura\/gretel-lo-hizo-de-nuevo\/#primaryimage"},"thumbnailUrl":"https:\/\/arjenoticias.com.mx\/wp-content\/uploads\/2025\/09\/Copilot_20250912_152955.png","datePublished":"2025-09-12T21:23:35+00:00","dateModified":"2025-09-14T04:53:00+00:00","description":"No te pierdas los \"Microrrelatos de Jaime Palacios\" a trav\u00e9s de Arj\u00e9 Cultura. Hoy nos presenta: \"Gretel lo hizo de nuevo\".","breadcrumb":{"@id":"https:\/\/arjenoticias.com.mx\/cultura\/gretel-lo-hizo-de-nuevo\/#breadcrumb"},"inLanguage":"es","potentialAction":[{"@type":"ReadAction","target":["https:\/\/arjenoticias.com.mx\/cultura\/gretel-lo-hizo-de-nuevo\/"]}]},{"@type":"ImageObject","inLanguage":"es","@id":"https:\/\/arjenoticias.com.mx\/cultura\/gretel-lo-hizo-de-nuevo\/#primaryimage","url":"https:\/\/arjenoticias.com.mx\/wp-content\/uploads\/2025\/09\/Copilot_20250912_152955.png","contentUrl":"https:\/\/arjenoticias.com.mx\/wp-content\/uploads\/2025\/09\/Copilot_20250912_152955.png","width":1536,"height":1024},{"@type":"BreadcrumbList","@id":"https:\/\/arjenoticias.com.mx\/cultura\/gretel-lo-hizo-de-nuevo\/#breadcrumb","itemListElement":[{"@type":"ListItem","position":1,"name":"Portada","item":"https:\/\/arjenoticias.com.mx\/"},{"@type":"ListItem","position":2,"name":"Gretel lo hizo de nuevo"}]},{"@type":"WebSite","@id":"https:\/\/arjenoticias.com.mx\/#website","url":"https:\/\/arjenoticias.com.mx\/","name":"Arj\u00e9 M\u00e9xico","description":"","publisher":{"@id":"https:\/\/arjenoticias.com.mx\/#organization"},"potentialAction":[{"@type":"SearchAction","target":{"@type":"EntryPoint","urlTemplate":"https:\/\/arjenoticias.com.mx\/?s={search_term_string}"},"query-input":{"@type":"PropertyValueSpecification","valueRequired":true,"valueName":"search_term_string"}}],"inLanguage":"es"},{"@type":"Organization","@id":"https:\/\/arjenoticias.com.mx\/#organization","name":"Arj\u00e9 M\u00e9xico","url":"https:\/\/arjenoticias.com.mx\/","logo":{"@type":"ImageObject","inLanguage":"es","@id":"https:\/\/arjenoticias.com.mx\/#\/schema\/logo\/image\/","url":"https:\/\/arjenoticias.com\/wp-content\/uploads\/2026\/04\/cropped-cropped-logo-inverted-1-scaled-1.png","contentUrl":"https:\/\/arjenoticias.com\/wp-content\/uploads\/2026\/04\/cropped-cropped-logo-inverted-1-scaled-1.png","width":2556,"height":549,"caption":"Arj\u00e9 M\u00e9xico"},"image":{"@id":"https:\/\/arjenoticias.com.mx\/#\/schema\/logo\/image\/"},"sameAs":["https:\/\/www.facebook.com\/ArjeNoticiasMX","https:\/\/x.com\/ArjeNoticias"]},{"@type":"Person","@id":"https:\/\/arjenoticias.com.mx\/#\/schema\/person\/4dd5de25a2f9e8d13186f00167c82472","name":"Jaime Palacios","image":{"@type":"ImageObject","inLanguage":"es","@id":"https:\/\/arjenoticias.com\/wp-content\/uploads\/2026\/04\/Jaime-Palacios-Chapa-96x96.png","url":"https:\/\/arjenoticias.com\/wp-content\/uploads\/2026\/04\/Jaime-Palacios-Chapa-96x96.png","contentUrl":"https:\/\/arjenoticias.com\/wp-content\/uploads\/2026\/04\/Jaime-Palacios-Chapa-96x96.png","caption":"Jaime Palacios"},"description":"Jaime Palacios es Licenciado en Ciencias de la Comunicaci\u00f3n y en Psicolog\u00eda. Tiene una maestr\u00eda en Letras. Ha participado en talleres de guionismo con autores nacionales e internacionales como Syd Field, Doc Comparato, Ma. Teresa Fornero, V\u00edctor Saca, Beatriz Novaro, Eduardo Presa.","url":"https:\/\/arjenoticias.com.mx\/author\/jaime-palacios\/"}]}},"featured_image_urls":{"full":["https:\/\/arjenoticias.com.mx\/wp-content\/uploads\/2025\/09\/Copilot_20250912_152955.png",1536,1024,false],"thumbnail":["https:\/\/arjenoticias.com.mx\/wp-content\/uploads\/2025\/09\/Copilot_20250912_152955-150x150.png",150,150,true],"medium":["https:\/\/arjenoticias.com.mx\/wp-content\/uploads\/2025\/09\/Copilot_20250912_152955-300x200.png",300,200,true],"medium_large":["https:\/\/arjenoticias.com.mx\/wp-content\/uploads\/2025\/09\/Copilot_20250912_152955-768x512.png",640,427,true],"large":["https:\/\/arjenoticias.com.mx\/wp-content\/uploads\/2025\/09\/Copilot_20250912_152955-1024x683.png",640,427,true],"1536x1536":["https:\/\/arjenoticias.com.mx\/wp-content\/uploads\/2025\/09\/Copilot_20250912_152955.png",1536,1024,false],"2048x2048":["https:\/\/arjenoticias.com.mx\/wp-content\/uploads\/2025\/09\/Copilot_20250912_152955.png",1536,1024,false],"covernews-featured":["https:\/\/arjenoticias.com.mx\/wp-content\/uploads\/2025\/09\/Copilot_20250912_152955.png",1024,683,false],"covernews-medium":["https:\/\/arjenoticias.com.mx\/wp-content\/uploads\/2025\/09\/Copilot_20250912_152955.png",510,340,false]},"author_info":{"info":["Jaime Palacios"]},"category_info":"<a href=\"https:\/\/arjenoticias.com.mx\/category\/cultura\/\" rel=\"category tag\">Cultura y Entretenimiento<\/a>","tag_info":"Cultura y Entretenimiento","comment_count":"0","_links":{"self":[{"href":"https:\/\/arjenoticias.com.mx\/wp-json\/wp\/v2\/posts\/4379","targetHints":{"allow":["GET"]}}],"collection":[{"href":"https:\/\/arjenoticias.com.mx\/wp-json\/wp\/v2\/posts"}],"about":[{"href":"https:\/\/arjenoticias.com.mx\/wp-json\/wp\/v2\/types\/post"}],"author":[{"embeddable":true,"href":"https:\/\/arjenoticias.com.mx\/wp-json\/wp\/v2\/users\/48"}],"replies":[{"embeddable":true,"href":"https:\/\/arjenoticias.com.mx\/wp-json\/wp\/v2\/comments?post=4379"}],"version-history":[{"count":1,"href":"https:\/\/arjenoticias.com.mx\/wp-json\/wp\/v2\/posts\/4379\/revisions"}],"predecessor-version":[{"id":4382,"href":"https:\/\/arjenoticias.com.mx\/wp-json\/wp\/v2\/posts\/4379\/revisions\/4382"}],"wp:featuredmedia":[{"embeddable":true,"href":"https:\/\/arjenoticias.com.mx\/wp-json\/wp\/v2\/media\/4384"}],"wp:attachment":[{"href":"https:\/\/arjenoticias.com.mx\/wp-json\/wp\/v2\/media?parent=4379"}],"wp:term":[{"taxonomy":"category","embeddable":true,"href":"https:\/\/arjenoticias.com.mx\/wp-json\/wp\/v2\/categories?post=4379"},{"taxonomy":"post_tag","embeddable":true,"href":"https:\/\/arjenoticias.com.mx\/wp-json\/wp\/v2\/tags?post=4379"}],"curies":[{"name":"wp","href":"https:\/\/api.w.org\/{rel}","templated":true}]}}