{"id":4281,"date":"2025-09-11T12:01:24","date_gmt":"2025-09-11T18:01:24","guid":{"rendered":"https:\/\/arjenoticias.com\/?p=4281"},"modified":"2025-09-11T12:01:24","modified_gmt":"2025-09-11T18:01:24","slug":"suspenden-empresa-lubalt","status":"publish","type":"post","link":"https:\/\/arjenoticias.com.mx\/?p=4281","title":{"rendered":"Suspenden empresa &#8220;Lubalt&#8221; y aseguran veh\u00edculos tras incendio"},"content":{"rendered":"\n<p class=\"wp-block-paragraph\"><strong>Escobedo, Nuevo Le\u00f3n<\/strong> \u2013 La empresa que elabora aditivos para diesel &#8220;Lubalt Energ\u00e9ticos&#8221; ubicada en<strong>\u00a0Parque Industrial Escobedo<\/strong>\u00a0fue suspendida por parte de la\u00a0<strong>Secretar\u00eda de Medio Ambiente<\/strong>\u00a0de Nuevo Le\u00f3n, debido al alto grado de contaminaci\u00f3n que dej\u00f3 a su paso el incendio.<\/p>\n\n\n\n<p class=\"wp-block-paragraph\">La Fiscal\u00eda Especializada en Materia Ambiental ya inici\u00f3 una carpeta de investigaci\u00f3n para determinar causas y responsabilidades, tras la explosi\u00f3n e incendio ocurrida la ma\u00f1ana del 10 de septiembre.<\/p>\n\n\n\n<p class=\"wp-block-paragraph\">Se aseguran bienes vinculados al incidente, como veh\u00edculos, documentos y estructura da\u00f1ada.<\/p>\n\n\n\n<p class=\"wp-block-paragraph\">Las primeras investigaciones apuntan el origen del siniestro pudo ser un <strong>mal manejo en el trasvase de hidrocarburo<\/strong>. Sin embargo, las autoridades esperan resultados periciales para confirmarlo.<\/p>\n\n\n\n<figure class=\"wp-block-image size-large\"><img decoding=\"async\" src=\"https:\/\/arjenoticias.com.mx\/wp-content\/uploads\/2025\/09\/Incendio-1-1024x768.jpg\" alt=\"\" class=\"wp-image-4291\"\/><\/figure>\n\n\n\n<p class=\"wp-block-paragraph\">\u00bfQu\u00e9 pas\u00f3?<\/p>\n\n\n\n<p class=\"wp-block-paragraph\">Aproximadamente a las <strong>9:35 a. m.<\/strong> ocurri\u00f3 una explosi\u00f3n dentro de una f\u00e1brica de hidrocarburos ubicada sobre la avenida Las Industrias, en el \u00e1rea del Paseo Cucharas del parque industrial. <\/p>\n\n\n\n<p class=\"wp-block-paragraph\">El fuego se propag\u00f3 a bodegas cercanas, veh\u00edculos, una pipa de combustible, y otros espacios donde se almacenaban hidrocarburos.V\u00edctimas y evacuaciones<\/p>\n\n\n\n<p class=\"wp-block-paragraph\">Hubo <strong>dos personas lesionadas<\/strong>, atendidas por la Cruz Roja; sus lesiones fueron reportadas como leves.<\/p>\n\n\n\n<p class=\"wp-block-paragraph\">Se realiz\u00f3 <strong>evacuaci\u00f3n<\/strong> preventiva de trabajadores de empresas cercanas y de un k\u00ednder pr\u00f3ximo, debido al riesgo de la conflagraci\u00f3n. <a href=\"https:\/\/www.eleconomista.com.mx\/estados\/explosion-voraz-incendio-afectan-almacen-hidrocarburos-escobedo-20250910-776612.html?utm_source=chatgpt.com\" target=\"_blank\" rel=\"noreferrer noopener\"><\/a><\/p>\n\n\n\n<p class=\"wp-block-paragraph\">Brigadas de bomberos, Protecci\u00f3n Civil estatal, municipal, adem\u00e1s de la Divisi\u00f3n Ambiental, trabajaron en coordinaci\u00f3n para contener el incendio.<\/p>\n\n\n\n<p class=\"wp-block-paragraph\">Se activaron protocolos especiales, con corte de algunas v\u00edas de acceso para evitar mayores riesgos y facilitar la labor de los equipos de emergencia.<\/p>\n\n\n\n<p class=\"wp-block-paragraph\">El incendio fue <strong>controlado<\/strong>, y extinguido.<\/p>\n\n\n\n<figure class=\"wp-block-image size-large\"><img decoding=\"async\" src=\"https:\/\/arjenoticias.com.mx\/wp-content\/uploads\/2025\/09\/incendio-1024x576.jpg\" alt=\"\" class=\"wp-image-4292\"\/><\/figure>\n\n\n\n<p class=\"wp-block-paragraph\"><\/p>\n","protected":false},"excerpt":{"rendered":"<p>Escobedo, Nuevo Le\u00f3n \u2013 La empresa que elabora aditivos para diesel &#8220;Lubalt Energ\u00e9ticos&#8221; ubicada en\u00a0Parque&#8230;<\/p>\n","protected":false},"author":69,"featured_media":4293,"comment_status":"closed","ping_status":"closed","sticky":false,"template":"","format":"standard","meta":{"footnotes":""},"categories":[4],"tags":[832,1235],"class_list":["post-4281","post","type-post","status-publish","format-standard","has-post-thumbnail","hentry","category-ciudad","tag-empresa-lubart","tag-incendio-en-escobedo"],"yoast_head":"<!-- This site is optimized with the Yoast SEO plugin v28.4 - https:\/\/yoast.com\/product\/yoast-seo-wordpress\/ -->\n<title>Suspenden empresa &quot;Lubalt&quot; y aseguran veh\u00edculos tras incendio -<\/title>\n<meta name=\"description\" content=\"La empresa &quot;Lubalt Energ\u00e9ticos&quot; ubicada en\u00a0Parque Industrial Escobedo\u00a0fue suspendida por parte de la\u00a0Secretar\u00eda de Medio Ambiente\u00a0de Nuevo Le\u00f3n\" \/>\n<meta name=\"robots\" content=\"index, follow, max-snippet:-1, max-image-preview:large, max-video-preview:-1\" \/>\n<link rel=\"canonical\" href=\"https:\/\/arjenoticias.com.mx\/?p=4281\" \/>\n<meta property=\"og:locale\" content=\"es_MX\" \/>\n<meta property=\"og:type\" content=\"article\" \/>\n<meta property=\"og:title\" content=\"Suspenden empresa &quot;Lubalt&quot; y aseguran veh\u00edculos tras incendio -\" \/>\n<meta property=\"og:description\" content=\"La empresa &quot;Lubalt Energ\u00e9ticos&quot; ubicada en\u00a0Parque Industrial Escobedo\u00a0fue suspendida por parte de la\u00a0Secretar\u00eda de Medio Ambiente\u00a0de Nuevo Le\u00f3n\" \/>\n<meta property=\"og:url\" content=\"https:\/\/arjenoticias.com.mx\/?p=4281\" \/>\n<meta property=\"article:published_time\" content=\"2025-09-11T18:01:24+00:00\" \/>\n<meta name=\"author\" content=\"Roberta Cannizzaro Sep\u00falveda\" \/>\n<meta name=\"twitter:card\" content=\"summary_large_image\" \/>\n<meta name=\"twitter:label1\" content=\"Escrito por\" \/>\n\t<meta name=\"twitter:data1\" content=\"Roberta Cannizzaro Sep\u00falveda\" \/>\n\t<meta name=\"twitter:label2\" content=\"Tiempo de lectura\" \/>\n\t<meta name=\"twitter:data2\" content=\"2 minutos\" \/>\n<script type=\"application\/ld+json\" class=\"yoast-schema-graph\">{\"@context\":\"https:\\\/\\\/schema.org\",\"@graph\":[{\"@type\":\"Article\",\"@id\":\"https:\\\/\\\/arjenoticias.com.mx\\\/?p=4281#article\",\"isPartOf\":{\"@id\":\"https:\\\/\\\/arjenoticias.com.mx\\\/?p=4281\"},\"author\":{\"name\":\"Roberta Cannizzaro Sep\u00falveda\",\"@id\":\"https:\\\/\\\/arjenoticias.com.mx\\\/#\\\/schema\\\/person\\\/9026ab26887c6d28ffddcf3996086adb\"},\"headline\":\"Suspenden empresa &#8220;Lubalt&#8221; y aseguran veh\u00edculos tras incendio\",\"datePublished\":\"2025-09-11T18:01:24+00:00\",\"mainEntityOfPage\":{\"@id\":\"https:\\\/\\\/arjenoticias.com.mx\\\/?p=4281\"},\"wordCount\":280,\"publisher\":{\"@id\":\"https:\\\/\\\/arjenoticias.com.mx\\\/#organization\"},\"image\":{\"@id\":\"https:\\\/\\\/arjenoticias.com.mx\\\/?p=4281#primaryimage\"},\"thumbnailUrl\":\"\",\"keywords\":[\"Empresa Lubart\",\"Incendio en Escobedo\"],\"articleSection\":[\"Ciudad\"],\"inLanguage\":\"es\"},{\"@type\":\"WebPage\",\"@id\":\"https:\\\/\\\/arjenoticias.com.mx\\\/?p=4281\",\"url\":\"https:\\\/\\\/arjenoticias.com.mx\\\/?p=4281\",\"name\":\"Suspenden empresa \\\"Lubalt\\\" y aseguran veh\u00edculos tras incendio -\",\"isPartOf\":{\"@id\":\"https:\\\/\\\/arjenoticias.com.mx\\\/#website\"},\"primaryImageOfPage\":{\"@id\":\"https:\\\/\\\/arjenoticias.com.mx\\\/?p=4281#primaryimage\"},\"image\":{\"@id\":\"https:\\\/\\\/arjenoticias.com.mx\\\/?p=4281#primaryimage\"},\"thumbnailUrl\":\"\",\"datePublished\":\"2025-09-11T18:01:24+00:00\",\"description\":\"La empresa \\\"Lubalt Energ\u00e9ticos\\\" ubicada en\u00a0Parque Industrial Escobedo\u00a0fue suspendida por parte de la\u00a0Secretar\u00eda de Medio Ambiente\u00a0de Nuevo Le\u00f3n\",\"breadcrumb\":{\"@id\":\"https:\\\/\\\/arjenoticias.com.mx\\\/?p=4281#breadcrumb\"},\"inLanguage\":\"es\",\"potentialAction\":[{\"@type\":\"ReadAction\",\"target\":[\"https:\\\/\\\/arjenoticias.com.mx\\\/?p=4281\"]}]},{\"@type\":\"ImageObject\",\"inLanguage\":\"es\",\"@id\":\"https:\\\/\\\/arjenoticias.com.mx\\\/?p=4281#primaryimage\",\"url\":\"\",\"contentUrl\":\"\"},{\"@type\":\"BreadcrumbList\",\"@id\":\"https:\\\/\\\/arjenoticias.com.mx\\\/?p=4281#breadcrumb\",\"itemListElement\":[{\"@type\":\"ListItem\",\"position\":1,\"name\":\"Inicio\",\"item\":\"https:\\\/\\\/arjenoticias.com.mx\\\/\"},{\"@type\":\"ListItem\",\"position\":2,\"name\":\"Suspenden empresa &#8220;Lubalt&#8221; y aseguran veh\u00edculos tras incendio\"}]},{\"@type\":\"WebSite\",\"@id\":\"https:\\\/\\\/arjenoticias.com.mx\\\/#website\",\"url\":\"https:\\\/\\\/arjenoticias.com.mx\\\/\",\"name\":\"arjenoticias.com.mx\",\"description\":\"\",\"publisher\":{\"@id\":\"https:\\\/\\\/arjenoticias.com.mx\\\/#organization\"},\"potentialAction\":[{\"@type\":\"SearchAction\",\"target\":{\"@type\":\"EntryPoint\",\"urlTemplate\":\"https:\\\/\\\/arjenoticias.com.mx\\\/?s={search_term_string}\"},\"query-input\":{\"@type\":\"PropertyValueSpecification\",\"valueRequired\":true,\"valueName\":\"search_term_string\"}}],\"inLanguage\":\"es\"},{\"@type\":\"Organization\",\"@id\":\"https:\\\/\\\/arjenoticias.com.mx\\\/#organization\",\"name\":\"Arj\u00e9 de M\u00e9xico Noticias\",\"url\":\"https:\\\/\\\/arjenoticias.com.mx\\\/\",\"logo\":{\"@type\":\"ImageObject\",\"inLanguage\":\"es\",\"@id\":\"https:\\\/\\\/arjenoticias.com.mx\\\/#\\\/schema\\\/logo\\\/image\\\/\",\"url\":\"https:\\\/\\\/arjenoticias.com.mx\\\/wp-content\\\/uploads\\\/2025\\\/07\\\/cropped-logo-scaled-1.png\",\"contentUrl\":\"https:\\\/\\\/arjenoticias.com.mx\\\/wp-content\\\/uploads\\\/2025\\\/07\\\/cropped-logo-scaled-1.png\",\"width\":2558,\"height\":558,\"caption\":\"Arj\u00e9 de M\u00e9xico Noticias\"},\"image\":{\"@id\":\"https:\\\/\\\/arjenoticias.com.mx\\\/#\\\/schema\\\/logo\\\/image\\\/\"}},{\"@type\":\"Person\",\"@id\":\"https:\\\/\\\/arjenoticias.com.mx\\\/#\\\/schema\\\/person\\\/9026ab26887c6d28ffddcf3996086adb\",\"name\":\"Roberta Cannizzaro Sep\u00falveda\",\"image\":{\"@type\":\"ImageObject\",\"inLanguage\":\"es\",\"@id\":\"https:\\\/\\\/secure.gravatar.com\\\/avatar\\\/8eb0527ba75bbb8412e1eaf04c852c82b3fdf6614b9405aedd23180e2275ae53?s=96&d=mm&r=g\",\"url\":\"https:\\\/\\\/secure.gravatar.com\\\/avatar\\\/8eb0527ba75bbb8412e1eaf04c852c82b3fdf6614b9405aedd23180e2275ae53?s=96&d=mm&r=g\",\"contentUrl\":\"https:\\\/\\\/secure.gravatar.com\\\/avatar\\\/8eb0527ba75bbb8412e1eaf04c852c82b3fdf6614b9405aedd23180e2275ae53?s=96&d=mm&r=g\",\"caption\":\"Roberta Cannizzaro Sep\u00falveda\"},\"url\":\"https:\\\/\\\/arjenoticias.com.mx\\\/?author=69\"}]}<\/script>\n<!-- \/ Yoast SEO plugin. -->","yoast_head_json":{"title":"Suspenden empresa \"Lubalt\" y aseguran veh\u00edculos tras incendio -","description":"La empresa \"Lubalt Energ\u00e9ticos\" ubicada en\u00a0Parque Industrial Escobedo\u00a0fue suspendida por parte de la\u00a0Secretar\u00eda de Medio Ambiente\u00a0de Nuevo Le\u00f3n","robots":{"index":"index","follow":"follow","max-snippet":"max-snippet:-1","max-image-preview":"max-image-preview:large","max-video-preview":"max-video-preview:-1"},"canonical":"https:\/\/arjenoticias.com.mx\/?p=4281","og_locale":"es_MX","og_type":"article","og_title":"Suspenden empresa \"Lubalt\" y aseguran veh\u00edculos tras incendio -","og_description":"La empresa \"Lubalt Energ\u00e9ticos\" ubicada en\u00a0Parque Industrial Escobedo\u00a0fue suspendida por parte de la\u00a0Secretar\u00eda de Medio Ambiente\u00a0de Nuevo Le\u00f3n","og_url":"https:\/\/arjenoticias.com.mx\/?p=4281","article_published_time":"2025-09-11T18:01:24+00:00","author":"Roberta Cannizzaro Sep\u00falveda","twitter_card":"summary_large_image","twitter_misc":{"Escrito por":"Roberta Cannizzaro Sep\u00falveda","Tiempo de lectura":"2 minutos"},"schema":{"@context":"https:\/\/schema.org","@graph":[{"@type":"Article","@id":"https:\/\/arjenoticias.com.mx\/?p=4281#article","isPartOf":{"@id":"https:\/\/arjenoticias.com.mx\/?p=4281"},"author":{"name":"Roberta Cannizzaro Sep\u00falveda","@id":"https:\/\/arjenoticias.com.mx\/#\/schema\/person\/9026ab26887c6d28ffddcf3996086adb"},"headline":"Suspenden empresa &#8220;Lubalt&#8221; y aseguran veh\u00edculos tras incendio","datePublished":"2025-09-11T18:01:24+00:00","mainEntityOfPage":{"@id":"https:\/\/arjenoticias.com.mx\/?p=4281"},"wordCount":280,"publisher":{"@id":"https:\/\/arjenoticias.com.mx\/#organization"},"image":{"@id":"https:\/\/arjenoticias.com.mx\/?p=4281#primaryimage"},"thumbnailUrl":"","keywords":["Empresa Lubart","Incendio en Escobedo"],"articleSection":["Ciudad"],"inLanguage":"es"},{"@type":"WebPage","@id":"https:\/\/arjenoticias.com.mx\/?p=4281","url":"https:\/\/arjenoticias.com.mx\/?p=4281","name":"Suspenden empresa \"Lubalt\" y aseguran veh\u00edculos tras incendio -","isPartOf":{"@id":"https:\/\/arjenoticias.com.mx\/#website"},"primaryImageOfPage":{"@id":"https:\/\/arjenoticias.com.mx\/?p=4281#primaryimage"},"image":{"@id":"https:\/\/arjenoticias.com.mx\/?p=4281#primaryimage"},"thumbnailUrl":"","datePublished":"2025-09-11T18:01:24+00:00","description":"La empresa \"Lubalt Energ\u00e9ticos\" ubicada en\u00a0Parque Industrial Escobedo\u00a0fue suspendida por parte de la\u00a0Secretar\u00eda de Medio Ambiente\u00a0de Nuevo Le\u00f3n","breadcrumb":{"@id":"https:\/\/arjenoticias.com.mx\/?p=4281#breadcrumb"},"inLanguage":"es","potentialAction":[{"@type":"ReadAction","target":["https:\/\/arjenoticias.com.mx\/?p=4281"]}]},{"@type":"ImageObject","inLanguage":"es","@id":"https:\/\/arjenoticias.com.mx\/?p=4281#primaryimage","url":"","contentUrl":""},{"@type":"BreadcrumbList","@id":"https:\/\/arjenoticias.com.mx\/?p=4281#breadcrumb","itemListElement":[{"@type":"ListItem","position":1,"name":"Inicio","item":"https:\/\/arjenoticias.com.mx\/"},{"@type":"ListItem","position":2,"name":"Suspenden empresa &#8220;Lubalt&#8221; y aseguran veh\u00edculos tras incendio"}]},{"@type":"WebSite","@id":"https:\/\/arjenoticias.com.mx\/#website","url":"https:\/\/arjenoticias.com.mx\/","name":"arjenoticias.com.mx","description":"","publisher":{"@id":"https:\/\/arjenoticias.com.mx\/#organization"},"potentialAction":[{"@type":"SearchAction","target":{"@type":"EntryPoint","urlTemplate":"https:\/\/arjenoticias.com.mx\/?s={search_term_string}"},"query-input":{"@type":"PropertyValueSpecification","valueRequired":true,"valueName":"search_term_string"}}],"inLanguage":"es"},{"@type":"Organization","@id":"https:\/\/arjenoticias.com.mx\/#organization","name":"Arj\u00e9 de M\u00e9xico Noticias","url":"https:\/\/arjenoticias.com.mx\/","logo":{"@type":"ImageObject","inLanguage":"es","@id":"https:\/\/arjenoticias.com.mx\/#\/schema\/logo\/image\/","url":"https:\/\/arjenoticias.com.mx\/wp-content\/uploads\/2025\/07\/cropped-logo-scaled-1.png","contentUrl":"https:\/\/arjenoticias.com.mx\/wp-content\/uploads\/2025\/07\/cropped-logo-scaled-1.png","width":2558,"height":558,"caption":"Arj\u00e9 de M\u00e9xico Noticias"},"image":{"@id":"https:\/\/arjenoticias.com.mx\/#\/schema\/logo\/image\/"}},{"@type":"Person","@id":"https:\/\/arjenoticias.com.mx\/#\/schema\/person\/9026ab26887c6d28ffddcf3996086adb","name":"Roberta Cannizzaro Sep\u00falveda","image":{"@type":"ImageObject","inLanguage":"es","@id":"https:\/\/secure.gravatar.com\/avatar\/8eb0527ba75bbb8412e1eaf04c852c82b3fdf6614b9405aedd23180e2275ae53?s=96&d=mm&r=g","url":"https:\/\/secure.gravatar.com\/avatar\/8eb0527ba75bbb8412e1eaf04c852c82b3fdf6614b9405aedd23180e2275ae53?s=96&d=mm&r=g","contentUrl":"https:\/\/secure.gravatar.com\/avatar\/8eb0527ba75bbb8412e1eaf04c852c82b3fdf6614b9405aedd23180e2275ae53?s=96&d=mm&r=g","caption":"Roberta Cannizzaro Sep\u00falveda"},"url":"https:\/\/arjenoticias.com.mx\/?author=69"}]}},"_links":{"self":[{"href":"https:\/\/arjenoticias.com.mx\/index.php?rest_route=\/wp\/v2\/posts\/4281","targetHints":{"allow":["GET"]}}],"collection":[{"href":"https:\/\/arjenoticias.com.mx\/index.php?rest_route=\/wp\/v2\/posts"}],"about":[{"href":"https:\/\/arjenoticias.com.mx\/index.php?rest_route=\/wp\/v2\/types\/post"}],"author":[{"embeddable":true,"href":"https:\/\/arjenoticias.com.mx\/index.php?rest_route=\/wp\/v2\/users\/69"}],"replies":[{"embeddable":true,"href":"https:\/\/arjenoticias.com.mx\/index.php?rest_route=%2Fwp%2Fv2%2Fcomments&post=4281"}],"version-history":[{"count":0,"href":"https:\/\/arjenoticias.com.mx\/index.php?rest_route=\/wp\/v2\/posts\/4281\/revisions"}],"wp:attachment":[{"href":"https:\/\/arjenoticias.com.mx\/index.php?rest_route=%2Fwp%2Fv2%2Fmedia&parent=4281"}],"wp:term":[{"taxonomy":"category","embeddable":true,"href":"https:\/\/arjenoticias.com.mx\/index.php?rest_route=%2Fwp%2Fv2%2Fcategories&post=4281"},{"taxonomy":"post_tag","embeddable":true,"href":"https:\/\/arjenoticias.com.mx\/index.php?rest_route=%2Fwp%2Fv2%2Ftags&post=4281"}],"curies":[{"name":"wp","href":"https:\/\/api.w.org\/{rel}","templated":true}]}}