{"id":4271,"date":"2025-09-11T10:59:59","date_gmt":"2025-09-11T16:59:59","guid":{"rendered":"https:\/\/arjenoticias.com\/?p=4271"},"modified":"2025-09-11T10:59:59","modified_gmt":"2025-09-11T16:59:59","slug":"porque-mexico-apoya-a-cuba-mas-que-nunca-ricardo-pascoe","status":"publish","type":"post","link":"https:\/\/arjenoticias.com.mx\/?p=4271","title":{"rendered":"\u00bfPor qu\u00e9 M\u00e9xico apoya a Cuba, m\u00e1s que nunca?  Ricardo Pascoe nos explica"},"content":{"rendered":"\n<p class=\"wp-block-paragraph\"><\/p>\n\n\n\n<h2 class=\"wp-block-heading\">\u00bfPor qu\u00e9 M\u00e9xico apoya a Cuba como nunca antes en su larga historia de relaciones bilaterales? Hoy M\u00e9xico le regala miles de millones de d\u00f3lares en ox\u00edgeno para apoyar y sostener a una vetusta y corrompida dictadura c\u00edvico-militar.<\/h2>\n\n\n\n<p class=\"wp-block-paragraph\"><strong>La imagen de la \u201cCuba Heroica\u201d ya no existe. El pueblo cubano, a diferencia de los dirigentes, vive en la miseria.<\/strong> Esa miseria explica porque millones de cubanos han huido de la Isla, llegando a representar alrededor del 20% de la poblaci\u00f3n total del pa\u00eds.<\/p>\n\n\n\n<blockquote class=\"wp-block-quote is-layout-flow wp-block-quote-is-layout-flow\">\n<p class=\"wp-block-paragraph\">No existe el menor asomo de democracia en Cuba. Cuando el pueblo sale a protestar a la calle, gritan \u201cComida y Libertad\u201d. La izquierda latinoamericana defiende el mito cubano, pero ning\u00fan pol\u00edtico quiere vivir ah\u00ed. <\/p>\n<\/blockquote>\n\n\n\n<blockquote class=\"wp-block-quote is-layout-flow wp-block-quote-is-layout-flow\">\n<p class=\"wp-block-paragraph\">La miseria es degradante. Lo describi\u00f3 Leonardo Padua en su \u00faltimo libro Ir A La Habana. La \u00faltima p\u00e1gina del libro es un alarido de tristeza, desesperaci\u00f3n y enojo violento. La descripci\u00f3n de la degradaci\u00f3n social de la vida en La Habana es trist\u00edsima.<\/p>\n<\/blockquote>\n\n\n\n<p class=\"wp-block-paragraph\"><strong>Mexico apoya un gobierno represor. \u00bfQue recibe a cambio de ese apoyo que tambi\u00e9n degrada las condiciones de vida de los mexicanos por su costo tan alto en Pemex? Gratificaci\u00f3n estudiantil. <\/strong><\/p>\n\n\n\n<h2 class=\"wp-block-heading\">Y tambi\u00e9n promesas de refugio de Estados Unidos si las cosas se complican en M\u00e9xico. Cuba es la retaguardia estrat\u00e9gica de los lideres de la izquierda mexicana que contemplan su posible fracaso como gobierno. <\/h2>\n\n\n\n<p class=\"wp-block-paragraph\"><strong>La situaci\u00f3n de M\u00e9xico ha de estar mucho peor de lo que todos hemos imaginado.<\/strong><\/p>\n\n\n\n<p class=\"wp-block-paragraph\"><\/p>\n","protected":false},"excerpt":{"rendered":"<p>\u00bfPor qu\u00e9 M\u00e9xico apoya a Cuba como nunca antes en su larga historia de relaciones&#8230;<\/p>\n","protected":false},"author":89,"featured_media":4278,"comment_status":"closed","ping_status":"closed","sticky":false,"template":"","format":"standard","meta":{"footnotes":""},"categories":[12],"tags":[544],"class_list":["post-4271","post","type-post","status-publish","format-standard","has-post-thumbnail","hentry","category-opinion","tag-cuba-tiene-gobierno-represor"],"yoast_head":"<!-- This site is optimized with the Yoast SEO plugin v28.4 - https:\/\/yoast.com\/product\/yoast-seo-wordpress\/ -->\n<title>\u00bfPor qu\u00e9 M\u00e9xico apoya a Cuba, m\u00e1s que nunca? Ricardo Pascoe nos explica -<\/title>\n<meta name=\"description\" content=\"Cuba es la retaguardia estrat\u00e9gica de los lideres de la izquierda mexicana que contemplan su posible fracaso como gobierno.\" \/>\n<meta name=\"robots\" content=\"index, follow, max-snippet:-1, max-image-preview:large, max-video-preview:-1\" \/>\n<link rel=\"canonical\" href=\"https:\/\/arjenoticias.com.mx\/?p=4271\" \/>\n<meta property=\"og:locale\" content=\"es_MX\" \/>\n<meta property=\"og:type\" content=\"article\" \/>\n<meta property=\"og:title\" content=\"\u00bfPor qu\u00e9 M\u00e9xico apoya a Cuba, m\u00e1s que nunca? Ricardo Pascoe nos explica -\" \/>\n<meta property=\"og:description\" content=\"Cuba es la retaguardia estrat\u00e9gica de los lideres de la izquierda mexicana que contemplan su posible fracaso como gobierno.\" \/>\n<meta property=\"og:url\" content=\"https:\/\/arjenoticias.com.mx\/?p=4271\" \/>\n<meta property=\"article:published_time\" content=\"2025-09-11T16:59:59+00:00\" \/>\n<meta name=\"author\" content=\"Ricardo Pascoe\" \/>\n<meta name=\"twitter:card\" content=\"summary_large_image\" \/>\n<meta name=\"twitter:label1\" content=\"Escrito por\" \/>\n\t<meta name=\"twitter:data1\" content=\"Ricardo Pascoe\" \/>\n\t<meta name=\"twitter:label2\" content=\"Tiempo de lectura\" \/>\n\t<meta name=\"twitter:data2\" content=\"1 minuto\" \/>\n<script type=\"application\/ld+json\" class=\"yoast-schema-graph\">{\"@context\":\"https:\\\/\\\/schema.org\",\"@graph\":[{\"@type\":\"Article\",\"@id\":\"https:\\\/\\\/arjenoticias.com.mx\\\/?p=4271#article\",\"isPartOf\":{\"@id\":\"https:\\\/\\\/arjenoticias.com.mx\\\/?p=4271\"},\"author\":{\"name\":\"Ricardo Pascoe\",\"@id\":\"https:\\\/\\\/arjenoticias.com.mx\\\/#\\\/schema\\\/person\\\/c1d0a0c6c75fb596ac3d95b802a44faf\"},\"headline\":\"\u00bfPor qu\u00e9 M\u00e9xico apoya a Cuba, m\u00e1s que nunca? Ricardo Pascoe nos explica\",\"datePublished\":\"2025-09-11T16:59:59+00:00\",\"mainEntityOfPage\":{\"@id\":\"https:\\\/\\\/arjenoticias.com.mx\\\/?p=4271\"},\"wordCount\":277,\"publisher\":{\"@id\":\"https:\\\/\\\/arjenoticias.com.mx\\\/#organization\"},\"image\":{\"@id\":\"https:\\\/\\\/arjenoticias.com.mx\\\/?p=4271#primaryimage\"},\"thumbnailUrl\":\"\",\"keywords\":[\"Cuba tiene gobierno represor\"],\"articleSection\":[\"Opini\u00f3n\"],\"inLanguage\":\"es\"},{\"@type\":\"WebPage\",\"@id\":\"https:\\\/\\\/arjenoticias.com.mx\\\/?p=4271\",\"url\":\"https:\\\/\\\/arjenoticias.com.mx\\\/?p=4271\",\"name\":\"\u00bfPor qu\u00e9 M\u00e9xico apoya a Cuba, m\u00e1s que nunca? Ricardo Pascoe nos explica -\",\"isPartOf\":{\"@id\":\"https:\\\/\\\/arjenoticias.com.mx\\\/#website\"},\"primaryImageOfPage\":{\"@id\":\"https:\\\/\\\/arjenoticias.com.mx\\\/?p=4271#primaryimage\"},\"image\":{\"@id\":\"https:\\\/\\\/arjenoticias.com.mx\\\/?p=4271#primaryimage\"},\"thumbnailUrl\":\"\",\"datePublished\":\"2025-09-11T16:59:59+00:00\",\"description\":\"Cuba es la retaguardia estrat\u00e9gica de los lideres de la izquierda mexicana que contemplan su posible fracaso como gobierno.\",\"breadcrumb\":{\"@id\":\"https:\\\/\\\/arjenoticias.com.mx\\\/?p=4271#breadcrumb\"},\"inLanguage\":\"es\",\"potentialAction\":[{\"@type\":\"ReadAction\",\"target\":[\"https:\\\/\\\/arjenoticias.com.mx\\\/?p=4271\"]}]},{\"@type\":\"ImageObject\",\"inLanguage\":\"es\",\"@id\":\"https:\\\/\\\/arjenoticias.com.mx\\\/?p=4271#primaryimage\",\"url\":\"\",\"contentUrl\":\"\"},{\"@type\":\"BreadcrumbList\",\"@id\":\"https:\\\/\\\/arjenoticias.com.mx\\\/?p=4271#breadcrumb\",\"itemListElement\":[{\"@type\":\"ListItem\",\"position\":1,\"name\":\"Inicio\",\"item\":\"https:\\\/\\\/arjenoticias.com.mx\\\/\"},{\"@type\":\"ListItem\",\"position\":2,\"name\":\"\u00bfPor qu\u00e9 M\u00e9xico apoya a Cuba, m\u00e1s que nunca? Ricardo Pascoe nos explica\"}]},{\"@type\":\"WebSite\",\"@id\":\"https:\\\/\\\/arjenoticias.com.mx\\\/#website\",\"url\":\"https:\\\/\\\/arjenoticias.com.mx\\\/\",\"name\":\"arjenoticias.com.mx\",\"description\":\"\",\"publisher\":{\"@id\":\"https:\\\/\\\/arjenoticias.com.mx\\\/#organization\"},\"potentialAction\":[{\"@type\":\"SearchAction\",\"target\":{\"@type\":\"EntryPoint\",\"urlTemplate\":\"https:\\\/\\\/arjenoticias.com.mx\\\/?s={search_term_string}\"},\"query-input\":{\"@type\":\"PropertyValueSpecification\",\"valueRequired\":true,\"valueName\":\"search_term_string\"}}],\"inLanguage\":\"es\"},{\"@type\":\"Organization\",\"@id\":\"https:\\\/\\\/arjenoticias.com.mx\\\/#organization\",\"name\":\"Arj\u00e9 de M\u00e9xico Noticias\",\"url\":\"https:\\\/\\\/arjenoticias.com.mx\\\/\",\"logo\":{\"@type\":\"ImageObject\",\"inLanguage\":\"es\",\"@id\":\"https:\\\/\\\/arjenoticias.com.mx\\\/#\\\/schema\\\/logo\\\/image\\\/\",\"url\":\"https:\\\/\\\/arjenoticias.com.mx\\\/wp-content\\\/uploads\\\/2025\\\/07\\\/cropped-logo-scaled-1.png\",\"contentUrl\":\"https:\\\/\\\/arjenoticias.com.mx\\\/wp-content\\\/uploads\\\/2025\\\/07\\\/cropped-logo-scaled-1.png\",\"width\":2558,\"height\":558,\"caption\":\"Arj\u00e9 de M\u00e9xico Noticias\"},\"image\":{\"@id\":\"https:\\\/\\\/arjenoticias.com.mx\\\/#\\\/schema\\\/logo\\\/image\\\/\"}},{\"@type\":\"Person\",\"@id\":\"https:\\\/\\\/arjenoticias.com.mx\\\/#\\\/schema\\\/person\\\/c1d0a0c6c75fb596ac3d95b802a44faf\",\"name\":\"Ricardo Pascoe\",\"image\":{\"@type\":\"ImageObject\",\"inLanguage\":\"es\",\"@id\":\"https:\\\/\\\/secure.gravatar.com\\\/avatar\\\/64cd2b784059cbf3b98256997ad15d439f5a73f8e754977b909f9f0f8b44b19f?s=96&d=mm&r=g\",\"url\":\"https:\\\/\\\/secure.gravatar.com\\\/avatar\\\/64cd2b784059cbf3b98256997ad15d439f5a73f8e754977b909f9f0f8b44b19f?s=96&d=mm&r=g\",\"contentUrl\":\"https:\\\/\\\/secure.gravatar.com\\\/avatar\\\/64cd2b784059cbf3b98256997ad15d439f5a73f8e754977b909f9f0f8b44b19f?s=96&d=mm&r=g\",\"caption\":\"Ricardo Pascoe\"},\"url\":\"https:\\\/\\\/arjenoticias.com.mx\\\/?author=89\"}]}<\/script>\n<!-- \/ Yoast SEO plugin. -->","yoast_head_json":{"title":"\u00bfPor qu\u00e9 M\u00e9xico apoya a Cuba, m\u00e1s que nunca? Ricardo Pascoe nos explica -","description":"Cuba es la retaguardia estrat\u00e9gica de los lideres de la izquierda mexicana que contemplan su posible fracaso como gobierno.","robots":{"index":"index","follow":"follow","max-snippet":"max-snippet:-1","max-image-preview":"max-image-preview:large","max-video-preview":"max-video-preview:-1"},"canonical":"https:\/\/arjenoticias.com.mx\/?p=4271","og_locale":"es_MX","og_type":"article","og_title":"\u00bfPor qu\u00e9 M\u00e9xico apoya a Cuba, m\u00e1s que nunca? Ricardo Pascoe nos explica -","og_description":"Cuba es la retaguardia estrat\u00e9gica de los lideres de la izquierda mexicana que contemplan su posible fracaso como gobierno.","og_url":"https:\/\/arjenoticias.com.mx\/?p=4271","article_published_time":"2025-09-11T16:59:59+00:00","author":"Ricardo Pascoe","twitter_card":"summary_large_image","twitter_misc":{"Escrito por":"Ricardo Pascoe","Tiempo de lectura":"1 minuto"},"schema":{"@context":"https:\/\/schema.org","@graph":[{"@type":"Article","@id":"https:\/\/arjenoticias.com.mx\/?p=4271#article","isPartOf":{"@id":"https:\/\/arjenoticias.com.mx\/?p=4271"},"author":{"name":"Ricardo Pascoe","@id":"https:\/\/arjenoticias.com.mx\/#\/schema\/person\/c1d0a0c6c75fb596ac3d95b802a44faf"},"headline":"\u00bfPor qu\u00e9 M\u00e9xico apoya a Cuba, m\u00e1s que nunca? Ricardo Pascoe nos explica","datePublished":"2025-09-11T16:59:59+00:00","mainEntityOfPage":{"@id":"https:\/\/arjenoticias.com.mx\/?p=4271"},"wordCount":277,"publisher":{"@id":"https:\/\/arjenoticias.com.mx\/#organization"},"image":{"@id":"https:\/\/arjenoticias.com.mx\/?p=4271#primaryimage"},"thumbnailUrl":"","keywords":["Cuba tiene gobierno represor"],"articleSection":["Opini\u00f3n"],"inLanguage":"es"},{"@type":"WebPage","@id":"https:\/\/arjenoticias.com.mx\/?p=4271","url":"https:\/\/arjenoticias.com.mx\/?p=4271","name":"\u00bfPor qu\u00e9 M\u00e9xico apoya a Cuba, m\u00e1s que nunca? Ricardo Pascoe nos explica -","isPartOf":{"@id":"https:\/\/arjenoticias.com.mx\/#website"},"primaryImageOfPage":{"@id":"https:\/\/arjenoticias.com.mx\/?p=4271#primaryimage"},"image":{"@id":"https:\/\/arjenoticias.com.mx\/?p=4271#primaryimage"},"thumbnailUrl":"","datePublished":"2025-09-11T16:59:59+00:00","description":"Cuba es la retaguardia estrat\u00e9gica de los lideres de la izquierda mexicana que contemplan su posible fracaso como gobierno.","breadcrumb":{"@id":"https:\/\/arjenoticias.com.mx\/?p=4271#breadcrumb"},"inLanguage":"es","potentialAction":[{"@type":"ReadAction","target":["https:\/\/arjenoticias.com.mx\/?p=4271"]}]},{"@type":"ImageObject","inLanguage":"es","@id":"https:\/\/arjenoticias.com.mx\/?p=4271#primaryimage","url":"","contentUrl":""},{"@type":"BreadcrumbList","@id":"https:\/\/arjenoticias.com.mx\/?p=4271#breadcrumb","itemListElement":[{"@type":"ListItem","position":1,"name":"Inicio","item":"https:\/\/arjenoticias.com.mx\/"},{"@type":"ListItem","position":2,"name":"\u00bfPor qu\u00e9 M\u00e9xico apoya a Cuba, m\u00e1s que nunca? Ricardo Pascoe nos explica"}]},{"@type":"WebSite","@id":"https:\/\/arjenoticias.com.mx\/#website","url":"https:\/\/arjenoticias.com.mx\/","name":"arjenoticias.com.mx","description":"","publisher":{"@id":"https:\/\/arjenoticias.com.mx\/#organization"},"potentialAction":[{"@type":"SearchAction","target":{"@type":"EntryPoint","urlTemplate":"https:\/\/arjenoticias.com.mx\/?s={search_term_string}"},"query-input":{"@type":"PropertyValueSpecification","valueRequired":true,"valueName":"search_term_string"}}],"inLanguage":"es"},{"@type":"Organization","@id":"https:\/\/arjenoticias.com.mx\/#organization","name":"Arj\u00e9 de M\u00e9xico Noticias","url":"https:\/\/arjenoticias.com.mx\/","logo":{"@type":"ImageObject","inLanguage":"es","@id":"https:\/\/arjenoticias.com.mx\/#\/schema\/logo\/image\/","url":"https:\/\/arjenoticias.com.mx\/wp-content\/uploads\/2025\/07\/cropped-logo-scaled-1.png","contentUrl":"https:\/\/arjenoticias.com.mx\/wp-content\/uploads\/2025\/07\/cropped-logo-scaled-1.png","width":2558,"height":558,"caption":"Arj\u00e9 de M\u00e9xico Noticias"},"image":{"@id":"https:\/\/arjenoticias.com.mx\/#\/schema\/logo\/image\/"}},{"@type":"Person","@id":"https:\/\/arjenoticias.com.mx\/#\/schema\/person\/c1d0a0c6c75fb596ac3d95b802a44faf","name":"Ricardo Pascoe","image":{"@type":"ImageObject","inLanguage":"es","@id":"https:\/\/secure.gravatar.com\/avatar\/64cd2b784059cbf3b98256997ad15d439f5a73f8e754977b909f9f0f8b44b19f?s=96&d=mm&r=g","url":"https:\/\/secure.gravatar.com\/avatar\/64cd2b784059cbf3b98256997ad15d439f5a73f8e754977b909f9f0f8b44b19f?s=96&d=mm&r=g","contentUrl":"https:\/\/secure.gravatar.com\/avatar\/64cd2b784059cbf3b98256997ad15d439f5a73f8e754977b909f9f0f8b44b19f?s=96&d=mm&r=g","caption":"Ricardo Pascoe"},"url":"https:\/\/arjenoticias.com.mx\/?author=89"}]}},"_links":{"self":[{"href":"https:\/\/arjenoticias.com.mx\/index.php?rest_route=\/wp\/v2\/posts\/4271","targetHints":{"allow":["GET"]}}],"collection":[{"href":"https:\/\/arjenoticias.com.mx\/index.php?rest_route=\/wp\/v2\/posts"}],"about":[{"href":"https:\/\/arjenoticias.com.mx\/index.php?rest_route=\/wp\/v2\/types\/post"}],"author":[{"embeddable":true,"href":"https:\/\/arjenoticias.com.mx\/index.php?rest_route=\/wp\/v2\/users\/89"}],"replies":[{"embeddable":true,"href":"https:\/\/arjenoticias.com.mx\/index.php?rest_route=%2Fwp%2Fv2%2Fcomments&post=4271"}],"version-history":[{"count":0,"href":"https:\/\/arjenoticias.com.mx\/index.php?rest_route=\/wp\/v2\/posts\/4271\/revisions"}],"wp:attachment":[{"href":"https:\/\/arjenoticias.com.mx\/index.php?rest_route=%2Fwp%2Fv2%2Fmedia&parent=4271"}],"wp:term":[{"taxonomy":"category","embeddable":true,"href":"https:\/\/arjenoticias.com.mx\/index.php?rest_route=%2Fwp%2Fv2%2Fcategories&post=4271"},{"taxonomy":"post_tag","embeddable":true,"href":"https:\/\/arjenoticias.com.mx\/index.php?rest_route=%2Fwp%2Fv2%2Ftags&post=4271"}],"curies":[{"name":"wp","href":"https:\/\/api.w.org\/{rel}","templated":true}]}}