{"id":4042,"date":"2025-09-07T16:44:39","date_gmt":"2025-09-07T22:44:39","guid":{"rendered":"https:\/\/arjenoticias.com\/?p=4042"},"modified":"2025-09-13T18:25:10","modified_gmt":"2025-09-14T00:25:10","slug":"el-ritual-inicial-de-la-corte-de-farandula-y-ridiculo","status":"publish","type":"post","link":"https:\/\/arjenoticias.com.mx\/opinion\/el-ritual-inicial-de-la-corte-de-farandula-y-ridiculo\/","title":{"rendered":"El ritual inicial de la corte; de far\u00e1ndula y rid\u00edculo"},"content":{"rendered":"\n<h2 class=\"wp-block-heading\">Dentro y fuera del pa\u00eds hay estupor, asombro intenso. Al ver a ministros de la corte suprema hincados ante Quetzalc\u00f3atl, el 1\u00b0 de septiembre. Una alteraci\u00f3n del estado de conciencia de personas, \u201cen las que se produjo una marcada disminuci\u00f3n de su conciencia\u201d, en t\u00e9rminos m\u00e9dicos. Est\u00fapido viene de estupor. Se\u00f1as de amenazas a la ley, al equilibrio de poderes, a libertades, a derechos fundamentales; a la ciencia, a la l\u00f3gica.<\/h2>\n\n\n\n<p class=\"wp-block-paragraph\"><br><strong>Creer o no creer, y manifestarlo, es un derecho humano fundamental; respetable en todo Estado de Derecho democr\u00e1tico. Una Rep\u00fablica laica -como define el Art. 40 constitucional-, debe ser respetuosa y neutral ante manifestaciones de esa libertad de pensamiento y de religi\u00f3n<\/strong>. Y a los titulares de los poderes p\u00fablicos se exige no usar sus cargos para desde ellos practicar sus ritos religiosos. Provengan de religiones naturales, paganas, fetichistas, pante\u00edstas, positivas o reveladas. Esta in\u00e9dita adoraci\u00f3n de Quetzalc\u00f3atl -incienso incluido-, arrodillarse ante quien exig\u00eda sacrificio de ni\u00f1os, darle gracias y hacerle petici\u00f3n de auxilio en su labor de jueces, es un culto y veneraci\u00f3n anticonstitucional, antirrepublicano, anti laico. Advierte de futuras estupideces.<\/p>\n\n\n\n<blockquote class=\"wp-block-quote is-layout-flow wp-block-quote-is-layout-flow\">\n<p class=\"wp-block-paragraph\"><br>El ritual de far\u00e1ndula me hizo releer el discurso de Efra\u00edn Gonz\u00e1lez Morf\u00edn, en campa\u00f1a presidencial, mayo de 1970: \u201cHace falta sentido del humor en la pol\u00edtica mexicana. El sentido del humor se r\u00ede de todo, pero no le pierde el respeto a nada. El sentido del humor comienza por re\u00edrse de uno mismo, sin perder nunca la fe en la propia dignidad\u201d. Lo que sudaron los ministros es sentido de rid\u00edculo 4t: perdieron respeto a la Constituci\u00f3n y a su propia dignidad. Se extiende la autoidolatr\u00eda, encanto de los psiquiatras.<\/p>\n<\/blockquote>\n\n\n\n<blockquote class=\"wp-block-quote is-layout-flow wp-block-quote-is-layout-flow\">\n<p class=\"wp-block-paragraph\"><br>Efra\u00edn reafirm\u00f3 \u201cla validez de una divisi\u00f3n tripartita, cl\u00e1sica y limpia: en pol\u00edtica debe haber algo antes, algo en y algo despu\u00e9s de la pol\u00edtica. Antes debe existir lo pre-pol\u00edtico, es decir, el conjunto de instituciones y actividades que no son ni gobierno ni partidos. En primer t\u00e9rmino, sobresale la persona. En M\u00e9xico urge personalizar, aceptar el riesgo de ser persona: centro aut\u00f3nomo de pensamiento y de decisi\u00f3n. Adem\u00e1s, debe haber familia: centro de formaci\u00f3n de conciencia, de estrechamiento de lazos afectivos, fragua de caracteres. Debe haber escuela, empresa, e instituciones encargadas de formar conciencia y cambiar a los seres humanos. Lo prepol\u00edtico tiene que manifestarse en la pol\u00edtica.<\/p>\n<\/blockquote>\n\n\n\n<p class=\"wp-block-paragraph\"> Adem\u00e1s de lo pol\u00edtico tiene que existir lo meta-pol\u00edtico, lo que est\u00e1 m\u00e1s all\u00e1 de la pol\u00edtica (religiones, metaf\u00edsica). Cuando la pol\u00edtica se presenta ante el ser humano con pretensiones absolutas, estamos en r\u00e9gimen totalitario\u201d. \u201cNadie tiene asegurado su destino trascendente por el hecho de militar en pol\u00edtica. Tiene que haber instituciones en las que la redenci\u00f3n y la salvaci\u00f3n no queden en met\u00e1fora sino en realidad. Obviamente, un partido pol\u00edtico democr\u00e1tico no puede pretender suplir a tales instituciones. Si lo hace, el partido se convierte en pseudo religi\u00f3n\u2026\u201d<br><strong>Efra\u00edn agreg\u00f3: \u201cSubsiste todo un sistema de arreglos, de complicidad, de componenda, en el que el destino de M\u00e9xico se est\u00e1 decidiendo en lo pre-pol\u00edtico, en lo que no deber\u00eda ser instrumento de la pol\u00edtica, como es el mundo de la empresa y el mundo de los negocios. Quieren hacer pol\u00edtica y tomar decisiones con efectos pol\u00edticos, h\u00e1ganlo, pero en p\u00fablico. Que no sean grupos de presi\u00f3n oculta, abiertamente asuman ante el pueblo la responsabilidad, y que no sea ni en reuniones de los altos grupos econ\u00f3micos ni en tratos privados, entre el poder econ\u00f3mico y el poder pol\u00edtico\u201d<\/strong>.<\/p>\n\n\n\n<blockquote class=\"wp-block-quote is-layout-flow wp-block-quote-is-layout-flow\">\n<p class=\"wp-block-paragraph\">\u201cEn M\u00e9xico urge establecer la relaci\u00f3n equilibrada entre lo pre-pol\u00edtico, lo pol\u00edtico y lo meta-pol\u00edtico, el antes, el en y el despu\u00e9s de la pol\u00edtica\u201d. \u201cDebemos querer un orden en el que el hecho de vivir en M\u00e9xico no sea, para unos, para\u00edso artificial, y para otros infierno real\u201d.<\/p>\n<\/blockquote>\n\n\n\n<h2 class=\"wp-block-heading\"><br>Insuficiencias prepol\u00edticas y pol\u00edticas vistas por Efra\u00edn hace 55 a\u00f1os (fines de D\u00edaz Ordaz, a\u00f1orado por Obrador), subsisten: hay familias, escuelas, empresas que no forman conciencia. Tambi\u00e9n componendas entre poder econ\u00f3mico y pol\u00edtico. Y partidos desfondados de credibilidad. Y hoy chamanes juzgadores. \u00bfQu\u00e9 hacer?<\/h2>\n","protected":false},"excerpt":{"rendered":"<p>Dentro y fuera del pa\u00eds hay estupor, asombro intenso. Al ver a ministros de la&#8230;<\/p>\n","protected":false},"author":5,"featured_media":3870,"comment_status":"closed","ping_status":"closed","sticky":false,"template":"","format":"standard","meta":{"footnotes":""},"categories":[59],"tags":[285],"class_list":["post-4042","post","type-post","status-publish","format-standard","has-post-thumbnail","hentry","category-opinion","tag-ministros-de-la-scjn-deben-respetar-la-constitucion"],"yoast_head":"<!-- This site is optimized with the Yoast SEO plugin v28.4 - https:\/\/yoast.com\/product\/yoast-seo-wordpress\/ -->\n<title>El ritual inicial de la corte; de far\u00e1ndula y rid\u00edculo -<\/title>\n<meta name=\"description\" content=\"Dentro y fuera del pa\u00eds hay estupor, asombro intenso. Al ver a ministros de la corte suprema hincados ante Quetzalc\u00f3atl, el 1\u00b0 de septiembre.\" \/>\n<meta name=\"robots\" content=\"index, follow, max-snippet:-1, max-image-preview:large, max-video-preview:-1\" \/>\n<link rel=\"canonical\" href=\"https:\/\/arjenoticias.com.mx\/opinion\/el-ritual-inicial-de-la-corte-de-farandula-y-ridiculo\/\" \/>\n<meta property=\"og:locale\" content=\"es_ES\" \/>\n<meta property=\"og:type\" content=\"article\" \/>\n<meta property=\"og:title\" content=\"El ritual inicial de la corte; de far\u00e1ndula y rid\u00edculo -\" \/>\n<meta property=\"og:description\" content=\"Dentro y fuera del pa\u00eds hay estupor, asombro intenso. Al ver a ministros de la corte suprema hincados ante Quetzalc\u00f3atl, el 1\u00b0 de septiembre.\" \/>\n<meta property=\"og:url\" content=\"https:\/\/arjenoticias.com.mx\/opinion\/el-ritual-inicial-de-la-corte-de-farandula-y-ridiculo\/\" \/>\n<meta property=\"article:publisher\" content=\"https:\/\/www.facebook.com\/ArjeNoticiasMX\" \/>\n<meta property=\"article:published_time\" content=\"2025-09-07T22:44:39+00:00\" \/>\n<meta property=\"article:modified_time\" content=\"2025-09-14T00:25:10+00:00\" \/>\n<meta property=\"og:image\" content=\"https:\/\/arjenoticias.com.mx\/wp-content\/uploads\/2025\/09\/Ceremonia-scaled.jpeg\" \/>\n\t<meta property=\"og:image:width\" content=\"2560\" \/>\n\t<meta property=\"og:image:height\" content=\"1920\" \/>\n\t<meta property=\"og:image:type\" content=\"image\/jpeg\" \/>\n<meta name=\"author\" content=\"Juan Miguel Alc\u00e1ntara Soria\" \/>\n<meta name=\"twitter:card\" content=\"summary_large_image\" \/>\n<meta name=\"twitter:creator\" content=\"@ArjeNoticias\" \/>\n<meta name=\"twitter:site\" content=\"@ArjeNoticias\" \/>\n<meta name=\"twitter:label1\" content=\"Escrito por\" \/>\n\t<meta name=\"twitter:data1\" content=\"Juan Miguel Alc\u00e1ntara Soria\" \/>\n\t<meta name=\"twitter:label2\" content=\"Tiempo de lectura\" \/>\n\t<meta name=\"twitter:data2\" content=\"3 minutos\" \/>\n<script type=\"application\/ld+json\" class=\"yoast-schema-graph\">{\"@context\":\"https:\\\/\\\/schema.org\",\"@graph\":[{\"@type\":\"Article\",\"@id\":\"https:\\\/\\\/arjenoticias.com.mx\\\/opinion\\\/el-ritual-inicial-de-la-corte-de-farandula-y-ridiculo\\\/#article\",\"isPartOf\":{\"@id\":\"https:\\\/\\\/arjenoticias.com.mx\\\/opinion\\\/el-ritual-inicial-de-la-corte-de-farandula-y-ridiculo\\\/\"},\"author\":{\"name\":\"Juan Miguel Alc\u00e1ntara Soria\",\"@id\":\"https:\\\/\\\/arjenoticias.com.mx\\\/#\\\/schema\\\/person\\\/269b2b52b24bcc0f09eb6a57914f268e\"},\"headline\":\"El ritual inicial de la corte; de far\u00e1ndula y rid\u00edculo\",\"datePublished\":\"2025-09-07T22:44:39+00:00\",\"dateModified\":\"2025-09-14T00:25:10+00:00\",\"mainEntityOfPage\":{\"@id\":\"https:\\\/\\\/arjenoticias.com.mx\\\/opinion\\\/el-ritual-inicial-de-la-corte-de-farandula-y-ridiculo\\\/\"},\"wordCount\":765,\"publisher\":{\"@id\":\"https:\\\/\\\/arjenoticias.com.mx\\\/#organization\"},\"image\":{\"@id\":\"https:\\\/\\\/arjenoticias.com.mx\\\/opinion\\\/el-ritual-inicial-de-la-corte-de-farandula-y-ridiculo\\\/#primaryimage\"},\"thumbnailUrl\":\"https:\\\/\\\/arjenoticias.com.mx\\\/wp-content\\\/uploads\\\/2025\\\/09\\\/Ceremonia-scaled.jpeg\",\"keywords\":[\"Ministros de la SCJN deben respetar la Constituci\u00f3n\"],\"articleSection\":[\"Opini\u00f3n\"],\"inLanguage\":\"es\"},{\"@type\":\"WebPage\",\"@id\":\"https:\\\/\\\/arjenoticias.com.mx\\\/opinion\\\/el-ritual-inicial-de-la-corte-de-farandula-y-ridiculo\\\/\",\"url\":\"https:\\\/\\\/arjenoticias.com.mx\\\/opinion\\\/el-ritual-inicial-de-la-corte-de-farandula-y-ridiculo\\\/\",\"name\":\"El ritual inicial de la corte; de far\u00e1ndula y rid\u00edculo -\",\"isPartOf\":{\"@id\":\"https:\\\/\\\/arjenoticias.com.mx\\\/#website\"},\"primaryImageOfPage\":{\"@id\":\"https:\\\/\\\/arjenoticias.com.mx\\\/opinion\\\/el-ritual-inicial-de-la-corte-de-farandula-y-ridiculo\\\/#primaryimage\"},\"image\":{\"@id\":\"https:\\\/\\\/arjenoticias.com.mx\\\/opinion\\\/el-ritual-inicial-de-la-corte-de-farandula-y-ridiculo\\\/#primaryimage\"},\"thumbnailUrl\":\"https:\\\/\\\/arjenoticias.com.mx\\\/wp-content\\\/uploads\\\/2025\\\/09\\\/Ceremonia-scaled.jpeg\",\"datePublished\":\"2025-09-07T22:44:39+00:00\",\"dateModified\":\"2025-09-14T00:25:10+00:00\",\"description\":\"Dentro y fuera del pa\u00eds hay estupor, asombro intenso. Al ver a ministros de la corte suprema hincados ante Quetzalc\u00f3atl, el 1\u00b0 de septiembre.\",\"breadcrumb\":{\"@id\":\"https:\\\/\\\/arjenoticias.com.mx\\\/opinion\\\/el-ritual-inicial-de-la-corte-de-farandula-y-ridiculo\\\/#breadcrumb\"},\"inLanguage\":\"es\",\"potentialAction\":[{\"@type\":\"ReadAction\",\"target\":[\"https:\\\/\\\/arjenoticias.com.mx\\\/opinion\\\/el-ritual-inicial-de-la-corte-de-farandula-y-ridiculo\\\/\"]}]},{\"@type\":\"ImageObject\",\"inLanguage\":\"es\",\"@id\":\"https:\\\/\\\/arjenoticias.com.mx\\\/opinion\\\/el-ritual-inicial-de-la-corte-de-farandula-y-ridiculo\\\/#primaryimage\",\"url\":\"https:\\\/\\\/arjenoticias.com.mx\\\/wp-content\\\/uploads\\\/2025\\\/09\\\/Ceremonia-scaled.jpeg\",\"contentUrl\":\"https:\\\/\\\/arjenoticias.com.mx\\\/wp-content\\\/uploads\\\/2025\\\/09\\\/Ceremonia-scaled.jpeg\",\"width\":2560,\"height\":1920},{\"@type\":\"BreadcrumbList\",\"@id\":\"https:\\\/\\\/arjenoticias.com.mx\\\/opinion\\\/el-ritual-inicial-de-la-corte-de-farandula-y-ridiculo\\\/#breadcrumb\",\"itemListElement\":[{\"@type\":\"ListItem\",\"position\":1,\"name\":\"Portada\",\"item\":\"https:\\\/\\\/arjenoticias.com.mx\\\/\"},{\"@type\":\"ListItem\",\"position\":2,\"name\":\"El ritual inicial de la corte; de far\u00e1ndula y rid\u00edculo\"}]},{\"@type\":\"WebSite\",\"@id\":\"https:\\\/\\\/arjenoticias.com.mx\\\/#website\",\"url\":\"https:\\\/\\\/arjenoticias.com.mx\\\/\",\"name\":\"Arj\u00e9 M\u00e9xico\",\"description\":\"\",\"publisher\":{\"@id\":\"https:\\\/\\\/arjenoticias.com.mx\\\/#organization\"},\"potentialAction\":[{\"@type\":\"SearchAction\",\"target\":{\"@type\":\"EntryPoint\",\"urlTemplate\":\"https:\\\/\\\/arjenoticias.com.mx\\\/?s={search_term_string}\"},\"query-input\":{\"@type\":\"PropertyValueSpecification\",\"valueRequired\":true,\"valueName\":\"search_term_string\"}}],\"inLanguage\":\"es\"},{\"@type\":\"Organization\",\"@id\":\"https:\\\/\\\/arjenoticias.com.mx\\\/#organization\",\"name\":\"Arj\u00e9 M\u00e9xico\",\"url\":\"https:\\\/\\\/arjenoticias.com.mx\\\/\",\"logo\":{\"@type\":\"ImageObject\",\"inLanguage\":\"es\",\"@id\":\"https:\\\/\\\/arjenoticias.com.mx\\\/#\\\/schema\\\/logo\\\/image\\\/\",\"url\":\"https:\\\/\\\/arjenoticias.com\\\/wp-content\\\/uploads\\\/2026\\\/04\\\/cropped-cropped-logo-inverted-1-scaled-1.png\",\"contentUrl\":\"https:\\\/\\\/arjenoticias.com\\\/wp-content\\\/uploads\\\/2026\\\/04\\\/cropped-cropped-logo-inverted-1-scaled-1.png\",\"width\":2556,\"height\":549,\"caption\":\"Arj\u00e9 M\u00e9xico\"},\"image\":{\"@id\":\"https:\\\/\\\/arjenoticias.com.mx\\\/#\\\/schema\\\/logo\\\/image\\\/\"},\"sameAs\":[\"https:\\\/\\\/www.facebook.com\\\/ArjeNoticiasMX\",\"https:\\\/\\\/x.com\\\/ArjeNoticias\"]},{\"@type\":\"Person\",\"@id\":\"https:\\\/\\\/arjenoticias.com.mx\\\/#\\\/schema\\\/person\\\/269b2b52b24bcc0f09eb6a57914f268e\",\"name\":\"Juan Miguel Alc\u00e1ntara Soria\",\"image\":{\"@type\":\"ImageObject\",\"inLanguage\":\"es\",\"@id\":\"https:\\\/\\\/arjenoticias.com\\\/wp-content\\\/uploads\\\/2026\\\/04\\\/JUAN-MIGUIEL-ALCANTARA-96x96.png\",\"url\":\"https:\\\/\\\/arjenoticias.com\\\/wp-content\\\/uploads\\\/2026\\\/04\\\/JUAN-MIGUIEL-ALCANTARA-96x96.png\",\"contentUrl\":\"https:\\\/\\\/arjenoticias.com\\\/wp-content\\\/uploads\\\/2026\\\/04\\\/JUAN-MIGUIEL-ALCANTARA-96x96.png\",\"caption\":\"Juan Miguel Alc\u00e1ntara Soria\"},\"description\":\"Abogado y pol\u00edtico mexicano, del PAN. Ocup\u00f3 numerosos cargos, entre ellos dos veces diputado federal y procurador de Guanajuato.\",\"url\":\"https:\\\/\\\/arjenoticias.com.mx\\\/author\\\/juan-miguel-alcantara-soria\\\/\"}]}<\/script>\n<!-- \/ Yoast SEO plugin. -->","yoast_head_json":{"title":"El ritual inicial de la corte; de far\u00e1ndula y rid\u00edculo -","description":"Dentro y fuera del pa\u00eds hay estupor, asombro intenso. Al ver a ministros de la corte suprema hincados ante Quetzalc\u00f3atl, el 1\u00b0 de septiembre.","robots":{"index":"index","follow":"follow","max-snippet":"max-snippet:-1","max-image-preview":"max-image-preview:large","max-video-preview":"max-video-preview:-1"},"canonical":"https:\/\/arjenoticias.com.mx\/opinion\/el-ritual-inicial-de-la-corte-de-farandula-y-ridiculo\/","og_locale":"es_ES","og_type":"article","og_title":"El ritual inicial de la corte; de far\u00e1ndula y rid\u00edculo -","og_description":"Dentro y fuera del pa\u00eds hay estupor, asombro intenso. Al ver a ministros de la corte suprema hincados ante Quetzalc\u00f3atl, el 1\u00b0 de septiembre.","og_url":"https:\/\/arjenoticias.com.mx\/opinion\/el-ritual-inicial-de-la-corte-de-farandula-y-ridiculo\/","article_publisher":"https:\/\/www.facebook.com\/ArjeNoticiasMX","article_published_time":"2025-09-07T22:44:39+00:00","article_modified_time":"2025-09-14T00:25:10+00:00","og_image":[{"width":2560,"height":1920,"url":"https:\/\/arjenoticias.com.mx\/wp-content\/uploads\/2025\/09\/Ceremonia-scaled.jpeg","type":"image\/jpeg"}],"author":"Juan Miguel Alc\u00e1ntara Soria","twitter_card":"summary_large_image","twitter_creator":"@ArjeNoticias","twitter_site":"@ArjeNoticias","twitter_misc":{"Escrito por":"Juan Miguel Alc\u00e1ntara Soria","Tiempo de lectura":"3 minutos"},"schema":{"@context":"https:\/\/schema.org","@graph":[{"@type":"Article","@id":"https:\/\/arjenoticias.com.mx\/opinion\/el-ritual-inicial-de-la-corte-de-farandula-y-ridiculo\/#article","isPartOf":{"@id":"https:\/\/arjenoticias.com.mx\/opinion\/el-ritual-inicial-de-la-corte-de-farandula-y-ridiculo\/"},"author":{"name":"Juan Miguel Alc\u00e1ntara Soria","@id":"https:\/\/arjenoticias.com.mx\/#\/schema\/person\/269b2b52b24bcc0f09eb6a57914f268e"},"headline":"El ritual inicial de la corte; de far\u00e1ndula y rid\u00edculo","datePublished":"2025-09-07T22:44:39+00:00","dateModified":"2025-09-14T00:25:10+00:00","mainEntityOfPage":{"@id":"https:\/\/arjenoticias.com.mx\/opinion\/el-ritual-inicial-de-la-corte-de-farandula-y-ridiculo\/"},"wordCount":765,"publisher":{"@id":"https:\/\/arjenoticias.com.mx\/#organization"},"image":{"@id":"https:\/\/arjenoticias.com.mx\/opinion\/el-ritual-inicial-de-la-corte-de-farandula-y-ridiculo\/#primaryimage"},"thumbnailUrl":"https:\/\/arjenoticias.com.mx\/wp-content\/uploads\/2025\/09\/Ceremonia-scaled.jpeg","keywords":["Ministros de la SCJN deben respetar la Constituci\u00f3n"],"articleSection":["Opini\u00f3n"],"inLanguage":"es"},{"@type":"WebPage","@id":"https:\/\/arjenoticias.com.mx\/opinion\/el-ritual-inicial-de-la-corte-de-farandula-y-ridiculo\/","url":"https:\/\/arjenoticias.com.mx\/opinion\/el-ritual-inicial-de-la-corte-de-farandula-y-ridiculo\/","name":"El ritual inicial de la corte; de far\u00e1ndula y rid\u00edculo -","isPartOf":{"@id":"https:\/\/arjenoticias.com.mx\/#website"},"primaryImageOfPage":{"@id":"https:\/\/arjenoticias.com.mx\/opinion\/el-ritual-inicial-de-la-corte-de-farandula-y-ridiculo\/#primaryimage"},"image":{"@id":"https:\/\/arjenoticias.com.mx\/opinion\/el-ritual-inicial-de-la-corte-de-farandula-y-ridiculo\/#primaryimage"},"thumbnailUrl":"https:\/\/arjenoticias.com.mx\/wp-content\/uploads\/2025\/09\/Ceremonia-scaled.jpeg","datePublished":"2025-09-07T22:44:39+00:00","dateModified":"2025-09-14T00:25:10+00:00","description":"Dentro y fuera del pa\u00eds hay estupor, asombro intenso. Al ver a ministros de la corte suprema hincados ante Quetzalc\u00f3atl, el 1\u00b0 de septiembre.","breadcrumb":{"@id":"https:\/\/arjenoticias.com.mx\/opinion\/el-ritual-inicial-de-la-corte-de-farandula-y-ridiculo\/#breadcrumb"},"inLanguage":"es","potentialAction":[{"@type":"ReadAction","target":["https:\/\/arjenoticias.com.mx\/opinion\/el-ritual-inicial-de-la-corte-de-farandula-y-ridiculo\/"]}]},{"@type":"ImageObject","inLanguage":"es","@id":"https:\/\/arjenoticias.com.mx\/opinion\/el-ritual-inicial-de-la-corte-de-farandula-y-ridiculo\/#primaryimage","url":"https:\/\/arjenoticias.com.mx\/wp-content\/uploads\/2025\/09\/Ceremonia-scaled.jpeg","contentUrl":"https:\/\/arjenoticias.com.mx\/wp-content\/uploads\/2025\/09\/Ceremonia-scaled.jpeg","width":2560,"height":1920},{"@type":"BreadcrumbList","@id":"https:\/\/arjenoticias.com.mx\/opinion\/el-ritual-inicial-de-la-corte-de-farandula-y-ridiculo\/#breadcrumb","itemListElement":[{"@type":"ListItem","position":1,"name":"Portada","item":"https:\/\/arjenoticias.com.mx\/"},{"@type":"ListItem","position":2,"name":"El ritual inicial de la corte; de far\u00e1ndula y rid\u00edculo"}]},{"@type":"WebSite","@id":"https:\/\/arjenoticias.com.mx\/#website","url":"https:\/\/arjenoticias.com.mx\/","name":"Arj\u00e9 M\u00e9xico","description":"","publisher":{"@id":"https:\/\/arjenoticias.com.mx\/#organization"},"potentialAction":[{"@type":"SearchAction","target":{"@type":"EntryPoint","urlTemplate":"https:\/\/arjenoticias.com.mx\/?s={search_term_string}"},"query-input":{"@type":"PropertyValueSpecification","valueRequired":true,"valueName":"search_term_string"}}],"inLanguage":"es"},{"@type":"Organization","@id":"https:\/\/arjenoticias.com.mx\/#organization","name":"Arj\u00e9 M\u00e9xico","url":"https:\/\/arjenoticias.com.mx\/","logo":{"@type":"ImageObject","inLanguage":"es","@id":"https:\/\/arjenoticias.com.mx\/#\/schema\/logo\/image\/","url":"https:\/\/arjenoticias.com\/wp-content\/uploads\/2026\/04\/cropped-cropped-logo-inverted-1-scaled-1.png","contentUrl":"https:\/\/arjenoticias.com\/wp-content\/uploads\/2026\/04\/cropped-cropped-logo-inverted-1-scaled-1.png","width":2556,"height":549,"caption":"Arj\u00e9 M\u00e9xico"},"image":{"@id":"https:\/\/arjenoticias.com.mx\/#\/schema\/logo\/image\/"},"sameAs":["https:\/\/www.facebook.com\/ArjeNoticiasMX","https:\/\/x.com\/ArjeNoticias"]},{"@type":"Person","@id":"https:\/\/arjenoticias.com.mx\/#\/schema\/person\/269b2b52b24bcc0f09eb6a57914f268e","name":"Juan Miguel Alc\u00e1ntara Soria","image":{"@type":"ImageObject","inLanguage":"es","@id":"https:\/\/arjenoticias.com\/wp-content\/uploads\/2026\/04\/JUAN-MIGUIEL-ALCANTARA-96x96.png","url":"https:\/\/arjenoticias.com\/wp-content\/uploads\/2026\/04\/JUAN-MIGUIEL-ALCANTARA-96x96.png","contentUrl":"https:\/\/arjenoticias.com\/wp-content\/uploads\/2026\/04\/JUAN-MIGUIEL-ALCANTARA-96x96.png","caption":"Juan Miguel Alc\u00e1ntara Soria"},"description":"Abogado y pol\u00edtico mexicano, del PAN. Ocup\u00f3 numerosos cargos, entre ellos dos veces diputado federal y procurador de Guanajuato.","url":"https:\/\/arjenoticias.com.mx\/author\/juan-miguel-alcantara-soria\/"}]}},"featured_image_urls":{"full":["https:\/\/arjenoticias.com.mx\/wp-content\/uploads\/2025\/09\/Ceremonia-scaled.jpeg",2560,1920,false],"thumbnail":["https:\/\/arjenoticias.com.mx\/wp-content\/uploads\/2025\/09\/Ceremonia-150x150.jpeg",150,150,true],"medium":["https:\/\/arjenoticias.com.mx\/wp-content\/uploads\/2025\/09\/Ceremonia-300x225.jpeg",300,225,true],"medium_large":["https:\/\/arjenoticias.com.mx\/wp-content\/uploads\/2025\/09\/Ceremonia-768x576.jpeg",640,480,true],"large":["https:\/\/arjenoticias.com.mx\/wp-content\/uploads\/2025\/09\/Ceremonia-1024x768.jpeg",640,480,true],"1536x1536":["https:\/\/arjenoticias.com.mx\/wp-content\/uploads\/2025\/09\/Ceremonia-1536x1152.jpeg",1536,1152,true],"2048x2048":["https:\/\/arjenoticias.com.mx\/wp-content\/uploads\/2025\/09\/Ceremonia-2048x1536.jpeg",2048,1536,true],"covernews-featured":["https:\/\/arjenoticias.com.mx\/wp-content\/uploads\/2025\/09\/Ceremonia-scaled.jpeg",1024,768,false],"covernews-medium":["https:\/\/arjenoticias.com.mx\/wp-content\/uploads\/2025\/09\/Ceremonia-scaled.jpeg",453,340,false]},"author_info":{"info":["Juan Miguel Alc\u00e1ntara Soria"]},"category_info":"<a href=\"https:\/\/arjenoticias.com.mx\/category\/opinion\/\" rel=\"category tag\">Opini\u00f3n<\/a>","tag_info":"Opini\u00f3n","comment_count":"0","_links":{"self":[{"href":"https:\/\/arjenoticias.com.mx\/wp-json\/wp\/v2\/posts\/4042","targetHints":{"allow":["GET"]}}],"collection":[{"href":"https:\/\/arjenoticias.com.mx\/wp-json\/wp\/v2\/posts"}],"about":[{"href":"https:\/\/arjenoticias.com.mx\/wp-json\/wp\/v2\/types\/post"}],"author":[{"embeddable":true,"href":"https:\/\/arjenoticias.com.mx\/wp-json\/wp\/v2\/users\/5"}],"replies":[{"embeddable":true,"href":"https:\/\/arjenoticias.com.mx\/wp-json\/wp\/v2\/comments?post=4042"}],"version-history":[{"count":2,"href":"https:\/\/arjenoticias.com.mx\/wp-json\/wp\/v2\/posts\/4042\/revisions"}],"predecessor-version":[{"id":4078,"href":"https:\/\/arjenoticias.com.mx\/wp-json\/wp\/v2\/posts\/4042\/revisions\/4078"}],"wp:featuredmedia":[{"embeddable":true,"href":"https:\/\/arjenoticias.com.mx\/wp-json\/wp\/v2\/media\/3870"}],"wp:attachment":[{"href":"https:\/\/arjenoticias.com.mx\/wp-json\/wp\/v2\/media?parent=4042"}],"wp:term":[{"taxonomy":"category","embeddable":true,"href":"https:\/\/arjenoticias.com.mx\/wp-json\/wp\/v2\/categories?post=4042"},{"taxonomy":"post_tag","embeddable":true,"href":"https:\/\/arjenoticias.com.mx\/wp-json\/wp\/v2\/tags?post=4042"}],"curies":[{"name":"wp","href":"https:\/\/api.w.org\/{rel}","templated":true}]}}