{"id":3953,"date":"2025-09-04T13:02:00","date_gmt":"2025-09-04T19:02:00","guid":{"rendered":"https:\/\/arjenoticias.com\/?p=3953"},"modified":"2025-09-04T13:02:00","modified_gmt":"2025-09-04T19:02:00","slug":"se-va-oronda-maria-julia-lafuente-del-noticiero","status":"publish","type":"post","link":"https:\/\/arjenoticias.com.mx\/?p=3953","title":{"rendered":"Se va &#8220;Oronda&#8221; Mar\u00eda Julia Lafuente del noticiero"},"content":{"rendered":"\n<p class=\"wp-block-paragraph\">Tras 48 a\u00f1os de carrera, la carism\u00e1tica periodista y conductora de la televisi\u00f3n regiomontana, <strong>Mar\u00eda Julia Lafuente<\/strong> anunci\u00f3 su retiro del noticiero <strong>Telediario Mediod\u00eda<\/strong> de Canal 6. Su \u00faltima aparici\u00f3n ser\u00e1 el <strong>viernes 28 de noviembre de 2025<\/strong>, cuando finalizar\u00e1 su ciclo tras <strong>48 a\u00f1os ininterrumpidos<\/strong> en Multimedios.<\/p>\n\n\n\n<blockquote class=\"wp-block-quote is-layout-flow wp-block-quote-is-layout-flow\">\n<p class=\"wp-block-paragraph\">No siempre entender\u00e1s el prop\u00f3sito de cada experiencia en el momento,  todo cobra sentido, cada desaf\u00edo,  cada alegr\u00eda, cada tropiezo,  que va moldeando y guiando hacia donde realmente debes estar&#8221; dio al iniciar el noticiero donde dio a conocer su retiro.<\/p>\n\n\n\n<figure class=\"wp-block-embed is-type-rich is-provider-twitter wp-block-embed-twitter\"><div class=\"wp-block-embed__wrapper\">\n<blockquote class=\"twitter-tweet\" data-width=\"550\" data-dnt=\"true\"><p lang=\"es\" dir=\"ltr\">Se va &quot;oronda&quot; del noticiero, pero muy agradecida con Multimedios, donde analizar\u00e1 nuevos proyectos <a href=\"https:\/\/twitter.com\/licmariajulia?ref_src=twsrc%5Etfw\">@licmariajulia<\/a> <a href=\"https:\/\/twitter.com\/hashtag\/TequermosMar%C3%ADaJulia?src=hash&amp;ref_src=twsrc%5Etfw\">#TequermosMar\u00edaJulia<\/a> <a href=\"https:\/\/t.co\/D8loxBa3Bg\">pic.twitter.com\/D8loxBa3Bg<\/a><\/p>&mdash; Arj\u00e9 Noticias (@ArjeNoticias) <a href=\"https:\/\/twitter.com\/ArjeNoticias\/status\/1963684298562945330?ref_src=twsrc%5Etfw\">September 4, 2025<\/a><\/blockquote><script async src=\"https:\/\/platform.twitter.com\/widgets.js\" charset=\"utf-8\"><\/script>\n<\/div><\/figure>\n\n\n\n<p class=\"wp-block-paragraph\">En sus propias palabras, explic\u00f3 que ha decidido \u201ctomarse un descanso y ponerme en pausa por tiempo indefinido\u201d, aunque afirm\u00f3 que deja las puertas abiertas para posibles proyectos futuros con la empresa<a href=\"https:\/\/www.instagram.com\/reel\/DOKpHLnAIwz\/?utm_source=ig_embed&amp;utm_campaign=loading\" target=\"_blank\" rel=\"noreferrer noopener\"><\/a><\/p>\n<\/blockquote>\n\n\n\n<p class=\"wp-block-paragraph\">La periodista inici\u00f3 su carrera en 1977, desempe\u00f1\u00e1ndose como reportera y co-conductora con el Arquitecto Benavides (+) y la licenciada Martha Zamarripa.<\/p>\n\n\n\n<p class=\"wp-block-paragraph\">Mar\u00eda Julia Lafuente es un \u00edcono del periodismo en Monterrey, donde logr\u00f3 consolidarse como una de las presentadoras m\u00e1s queridas de la televisi\u00f3n regional.<\/p>\n\n\n\n<p class=\"wp-block-paragraph\">Sus frases c\u00e9lebres &#8220;\u00bfYa comi\u00f3 compa\u00f1ero?&#8221;, &#8220;Estoy oronda&#8221; son replicadas por sus seguidores. Su estilo cercano, directo y natural la han  convertido en una figura entra\u00f1able, pero adem\u00e1s por sus saludos afectuosos y hasta las bromas futbol\u00edsticas.<\/p>\n\n\n\n<p class=\"wp-block-paragraph\"><\/p>\n","protected":false},"excerpt":{"rendered":"<p>Tras 48 a\u00f1os de carrera, la carism\u00e1tica periodista y conductora de la televisi\u00f3n regiomontana, Mar\u00eda&#8230;<\/p>\n","protected":false},"author":67,"featured_media":3954,"comment_status":"closed","ping_status":"closed","sticky":false,"template":"","format":"standard","meta":{"footnotes":""},"categories":[4],"tags":[2411],"class_list":["post-3953","post","type-post","status-publish","format-standard","has-post-thumbnail","hentry","category-ciudad","tag-se-va-oronda-maria-julia"],"yoast_head":"<!-- This site is optimized with the Yoast SEO plugin v28.4 - https:\/\/yoast.com\/product\/yoast-seo-wordpress\/ -->\n<title>Se va &quot;Oronda&quot; Mar\u00eda Julia Lafuente del noticiero -<\/title>\n<meta name=\"description\" content=\"Tras 48 a\u00f1os de carrera, la carism\u00e1tica periodista y conductora de la televisi\u00f3n regiomontana, Mar\u00eda Julia Lafuente anunci\u00f3 su retiro del noticiero Telediario Mediod\u00eda de Canal 6.\" \/>\n<meta name=\"robots\" content=\"index, follow, max-snippet:-1, max-image-preview:large, max-video-preview:-1\" \/>\n<link rel=\"canonical\" href=\"https:\/\/arjenoticias.com.mx\/?p=3953\" \/>\n<meta property=\"og:locale\" content=\"es_MX\" \/>\n<meta property=\"og:type\" content=\"article\" \/>\n<meta property=\"og:title\" content=\"Se va &quot;Oronda&quot; Mar\u00eda Julia Lafuente del noticiero -\" \/>\n<meta property=\"og:description\" content=\"Tras 48 a\u00f1os de carrera, la carism\u00e1tica periodista y conductora de la televisi\u00f3n regiomontana, Mar\u00eda Julia Lafuente anunci\u00f3 su retiro del noticiero Telediario Mediod\u00eda de Canal 6.\" \/>\n<meta property=\"og:url\" content=\"https:\/\/arjenoticias.com.mx\/?p=3953\" \/>\n<meta property=\"article:published_time\" content=\"2025-09-04T19:02:00+00:00\" \/>\n<meta name=\"author\" content=\"Teresa Sep\u00falveda Elizondo\" \/>\n<meta name=\"twitter:card\" content=\"summary_large_image\" \/>\n<meta name=\"twitter:label1\" content=\"Escrito por\" \/>\n\t<meta name=\"twitter:data1\" content=\"Teresa Sep\u00falveda Elizondo\" \/>\n\t<meta name=\"twitter:label2\" content=\"Tiempo de lectura\" \/>\n\t<meta name=\"twitter:data2\" content=\"1 minuto\" \/>\n<script type=\"application\/ld+json\" class=\"yoast-schema-graph\">{\"@context\":\"https:\\\/\\\/schema.org\",\"@graph\":[{\"@type\":\"Article\",\"@id\":\"https:\\\/\\\/arjenoticias.com.mx\\\/?p=3953#article\",\"isPartOf\":{\"@id\":\"https:\\\/\\\/arjenoticias.com.mx\\\/?p=3953\"},\"author\":{\"name\":\"Teresa Sep\u00falveda Elizondo\",\"@id\":\"https:\\\/\\\/arjenoticias.com.mx\\\/#\\\/schema\\\/person\\\/da5b96cdb3d0ca850682c4c74f9888d1\"},\"headline\":\"Se va &#8220;Oronda&#8221; Mar\u00eda Julia Lafuente del noticiero\",\"datePublished\":\"2025-09-04T19:02:00+00:00\",\"mainEntityOfPage\":{\"@id\":\"https:\\\/\\\/arjenoticias.com.mx\\\/?p=3953\"},\"wordCount\":231,\"publisher\":{\"@id\":\"https:\\\/\\\/arjenoticias.com.mx\\\/#organization\"},\"image\":{\"@id\":\"https:\\\/\\\/arjenoticias.com.mx\\\/?p=3953#primaryimage\"},\"thumbnailUrl\":\"\",\"keywords\":[\"Se va \\\"Oronda\\\" Mar\u00eda Julia\"],\"articleSection\":[\"Ciudad\"],\"inLanguage\":\"es\"},{\"@type\":\"WebPage\",\"@id\":\"https:\\\/\\\/arjenoticias.com.mx\\\/?p=3953\",\"url\":\"https:\\\/\\\/arjenoticias.com.mx\\\/?p=3953\",\"name\":\"Se va \\\"Oronda\\\" Mar\u00eda Julia Lafuente del noticiero -\",\"isPartOf\":{\"@id\":\"https:\\\/\\\/arjenoticias.com.mx\\\/#website\"},\"primaryImageOfPage\":{\"@id\":\"https:\\\/\\\/arjenoticias.com.mx\\\/?p=3953#primaryimage\"},\"image\":{\"@id\":\"https:\\\/\\\/arjenoticias.com.mx\\\/?p=3953#primaryimage\"},\"thumbnailUrl\":\"\",\"datePublished\":\"2025-09-04T19:02:00+00:00\",\"description\":\"Tras 48 a\u00f1os de carrera, la carism\u00e1tica periodista y conductora de la televisi\u00f3n regiomontana, Mar\u00eda Julia Lafuente anunci\u00f3 su retiro del noticiero Telediario Mediod\u00eda de Canal 6.\",\"breadcrumb\":{\"@id\":\"https:\\\/\\\/arjenoticias.com.mx\\\/?p=3953#breadcrumb\"},\"inLanguage\":\"es\",\"potentialAction\":[{\"@type\":\"ReadAction\",\"target\":[\"https:\\\/\\\/arjenoticias.com.mx\\\/?p=3953\"]}]},{\"@type\":\"ImageObject\",\"inLanguage\":\"es\",\"@id\":\"https:\\\/\\\/arjenoticias.com.mx\\\/?p=3953#primaryimage\",\"url\":\"\",\"contentUrl\":\"\"},{\"@type\":\"BreadcrumbList\",\"@id\":\"https:\\\/\\\/arjenoticias.com.mx\\\/?p=3953#breadcrumb\",\"itemListElement\":[{\"@type\":\"ListItem\",\"position\":1,\"name\":\"Inicio\",\"item\":\"https:\\\/\\\/arjenoticias.com.mx\\\/\"},{\"@type\":\"ListItem\",\"position\":2,\"name\":\"Se va &#8220;Oronda&#8221; Mar\u00eda Julia Lafuente del noticiero\"}]},{\"@type\":\"WebSite\",\"@id\":\"https:\\\/\\\/arjenoticias.com.mx\\\/#website\",\"url\":\"https:\\\/\\\/arjenoticias.com.mx\\\/\",\"name\":\"arjenoticias.com.mx\",\"description\":\"\",\"publisher\":{\"@id\":\"https:\\\/\\\/arjenoticias.com.mx\\\/#organization\"},\"potentialAction\":[{\"@type\":\"SearchAction\",\"target\":{\"@type\":\"EntryPoint\",\"urlTemplate\":\"https:\\\/\\\/arjenoticias.com.mx\\\/?s={search_term_string}\"},\"query-input\":{\"@type\":\"PropertyValueSpecification\",\"valueRequired\":true,\"valueName\":\"search_term_string\"}}],\"inLanguage\":\"es\"},{\"@type\":\"Organization\",\"@id\":\"https:\\\/\\\/arjenoticias.com.mx\\\/#organization\",\"name\":\"Arj\u00e9 de M\u00e9xico Noticias\",\"url\":\"https:\\\/\\\/arjenoticias.com.mx\\\/\",\"logo\":{\"@type\":\"ImageObject\",\"inLanguage\":\"es\",\"@id\":\"https:\\\/\\\/arjenoticias.com.mx\\\/#\\\/schema\\\/logo\\\/image\\\/\",\"url\":\"https:\\\/\\\/arjenoticias.com.mx\\\/wp-content\\\/uploads\\\/2025\\\/07\\\/cropped-logo-scaled-1.png\",\"contentUrl\":\"https:\\\/\\\/arjenoticias.com.mx\\\/wp-content\\\/uploads\\\/2025\\\/07\\\/cropped-logo-scaled-1.png\",\"width\":2558,\"height\":558,\"caption\":\"Arj\u00e9 de M\u00e9xico Noticias\"},\"image\":{\"@id\":\"https:\\\/\\\/arjenoticias.com.mx\\\/#\\\/schema\\\/logo\\\/image\\\/\"}},{\"@type\":\"Person\",\"@id\":\"https:\\\/\\\/arjenoticias.com.mx\\\/#\\\/schema\\\/person\\\/da5b96cdb3d0ca850682c4c74f9888d1\",\"name\":\"Teresa Sep\u00falveda Elizondo\",\"image\":{\"@type\":\"ImageObject\",\"inLanguage\":\"es\",\"@id\":\"https:\\\/\\\/secure.gravatar.com\\\/avatar\\\/d028fefd8eb201705a23e8ddfe978fbf484e56c5190e4b37aa46229a4d471d39?s=96&d=mm&r=g\",\"url\":\"https:\\\/\\\/secure.gravatar.com\\\/avatar\\\/d028fefd8eb201705a23e8ddfe978fbf484e56c5190e4b37aa46229a4d471d39?s=96&d=mm&r=g\",\"contentUrl\":\"https:\\\/\\\/secure.gravatar.com\\\/avatar\\\/d028fefd8eb201705a23e8ddfe978fbf484e56c5190e4b37aa46229a4d471d39?s=96&d=mm&r=g\",\"caption\":\"Teresa Sep\u00falveda Elizondo\"},\"url\":\"https:\\\/\\\/arjenoticias.com.mx\\\/?author=67\"}]}<\/script>\n<!-- \/ Yoast SEO plugin. -->","yoast_head_json":{"title":"Se va \"Oronda\" Mar\u00eda Julia Lafuente del noticiero -","description":"Tras 48 a\u00f1os de carrera, la carism\u00e1tica periodista y conductora de la televisi\u00f3n regiomontana, Mar\u00eda Julia Lafuente anunci\u00f3 su retiro del noticiero Telediario Mediod\u00eda de Canal 6.","robots":{"index":"index","follow":"follow","max-snippet":"max-snippet:-1","max-image-preview":"max-image-preview:large","max-video-preview":"max-video-preview:-1"},"canonical":"https:\/\/arjenoticias.com.mx\/?p=3953","og_locale":"es_MX","og_type":"article","og_title":"Se va \"Oronda\" Mar\u00eda Julia Lafuente del noticiero -","og_description":"Tras 48 a\u00f1os de carrera, la carism\u00e1tica periodista y conductora de la televisi\u00f3n regiomontana, Mar\u00eda Julia Lafuente anunci\u00f3 su retiro del noticiero Telediario Mediod\u00eda de Canal 6.","og_url":"https:\/\/arjenoticias.com.mx\/?p=3953","article_published_time":"2025-09-04T19:02:00+00:00","author":"Teresa Sep\u00falveda Elizondo","twitter_card":"summary_large_image","twitter_misc":{"Escrito por":"Teresa Sep\u00falveda Elizondo","Tiempo de lectura":"1 minuto"},"schema":{"@context":"https:\/\/schema.org","@graph":[{"@type":"Article","@id":"https:\/\/arjenoticias.com.mx\/?p=3953#article","isPartOf":{"@id":"https:\/\/arjenoticias.com.mx\/?p=3953"},"author":{"name":"Teresa Sep\u00falveda Elizondo","@id":"https:\/\/arjenoticias.com.mx\/#\/schema\/person\/da5b96cdb3d0ca850682c4c74f9888d1"},"headline":"Se va &#8220;Oronda&#8221; Mar\u00eda Julia Lafuente del noticiero","datePublished":"2025-09-04T19:02:00+00:00","mainEntityOfPage":{"@id":"https:\/\/arjenoticias.com.mx\/?p=3953"},"wordCount":231,"publisher":{"@id":"https:\/\/arjenoticias.com.mx\/#organization"},"image":{"@id":"https:\/\/arjenoticias.com.mx\/?p=3953#primaryimage"},"thumbnailUrl":"","keywords":["Se va \"Oronda\" Mar\u00eda Julia"],"articleSection":["Ciudad"],"inLanguage":"es"},{"@type":"WebPage","@id":"https:\/\/arjenoticias.com.mx\/?p=3953","url":"https:\/\/arjenoticias.com.mx\/?p=3953","name":"Se va \"Oronda\" Mar\u00eda Julia Lafuente del noticiero -","isPartOf":{"@id":"https:\/\/arjenoticias.com.mx\/#website"},"primaryImageOfPage":{"@id":"https:\/\/arjenoticias.com.mx\/?p=3953#primaryimage"},"image":{"@id":"https:\/\/arjenoticias.com.mx\/?p=3953#primaryimage"},"thumbnailUrl":"","datePublished":"2025-09-04T19:02:00+00:00","description":"Tras 48 a\u00f1os de carrera, la carism\u00e1tica periodista y conductora de la televisi\u00f3n regiomontana, Mar\u00eda Julia Lafuente anunci\u00f3 su retiro del noticiero Telediario Mediod\u00eda de Canal 6.","breadcrumb":{"@id":"https:\/\/arjenoticias.com.mx\/?p=3953#breadcrumb"},"inLanguage":"es","potentialAction":[{"@type":"ReadAction","target":["https:\/\/arjenoticias.com.mx\/?p=3953"]}]},{"@type":"ImageObject","inLanguage":"es","@id":"https:\/\/arjenoticias.com.mx\/?p=3953#primaryimage","url":"","contentUrl":""},{"@type":"BreadcrumbList","@id":"https:\/\/arjenoticias.com.mx\/?p=3953#breadcrumb","itemListElement":[{"@type":"ListItem","position":1,"name":"Inicio","item":"https:\/\/arjenoticias.com.mx\/"},{"@type":"ListItem","position":2,"name":"Se va &#8220;Oronda&#8221; Mar\u00eda Julia Lafuente del noticiero"}]},{"@type":"WebSite","@id":"https:\/\/arjenoticias.com.mx\/#website","url":"https:\/\/arjenoticias.com.mx\/","name":"arjenoticias.com.mx","description":"","publisher":{"@id":"https:\/\/arjenoticias.com.mx\/#organization"},"potentialAction":[{"@type":"SearchAction","target":{"@type":"EntryPoint","urlTemplate":"https:\/\/arjenoticias.com.mx\/?s={search_term_string}"},"query-input":{"@type":"PropertyValueSpecification","valueRequired":true,"valueName":"search_term_string"}}],"inLanguage":"es"},{"@type":"Organization","@id":"https:\/\/arjenoticias.com.mx\/#organization","name":"Arj\u00e9 de M\u00e9xico Noticias","url":"https:\/\/arjenoticias.com.mx\/","logo":{"@type":"ImageObject","inLanguage":"es","@id":"https:\/\/arjenoticias.com.mx\/#\/schema\/logo\/image\/","url":"https:\/\/arjenoticias.com.mx\/wp-content\/uploads\/2025\/07\/cropped-logo-scaled-1.png","contentUrl":"https:\/\/arjenoticias.com.mx\/wp-content\/uploads\/2025\/07\/cropped-logo-scaled-1.png","width":2558,"height":558,"caption":"Arj\u00e9 de M\u00e9xico Noticias"},"image":{"@id":"https:\/\/arjenoticias.com.mx\/#\/schema\/logo\/image\/"}},{"@type":"Person","@id":"https:\/\/arjenoticias.com.mx\/#\/schema\/person\/da5b96cdb3d0ca850682c4c74f9888d1","name":"Teresa Sep\u00falveda Elizondo","image":{"@type":"ImageObject","inLanguage":"es","@id":"https:\/\/secure.gravatar.com\/avatar\/d028fefd8eb201705a23e8ddfe978fbf484e56c5190e4b37aa46229a4d471d39?s=96&d=mm&r=g","url":"https:\/\/secure.gravatar.com\/avatar\/d028fefd8eb201705a23e8ddfe978fbf484e56c5190e4b37aa46229a4d471d39?s=96&d=mm&r=g","contentUrl":"https:\/\/secure.gravatar.com\/avatar\/d028fefd8eb201705a23e8ddfe978fbf484e56c5190e4b37aa46229a4d471d39?s=96&d=mm&r=g","caption":"Teresa Sep\u00falveda Elizondo"},"url":"https:\/\/arjenoticias.com.mx\/?author=67"}]}},"_links":{"self":[{"href":"https:\/\/arjenoticias.com.mx\/index.php?rest_route=\/wp\/v2\/posts\/3953","targetHints":{"allow":["GET"]}}],"collection":[{"href":"https:\/\/arjenoticias.com.mx\/index.php?rest_route=\/wp\/v2\/posts"}],"about":[{"href":"https:\/\/arjenoticias.com.mx\/index.php?rest_route=\/wp\/v2\/types\/post"}],"author":[{"embeddable":true,"href":"https:\/\/arjenoticias.com.mx\/index.php?rest_route=\/wp\/v2\/users\/67"}],"replies":[{"embeddable":true,"href":"https:\/\/arjenoticias.com.mx\/index.php?rest_route=%2Fwp%2Fv2%2Fcomments&post=3953"}],"version-history":[{"count":0,"href":"https:\/\/arjenoticias.com.mx\/index.php?rest_route=\/wp\/v2\/posts\/3953\/revisions"}],"wp:attachment":[{"href":"https:\/\/arjenoticias.com.mx\/index.php?rest_route=%2Fwp%2Fv2%2Fmedia&parent=3953"}],"wp:term":[{"taxonomy":"category","embeddable":true,"href":"https:\/\/arjenoticias.com.mx\/index.php?rest_route=%2Fwp%2Fv2%2Fcategories&post=3953"},{"taxonomy":"post_tag","embeddable":true,"href":"https:\/\/arjenoticias.com.mx\/index.php?rest_route=%2Fwp%2Fv2%2Ftags&post=3953"}],"curies":[{"name":"wp","href":"https:\/\/api.w.org\/{rel}","templated":true}]}}