{"id":3514,"date":"2025-08-27T19:03:05","date_gmt":"2025-08-27T19:03:05","guid":{"rendered":"https:\/\/arjenoticias.com\/?p=3514"},"modified":"2025-08-27T19:03:05","modified_gmt":"2025-08-27T19:03:05","slug":"ese-engendro-llamado-miedo","status":"publish","type":"post","link":"https:\/\/arjenoticias.com.mx\/?p=3514","title":{"rendered":"Ese engendro llamado miedo"},"content":{"rendered":"\n<p class=\"wp-block-paragraph\">Cuando la Presidenta Sheinbaum resucit\u00f3 la propuesta oficial de una reforma pol\u00edtica, tambi\u00e9n revel\u00f3 el miedo oficialista a perder el poder. El que un gobierno que controla todo haga esa propuesta provoca la pregunta: \u00bfsi Morena logr\u00f3 la mayor\u00eda calificada en ambas C\u00e1maras del Congreso en la \u00faltima elecci\u00f3n bajo las actuales leyes electorales, qu\u00e9 necesidad tiene de abrir la caja de Pandora, buscando una nueva ley electoral a\u00fan m\u00e1s controladora y cerrada?<\/p>\n\n\n\n<p class=\"wp-block-paragraph\">\u00bfDe d\u00f3nde proviene su miedo a perder el poder? El miedo de Sheinbaum es el miedo que comparte con L\u00f3pez Obrador, autor intelectual y material del Plan \u201cC\u201d. El ex presidente propuso un plan para asegurar la continuidad hist\u00f3rica de la 4T. Claro, la derrota del MAS en Bolivia es muestra de la fragilidad de esos proyectos populo-autoritarios, pues Hitler tambi\u00e9n pens\u00f3 que el Tercer Reich iba a durar mil a\u00f1os.<\/p>\n\n\n\n<p class=\"wp-block-paragraph\">Quiz\u00e1 la 4T sabe \u00edntimamente que el poder es un art\u00edculo fr\u00e1gil que puede perderse en cualquier momento. Por ello, el Plan \u201cC\u201d pretende organizar un asalto al Estado, provocando lo que ser\u00eda, en los hechos, un golpe de Estado desde dentro del mismo Estado.<\/p>\n\n\n\n<p class=\"wp-block-paragraph\">Sus ejes de acci\u00f3n as\u00ed lo indican. Eje 1 requiere el debilitamiento de las instituciones del Estado o, en su caso, su completa colonizaci\u00f3n por parte de agentes leales. As\u00ed, avanz\u00f3 sobre el Ej\u00e9rcito, la Marina y la Guardia Nacional como factores no solo de estabilidad y control, sino de lealtad pol\u00edtica a la 4T. Normaliza la asociaci\u00f3n con el crimen organizado como factor de \u00a1estabilidad pol\u00edtica!<\/p>\n\n\n\n<p class=\"wp-block-paragraph\">Eje 2 convoc\u00f3 a la ocupaci\u00f3n y alineamiento de los tres Poderes del Estado: Ejecutivo, Legislativo y Judicial al proyecto pol\u00edtico de la 4T.<\/p>\n\n\n\n<p class=\"wp-block-paragraph\">Eje 3 activ\u00f3 el proyecto de subordinar a los \u00f3rganos aut\u00f3nomos del Estado a una autoridad administrativa. As\u00ed, desaparecen como tales el INAI, INE, Banco de M\u00e9xico, Tribunal Federal Electoral y todos los reguladores econ\u00f3micos aut\u00f3nomos.<\/p>\n\n\n\n<p class=\"wp-block-paragraph\">Eje 4 requiere consolidar las empresas del Estado como PEMEX y CFE, contrariando el mandato de mercado y competencia impuesto por el T-MEC.<\/p>\n\n\n\n<p class=\"wp-block-paragraph\">Eje 5 obliga a la constitucionalidad y obligatoriedad de todos los programas sociales, como instrumentos de lealtad y control sobre amplios sectores de la poblaci\u00f3n.<\/p>\n\n\n\n<p class=\"wp-block-paragraph\">Eje 6 plantea la necesidad de una reforma electoral para reducir la competitividad de las elecciones, reduciendo los espacios disponibles para la oposici\u00f3n y tambi\u00e9n su financiamiento p\u00fablico. Se mantienen las elecciones, pero en un \u00e1mbito m\u00e1s reducido y controlado por el gobierno, incluyendo el recuento de los votos y el anuncio de los ganadores por funcionarios del gobierno. Ya hubo un primer ejemplo de ello durante la elecci\u00f3n del Poder Judicial.<\/p>\n\n\n\n<p class=\"wp-block-paragraph\">Eje 7 fomenta la polarizaci\u00f3n social entre gobierno y oposici\u00f3n, acompa\u00f1ado de una progresiva radicalizaci\u00f3n de las posturas pol\u00edticas de la 4T con relaci\u00f3n a la democracia (cada vez m\u00e1s restringida y limitada) y las relaciones internacionales (cada vez m\u00e1s inclinadas contra Estados Unidos y para favorecer a los reg\u00edmenes populo-autoritarios en Am\u00e9rica Latina y a favor del bloque China-Rusia).<\/p>\n\n\n\n<p class=\"wp-block-paragraph\">Eje 8 promueve menos tolerancia hacia los medios de comunicaci\u00f3n que critican al gobierno. La persecuci\u00f3n de periodistas y comunicadores se vuelve una pol\u00edtica de Estado.<\/p>\n\n\n\n<p class=\"wp-block-paragraph\">Eje 9 busca limitar la expresi\u00f3n ciudadana en redes y por v\u00edas de protesta. El uso de leyes para encarcelar, castigar o multar a ciudadanos que critican a personas o pol\u00edticas del r\u00e9gimen se vuelve una pr\u00e1ctica \u201csocialmente aceptada\u201d por el gobierno y su partido.&nbsp;<\/p>\n\n\n\n<p class=\"wp-block-paragraph\">Eje 10 es el m\u00e1s discreto de todos los ejes. En \u00e9l los actores pol\u00edticos principales, temiendo la finitud de sus proyectos, dise\u00f1an rutas de escape, acumulando riquezas fuera del pa\u00eds o buscan posibilidades de asilo pol\u00edtico (como en Cuba, por ejemplo). Tambi\u00e9n promulgan leyes que les otorgan amnist\u00edas o leyes de punto final para cr\u00edmenes pasados.<\/p>\n\n\n\n<p class=\"wp-block-paragraph\">La existencia de todos estos elementos en la actualidad en los planes y el quehacer de la 4T proporciona una mirada microsc\u00f3pica sobre un gobierno poderoso y controlador que, a la vez, se siente vulnerable y fr\u00e1gil. Es abusivamente fuerte y, al mismo tiempo, tiene miedo.<\/p>\n\n\n\n<p class=\"wp-block-paragraph\"><\/p>\n","protected":false},"excerpt":{"rendered":"<p>Cuando la Presidenta Sheinbaum resucit\u00f3 la propuesta oficial de una reforma pol\u00edtica, tambi\u00e9n revel\u00f3 el&#8230;<\/p>\n","protected":false},"author":89,"featured_media":0,"comment_status":"closed","ping_status":"closed","sticky":false,"template":"","format":"standard","meta":{"footnotes":""},"categories":[12],"tags":[74,1737,1779],"class_list":["post-3514","post","type-post","status-publish","format-standard","hentry","category-opinion","tag-4t","tag-miedo","tag-morena"],"yoast_head":"<!-- This site is optimized with the Yoast SEO plugin v28.4 - https:\/\/yoast.com\/product\/yoast-seo-wordpress\/ -->\n<title>Ese engendro llamado miedo -<\/title>\n<meta name=\"description\" content=\"Cuando la Presidenta Sheinbaum resucit\u00f3 la propuesta oficial de una reforma pol\u00edtica, tambi\u00e9n revel\u00f3 el miedo oficialista a perder el poder.\" \/>\n<meta name=\"robots\" content=\"index, follow, max-snippet:-1, max-image-preview:large, max-video-preview:-1\" \/>\n<link rel=\"canonical\" href=\"https:\/\/arjenoticias.com.mx\/?p=3514\" \/>\n<meta property=\"og:locale\" content=\"es_MX\" \/>\n<meta property=\"og:type\" content=\"article\" \/>\n<meta property=\"og:title\" content=\"Ese engendro llamado miedo -\" \/>\n<meta property=\"og:description\" content=\"Cuando la Presidenta Sheinbaum resucit\u00f3 la propuesta oficial de una reforma pol\u00edtica, tambi\u00e9n revel\u00f3 el miedo oficialista a perder el poder.\" \/>\n<meta property=\"og:url\" content=\"https:\/\/arjenoticias.com.mx\/?p=3514\" \/>\n<meta property=\"article:published_time\" content=\"2025-08-27T19:03:05+00:00\" \/>\n<meta name=\"author\" content=\"Ricardo Pascoe\" \/>\n<meta name=\"twitter:card\" content=\"summary_large_image\" \/>\n<meta name=\"twitter:label1\" content=\"Escrito por\" \/>\n\t<meta name=\"twitter:data1\" content=\"Ricardo Pascoe\" \/>\n\t<meta name=\"twitter:label2\" content=\"Tiempo de lectura\" \/>\n\t<meta name=\"twitter:data2\" content=\"4 minutos\" \/>\n<script type=\"application\/ld+json\" class=\"yoast-schema-graph\">{\"@context\":\"https:\\\/\\\/schema.org\",\"@graph\":[{\"@type\":\"Article\",\"@id\":\"https:\\\/\\\/arjenoticias.com.mx\\\/?p=3514#article\",\"isPartOf\":{\"@id\":\"https:\\\/\\\/arjenoticias.com.mx\\\/?p=3514\"},\"author\":{\"name\":\"Ricardo Pascoe\",\"@id\":\"https:\\\/\\\/arjenoticias.com.mx\\\/#\\\/schema\\\/person\\\/c1d0a0c6c75fb596ac3d95b802a44faf\"},\"headline\":\"Ese engendro llamado miedo\",\"datePublished\":\"2025-08-27T19:03:05+00:00\",\"mainEntityOfPage\":{\"@id\":\"https:\\\/\\\/arjenoticias.com.mx\\\/?p=3514\"},\"wordCount\":726,\"publisher\":{\"@id\":\"https:\\\/\\\/arjenoticias.com.mx\\\/#organization\"},\"keywords\":[\"4T\",\"Miedo\",\"Morena\"],\"articleSection\":[\"Opini\u00f3n\"],\"inLanguage\":\"es\"},{\"@type\":\"WebPage\",\"@id\":\"https:\\\/\\\/arjenoticias.com.mx\\\/?p=3514\",\"url\":\"https:\\\/\\\/arjenoticias.com.mx\\\/?p=3514\",\"name\":\"Ese engendro llamado miedo -\",\"isPartOf\":{\"@id\":\"https:\\\/\\\/arjenoticias.com.mx\\\/#website\"},\"datePublished\":\"2025-08-27T19:03:05+00:00\",\"description\":\"Cuando la Presidenta Sheinbaum resucit\u00f3 la propuesta oficial de una reforma pol\u00edtica, tambi\u00e9n revel\u00f3 el miedo oficialista a perder el poder.\",\"breadcrumb\":{\"@id\":\"https:\\\/\\\/arjenoticias.com.mx\\\/?p=3514#breadcrumb\"},\"inLanguage\":\"es\",\"potentialAction\":[{\"@type\":\"ReadAction\",\"target\":[\"https:\\\/\\\/arjenoticias.com.mx\\\/?p=3514\"]}]},{\"@type\":\"BreadcrumbList\",\"@id\":\"https:\\\/\\\/arjenoticias.com.mx\\\/?p=3514#breadcrumb\",\"itemListElement\":[{\"@type\":\"ListItem\",\"position\":1,\"name\":\"Inicio\",\"item\":\"https:\\\/\\\/arjenoticias.com.mx\\\/\"},{\"@type\":\"ListItem\",\"position\":2,\"name\":\"Ese engendro llamado miedo\"}]},{\"@type\":\"WebSite\",\"@id\":\"https:\\\/\\\/arjenoticias.com.mx\\\/#website\",\"url\":\"https:\\\/\\\/arjenoticias.com.mx\\\/\",\"name\":\"arjenoticias.com.mx\",\"description\":\"\",\"publisher\":{\"@id\":\"https:\\\/\\\/arjenoticias.com.mx\\\/#organization\"},\"potentialAction\":[{\"@type\":\"SearchAction\",\"target\":{\"@type\":\"EntryPoint\",\"urlTemplate\":\"https:\\\/\\\/arjenoticias.com.mx\\\/?s={search_term_string}\"},\"query-input\":{\"@type\":\"PropertyValueSpecification\",\"valueRequired\":true,\"valueName\":\"search_term_string\"}}],\"inLanguage\":\"es\"},{\"@type\":\"Organization\",\"@id\":\"https:\\\/\\\/arjenoticias.com.mx\\\/#organization\",\"name\":\"Arj\u00e9 de M\u00e9xico Noticias\",\"url\":\"https:\\\/\\\/arjenoticias.com.mx\\\/\",\"logo\":{\"@type\":\"ImageObject\",\"inLanguage\":\"es\",\"@id\":\"https:\\\/\\\/arjenoticias.com.mx\\\/#\\\/schema\\\/logo\\\/image\\\/\",\"url\":\"https:\\\/\\\/arjenoticias.com.mx\\\/wp-content\\\/uploads\\\/2025\\\/07\\\/cropped-logo-scaled-1.png\",\"contentUrl\":\"https:\\\/\\\/arjenoticias.com.mx\\\/wp-content\\\/uploads\\\/2025\\\/07\\\/cropped-logo-scaled-1.png\",\"width\":2558,\"height\":558,\"caption\":\"Arj\u00e9 de M\u00e9xico Noticias\"},\"image\":{\"@id\":\"https:\\\/\\\/arjenoticias.com.mx\\\/#\\\/schema\\\/logo\\\/image\\\/\"}},{\"@type\":\"Person\",\"@id\":\"https:\\\/\\\/arjenoticias.com.mx\\\/#\\\/schema\\\/person\\\/c1d0a0c6c75fb596ac3d95b802a44faf\",\"name\":\"Ricardo Pascoe\",\"image\":{\"@type\":\"ImageObject\",\"inLanguage\":\"es\",\"@id\":\"https:\\\/\\\/secure.gravatar.com\\\/avatar\\\/64cd2b784059cbf3b98256997ad15d439f5a73f8e754977b909f9f0f8b44b19f?s=96&d=mm&r=g\",\"url\":\"https:\\\/\\\/secure.gravatar.com\\\/avatar\\\/64cd2b784059cbf3b98256997ad15d439f5a73f8e754977b909f9f0f8b44b19f?s=96&d=mm&r=g\",\"contentUrl\":\"https:\\\/\\\/secure.gravatar.com\\\/avatar\\\/64cd2b784059cbf3b98256997ad15d439f5a73f8e754977b909f9f0f8b44b19f?s=96&d=mm&r=g\",\"caption\":\"Ricardo Pascoe\"},\"url\":\"https:\\\/\\\/arjenoticias.com.mx\\\/?author=89\"}]}<\/script>\n<!-- \/ Yoast SEO plugin. -->","yoast_head_json":{"title":"Ese engendro llamado miedo -","description":"Cuando la Presidenta Sheinbaum resucit\u00f3 la propuesta oficial de una reforma pol\u00edtica, tambi\u00e9n revel\u00f3 el miedo oficialista a perder el poder.","robots":{"index":"index","follow":"follow","max-snippet":"max-snippet:-1","max-image-preview":"max-image-preview:large","max-video-preview":"max-video-preview:-1"},"canonical":"https:\/\/arjenoticias.com.mx\/?p=3514","og_locale":"es_MX","og_type":"article","og_title":"Ese engendro llamado miedo -","og_description":"Cuando la Presidenta Sheinbaum resucit\u00f3 la propuesta oficial de una reforma pol\u00edtica, tambi\u00e9n revel\u00f3 el miedo oficialista a perder el poder.","og_url":"https:\/\/arjenoticias.com.mx\/?p=3514","article_published_time":"2025-08-27T19:03:05+00:00","author":"Ricardo Pascoe","twitter_card":"summary_large_image","twitter_misc":{"Escrito por":"Ricardo Pascoe","Tiempo de lectura":"4 minutos"},"schema":{"@context":"https:\/\/schema.org","@graph":[{"@type":"Article","@id":"https:\/\/arjenoticias.com.mx\/?p=3514#article","isPartOf":{"@id":"https:\/\/arjenoticias.com.mx\/?p=3514"},"author":{"name":"Ricardo Pascoe","@id":"https:\/\/arjenoticias.com.mx\/#\/schema\/person\/c1d0a0c6c75fb596ac3d95b802a44faf"},"headline":"Ese engendro llamado miedo","datePublished":"2025-08-27T19:03:05+00:00","mainEntityOfPage":{"@id":"https:\/\/arjenoticias.com.mx\/?p=3514"},"wordCount":726,"publisher":{"@id":"https:\/\/arjenoticias.com.mx\/#organization"},"keywords":["4T","Miedo","Morena"],"articleSection":["Opini\u00f3n"],"inLanguage":"es"},{"@type":"WebPage","@id":"https:\/\/arjenoticias.com.mx\/?p=3514","url":"https:\/\/arjenoticias.com.mx\/?p=3514","name":"Ese engendro llamado miedo -","isPartOf":{"@id":"https:\/\/arjenoticias.com.mx\/#website"},"datePublished":"2025-08-27T19:03:05+00:00","description":"Cuando la Presidenta Sheinbaum resucit\u00f3 la propuesta oficial de una reforma pol\u00edtica, tambi\u00e9n revel\u00f3 el miedo oficialista a perder el poder.","breadcrumb":{"@id":"https:\/\/arjenoticias.com.mx\/?p=3514#breadcrumb"},"inLanguage":"es","potentialAction":[{"@type":"ReadAction","target":["https:\/\/arjenoticias.com.mx\/?p=3514"]}]},{"@type":"BreadcrumbList","@id":"https:\/\/arjenoticias.com.mx\/?p=3514#breadcrumb","itemListElement":[{"@type":"ListItem","position":1,"name":"Inicio","item":"https:\/\/arjenoticias.com.mx\/"},{"@type":"ListItem","position":2,"name":"Ese engendro llamado miedo"}]},{"@type":"WebSite","@id":"https:\/\/arjenoticias.com.mx\/#website","url":"https:\/\/arjenoticias.com.mx\/","name":"arjenoticias.com.mx","description":"","publisher":{"@id":"https:\/\/arjenoticias.com.mx\/#organization"},"potentialAction":[{"@type":"SearchAction","target":{"@type":"EntryPoint","urlTemplate":"https:\/\/arjenoticias.com.mx\/?s={search_term_string}"},"query-input":{"@type":"PropertyValueSpecification","valueRequired":true,"valueName":"search_term_string"}}],"inLanguage":"es"},{"@type":"Organization","@id":"https:\/\/arjenoticias.com.mx\/#organization","name":"Arj\u00e9 de M\u00e9xico Noticias","url":"https:\/\/arjenoticias.com.mx\/","logo":{"@type":"ImageObject","inLanguage":"es","@id":"https:\/\/arjenoticias.com.mx\/#\/schema\/logo\/image\/","url":"https:\/\/arjenoticias.com.mx\/wp-content\/uploads\/2025\/07\/cropped-logo-scaled-1.png","contentUrl":"https:\/\/arjenoticias.com.mx\/wp-content\/uploads\/2025\/07\/cropped-logo-scaled-1.png","width":2558,"height":558,"caption":"Arj\u00e9 de M\u00e9xico Noticias"},"image":{"@id":"https:\/\/arjenoticias.com.mx\/#\/schema\/logo\/image\/"}},{"@type":"Person","@id":"https:\/\/arjenoticias.com.mx\/#\/schema\/person\/c1d0a0c6c75fb596ac3d95b802a44faf","name":"Ricardo Pascoe","image":{"@type":"ImageObject","inLanguage":"es","@id":"https:\/\/secure.gravatar.com\/avatar\/64cd2b784059cbf3b98256997ad15d439f5a73f8e754977b909f9f0f8b44b19f?s=96&d=mm&r=g","url":"https:\/\/secure.gravatar.com\/avatar\/64cd2b784059cbf3b98256997ad15d439f5a73f8e754977b909f9f0f8b44b19f?s=96&d=mm&r=g","contentUrl":"https:\/\/secure.gravatar.com\/avatar\/64cd2b784059cbf3b98256997ad15d439f5a73f8e754977b909f9f0f8b44b19f?s=96&d=mm&r=g","caption":"Ricardo Pascoe"},"url":"https:\/\/arjenoticias.com.mx\/?author=89"}]}},"_links":{"self":[{"href":"https:\/\/arjenoticias.com.mx\/index.php?rest_route=\/wp\/v2\/posts\/3514","targetHints":{"allow":["GET"]}}],"collection":[{"href":"https:\/\/arjenoticias.com.mx\/index.php?rest_route=\/wp\/v2\/posts"}],"about":[{"href":"https:\/\/arjenoticias.com.mx\/index.php?rest_route=\/wp\/v2\/types\/post"}],"author":[{"embeddable":true,"href":"https:\/\/arjenoticias.com.mx\/index.php?rest_route=\/wp\/v2\/users\/89"}],"replies":[{"embeddable":true,"href":"https:\/\/arjenoticias.com.mx\/index.php?rest_route=%2Fwp%2Fv2%2Fcomments&post=3514"}],"version-history":[{"count":0,"href":"https:\/\/arjenoticias.com.mx\/index.php?rest_route=\/wp\/v2\/posts\/3514\/revisions"}],"wp:attachment":[{"href":"https:\/\/arjenoticias.com.mx\/index.php?rest_route=%2Fwp%2Fv2%2Fmedia&parent=3514"}],"wp:term":[{"taxonomy":"category","embeddable":true,"href":"https:\/\/arjenoticias.com.mx\/index.php?rest_route=%2Fwp%2Fv2%2Fcategories&post=3514"},{"taxonomy":"post_tag","embeddable":true,"href":"https:\/\/arjenoticias.com.mx\/index.php?rest_route=%2Fwp%2Fv2%2Ftags&post=3514"}],"curies":[{"name":"wp","href":"https:\/\/api.w.org\/{rel}","templated":true}]}}