{"id":3501,"date":"2025-08-27T16:02:14","date_gmt":"2025-08-27T16:02:14","guid":{"rendered":"https:\/\/arjenoticias.com\/?p=3501"},"modified":"2025-08-27T16:02:14","modified_gmt":"2025-08-27T16:02:14","slug":"en-las-crisis-nacen-movimientos-sociales-el-barzon-fue-uno-de-ellos","status":"publish","type":"post","link":"https:\/\/arjenoticias.com.mx\/?p=3501","title":{"rendered":"En las crisis nacen movimientos sociales, el Barz\u00f3n fue uno de ellos"},"content":{"rendered":"\n<p class=\"wp-block-paragraph\">Agosto 26 de 1993<\/p>\n\n\n\n<h2 class=\"wp-block-heading\">Nace El Barz\u00f3n, un movimiento social con registro de asociaci\u00f3n civil, enfocado al campo nacional, como protesta en contra de los embargos, remates, y desalojos de la banca propiciados por las altas tasas de inter\u00e9s autorizadas por el gobierno, representando la quiebra de muchos productores del campo. Este movimiento se instal\u00f3 en principio en los estados de Sonora y Chihuahua,, continuando despu\u00e9s en Zacatecas y en el Baj\u00edo.<\/h2>\n\n\n\n<p class=\"wp-block-paragraph\"> Pronto se desparram\u00f3 ese movimiento por todo el territorio nacional, pues las v\u00edctimas de la voracidad bancaria eran adem\u00e1s de productores campesinos, peque\u00f1os y medianos empresarios, profesionistas que trabajaban en forma independiente y hasta obreros, es decir, grupos representativos de la sociedad nacional. <\/p>\n\n\n\n<p class=\"wp-block-paragraph\"><strong>El Barz\u00f3n se construy\u00f3 r\u00e1pidamente un prestigio<\/strong>, pues las quejas abundaban entre los deudores de cr\u00e9ditos empresariales y personales debido a que las tarjetas de cr\u00e9dito cobraban intereses que algunas veces rondaban el 80 %, lo que condenaba al deudor a malbaratar sus activos para responder a las presiones de los bancos, y el Barz\u00f3n los defend\u00eda.<\/p>\n\n\n\n<p class=\"wp-block-paragraph\">El momento econ\u00f3mico y pol\u00edtico que se viv\u00eda era delicado, porque el Tratado de Libre Comercio estaba a punto de iniciar su vigencia en la materia de comercio internacional, y en paralelo surgi\u00f3 el Ej\u00e9rcito Zapatista de Liberaci\u00f3n Nacional, una fuerza militarizada de campesinos que irrumpir\u00eda con violencia enfrentando al Ej\u00e9rcito Nacional, a partir del d\u00eda 1\u00ba de enero de 1994. <\/p>\n\n\n\n<blockquote class=\"wp-block-quote is-layout-flow wp-block-quote-is-layout-flow\">\n<p class=\"wp-block-paragraph\">De los l\u00edderes pol\u00edticos de El Barz\u00f3n surgieron algunos funcionarios legisladores como Alfonso Ram\u00edrez Cu\u00e9llar, Maximiano Barbosa, Crecencio Morales, y Liliana Flores Benavides, que lucieron en la tribuna legislativa defendiendo los derechos de sus representados.<\/p>\n<\/blockquote>\n\n\n\n<blockquote class=\"wp-block-quote is-layout-flow wp-block-quote-is-layout-flow\">\n<p class=\"wp-block-paragraph\"><\/p>\n<\/blockquote>\n\n\n\n<p class=\"wp-block-paragraph\"><\/p>\n","protected":false},"excerpt":{"rendered":"<p>Agosto 26 de 1993 Nace El Barz\u00f3n, un movimiento social con registro de asociaci\u00f3n civil,&#8230;<\/p>\n","protected":false},"author":103,"featured_media":3502,"comment_status":"closed","ping_status":"closed","sticky":false,"template":"","format":"standard","meta":{"footnotes":""},"categories":[8],"tags":[],"class_list":["post-3501","post","type-post","status-publish","format-standard","has-post-thumbnail","hentry","category-los-poetas"],"yoast_head":"<!-- This site is optimized with the Yoast SEO plugin v28.4 - https:\/\/yoast.com\/product\/yoast-seo-wordpress\/ -->\n<title>En las crisis nacen movimientos sociales, el Barz\u00f3n fue uno de ellos -<\/title>\n<meta name=\"description\" content=\"En las crisis nacen movimientos sociales, el Barz\u00f3n fue uno de ellos, nos informa el cronista de Monterrey, Leopoldo Espinosa Benavides.\" \/>\n<meta name=\"robots\" content=\"index, follow, max-snippet:-1, max-image-preview:large, max-video-preview:-1\" \/>\n<link rel=\"canonical\" href=\"https:\/\/arjenoticias.com.mx\/?p=3501\" \/>\n<meta property=\"og:locale\" content=\"es_MX\" \/>\n<meta property=\"og:type\" content=\"article\" \/>\n<meta property=\"og:title\" content=\"En las crisis nacen movimientos sociales, el Barz\u00f3n fue uno de ellos -\" \/>\n<meta property=\"og:description\" content=\"En las crisis nacen movimientos sociales, el Barz\u00f3n fue uno de ellos, nos informa el cronista de Monterrey, Leopoldo Espinosa Benavides.\" \/>\n<meta property=\"og:url\" content=\"https:\/\/arjenoticias.com.mx\/?p=3501\" \/>\n<meta property=\"article:published_time\" content=\"2025-08-27T16:02:14+00:00\" \/>\n<meta name=\"author\" content=\"Leopoldo Espinosa Benavides\" \/>\n<meta name=\"twitter:card\" content=\"summary_large_image\" \/>\n<meta name=\"twitter:label1\" content=\"Escrito por\" \/>\n\t<meta name=\"twitter:data1\" content=\"Leopoldo Espinosa Benavides\" \/>\n\t<meta name=\"twitter:label2\" content=\"Tiempo de lectura\" \/>\n\t<meta name=\"twitter:data2\" content=\"2 minutos\" \/>\n<script type=\"application\/ld+json\" class=\"yoast-schema-graph\">{\"@context\":\"https:\\\/\\\/schema.org\",\"@graph\":[{\"@type\":\"Article\",\"@id\":\"https:\\\/\\\/arjenoticias.com.mx\\\/?p=3501#article\",\"isPartOf\":{\"@id\":\"https:\\\/\\\/arjenoticias.com.mx\\\/?p=3501\"},\"author\":{\"name\":\"Leopoldo Espinosa Benavides\",\"@id\":\"https:\\\/\\\/arjenoticias.com.mx\\\/#\\\/schema\\\/person\\\/b22477254c5fe44bbc7e9bbb51432771\"},\"headline\":\"En las crisis nacen movimientos sociales, el Barz\u00f3n fue uno de ellos\",\"datePublished\":\"2025-08-27T16:02:14+00:00\",\"mainEntityOfPage\":{\"@id\":\"https:\\\/\\\/arjenoticias.com.mx\\\/?p=3501\"},\"wordCount\":302,\"publisher\":{\"@id\":\"https:\\\/\\\/arjenoticias.com.mx\\\/#organization\"},\"image\":{\"@id\":\"https:\\\/\\\/arjenoticias.com.mx\\\/?p=3501#primaryimage\"},\"thumbnailUrl\":\"\",\"articleSection\":[\"Los poetas\"],\"inLanguage\":\"es\"},{\"@type\":\"WebPage\",\"@id\":\"https:\\\/\\\/arjenoticias.com.mx\\\/?p=3501\",\"url\":\"https:\\\/\\\/arjenoticias.com.mx\\\/?p=3501\",\"name\":\"En las crisis nacen movimientos sociales, el Barz\u00f3n fue uno de ellos -\",\"isPartOf\":{\"@id\":\"https:\\\/\\\/arjenoticias.com.mx\\\/#website\"},\"primaryImageOfPage\":{\"@id\":\"https:\\\/\\\/arjenoticias.com.mx\\\/?p=3501#primaryimage\"},\"image\":{\"@id\":\"https:\\\/\\\/arjenoticias.com.mx\\\/?p=3501#primaryimage\"},\"thumbnailUrl\":\"\",\"datePublished\":\"2025-08-27T16:02:14+00:00\",\"description\":\"En las crisis nacen movimientos sociales, el Barz\u00f3n fue uno de ellos, nos informa el cronista de Monterrey, Leopoldo Espinosa Benavides.\",\"breadcrumb\":{\"@id\":\"https:\\\/\\\/arjenoticias.com.mx\\\/?p=3501#breadcrumb\"},\"inLanguage\":\"es\",\"potentialAction\":[{\"@type\":\"ReadAction\",\"target\":[\"https:\\\/\\\/arjenoticias.com.mx\\\/?p=3501\"]}]},{\"@type\":\"ImageObject\",\"inLanguage\":\"es\",\"@id\":\"https:\\\/\\\/arjenoticias.com.mx\\\/?p=3501#primaryimage\",\"url\":\"\",\"contentUrl\":\"\"},{\"@type\":\"BreadcrumbList\",\"@id\":\"https:\\\/\\\/arjenoticias.com.mx\\\/?p=3501#breadcrumb\",\"itemListElement\":[{\"@type\":\"ListItem\",\"position\":1,\"name\":\"Inicio\",\"item\":\"https:\\\/\\\/arjenoticias.com.mx\\\/\"},{\"@type\":\"ListItem\",\"position\":2,\"name\":\"En las crisis nacen movimientos sociales, el Barz\u00f3n fue uno de ellos\"}]},{\"@type\":\"WebSite\",\"@id\":\"https:\\\/\\\/arjenoticias.com.mx\\\/#website\",\"url\":\"https:\\\/\\\/arjenoticias.com.mx\\\/\",\"name\":\"arjenoticias.com.mx\",\"description\":\"\",\"publisher\":{\"@id\":\"https:\\\/\\\/arjenoticias.com.mx\\\/#organization\"},\"potentialAction\":[{\"@type\":\"SearchAction\",\"target\":{\"@type\":\"EntryPoint\",\"urlTemplate\":\"https:\\\/\\\/arjenoticias.com.mx\\\/?s={search_term_string}\"},\"query-input\":{\"@type\":\"PropertyValueSpecification\",\"valueRequired\":true,\"valueName\":\"search_term_string\"}}],\"inLanguage\":\"es\"},{\"@type\":\"Organization\",\"@id\":\"https:\\\/\\\/arjenoticias.com.mx\\\/#organization\",\"name\":\"Arj\u00e9 de M\u00e9xico Noticias\",\"url\":\"https:\\\/\\\/arjenoticias.com.mx\\\/\",\"logo\":{\"@type\":\"ImageObject\",\"inLanguage\":\"es\",\"@id\":\"https:\\\/\\\/arjenoticias.com.mx\\\/#\\\/schema\\\/logo\\\/image\\\/\",\"url\":\"https:\\\/\\\/arjenoticias.com.mx\\\/wp-content\\\/uploads\\\/2025\\\/07\\\/cropped-logo-scaled-1.png\",\"contentUrl\":\"https:\\\/\\\/arjenoticias.com.mx\\\/wp-content\\\/uploads\\\/2025\\\/07\\\/cropped-logo-scaled-1.png\",\"width\":2558,\"height\":558,\"caption\":\"Arj\u00e9 de M\u00e9xico Noticias\"},\"image\":{\"@id\":\"https:\\\/\\\/arjenoticias.com.mx\\\/#\\\/schema\\\/logo\\\/image\\\/\"}},{\"@type\":\"Person\",\"@id\":\"https:\\\/\\\/arjenoticias.com.mx\\\/#\\\/schema\\\/person\\\/b22477254c5fe44bbc7e9bbb51432771\",\"name\":\"Leopoldo Espinosa Benavides\",\"image\":{\"@type\":\"ImageObject\",\"inLanguage\":\"es\",\"@id\":\"https:\\\/\\\/secure.gravatar.com\\\/avatar\\\/138dd021239984aa31c4869255ae4b03e73edb0ecdca02ffde899a5db5e6bdb6?s=96&d=mm&r=g\",\"url\":\"https:\\\/\\\/secure.gravatar.com\\\/avatar\\\/138dd021239984aa31c4869255ae4b03e73edb0ecdca02ffde899a5db5e6bdb6?s=96&d=mm&r=g\",\"contentUrl\":\"https:\\\/\\\/secure.gravatar.com\\\/avatar\\\/138dd021239984aa31c4869255ae4b03e73edb0ecdca02ffde899a5db5e6bdb6?s=96&d=mm&r=g\",\"caption\":\"Leopoldo Espinosa Benavides\"},\"url\":\"https:\\\/\\\/arjenoticias.com.mx\\\/?author=103\"}]}<\/script>\n<!-- \/ Yoast SEO plugin. -->","yoast_head_json":{"title":"En las crisis nacen movimientos sociales, el Barz\u00f3n fue uno de ellos -","description":"En las crisis nacen movimientos sociales, el Barz\u00f3n fue uno de ellos, nos informa el cronista de Monterrey, Leopoldo Espinosa Benavides.","robots":{"index":"index","follow":"follow","max-snippet":"max-snippet:-1","max-image-preview":"max-image-preview:large","max-video-preview":"max-video-preview:-1"},"canonical":"https:\/\/arjenoticias.com.mx\/?p=3501","og_locale":"es_MX","og_type":"article","og_title":"En las crisis nacen movimientos sociales, el Barz\u00f3n fue uno de ellos -","og_description":"En las crisis nacen movimientos sociales, el Barz\u00f3n fue uno de ellos, nos informa el cronista de Monterrey, Leopoldo Espinosa Benavides.","og_url":"https:\/\/arjenoticias.com.mx\/?p=3501","article_published_time":"2025-08-27T16:02:14+00:00","author":"Leopoldo Espinosa Benavides","twitter_card":"summary_large_image","twitter_misc":{"Escrito por":"Leopoldo Espinosa Benavides","Tiempo de lectura":"2 minutos"},"schema":{"@context":"https:\/\/schema.org","@graph":[{"@type":"Article","@id":"https:\/\/arjenoticias.com.mx\/?p=3501#article","isPartOf":{"@id":"https:\/\/arjenoticias.com.mx\/?p=3501"},"author":{"name":"Leopoldo Espinosa Benavides","@id":"https:\/\/arjenoticias.com.mx\/#\/schema\/person\/b22477254c5fe44bbc7e9bbb51432771"},"headline":"En las crisis nacen movimientos sociales, el Barz\u00f3n fue uno de ellos","datePublished":"2025-08-27T16:02:14+00:00","mainEntityOfPage":{"@id":"https:\/\/arjenoticias.com.mx\/?p=3501"},"wordCount":302,"publisher":{"@id":"https:\/\/arjenoticias.com.mx\/#organization"},"image":{"@id":"https:\/\/arjenoticias.com.mx\/?p=3501#primaryimage"},"thumbnailUrl":"","articleSection":["Los poetas"],"inLanguage":"es"},{"@type":"WebPage","@id":"https:\/\/arjenoticias.com.mx\/?p=3501","url":"https:\/\/arjenoticias.com.mx\/?p=3501","name":"En las crisis nacen movimientos sociales, el Barz\u00f3n fue uno de ellos -","isPartOf":{"@id":"https:\/\/arjenoticias.com.mx\/#website"},"primaryImageOfPage":{"@id":"https:\/\/arjenoticias.com.mx\/?p=3501#primaryimage"},"image":{"@id":"https:\/\/arjenoticias.com.mx\/?p=3501#primaryimage"},"thumbnailUrl":"","datePublished":"2025-08-27T16:02:14+00:00","description":"En las crisis nacen movimientos sociales, el Barz\u00f3n fue uno de ellos, nos informa el cronista de Monterrey, Leopoldo Espinosa Benavides.","breadcrumb":{"@id":"https:\/\/arjenoticias.com.mx\/?p=3501#breadcrumb"},"inLanguage":"es","potentialAction":[{"@type":"ReadAction","target":["https:\/\/arjenoticias.com.mx\/?p=3501"]}]},{"@type":"ImageObject","inLanguage":"es","@id":"https:\/\/arjenoticias.com.mx\/?p=3501#primaryimage","url":"","contentUrl":""},{"@type":"BreadcrumbList","@id":"https:\/\/arjenoticias.com.mx\/?p=3501#breadcrumb","itemListElement":[{"@type":"ListItem","position":1,"name":"Inicio","item":"https:\/\/arjenoticias.com.mx\/"},{"@type":"ListItem","position":2,"name":"En las crisis nacen movimientos sociales, el Barz\u00f3n fue uno de ellos"}]},{"@type":"WebSite","@id":"https:\/\/arjenoticias.com.mx\/#website","url":"https:\/\/arjenoticias.com.mx\/","name":"arjenoticias.com.mx","description":"","publisher":{"@id":"https:\/\/arjenoticias.com.mx\/#organization"},"potentialAction":[{"@type":"SearchAction","target":{"@type":"EntryPoint","urlTemplate":"https:\/\/arjenoticias.com.mx\/?s={search_term_string}"},"query-input":{"@type":"PropertyValueSpecification","valueRequired":true,"valueName":"search_term_string"}}],"inLanguage":"es"},{"@type":"Organization","@id":"https:\/\/arjenoticias.com.mx\/#organization","name":"Arj\u00e9 de M\u00e9xico Noticias","url":"https:\/\/arjenoticias.com.mx\/","logo":{"@type":"ImageObject","inLanguage":"es","@id":"https:\/\/arjenoticias.com.mx\/#\/schema\/logo\/image\/","url":"https:\/\/arjenoticias.com.mx\/wp-content\/uploads\/2025\/07\/cropped-logo-scaled-1.png","contentUrl":"https:\/\/arjenoticias.com.mx\/wp-content\/uploads\/2025\/07\/cropped-logo-scaled-1.png","width":2558,"height":558,"caption":"Arj\u00e9 de M\u00e9xico Noticias"},"image":{"@id":"https:\/\/arjenoticias.com.mx\/#\/schema\/logo\/image\/"}},{"@type":"Person","@id":"https:\/\/arjenoticias.com.mx\/#\/schema\/person\/b22477254c5fe44bbc7e9bbb51432771","name":"Leopoldo Espinosa Benavides","image":{"@type":"ImageObject","inLanguage":"es","@id":"https:\/\/secure.gravatar.com\/avatar\/138dd021239984aa31c4869255ae4b03e73edb0ecdca02ffde899a5db5e6bdb6?s=96&d=mm&r=g","url":"https:\/\/secure.gravatar.com\/avatar\/138dd021239984aa31c4869255ae4b03e73edb0ecdca02ffde899a5db5e6bdb6?s=96&d=mm&r=g","contentUrl":"https:\/\/secure.gravatar.com\/avatar\/138dd021239984aa31c4869255ae4b03e73edb0ecdca02ffde899a5db5e6bdb6?s=96&d=mm&r=g","caption":"Leopoldo Espinosa Benavides"},"url":"https:\/\/arjenoticias.com.mx\/?author=103"}]}},"_links":{"self":[{"href":"https:\/\/arjenoticias.com.mx\/index.php?rest_route=\/wp\/v2\/posts\/3501","targetHints":{"allow":["GET"]}}],"collection":[{"href":"https:\/\/arjenoticias.com.mx\/index.php?rest_route=\/wp\/v2\/posts"}],"about":[{"href":"https:\/\/arjenoticias.com.mx\/index.php?rest_route=\/wp\/v2\/types\/post"}],"author":[{"embeddable":true,"href":"https:\/\/arjenoticias.com.mx\/index.php?rest_route=\/wp\/v2\/users\/103"}],"replies":[{"embeddable":true,"href":"https:\/\/arjenoticias.com.mx\/index.php?rest_route=%2Fwp%2Fv2%2Fcomments&post=3501"}],"version-history":[{"count":0,"href":"https:\/\/arjenoticias.com.mx\/index.php?rest_route=\/wp\/v2\/posts\/3501\/revisions"}],"wp:attachment":[{"href":"https:\/\/arjenoticias.com.mx\/index.php?rest_route=%2Fwp%2Fv2%2Fmedia&parent=3501"}],"wp:term":[{"taxonomy":"category","embeddable":true,"href":"https:\/\/arjenoticias.com.mx\/index.php?rest_route=%2Fwp%2Fv2%2Fcategories&post=3501"},{"taxonomy":"post_tag","embeddable":true,"href":"https:\/\/arjenoticias.com.mx\/index.php?rest_route=%2Fwp%2Fv2%2Ftags&post=3501"}],"curies":[{"name":"wp","href":"https:\/\/api.w.org\/{rel}","templated":true}]}}