{"id":3258,"date":"2025-08-19T11:04:00","date_gmt":"2025-08-19T11:04:00","guid":{"rendered":"https:\/\/arjenoticias.com\/?p=3258"},"modified":"2025-08-19T11:04:00","modified_gmt":"2025-08-19T11:04:00","slug":"se-descarrilo-el-tren-maya-en-la-estacon-izmal-yucatan","status":"publish","type":"post","link":"https:\/\/arjenoticias.com.mx\/?p=3258","title":{"rendered":"Se descarril\u00f3 el tren Maya en la  estaci\u00f3n Izmal en Yucat\u00e1n"},"content":{"rendered":"\n<p class=\"wp-block-paragraph\">No hubo lesionados<\/p>\n\n\n\n<figure class=\"wp-block-image is-resized\"><img decoding=\"async\" src=\"https:\/\/pbs.twimg.com\/media\/Gyv0tNOWoAAxz4Z?format=jpg&amp;name=900x900\" alt=\"Se descarril\u00f3 el tren Maya\" style=\"width:633px;height:auto\"\/><\/figure>\n\n\n\n<p class=\"wp-block-paragraph\">El pasado martes 19 de agosto de 2025, un vag\u00f3n del Tren Maya sufri\u00f3 un percance en la estaci\u00f3n de Izamal, Yucat\u00e1n, sin que se reportaran v\u00edctimas mortales ni heridos de gravedad. El incidente ocurri\u00f3 en el Tramo 3 del megaproyecto ferroviario que conecta M\u00e9rida con Canc\u00fan. Seg\u00fan las autoridades, el percance fue causado por un &#8220;error en los cambios de v\u00eda automatizados&#8221;, lo que provoc\u00f3 que el bogie de un coche del tren 304 se desalineara e impactara contra el tren 307, que se encontraba estacionado.<\/p>\n\n\n\n<p class=\"wp-block-paragraph\">Aunque el Gobierno federal calific\u00f3 el suceso como un &#8220;percance de v\u00eda&#8221;, diversos analistas y medios de comunicaci\u00f3n han cuestionado esta versi\u00f3n, se\u00f1alando que el incidente podr\u00eda reflejar fallas estructurales m\u00e1s profundas en el proyecto. El Tren Maya ha estado marcado por problemas constructivos y operativos desde su inicio en 2020, incluyendo m\u00e1s de 60 muertes laborales y acusaciones de corrupci\u00f3n relacionadas con la compra de materiales de baja calidad.<\/p>\n\n\n\n<p class=\"wp-block-paragraph\">El incidente en Izamal ha reavivado el debate sobre la viabilidad y sostenibilidad del Tren Maya. A pesar de las cr\u00edticas y los cuestionamientos, el gobierno mexicano ha expresado su intenci\u00f3n de ampliar el proyecto hacia Centroam\u00e9rica, lo que ha generado preocupaci\u00f3n entre ambientalistas y comunidades locales.<\/p>\n\n\n\n<p class=\"wp-block-paragraph\">La Comisi\u00f3n Dictaminadora formada para investigar el hecho deber\u00e1 determinar las causas exactas del percance y si existen responsabilidades por parte de los involucrados. Mientras tanto, el Tren Maya contin\u00faa su operaci\u00f3n, aunque con una demanda de pasajeros que a\u00fan no alcanza las expectativas iniciales.<\/p>\n\n\n\n<p class=\"wp-block-paragraph\">Este incidente subraya la necesidad de una revisi\u00f3n exhaustiva de los proyectos de infraestructura para garantizar su seguridad y sostenibilidad, especialmente cuando se trata de iniciativas de gran escala como el Tren Maya.<\/p>\n\n\n\n<figure class=\"wp-block-embed is-type-rich is-provider-twitter wp-block-embed-twitter\"><div class=\"wp-block-embed__wrapper\">\n<blockquote class=\"twitter-tweet\" data-width=\"550\" data-dnt=\"true\"><p lang=\"es\" dir=\"ltr\">No es un secreto que el triunfo de morena fue el resultado de que un gran sector de la poblaci\u00f3n en M\u00e8xico se sent\u00eda excluido de la toma de decisiones. <br><br>Pero siempre hubo una buena raz\u00f3n para excluirlos: son unos pendejos. <br><br>Se descarril\u00f3 el Tren Maya.<br> <a href=\"https:\/\/t.co\/lFodHGGCMb\">pic.twitter.com\/lFodHGGCMb<\/a><\/p>&mdash; Sofia. \ud83d\udc78 \u2618\ufe0f (@LSofiaDim) <a href=\"https:\/\/twitter.com\/LSofiaDim\/status\/1957911979831750865?ref_src=twsrc%5Etfw\">August 19, 2025<\/a><\/blockquote><script async src=\"https:\/\/platform.twitter.com\/widgets.js\" charset=\"utf-8\"><\/script>\n<\/div><\/figure>\n","protected":false},"excerpt":{"rendered":"<p>No hubo lesionados El pasado martes 19 de agosto de 2025, un vag\u00f3n del Tren&#8230;<\/p>\n","protected":false},"author":66,"featured_media":3259,"comment_status":"closed","ping_status":"closed","sticky":false,"template":"","format":"standard","meta":{"footnotes":""},"categories":[4],"tags":[617,2671],"class_list":["post-3258","post","type-post","status-publish","format-standard","has-post-thumbnail","hentry","category-ciudad","tag-descarrilar","tag-tren-maya"],"yoast_head":"<!-- This site is optimized with the Yoast SEO plugin v28.4 - https:\/\/yoast.com\/product\/yoast-seo-wordpress\/ -->\n<title>Se descarril\u00f3 el tren Maya en la estaci\u00f3n Izmal en Yucat\u00e1n -<\/title>\n<meta name=\"description\" content=\"un vag\u00f3n del Tren Maya sufri\u00f3 un percance en la estaci\u00f3n de Izamal, Yucat\u00e1n, sin que se reportaran v\u00edctimas mortales ni heridos de gravedad.\" \/>\n<meta name=\"robots\" content=\"index, follow, max-snippet:-1, max-image-preview:large, max-video-preview:-1\" \/>\n<link rel=\"canonical\" href=\"https:\/\/arjenoticias.com.mx\/?p=3258\" \/>\n<meta property=\"og:locale\" content=\"es_MX\" \/>\n<meta property=\"og:type\" content=\"article\" \/>\n<meta property=\"og:title\" content=\"Se descarril\u00f3 el tren Maya en la estaci\u00f3n Izmal en Yucat\u00e1n -\" \/>\n<meta property=\"og:description\" content=\"un vag\u00f3n del Tren Maya sufri\u00f3 un percance en la estaci\u00f3n de Izamal, Yucat\u00e1n, sin que se reportaran v\u00edctimas mortales ni heridos de gravedad.\" \/>\n<meta property=\"og:url\" content=\"https:\/\/arjenoticias.com.mx\/?p=3258\" \/>\n<meta property=\"article:published_time\" content=\"2025-08-19T11:04:00+00:00\" \/>\n<meta name=\"author\" content=\"Arj\u00e9 Noticias\" \/>\n<meta name=\"twitter:card\" content=\"summary_large_image\" \/>\n<meta name=\"twitter:label1\" content=\"Escrito por\" \/>\n\t<meta name=\"twitter:data1\" content=\"Arj\u00e9 Noticias\" \/>\n\t<meta name=\"twitter:label2\" content=\"Tiempo de lectura\" \/>\n\t<meta name=\"twitter:data2\" content=\"2 minutos\" \/>\n<script type=\"application\/ld+json\" class=\"yoast-schema-graph\">{\"@context\":\"https:\\\/\\\/schema.org\",\"@graph\":[{\"@type\":\"Article\",\"@id\":\"https:\\\/\\\/arjenoticias.com.mx\\\/?p=3258#article\",\"isPartOf\":{\"@id\":\"https:\\\/\\\/arjenoticias.com.mx\\\/?p=3258\"},\"author\":{\"name\":\"Arj\u00e9 Noticias\",\"@id\":\"https:\\\/\\\/arjenoticias.com.mx\\\/#\\\/schema\\\/person\\\/83f9fb68162b16794b69a8186dd31bc0\"},\"headline\":\"Se descarril\u00f3 el tren Maya en la estaci\u00f3n Izmal en Yucat\u00e1n\",\"datePublished\":\"2025-08-19T11:04:00+00:00\",\"mainEntityOfPage\":{\"@id\":\"https:\\\/\\\/arjenoticias.com.mx\\\/?p=3258\"},\"wordCount\":321,\"publisher\":{\"@id\":\"https:\\\/\\\/arjenoticias.com.mx\\\/#organization\"},\"image\":{\"@id\":\"https:\\\/\\\/arjenoticias.com.mx\\\/?p=3258#primaryimage\"},\"thumbnailUrl\":\"\",\"keywords\":[\"descarrilar\",\"Tren Maya\"],\"articleSection\":[\"Ciudad\"],\"inLanguage\":\"es\"},{\"@type\":\"WebPage\",\"@id\":\"https:\\\/\\\/arjenoticias.com.mx\\\/?p=3258\",\"url\":\"https:\\\/\\\/arjenoticias.com.mx\\\/?p=3258\",\"name\":\"Se descarril\u00f3 el tren Maya en la estaci\u00f3n Izmal en Yucat\u00e1n -\",\"isPartOf\":{\"@id\":\"https:\\\/\\\/arjenoticias.com.mx\\\/#website\"},\"primaryImageOfPage\":{\"@id\":\"https:\\\/\\\/arjenoticias.com.mx\\\/?p=3258#primaryimage\"},\"image\":{\"@id\":\"https:\\\/\\\/arjenoticias.com.mx\\\/?p=3258#primaryimage\"},\"thumbnailUrl\":\"\",\"datePublished\":\"2025-08-19T11:04:00+00:00\",\"description\":\"un vag\u00f3n del Tren Maya sufri\u00f3 un percance en la estaci\u00f3n de Izamal, Yucat\u00e1n, sin que se reportaran v\u00edctimas mortales ni heridos de gravedad.\",\"breadcrumb\":{\"@id\":\"https:\\\/\\\/arjenoticias.com.mx\\\/?p=3258#breadcrumb\"},\"inLanguage\":\"es\",\"potentialAction\":[{\"@type\":\"ReadAction\",\"target\":[\"https:\\\/\\\/arjenoticias.com.mx\\\/?p=3258\"]}]},{\"@type\":\"ImageObject\",\"inLanguage\":\"es\",\"@id\":\"https:\\\/\\\/arjenoticias.com.mx\\\/?p=3258#primaryimage\",\"url\":\"\",\"contentUrl\":\"\"},{\"@type\":\"BreadcrumbList\",\"@id\":\"https:\\\/\\\/arjenoticias.com.mx\\\/?p=3258#breadcrumb\",\"itemListElement\":[{\"@type\":\"ListItem\",\"position\":1,\"name\":\"Inicio\",\"item\":\"https:\\\/\\\/arjenoticias.com.mx\\\/\"},{\"@type\":\"ListItem\",\"position\":2,\"name\":\"Se descarril\u00f3 el tren Maya en la estaci\u00f3n Izmal en Yucat\u00e1n\"}]},{\"@type\":\"WebSite\",\"@id\":\"https:\\\/\\\/arjenoticias.com.mx\\\/#website\",\"url\":\"https:\\\/\\\/arjenoticias.com.mx\\\/\",\"name\":\"arjenoticias.com.mx\",\"description\":\"\",\"publisher\":{\"@id\":\"https:\\\/\\\/arjenoticias.com.mx\\\/#organization\"},\"potentialAction\":[{\"@type\":\"SearchAction\",\"target\":{\"@type\":\"EntryPoint\",\"urlTemplate\":\"https:\\\/\\\/arjenoticias.com.mx\\\/?s={search_term_string}\"},\"query-input\":{\"@type\":\"PropertyValueSpecification\",\"valueRequired\":true,\"valueName\":\"search_term_string\"}}],\"inLanguage\":\"es\"},{\"@type\":\"Organization\",\"@id\":\"https:\\\/\\\/arjenoticias.com.mx\\\/#organization\",\"name\":\"Arj\u00e9 de M\u00e9xico Noticias\",\"url\":\"https:\\\/\\\/arjenoticias.com.mx\\\/\",\"logo\":{\"@type\":\"ImageObject\",\"inLanguage\":\"es\",\"@id\":\"https:\\\/\\\/arjenoticias.com.mx\\\/#\\\/schema\\\/logo\\\/image\\\/\",\"url\":\"https:\\\/\\\/arjenoticias.com.mx\\\/wp-content\\\/uploads\\\/2025\\\/07\\\/cropped-logo-scaled-1.png\",\"contentUrl\":\"https:\\\/\\\/arjenoticias.com.mx\\\/wp-content\\\/uploads\\\/2025\\\/07\\\/cropped-logo-scaled-1.png\",\"width\":2558,\"height\":558,\"caption\":\"Arj\u00e9 de M\u00e9xico Noticias\"},\"image\":{\"@id\":\"https:\\\/\\\/arjenoticias.com.mx\\\/#\\\/schema\\\/logo\\\/image\\\/\"}},{\"@type\":\"Person\",\"@id\":\"https:\\\/\\\/arjenoticias.com.mx\\\/#\\\/schema\\\/person\\\/83f9fb68162b16794b69a8186dd31bc0\",\"name\":\"Arj\u00e9 Noticias\",\"image\":{\"@type\":\"ImageObject\",\"inLanguage\":\"es\",\"@id\":\"https:\\\/\\\/secure.gravatar.com\\\/avatar\\\/f604b88a0e24c04f3f89fae6b5400bfd6093d0999292a64803d3651d9d4a35a5?s=96&d=mm&r=g\",\"url\":\"https:\\\/\\\/secure.gravatar.com\\\/avatar\\\/f604b88a0e24c04f3f89fae6b5400bfd6093d0999292a64803d3651d9d4a35a5?s=96&d=mm&r=g\",\"contentUrl\":\"https:\\\/\\\/secure.gravatar.com\\\/avatar\\\/f604b88a0e24c04f3f89fae6b5400bfd6093d0999292a64803d3651d9d4a35a5?s=96&d=mm&r=g\",\"caption\":\"Arj\u00e9 Noticias\"},\"url\":\"https:\\\/\\\/arjenoticias.com.mx\\\/?author=66\"}]}<\/script>\n<!-- \/ Yoast SEO plugin. -->","yoast_head_json":{"title":"Se descarril\u00f3 el tren Maya en la estaci\u00f3n Izmal en Yucat\u00e1n -","description":"un vag\u00f3n del Tren Maya sufri\u00f3 un percance en la estaci\u00f3n de Izamal, Yucat\u00e1n, sin que se reportaran v\u00edctimas mortales ni heridos de gravedad.","robots":{"index":"index","follow":"follow","max-snippet":"max-snippet:-1","max-image-preview":"max-image-preview:large","max-video-preview":"max-video-preview:-1"},"canonical":"https:\/\/arjenoticias.com.mx\/?p=3258","og_locale":"es_MX","og_type":"article","og_title":"Se descarril\u00f3 el tren Maya en la estaci\u00f3n Izmal en Yucat\u00e1n -","og_description":"un vag\u00f3n del Tren Maya sufri\u00f3 un percance en la estaci\u00f3n de Izamal, Yucat\u00e1n, sin que se reportaran v\u00edctimas mortales ni heridos de gravedad.","og_url":"https:\/\/arjenoticias.com.mx\/?p=3258","article_published_time":"2025-08-19T11:04:00+00:00","author":"Arj\u00e9 Noticias","twitter_card":"summary_large_image","twitter_misc":{"Escrito por":"Arj\u00e9 Noticias","Tiempo de lectura":"2 minutos"},"schema":{"@context":"https:\/\/schema.org","@graph":[{"@type":"Article","@id":"https:\/\/arjenoticias.com.mx\/?p=3258#article","isPartOf":{"@id":"https:\/\/arjenoticias.com.mx\/?p=3258"},"author":{"name":"Arj\u00e9 Noticias","@id":"https:\/\/arjenoticias.com.mx\/#\/schema\/person\/83f9fb68162b16794b69a8186dd31bc0"},"headline":"Se descarril\u00f3 el tren Maya en la estaci\u00f3n Izmal en Yucat\u00e1n","datePublished":"2025-08-19T11:04:00+00:00","mainEntityOfPage":{"@id":"https:\/\/arjenoticias.com.mx\/?p=3258"},"wordCount":321,"publisher":{"@id":"https:\/\/arjenoticias.com.mx\/#organization"},"image":{"@id":"https:\/\/arjenoticias.com.mx\/?p=3258#primaryimage"},"thumbnailUrl":"","keywords":["descarrilar","Tren Maya"],"articleSection":["Ciudad"],"inLanguage":"es"},{"@type":"WebPage","@id":"https:\/\/arjenoticias.com.mx\/?p=3258","url":"https:\/\/arjenoticias.com.mx\/?p=3258","name":"Se descarril\u00f3 el tren Maya en la estaci\u00f3n Izmal en Yucat\u00e1n -","isPartOf":{"@id":"https:\/\/arjenoticias.com.mx\/#website"},"primaryImageOfPage":{"@id":"https:\/\/arjenoticias.com.mx\/?p=3258#primaryimage"},"image":{"@id":"https:\/\/arjenoticias.com.mx\/?p=3258#primaryimage"},"thumbnailUrl":"","datePublished":"2025-08-19T11:04:00+00:00","description":"un vag\u00f3n del Tren Maya sufri\u00f3 un percance en la estaci\u00f3n de Izamal, Yucat\u00e1n, sin que se reportaran v\u00edctimas mortales ni heridos de gravedad.","breadcrumb":{"@id":"https:\/\/arjenoticias.com.mx\/?p=3258#breadcrumb"},"inLanguage":"es","potentialAction":[{"@type":"ReadAction","target":["https:\/\/arjenoticias.com.mx\/?p=3258"]}]},{"@type":"ImageObject","inLanguage":"es","@id":"https:\/\/arjenoticias.com.mx\/?p=3258#primaryimage","url":"","contentUrl":""},{"@type":"BreadcrumbList","@id":"https:\/\/arjenoticias.com.mx\/?p=3258#breadcrumb","itemListElement":[{"@type":"ListItem","position":1,"name":"Inicio","item":"https:\/\/arjenoticias.com.mx\/"},{"@type":"ListItem","position":2,"name":"Se descarril\u00f3 el tren Maya en la estaci\u00f3n Izmal en Yucat\u00e1n"}]},{"@type":"WebSite","@id":"https:\/\/arjenoticias.com.mx\/#website","url":"https:\/\/arjenoticias.com.mx\/","name":"arjenoticias.com.mx","description":"","publisher":{"@id":"https:\/\/arjenoticias.com.mx\/#organization"},"potentialAction":[{"@type":"SearchAction","target":{"@type":"EntryPoint","urlTemplate":"https:\/\/arjenoticias.com.mx\/?s={search_term_string}"},"query-input":{"@type":"PropertyValueSpecification","valueRequired":true,"valueName":"search_term_string"}}],"inLanguage":"es"},{"@type":"Organization","@id":"https:\/\/arjenoticias.com.mx\/#organization","name":"Arj\u00e9 de M\u00e9xico Noticias","url":"https:\/\/arjenoticias.com.mx\/","logo":{"@type":"ImageObject","inLanguage":"es","@id":"https:\/\/arjenoticias.com.mx\/#\/schema\/logo\/image\/","url":"https:\/\/arjenoticias.com.mx\/wp-content\/uploads\/2025\/07\/cropped-logo-scaled-1.png","contentUrl":"https:\/\/arjenoticias.com.mx\/wp-content\/uploads\/2025\/07\/cropped-logo-scaled-1.png","width":2558,"height":558,"caption":"Arj\u00e9 de M\u00e9xico Noticias"},"image":{"@id":"https:\/\/arjenoticias.com.mx\/#\/schema\/logo\/image\/"}},{"@type":"Person","@id":"https:\/\/arjenoticias.com.mx\/#\/schema\/person\/83f9fb68162b16794b69a8186dd31bc0","name":"Arj\u00e9 Noticias","image":{"@type":"ImageObject","inLanguage":"es","@id":"https:\/\/secure.gravatar.com\/avatar\/f604b88a0e24c04f3f89fae6b5400bfd6093d0999292a64803d3651d9d4a35a5?s=96&d=mm&r=g","url":"https:\/\/secure.gravatar.com\/avatar\/f604b88a0e24c04f3f89fae6b5400bfd6093d0999292a64803d3651d9d4a35a5?s=96&d=mm&r=g","contentUrl":"https:\/\/secure.gravatar.com\/avatar\/f604b88a0e24c04f3f89fae6b5400bfd6093d0999292a64803d3651d9d4a35a5?s=96&d=mm&r=g","caption":"Arj\u00e9 Noticias"},"url":"https:\/\/arjenoticias.com.mx\/?author=66"}]}},"_links":{"self":[{"href":"https:\/\/arjenoticias.com.mx\/index.php?rest_route=\/wp\/v2\/posts\/3258","targetHints":{"allow":["GET"]}}],"collection":[{"href":"https:\/\/arjenoticias.com.mx\/index.php?rest_route=\/wp\/v2\/posts"}],"about":[{"href":"https:\/\/arjenoticias.com.mx\/index.php?rest_route=\/wp\/v2\/types\/post"}],"author":[{"embeddable":true,"href":"https:\/\/arjenoticias.com.mx\/index.php?rest_route=\/wp\/v2\/users\/66"}],"replies":[{"embeddable":true,"href":"https:\/\/arjenoticias.com.mx\/index.php?rest_route=%2Fwp%2Fv2%2Fcomments&post=3258"}],"version-history":[{"count":0,"href":"https:\/\/arjenoticias.com.mx\/index.php?rest_route=\/wp\/v2\/posts\/3258\/revisions"}],"wp:attachment":[{"href":"https:\/\/arjenoticias.com.mx\/index.php?rest_route=%2Fwp%2Fv2%2Fmedia&parent=3258"}],"wp:term":[{"taxonomy":"category","embeddable":true,"href":"https:\/\/arjenoticias.com.mx\/index.php?rest_route=%2Fwp%2Fv2%2Fcategories&post=3258"},{"taxonomy":"post_tag","embeddable":true,"href":"https:\/\/arjenoticias.com.mx\/index.php?rest_route=%2Fwp%2Fv2%2Ftags&post=3258"}],"curies":[{"name":"wp","href":"https:\/\/api.w.org\/{rel}","templated":true}]}}