{"id":3203,"date":"2025-08-19T11:00:26","date_gmt":"2025-08-19T11:00:26","guid":{"rendered":"https:\/\/arjenoticias.com\/?p=3203"},"modified":"2025-08-19T11:00:26","modified_gmt":"2025-08-19T11:00:26","slug":"sheinbaum-desmiente-que-haya-trabajo-conjunto-con-la-dea-en-la-mananera","status":"publish","type":"post","link":"https:\/\/arjenoticias.com.mx\/?p=3203","title":{"rendered":"Sheinbaum desmiente que haya trabajo conjunto con la DEA"},"content":{"rendered":"\n<h2 class=\"wp-block-heading\">La presidenta<strong> neg\u00f3 que haya <\/strong>la operaci\u00f3n llamada Portero.<\/h2>\n\n\n\n<p class=\"wp-block-paragraph\">Afirm\u00f3 que lo \u00fanico que hay es un grupo de polic\u00edas de la SSPC que toman un curso en Texas, asimismo inform\u00f3 que lo que se tiene con EEUU es un acuerdo de seguridad con el Departamento de los Estados Unidos que ya est\u00e1 por terminar, adem\u00e1s de que se da por satisfecho el trabajo binacional.<\/p>\n\n\n\n<blockquote class=\"wp-block-quote is-layout-flow wp-block-quote-is-layout-flow\">\n<p class=\"wp-block-paragraph\">\u201cNo sabemos por qu\u00e9 emitieron ese comunicado\u201d, agreg\u00f3 Sheinbaum Pardo, quien dej\u00f3 en claro que \u201cnosotros no validamos algo que se emita por parte de una instituci\u00f3n de Estados Unidos que no se haya preguntado al gobierno de M\u00e9xico\u201d.<\/p>\n\n\n\n<p class=\"wp-block-paragraph\">\u201cYo quiero hacer una aclaraci\u00f3n: el d\u00eda de ayer emiti\u00f3 la DEA un comunicado diciendo que hay un acuerdo con el gobierno de M\u00e9xico para una operaci\u00f3n, que llaman&nbsp;<em>Portero<\/em>. No hay ning\u00fan acuerdo con la DEA. La DEA emite el comunicado, no sabemos con base en qu\u00e9, nosotros no hemos llegado a un acuerdo, con ninguna de las instituciones de seguridad con la DEA\u201d.<\/p>\n<\/blockquote>\n\n\n\n<p class=\"wp-block-paragraph\"><a href=\"https:\/\/twitter.com\/i\/broadcasts\/1gqGvrvdPpAGB\">https:\/\/twitter.com\/i\/broadcasts\/1gqGvrvdPpAGB<\/a><\/p>\n\n\n\n<figure class=\"wp-block-embed is-type-rich is-provider-twitter wp-block-embed-twitter\"><div class=\"wp-block-embed__wrapper\">\n<blockquote class=\"twitter-tweet\" data-width=\"550\" data-dnt=\"true\"><p lang=\"es\" dir=\"ltr\"><a href=\"https:\/\/twitter.com\/hashtag\/Ma%C3%B1aneraDelPueblo?src=hash&amp;ref_src=twsrc%5Etfw\">#Ma\u00f1aneraDelPueblo<\/a> | La presidenta <a href=\"https:\/\/twitter.com\/Claudiashein?ref_src=twsrc%5Etfw\">@Claudiashein<\/a> aclara que no hay acuerdo entre el Gobierno de M\u00e9xico y la DEA\u00a0sobre alguna operaci\u00f3n para combatir el narcotr\u00e1fico. <br><br>En materia de seguridad, nuestro pa\u00eds avanza con el gobierno de Estados Unidos en un convenio basado en el\u2026 <a href=\"https:\/\/t.co\/27xztcrXNW\">pic.twitter.com\/27xztcrXNW<\/a><\/p>&mdash; Gobierno de M\u00e9xico (@GobiernoMX) <a href=\"https:\/\/twitter.com\/GobiernoMX\/status\/1957821505959514139?ref_src=twsrc%5Etfw\">August 19, 2025<\/a><\/blockquote><script async src=\"https:\/\/platform.twitter.com\/widgets.js\" charset=\"utf-8\"><\/script>\n<\/div><\/figure>\n\n\n\n<p class=\"wp-block-paragraph\">En otros temas<\/p>\n\n\n\n<h2 class=\"wp-block-heading\">Sheinbaum critic\u00f3 al Poder Judicial <\/h2>\n\n\n\n<p class=\"wp-block-paragraph\">Con la llegada del nuevo poder Judicial, se dar\u00e1 fin al nepotismo y una era que serv\u00eda a unos cuantos del pueblo asegur\u00f3 la mandataria, y se\u00f1al\u00f3 que a partir del primero de septiembre el poder judicial trabajar\u00e1 mejor y se buscar\u00e1 evitar las viejas pr\u00e1cticas.<\/p>\n\n\n\n<p class=\"wp-block-paragraph\">Iniciar\u00e1 el gobierno Federal una campa\u00f1a para reforzar los programas d salud e invitar a la ciudadan\u00eda a no abusar de las bebidas azucaradas con el fin de mejorar la salud de los mexicanos y enriquecer la dieta diaria.<\/p>\n\n\n\n<h2 class=\"wp-block-heading\">Se reforzar\u00e1n los temas de Salud en el Seguro Social,  IMSS Bienestar e ISSSTE<\/h2>\n\n\n\n<p class=\"wp-block-paragraph\"><strong>Alejandro Svarch<\/strong>, director del IMSS Bienestar present\u00f3 los avances de la estrategia para fortalecer la atenci\u00f3n de centro, lo que incluye laboratorio en tu cl\u00ednica y el inicio del programa de rutas en la salud.<\/p>\n\n\n\n<p class=\"wp-block-paragraph\">Adem\u00e1s, se present\u00f3 lo que consideraron la estrategia m\u00e1s relevante del&nbsp;<strong>IMSS Bienestar<\/strong>, las<strong>&nbsp;Rutas de la Salud<\/strong>, resaltando la estrategia de entrega de kits de medicamentos, que abarcar\u00e1 10 mil 497 kits de medicamentos, 8 mil 61 unidades m\u00e9dicas beneficiadas y mil seis rutas de entrega en tan solo cinco d\u00edas (del 19 al 23 de agosto).<\/p>\n\n\n\n<p class=\"wp-block-paragraph\">Finalmente, 23 gobernadores de estados mexicanos dieron el banderazo para que la Ruta de la Salud de inicio.<\/p>\n\n\n\n<p class=\"wp-block-paragraph\">Mart\u00ed Batres, director general del ISSSTE, anunci\u00f3 que desde al pasado 1 de julio, se realizaron 3 mil 68 intervenciones quir\u00fargicas, aumentando hoy en d\u00eda otras 2 mil 217 intervenciones, registrando un avance del 72.26% en el programa de atenci\u00f3n m\u00e9dica.<\/p>\n\n\n\n<p class=\"wp-block-paragraph\">El Director General del IMSS, Zo\u00e9 Robledo inform\u00f3 en la ma\u00f1anera que se registraron&nbsp;<strong>953 mil 872 cirug\u00edas<\/strong>, lo que presenta un avance del 45%, 16.1 millones de consultas de especialidad, lo que representa un aumento del 50% y 63.1 millones de consultas de medicina familiar, representando un aumento del 61% de avance anual.<\/p>\n\n\n\n<p class=\"wp-block-paragraph\">El presidente de salubridad <strong>David Kershenobich<\/strong>,&nbsp;inform\u00f3 sobre el efecto de consumo excesivo de refrescos basado en datos del&nbsp;<strong>Instituto Nacional de Estad\u00edstica y Geograf\u00eda<\/strong>. Lo que resalt\u00f3 es que<strong>&nbsp;la diabetes mellitus y efectos de sobredosis de az\u00facares en sangre con problemas cardiacos, persiste en la salud mexicana<\/strong>.<\/p>\n\n\n\n<p class=\"wp-block-paragraph\">De acuerdo con los datos presentados, 7 de cada 10 ni\u00f1os consumen refresco diariamente a menudo en el desayuno, lo que provoca que&nbsp;<strong>4 de cada 10 ni\u00f1os y adolescentes presenten sobrepeso y obesidad<\/strong>&nbsp;y que dicha enfermedad provoque un aumento progresivo de enfermedades cardiovasculares y diagnostico confirmado de diabetes.<\/p>\n\n\n\n<p class=\"wp-block-paragraph\">coment\u00f3 que al menos en 2024,&nbsp;<strong>192 mil 563 personas murieron por enfermedades cardiovasculares<\/strong>, as\u00ed como&nbsp;<strong>112 mil 641 muertes confirmadas por diabetes mellitus<\/strong>.<\/p>\n\n\n\n<p class=\"wp-block-paragraph\"><\/p>\n","protected":false},"excerpt":{"rendered":"<p>La presidenta neg\u00f3 que haya la operaci\u00f3n llamada Portero. Afirm\u00f3 que lo \u00fanico que hay&#8230;<\/p>\n","protected":false},"author":66,"featured_media":3213,"comment_status":"closed","ping_status":"closed","sticky":false,"template":"","format":"standard","meta":{"footnotes":""},"categories":[13],"tags":[566,1427,1874,2157,2457],"class_list":["post-3203","post","type-post","status-publish","format-standard","has-post-thumbnail","hentry","category-politica","tag-dea","tag-la-mananera","tag-narco","tag-presidenta","tag-sheinbaum"],"yoast_head":"<!-- This site is optimized with the Yoast SEO plugin v28.4 - https:\/\/yoast.com\/product\/yoast-seo-wordpress\/ -->\n<title>Sheinbaum desmiente que haya trabajo conjunto con la DEA -<\/title>\n<meta name=\"description\" content=\"La presidenta de M\u00e9xico, Claudia Sheinbaum, inform\u00f3 que no existe ning\u00fan acuerdo con las autoridades de la Agencia Antidrogas de Estados Unidos (DEA), para el Proyecto Portero, como anunciaron las autoridades estadounidenses.\" \/>\n<meta name=\"robots\" content=\"index, follow, max-snippet:-1, max-image-preview:large, max-video-preview:-1\" \/>\n<link rel=\"canonical\" href=\"https:\/\/arjenoticias.com.mx\/?p=3203\" \/>\n<meta property=\"og:locale\" content=\"es_MX\" \/>\n<meta property=\"og:type\" content=\"article\" \/>\n<meta property=\"og:title\" content=\"Sheinbaum desmiente que haya trabajo conjunto con la DEA -\" \/>\n<meta property=\"og:description\" content=\"La presidenta de M\u00e9xico, Claudia Sheinbaum, inform\u00f3 que no existe ning\u00fan acuerdo con las autoridades de la Agencia Antidrogas de Estados Unidos (DEA), para el Proyecto Portero, como anunciaron las autoridades estadounidenses.\" \/>\n<meta property=\"og:url\" content=\"https:\/\/arjenoticias.com.mx\/?p=3203\" \/>\n<meta property=\"article:published_time\" content=\"2025-08-19T11:00:26+00:00\" \/>\n<meta name=\"author\" content=\"Arj\u00e9 Noticias\" \/>\n<meta name=\"twitter:card\" content=\"summary_large_image\" \/>\n<meta name=\"twitter:label1\" content=\"Escrito por\" \/>\n\t<meta name=\"twitter:data1\" content=\"Arj\u00e9 Noticias\" \/>\n\t<meta name=\"twitter:label2\" content=\"Tiempo de lectura\" \/>\n\t<meta name=\"twitter:data2\" content=\"3 minutos\" \/>\n<script type=\"application\/ld+json\" class=\"yoast-schema-graph\">{\"@context\":\"https:\\\/\\\/schema.org\",\"@graph\":[{\"@type\":\"Article\",\"@id\":\"https:\\\/\\\/arjenoticias.com.mx\\\/?p=3203#article\",\"isPartOf\":{\"@id\":\"https:\\\/\\\/arjenoticias.com.mx\\\/?p=3203\"},\"author\":{\"name\":\"Arj\u00e9 Noticias\",\"@id\":\"https:\\\/\\\/arjenoticias.com.mx\\\/#\\\/schema\\\/person\\\/83f9fb68162b16794b69a8186dd31bc0\"},\"headline\":\"Sheinbaum desmiente que haya trabajo conjunto con la DEA\",\"datePublished\":\"2025-08-19T11:00:26+00:00\",\"mainEntityOfPage\":{\"@id\":\"https:\\\/\\\/arjenoticias.com.mx\\\/?p=3203\"},\"wordCount\":640,\"publisher\":{\"@id\":\"https:\\\/\\\/arjenoticias.com.mx\\\/#organization\"},\"image\":{\"@id\":\"https:\\\/\\\/arjenoticias.com.mx\\\/?p=3203#primaryimage\"},\"thumbnailUrl\":\"\",\"keywords\":[\"DEA\",\"La ma\u00f1anera\",\"narco\",\"Presidenta\",\"Sheinbaum\"],\"articleSection\":[\"Pol\u00edtica\"],\"inLanguage\":\"es\"},{\"@type\":\"WebPage\",\"@id\":\"https:\\\/\\\/arjenoticias.com.mx\\\/?p=3203\",\"url\":\"https:\\\/\\\/arjenoticias.com.mx\\\/?p=3203\",\"name\":\"Sheinbaum desmiente que haya trabajo conjunto con la DEA -\",\"isPartOf\":{\"@id\":\"https:\\\/\\\/arjenoticias.com.mx\\\/#website\"},\"primaryImageOfPage\":{\"@id\":\"https:\\\/\\\/arjenoticias.com.mx\\\/?p=3203#primaryimage\"},\"image\":{\"@id\":\"https:\\\/\\\/arjenoticias.com.mx\\\/?p=3203#primaryimage\"},\"thumbnailUrl\":\"\",\"datePublished\":\"2025-08-19T11:00:26+00:00\",\"description\":\"La presidenta de M\u00e9xico, Claudia Sheinbaum, inform\u00f3 que no existe ning\u00fan acuerdo con las autoridades de la Agencia Antidrogas de Estados Unidos (DEA), para el Proyecto Portero, como anunciaron las autoridades estadounidenses.\",\"breadcrumb\":{\"@id\":\"https:\\\/\\\/arjenoticias.com.mx\\\/?p=3203#breadcrumb\"},\"inLanguage\":\"es\",\"potentialAction\":[{\"@type\":\"ReadAction\",\"target\":[\"https:\\\/\\\/arjenoticias.com.mx\\\/?p=3203\"]}]},{\"@type\":\"ImageObject\",\"inLanguage\":\"es\",\"@id\":\"https:\\\/\\\/arjenoticias.com.mx\\\/?p=3203#primaryimage\",\"url\":\"\",\"contentUrl\":\"\"},{\"@type\":\"BreadcrumbList\",\"@id\":\"https:\\\/\\\/arjenoticias.com.mx\\\/?p=3203#breadcrumb\",\"itemListElement\":[{\"@type\":\"ListItem\",\"position\":1,\"name\":\"Inicio\",\"item\":\"https:\\\/\\\/arjenoticias.com.mx\\\/\"},{\"@type\":\"ListItem\",\"position\":2,\"name\":\"Sheinbaum desmiente que haya trabajo conjunto con la DEA\"}]},{\"@type\":\"WebSite\",\"@id\":\"https:\\\/\\\/arjenoticias.com.mx\\\/#website\",\"url\":\"https:\\\/\\\/arjenoticias.com.mx\\\/\",\"name\":\"arjenoticias.com.mx\",\"description\":\"\",\"publisher\":{\"@id\":\"https:\\\/\\\/arjenoticias.com.mx\\\/#organization\"},\"potentialAction\":[{\"@type\":\"SearchAction\",\"target\":{\"@type\":\"EntryPoint\",\"urlTemplate\":\"https:\\\/\\\/arjenoticias.com.mx\\\/?s={search_term_string}\"},\"query-input\":{\"@type\":\"PropertyValueSpecification\",\"valueRequired\":true,\"valueName\":\"search_term_string\"}}],\"inLanguage\":\"es\"},{\"@type\":\"Organization\",\"@id\":\"https:\\\/\\\/arjenoticias.com.mx\\\/#organization\",\"name\":\"Arj\u00e9 de M\u00e9xico Noticias\",\"url\":\"https:\\\/\\\/arjenoticias.com.mx\\\/\",\"logo\":{\"@type\":\"ImageObject\",\"inLanguage\":\"es\",\"@id\":\"https:\\\/\\\/arjenoticias.com.mx\\\/#\\\/schema\\\/logo\\\/image\\\/\",\"url\":\"https:\\\/\\\/arjenoticias.com.mx\\\/wp-content\\\/uploads\\\/2025\\\/07\\\/cropped-logo-scaled-1.png\",\"contentUrl\":\"https:\\\/\\\/arjenoticias.com.mx\\\/wp-content\\\/uploads\\\/2025\\\/07\\\/cropped-logo-scaled-1.png\",\"width\":2558,\"height\":558,\"caption\":\"Arj\u00e9 de M\u00e9xico Noticias\"},\"image\":{\"@id\":\"https:\\\/\\\/arjenoticias.com.mx\\\/#\\\/schema\\\/logo\\\/image\\\/\"}},{\"@type\":\"Person\",\"@id\":\"https:\\\/\\\/arjenoticias.com.mx\\\/#\\\/schema\\\/person\\\/83f9fb68162b16794b69a8186dd31bc0\",\"name\":\"Arj\u00e9 Noticias\",\"image\":{\"@type\":\"ImageObject\",\"inLanguage\":\"es\",\"@id\":\"https:\\\/\\\/secure.gravatar.com\\\/avatar\\\/f604b88a0e24c04f3f89fae6b5400bfd6093d0999292a64803d3651d9d4a35a5?s=96&d=mm&r=g\",\"url\":\"https:\\\/\\\/secure.gravatar.com\\\/avatar\\\/f604b88a0e24c04f3f89fae6b5400bfd6093d0999292a64803d3651d9d4a35a5?s=96&d=mm&r=g\",\"contentUrl\":\"https:\\\/\\\/secure.gravatar.com\\\/avatar\\\/f604b88a0e24c04f3f89fae6b5400bfd6093d0999292a64803d3651d9d4a35a5?s=96&d=mm&r=g\",\"caption\":\"Arj\u00e9 Noticias\"},\"url\":\"https:\\\/\\\/arjenoticias.com.mx\\\/?author=66\"}]}<\/script>\n<!-- \/ Yoast SEO plugin. -->","yoast_head_json":{"title":"Sheinbaum desmiente que haya trabajo conjunto con la DEA -","description":"La presidenta de M\u00e9xico, Claudia Sheinbaum, inform\u00f3 que no existe ning\u00fan acuerdo con las autoridades de la Agencia Antidrogas de Estados Unidos (DEA), para el Proyecto Portero, como anunciaron las autoridades estadounidenses.","robots":{"index":"index","follow":"follow","max-snippet":"max-snippet:-1","max-image-preview":"max-image-preview:large","max-video-preview":"max-video-preview:-1"},"canonical":"https:\/\/arjenoticias.com.mx\/?p=3203","og_locale":"es_MX","og_type":"article","og_title":"Sheinbaum desmiente que haya trabajo conjunto con la DEA -","og_description":"La presidenta de M\u00e9xico, Claudia Sheinbaum, inform\u00f3 que no existe ning\u00fan acuerdo con las autoridades de la Agencia Antidrogas de Estados Unidos (DEA), para el Proyecto Portero, como anunciaron las autoridades estadounidenses.","og_url":"https:\/\/arjenoticias.com.mx\/?p=3203","article_published_time":"2025-08-19T11:00:26+00:00","author":"Arj\u00e9 Noticias","twitter_card":"summary_large_image","twitter_misc":{"Escrito por":"Arj\u00e9 Noticias","Tiempo de lectura":"3 minutos"},"schema":{"@context":"https:\/\/schema.org","@graph":[{"@type":"Article","@id":"https:\/\/arjenoticias.com.mx\/?p=3203#article","isPartOf":{"@id":"https:\/\/arjenoticias.com.mx\/?p=3203"},"author":{"name":"Arj\u00e9 Noticias","@id":"https:\/\/arjenoticias.com.mx\/#\/schema\/person\/83f9fb68162b16794b69a8186dd31bc0"},"headline":"Sheinbaum desmiente que haya trabajo conjunto con la DEA","datePublished":"2025-08-19T11:00:26+00:00","mainEntityOfPage":{"@id":"https:\/\/arjenoticias.com.mx\/?p=3203"},"wordCount":640,"publisher":{"@id":"https:\/\/arjenoticias.com.mx\/#organization"},"image":{"@id":"https:\/\/arjenoticias.com.mx\/?p=3203#primaryimage"},"thumbnailUrl":"","keywords":["DEA","La ma\u00f1anera","narco","Presidenta","Sheinbaum"],"articleSection":["Pol\u00edtica"],"inLanguage":"es"},{"@type":"WebPage","@id":"https:\/\/arjenoticias.com.mx\/?p=3203","url":"https:\/\/arjenoticias.com.mx\/?p=3203","name":"Sheinbaum desmiente que haya trabajo conjunto con la DEA -","isPartOf":{"@id":"https:\/\/arjenoticias.com.mx\/#website"},"primaryImageOfPage":{"@id":"https:\/\/arjenoticias.com.mx\/?p=3203#primaryimage"},"image":{"@id":"https:\/\/arjenoticias.com.mx\/?p=3203#primaryimage"},"thumbnailUrl":"","datePublished":"2025-08-19T11:00:26+00:00","description":"La presidenta de M\u00e9xico, Claudia Sheinbaum, inform\u00f3 que no existe ning\u00fan acuerdo con las autoridades de la Agencia Antidrogas de Estados Unidos (DEA), para el Proyecto Portero, como anunciaron las autoridades estadounidenses.","breadcrumb":{"@id":"https:\/\/arjenoticias.com.mx\/?p=3203#breadcrumb"},"inLanguage":"es","potentialAction":[{"@type":"ReadAction","target":["https:\/\/arjenoticias.com.mx\/?p=3203"]}]},{"@type":"ImageObject","inLanguage":"es","@id":"https:\/\/arjenoticias.com.mx\/?p=3203#primaryimage","url":"","contentUrl":""},{"@type":"BreadcrumbList","@id":"https:\/\/arjenoticias.com.mx\/?p=3203#breadcrumb","itemListElement":[{"@type":"ListItem","position":1,"name":"Inicio","item":"https:\/\/arjenoticias.com.mx\/"},{"@type":"ListItem","position":2,"name":"Sheinbaum desmiente que haya trabajo conjunto con la DEA"}]},{"@type":"WebSite","@id":"https:\/\/arjenoticias.com.mx\/#website","url":"https:\/\/arjenoticias.com.mx\/","name":"arjenoticias.com.mx","description":"","publisher":{"@id":"https:\/\/arjenoticias.com.mx\/#organization"},"potentialAction":[{"@type":"SearchAction","target":{"@type":"EntryPoint","urlTemplate":"https:\/\/arjenoticias.com.mx\/?s={search_term_string}"},"query-input":{"@type":"PropertyValueSpecification","valueRequired":true,"valueName":"search_term_string"}}],"inLanguage":"es"},{"@type":"Organization","@id":"https:\/\/arjenoticias.com.mx\/#organization","name":"Arj\u00e9 de M\u00e9xico Noticias","url":"https:\/\/arjenoticias.com.mx\/","logo":{"@type":"ImageObject","inLanguage":"es","@id":"https:\/\/arjenoticias.com.mx\/#\/schema\/logo\/image\/","url":"https:\/\/arjenoticias.com.mx\/wp-content\/uploads\/2025\/07\/cropped-logo-scaled-1.png","contentUrl":"https:\/\/arjenoticias.com.mx\/wp-content\/uploads\/2025\/07\/cropped-logo-scaled-1.png","width":2558,"height":558,"caption":"Arj\u00e9 de M\u00e9xico Noticias"},"image":{"@id":"https:\/\/arjenoticias.com.mx\/#\/schema\/logo\/image\/"}},{"@type":"Person","@id":"https:\/\/arjenoticias.com.mx\/#\/schema\/person\/83f9fb68162b16794b69a8186dd31bc0","name":"Arj\u00e9 Noticias","image":{"@type":"ImageObject","inLanguage":"es","@id":"https:\/\/secure.gravatar.com\/avatar\/f604b88a0e24c04f3f89fae6b5400bfd6093d0999292a64803d3651d9d4a35a5?s=96&d=mm&r=g","url":"https:\/\/secure.gravatar.com\/avatar\/f604b88a0e24c04f3f89fae6b5400bfd6093d0999292a64803d3651d9d4a35a5?s=96&d=mm&r=g","contentUrl":"https:\/\/secure.gravatar.com\/avatar\/f604b88a0e24c04f3f89fae6b5400bfd6093d0999292a64803d3651d9d4a35a5?s=96&d=mm&r=g","caption":"Arj\u00e9 Noticias"},"url":"https:\/\/arjenoticias.com.mx\/?author=66"}]}},"_links":{"self":[{"href":"https:\/\/arjenoticias.com.mx\/index.php?rest_route=\/wp\/v2\/posts\/3203","targetHints":{"allow":["GET"]}}],"collection":[{"href":"https:\/\/arjenoticias.com.mx\/index.php?rest_route=\/wp\/v2\/posts"}],"about":[{"href":"https:\/\/arjenoticias.com.mx\/index.php?rest_route=\/wp\/v2\/types\/post"}],"author":[{"embeddable":true,"href":"https:\/\/arjenoticias.com.mx\/index.php?rest_route=\/wp\/v2\/users\/66"}],"replies":[{"embeddable":true,"href":"https:\/\/arjenoticias.com.mx\/index.php?rest_route=%2Fwp%2Fv2%2Fcomments&post=3203"}],"version-history":[{"count":0,"href":"https:\/\/arjenoticias.com.mx\/index.php?rest_route=\/wp\/v2\/posts\/3203\/revisions"}],"wp:attachment":[{"href":"https:\/\/arjenoticias.com.mx\/index.php?rest_route=%2Fwp%2Fv2%2Fmedia&parent=3203"}],"wp:term":[{"taxonomy":"category","embeddable":true,"href":"https:\/\/arjenoticias.com.mx\/index.php?rest_route=%2Fwp%2Fv2%2Fcategories&post=3203"},{"taxonomy":"post_tag","embeddable":true,"href":"https:\/\/arjenoticias.com.mx\/index.php?rest_route=%2Fwp%2Fv2%2Ftags&post=3203"}],"curies":[{"name":"wp","href":"https:\/\/api.w.org\/{rel}","templated":true}]}}