{"id":3190,"date":"2025-08-18T23:10:06","date_gmt":"2025-08-18T23:10:06","guid":{"rendered":"https:\/\/arjenoticias.com\/?p=3190"},"modified":"2025-08-18T23:10:06","modified_gmt":"2025-08-18T23:10:06","slug":"reforzaran-seguridad-en-sinaloa","status":"publish","type":"post","link":"https:\/\/arjenoticias.com.mx\/?p=3190","title":{"rendered":"Reforzar\u00e1n seguridad en Sinaloa"},"content":{"rendered":"\n<p class=\"wp-block-paragraph\">El secretario de la Defensa Nacional, General Ricardo Trevilla Trejo, asegur\u00f3 que las Fuerzas Armadas mantendr\u00e1n su presencia en Sinaloa con el objetivo de recuperar la paz y la seguridad en la entidad. <\/p>\n\n\n\n<p class=\"wp-block-paragraph\">Dijo que el personal militar seguir\u00e1 respaldando a la poblaci\u00f3n y que las Fuerzas Armadas reforzar\u00e1n su presencia en todo Sinaloa, adem\u00e1s de que apoyar\u00e1n a la Polic\u00eda Estatal con equipamiento y capacitaci\u00f3n, y colaborar\u00e1n en acciones de inteligencia y prevenci\u00f3n del delito para garantizar que la sociedad viva y trabaje en paz, mientras se promueve el desarrollo y bienestar de la entidad.<\/p>\n\n\n\n<figure class=\"wp-block-embed is-type-rich is-provider-twitter wp-block-embed-twitter\"><div class=\"wp-block-embed__wrapper\">\n<blockquote class=\"twitter-tweet\" data-width=\"550\" data-dnt=\"true\"><p lang=\"es\" dir=\"ltr\">El titular de <a href=\"https:\/\/twitter.com\/Defensamx1?ref_src=twsrc%5Etfw\">@DefensaMx1<\/a>, General Secretario Ricardo Trevilla Trejo, se\u00f1al\u00f3 que las Fuerzas Armadas reforzar\u00e1n su presencia en todo Sinaloa, apoyar\u00e1n a la Polic\u00eda Estatal con equipamiento y capacitaci\u00f3n, y colaborar\u00e1n en acciones de inteligencia y prevenci\u00f3n del delito para\u2026 <a href=\"https:\/\/t.co\/gNmEMaQmzP\">pic.twitter.com\/gNmEMaQmzP<\/a><\/p>&mdash; Gabinete de Seguridad de M\u00e9xico (@GabSeguridadMX) <a href=\"https:\/\/twitter.com\/GabSeguridadMX\/status\/1957573255621185665?ref_src=twsrc%5Etfw\">August 18, 2025<\/a><\/blockquote><script async src=\"https:\/\/platform.twitter.com\/widgets.js\" charset=\"utf-8\"><\/script>\n<\/div><\/figure>\n\n\n\n<p class=\"wp-block-paragraph\"><\/p>\n","protected":false},"excerpt":{"rendered":"<p>El secretario de la Defensa Nacional, General Ricardo Trevilla Trejo, asegur\u00f3 que las Fuerzas Armadas&#8230;<\/p>\n","protected":false},"author":67,"featured_media":3195,"comment_status":"closed","ping_status":"closed","sticky":false,"template":"","format":"standard","meta":{"footnotes":""},"categories":[8],"tags":[],"class_list":["post-3190","post","type-post","status-publish","format-standard","has-post-thumbnail","hentry","category-los-poetas"],"yoast_head":"<!-- This site is optimized with the Yoast SEO plugin v28.4 - https:\/\/yoast.com\/product\/yoast-seo-wordpress\/ -->\n<title>Reforzar\u00e1n seguridad en Sinaloa -<\/title>\n<meta name=\"description\" content=\"El secretario de la Defensa Nacional, General Ricardo Trevilla Trejo, asegur\u00f3 que las Fuerzas Armadas mantendr\u00e1n su presencia en Sinaloa con el objetivo de recuperar la paz y la seguridad en la entidad.\" \/>\n<meta name=\"robots\" content=\"index, follow, max-snippet:-1, max-image-preview:large, max-video-preview:-1\" \/>\n<link rel=\"canonical\" href=\"https:\/\/arjenoticias.com.mx\/?p=3190\" \/>\n<meta property=\"og:locale\" content=\"es_MX\" \/>\n<meta property=\"og:type\" content=\"article\" \/>\n<meta property=\"og:title\" content=\"Reforzar\u00e1n seguridad en Sinaloa -\" \/>\n<meta property=\"og:description\" content=\"El secretario de la Defensa Nacional, General Ricardo Trevilla Trejo, asegur\u00f3 que las Fuerzas Armadas mantendr\u00e1n su presencia en Sinaloa con el objetivo de recuperar la paz y la seguridad en la entidad.\" \/>\n<meta property=\"og:url\" content=\"https:\/\/arjenoticias.com.mx\/?p=3190\" \/>\n<meta property=\"article:published_time\" content=\"2025-08-18T23:10:06+00:00\" \/>\n<meta name=\"author\" content=\"Teresa Sep\u00falveda Elizondo\" \/>\n<meta name=\"twitter:card\" content=\"summary_large_image\" \/>\n<meta name=\"twitter:label1\" content=\"Escrito por\" \/>\n\t<meta name=\"twitter:data1\" content=\"Teresa Sep\u00falveda Elizondo\" \/>\n\t<meta name=\"twitter:label2\" content=\"Tiempo de lectura\" \/>\n\t<meta name=\"twitter:data2\" content=\"1 minuto\" \/>\n<script type=\"application\/ld+json\" class=\"yoast-schema-graph\">{\"@context\":\"https:\\\/\\\/schema.org\",\"@graph\":[{\"@type\":\"Article\",\"@id\":\"https:\\\/\\\/arjenoticias.com.mx\\\/?p=3190#article\",\"isPartOf\":{\"@id\":\"https:\\\/\\\/arjenoticias.com.mx\\\/?p=3190\"},\"author\":{\"name\":\"Teresa Sep\u00falveda Elizondo\",\"@id\":\"https:\\\/\\\/arjenoticias.com.mx\\\/#\\\/schema\\\/person\\\/da5b96cdb3d0ca850682c4c74f9888d1\"},\"headline\":\"Reforzar\u00e1n seguridad en Sinaloa\",\"datePublished\":\"2025-08-18T23:10:06+00:00\",\"mainEntityOfPage\":{\"@id\":\"https:\\\/\\\/arjenoticias.com.mx\\\/?p=3190\"},\"wordCount\":115,\"publisher\":{\"@id\":\"https:\\\/\\\/arjenoticias.com.mx\\\/#organization\"},\"image\":{\"@id\":\"https:\\\/\\\/arjenoticias.com.mx\\\/?p=3190#primaryimage\"},\"thumbnailUrl\":\"\",\"articleSection\":[\"Los poetas\"],\"inLanguage\":\"es\"},{\"@type\":\"WebPage\",\"@id\":\"https:\\\/\\\/arjenoticias.com.mx\\\/?p=3190\",\"url\":\"https:\\\/\\\/arjenoticias.com.mx\\\/?p=3190\",\"name\":\"Reforzar\u00e1n seguridad en Sinaloa -\",\"isPartOf\":{\"@id\":\"https:\\\/\\\/arjenoticias.com.mx\\\/#website\"},\"primaryImageOfPage\":{\"@id\":\"https:\\\/\\\/arjenoticias.com.mx\\\/?p=3190#primaryimage\"},\"image\":{\"@id\":\"https:\\\/\\\/arjenoticias.com.mx\\\/?p=3190#primaryimage\"},\"thumbnailUrl\":\"\",\"datePublished\":\"2025-08-18T23:10:06+00:00\",\"description\":\"El secretario de la Defensa Nacional, General Ricardo Trevilla Trejo, asegur\u00f3 que las Fuerzas Armadas mantendr\u00e1n su presencia en Sinaloa con el objetivo de recuperar la paz y la seguridad en la entidad.\",\"breadcrumb\":{\"@id\":\"https:\\\/\\\/arjenoticias.com.mx\\\/?p=3190#breadcrumb\"},\"inLanguage\":\"es\",\"potentialAction\":[{\"@type\":\"ReadAction\",\"target\":[\"https:\\\/\\\/arjenoticias.com.mx\\\/?p=3190\"]}]},{\"@type\":\"ImageObject\",\"inLanguage\":\"es\",\"@id\":\"https:\\\/\\\/arjenoticias.com.mx\\\/?p=3190#primaryimage\",\"url\":\"\",\"contentUrl\":\"\"},{\"@type\":\"BreadcrumbList\",\"@id\":\"https:\\\/\\\/arjenoticias.com.mx\\\/?p=3190#breadcrumb\",\"itemListElement\":[{\"@type\":\"ListItem\",\"position\":1,\"name\":\"Inicio\",\"item\":\"https:\\\/\\\/arjenoticias.com.mx\\\/\"},{\"@type\":\"ListItem\",\"position\":2,\"name\":\"Reforzar\u00e1n seguridad en Sinaloa\"}]},{\"@type\":\"WebSite\",\"@id\":\"https:\\\/\\\/arjenoticias.com.mx\\\/#website\",\"url\":\"https:\\\/\\\/arjenoticias.com.mx\\\/\",\"name\":\"arjenoticias.com.mx\",\"description\":\"\",\"publisher\":{\"@id\":\"https:\\\/\\\/arjenoticias.com.mx\\\/#organization\"},\"potentialAction\":[{\"@type\":\"SearchAction\",\"target\":{\"@type\":\"EntryPoint\",\"urlTemplate\":\"https:\\\/\\\/arjenoticias.com.mx\\\/?s={search_term_string}\"},\"query-input\":{\"@type\":\"PropertyValueSpecification\",\"valueRequired\":true,\"valueName\":\"search_term_string\"}}],\"inLanguage\":\"es\"},{\"@type\":\"Organization\",\"@id\":\"https:\\\/\\\/arjenoticias.com.mx\\\/#organization\",\"name\":\"Arj\u00e9 de M\u00e9xico Noticias\",\"url\":\"https:\\\/\\\/arjenoticias.com.mx\\\/\",\"logo\":{\"@type\":\"ImageObject\",\"inLanguage\":\"es\",\"@id\":\"https:\\\/\\\/arjenoticias.com.mx\\\/#\\\/schema\\\/logo\\\/image\\\/\",\"url\":\"https:\\\/\\\/arjenoticias.com.mx\\\/wp-content\\\/uploads\\\/2025\\\/07\\\/cropped-logo-scaled-1.png\",\"contentUrl\":\"https:\\\/\\\/arjenoticias.com.mx\\\/wp-content\\\/uploads\\\/2025\\\/07\\\/cropped-logo-scaled-1.png\",\"width\":2558,\"height\":558,\"caption\":\"Arj\u00e9 de M\u00e9xico Noticias\"},\"image\":{\"@id\":\"https:\\\/\\\/arjenoticias.com.mx\\\/#\\\/schema\\\/logo\\\/image\\\/\"}},{\"@type\":\"Person\",\"@id\":\"https:\\\/\\\/arjenoticias.com.mx\\\/#\\\/schema\\\/person\\\/da5b96cdb3d0ca850682c4c74f9888d1\",\"name\":\"Teresa Sep\u00falveda Elizondo\",\"image\":{\"@type\":\"ImageObject\",\"inLanguage\":\"es\",\"@id\":\"https:\\\/\\\/secure.gravatar.com\\\/avatar\\\/d028fefd8eb201705a23e8ddfe978fbf484e56c5190e4b37aa46229a4d471d39?s=96&d=mm&r=g\",\"url\":\"https:\\\/\\\/secure.gravatar.com\\\/avatar\\\/d028fefd8eb201705a23e8ddfe978fbf484e56c5190e4b37aa46229a4d471d39?s=96&d=mm&r=g\",\"contentUrl\":\"https:\\\/\\\/secure.gravatar.com\\\/avatar\\\/d028fefd8eb201705a23e8ddfe978fbf484e56c5190e4b37aa46229a4d471d39?s=96&d=mm&r=g\",\"caption\":\"Teresa Sep\u00falveda Elizondo\"},\"url\":\"https:\\\/\\\/arjenoticias.com.mx\\\/?author=67\"}]}<\/script>\n<!-- \/ Yoast SEO plugin. -->","yoast_head_json":{"title":"Reforzar\u00e1n seguridad en Sinaloa -","description":"El secretario de la Defensa Nacional, General Ricardo Trevilla Trejo, asegur\u00f3 que las Fuerzas Armadas mantendr\u00e1n su presencia en Sinaloa con el objetivo de recuperar la paz y la seguridad en la entidad.","robots":{"index":"index","follow":"follow","max-snippet":"max-snippet:-1","max-image-preview":"max-image-preview:large","max-video-preview":"max-video-preview:-1"},"canonical":"https:\/\/arjenoticias.com.mx\/?p=3190","og_locale":"es_MX","og_type":"article","og_title":"Reforzar\u00e1n seguridad en Sinaloa -","og_description":"El secretario de la Defensa Nacional, General Ricardo Trevilla Trejo, asegur\u00f3 que las Fuerzas Armadas mantendr\u00e1n su presencia en Sinaloa con el objetivo de recuperar la paz y la seguridad en la entidad.","og_url":"https:\/\/arjenoticias.com.mx\/?p=3190","article_published_time":"2025-08-18T23:10:06+00:00","author":"Teresa Sep\u00falveda Elizondo","twitter_card":"summary_large_image","twitter_misc":{"Escrito por":"Teresa Sep\u00falveda Elizondo","Tiempo de lectura":"1 minuto"},"schema":{"@context":"https:\/\/schema.org","@graph":[{"@type":"Article","@id":"https:\/\/arjenoticias.com.mx\/?p=3190#article","isPartOf":{"@id":"https:\/\/arjenoticias.com.mx\/?p=3190"},"author":{"name":"Teresa Sep\u00falveda Elizondo","@id":"https:\/\/arjenoticias.com.mx\/#\/schema\/person\/da5b96cdb3d0ca850682c4c74f9888d1"},"headline":"Reforzar\u00e1n seguridad en Sinaloa","datePublished":"2025-08-18T23:10:06+00:00","mainEntityOfPage":{"@id":"https:\/\/arjenoticias.com.mx\/?p=3190"},"wordCount":115,"publisher":{"@id":"https:\/\/arjenoticias.com.mx\/#organization"},"image":{"@id":"https:\/\/arjenoticias.com.mx\/?p=3190#primaryimage"},"thumbnailUrl":"","articleSection":["Los poetas"],"inLanguage":"es"},{"@type":"WebPage","@id":"https:\/\/arjenoticias.com.mx\/?p=3190","url":"https:\/\/arjenoticias.com.mx\/?p=3190","name":"Reforzar\u00e1n seguridad en Sinaloa -","isPartOf":{"@id":"https:\/\/arjenoticias.com.mx\/#website"},"primaryImageOfPage":{"@id":"https:\/\/arjenoticias.com.mx\/?p=3190#primaryimage"},"image":{"@id":"https:\/\/arjenoticias.com.mx\/?p=3190#primaryimage"},"thumbnailUrl":"","datePublished":"2025-08-18T23:10:06+00:00","description":"El secretario de la Defensa Nacional, General Ricardo Trevilla Trejo, asegur\u00f3 que las Fuerzas Armadas mantendr\u00e1n su presencia en Sinaloa con el objetivo de recuperar la paz y la seguridad en la entidad.","breadcrumb":{"@id":"https:\/\/arjenoticias.com.mx\/?p=3190#breadcrumb"},"inLanguage":"es","potentialAction":[{"@type":"ReadAction","target":["https:\/\/arjenoticias.com.mx\/?p=3190"]}]},{"@type":"ImageObject","inLanguage":"es","@id":"https:\/\/arjenoticias.com.mx\/?p=3190#primaryimage","url":"","contentUrl":""},{"@type":"BreadcrumbList","@id":"https:\/\/arjenoticias.com.mx\/?p=3190#breadcrumb","itemListElement":[{"@type":"ListItem","position":1,"name":"Inicio","item":"https:\/\/arjenoticias.com.mx\/"},{"@type":"ListItem","position":2,"name":"Reforzar\u00e1n seguridad en Sinaloa"}]},{"@type":"WebSite","@id":"https:\/\/arjenoticias.com.mx\/#website","url":"https:\/\/arjenoticias.com.mx\/","name":"arjenoticias.com.mx","description":"","publisher":{"@id":"https:\/\/arjenoticias.com.mx\/#organization"},"potentialAction":[{"@type":"SearchAction","target":{"@type":"EntryPoint","urlTemplate":"https:\/\/arjenoticias.com.mx\/?s={search_term_string}"},"query-input":{"@type":"PropertyValueSpecification","valueRequired":true,"valueName":"search_term_string"}}],"inLanguage":"es"},{"@type":"Organization","@id":"https:\/\/arjenoticias.com.mx\/#organization","name":"Arj\u00e9 de M\u00e9xico Noticias","url":"https:\/\/arjenoticias.com.mx\/","logo":{"@type":"ImageObject","inLanguage":"es","@id":"https:\/\/arjenoticias.com.mx\/#\/schema\/logo\/image\/","url":"https:\/\/arjenoticias.com.mx\/wp-content\/uploads\/2025\/07\/cropped-logo-scaled-1.png","contentUrl":"https:\/\/arjenoticias.com.mx\/wp-content\/uploads\/2025\/07\/cropped-logo-scaled-1.png","width":2558,"height":558,"caption":"Arj\u00e9 de M\u00e9xico Noticias"},"image":{"@id":"https:\/\/arjenoticias.com.mx\/#\/schema\/logo\/image\/"}},{"@type":"Person","@id":"https:\/\/arjenoticias.com.mx\/#\/schema\/person\/da5b96cdb3d0ca850682c4c74f9888d1","name":"Teresa Sep\u00falveda Elizondo","image":{"@type":"ImageObject","inLanguage":"es","@id":"https:\/\/secure.gravatar.com\/avatar\/d028fefd8eb201705a23e8ddfe978fbf484e56c5190e4b37aa46229a4d471d39?s=96&d=mm&r=g","url":"https:\/\/secure.gravatar.com\/avatar\/d028fefd8eb201705a23e8ddfe978fbf484e56c5190e4b37aa46229a4d471d39?s=96&d=mm&r=g","contentUrl":"https:\/\/secure.gravatar.com\/avatar\/d028fefd8eb201705a23e8ddfe978fbf484e56c5190e4b37aa46229a4d471d39?s=96&d=mm&r=g","caption":"Teresa Sep\u00falveda Elizondo"},"url":"https:\/\/arjenoticias.com.mx\/?author=67"}]}},"_links":{"self":[{"href":"https:\/\/arjenoticias.com.mx\/index.php?rest_route=\/wp\/v2\/posts\/3190","targetHints":{"allow":["GET"]}}],"collection":[{"href":"https:\/\/arjenoticias.com.mx\/index.php?rest_route=\/wp\/v2\/posts"}],"about":[{"href":"https:\/\/arjenoticias.com.mx\/index.php?rest_route=\/wp\/v2\/types\/post"}],"author":[{"embeddable":true,"href":"https:\/\/arjenoticias.com.mx\/index.php?rest_route=\/wp\/v2\/users\/67"}],"replies":[{"embeddable":true,"href":"https:\/\/arjenoticias.com.mx\/index.php?rest_route=%2Fwp%2Fv2%2Fcomments&post=3190"}],"version-history":[{"count":0,"href":"https:\/\/arjenoticias.com.mx\/index.php?rest_route=\/wp\/v2\/posts\/3190\/revisions"}],"wp:attachment":[{"href":"https:\/\/arjenoticias.com.mx\/index.php?rest_route=%2Fwp%2Fv2%2Fmedia&parent=3190"}],"wp:term":[{"taxonomy":"category","embeddable":true,"href":"https:\/\/arjenoticias.com.mx\/index.php?rest_route=%2Fwp%2Fv2%2Fcategories&post=3190"},{"taxonomy":"post_tag","embeddable":true,"href":"https:\/\/arjenoticias.com.mx\/index.php?rest_route=%2Fwp%2Fv2%2Ftags&post=3190"}],"curies":[{"name":"wp","href":"https:\/\/api.w.org\/{rel}","templated":true}]}}