{"id":3105,"date":"2025-08-18T16:03:22","date_gmt":"2025-08-18T16:03:22","guid":{"rendered":"https:\/\/arjenoticias.com\/?p=3105"},"modified":"2025-08-18T16:03:22","modified_gmt":"2025-08-18T16:03:22","slug":"la-resiliencia-es-una-ilusion-desarrollemos-la-antifragilidad","status":"publish","type":"post","link":"https:\/\/arjenoticias.com.mx\/?p=3105","title":{"rendered":"La resiliencia es una ilusi\u00f3n, \u00a1Desarrollemos la Antifragilidad!"},"content":{"rendered":"\n<blockquote class=\"wp-block-quote is-layout-flow wp-block-quote-is-layout-flow\">\n<p class=\"wp-block-paragraph\">Hoy quiero hablarles sobre la&nbsp;<strong>antifragilidad<\/strong>, un concepto que considero una especie de &#8220;resiliencia 2.0&#8221;. De hecho, es un tema que abordamos en nuestro curso &#8220;Empresas Inusuales&#8221; en la Academia Novarum. <a href=\"https:\/\/academia.novarum.mx\/\">https:\/\/academia.novarum.mx<\/a><\/p>\n\n\n\n<p class=\"wp-block-paragraph\">El t\u00e9rmino fue acu\u00f1ado por&nbsp;<strong>Nassim Taleb<\/strong>, el mismo autor de &#8220;El Cisne Negro&#8221;. Pero, para entender la antifragilidad, primero debemos hablar de la&nbsp;<strong>resiliencia<\/strong>.<\/p>\n<\/blockquote>\n\n\n\n<p class=\"wp-block-paragraph\"><strong>El origen de la resiliencia<\/strong><\/p>\n\n\n\n<p class=\"wp-block-paragraph\">Contrario a lo que muchos piensan, la resiliencia no es un t\u00e9rmino que naci\u00f3 en la psicolog\u00eda o el desarrollo personal. Proviene de la&nbsp;<strong>ciencia de los materiales<\/strong>.<\/p>\n\n\n\n<p class=\"wp-block-paragraph\">En la ingenier\u00eda, se realizan pruebas de&nbsp;<strong>tenacidad<\/strong>&nbsp;y&nbsp;<strong>resiliencia<\/strong>. En ambas, un objeto pesado golpea una peque\u00f1a barra de acero.<\/p>\n\n\n\n<ul class=\"wp-block-list\">\n<li>En la prueba de\u00a0<strong>tenacidad<\/strong>, la barra se rompe, y se mide la energ\u00eda absorbida en la fractura.<\/li>\n\n\n\n<li>En la prueba de\u00a0<strong>resiliencia<\/strong>, la barra se deforma, pero no se rompe. Absorbe energ\u00eda, pero recupera su forma.<\/li>\n<\/ul>\n\n\n\n<p class=\"wp-block-paragraph\">Por eso, cuando hablamos de ser resilientes, nos referimos a la capacidad de recuperarnos de un golpe fuerte, ya sea en la econom\u00eda, en la familia o en nuestra vida personal. La idea es &#8220;volver a ser los mismos&#8221;.<\/p>\n\n\n\n<p class=\"wp-block-paragraph\"><strong>La utop\u00eda de la resiliencia<\/strong><\/p>\n\n\n\n<p class=\"wp-block-paragraph\">Sin embargo, esto de &#8220;volver a ser los mismos&#8221; es una utop\u00eda. Despu\u00e9s de una experiencia como la pandemia, no volvemos a ser iguales. Aprendimos, y ahora somos diferentes. Reaccionar\u00edamos de manera muy distinta ante una situaci\u00f3n similar en el futuro.<\/p>\n\n\n\n<p class=\"wp-block-paragraph\">De la misma manera, cuando una empresa supera una crisis, no sigue igual. Se han hecho cambios, se han ajustado presupuestos y estrategias.<\/p>\n\n\n\n<h2 class=\"wp-block-heading\"><strong>La antifragilidad: salir fortalecidos<\/strong><\/h2>\n\n\n\n<h2 class=\"wp-block-heading\">Aqu\u00ed es donde entra el concepto de&nbsp;<strong>antifragilidad<\/strong>&nbsp;de Taleb. \u00c9l dice que despu\u00e9s de un evento impactante, no solo sobrevivimos, sino que&nbsp;<strong>salimos fortalecidos<\/strong>. Aprendemos de la experiencia.<\/h2>\n\n\n\n<p class=\"wp-block-paragraph\">En el mundo laboral, a menudo se pide que los empleados sean &#8220;resilientes&#8221;, lo que a veces se traduce en &#8220;trabajar bajo presi\u00f3n&#8221; o soportar sistemas mal dise\u00f1ados. Esto no es justo para las personas. En lugar de exigir resiliencia, deber\u00edamos dise\u00f1ar mejores sistemas que promuevan la calidad de vida.<\/p>\n\n\n\n<p class=\"wp-block-paragraph\">Es cierto que la vida nos presentar\u00e1 situaciones dif\u00edciles. Pero la meta no debe ser simplemente &#8220;recuperarnos&#8221;, como postula la resiliencia, sino&nbsp;<strong>ser mejores<\/strong>&nbsp;gracias a lo que hemos aprendido, como propone la antifragilidad.<\/p>\n\n\n\n<p class=\"wp-block-paragraph\">Probablemente, en el futuro, las empresas no buscar\u00e1n personas resilientes, sino&nbsp;<strong>antifr\u00e1giles<\/strong>: personas que puedan ayudar a la organizaci\u00f3n a recuperarse de las dificultades, pero, sobre todo,&nbsp;<strong>generando aprendizaje y saliendo fortalecidos<\/strong>.<\/p>\n\n\n\n<p class=\"wp-block-paragraph\"><strong>Reflexi\u00f3n final<\/strong><\/p>\n\n\n\n<p class=\"wp-block-paragraph\">\u00bfEst\u00e1n buscando resiliencia o antifragilidad en su empresa? Les recomiendo leer el libro de Nassim Taleb. <a href=\"https:\/\/amzn.to\/4lPh5Lc\">https:\/\/amzn.to\/4lPh5Lc<\/a><\/p>\n\n\n\n<p class=\"wp-block-paragraph\">Sus comentarios con bienvenidos: <a href=\"mailto:roberto@novarum.mx\">roberto@novarum.mx<\/a> y en <a href=\"http:\/\/www.novarum.mx\/\">www.novarum.mx<\/a><\/p>\n","protected":false},"excerpt":{"rendered":"<p>Hoy quiero hablarles sobre la&nbsp;antifragilidad, un concepto que considero una especie de &#8220;resiliencia 2.0&#8221;. De&#8230;<\/p>\n","protected":false},"author":86,"featured_media":3106,"comment_status":"closed","ping_status":"closed","sticky":false,"template":"","format":"standard","meta":{"footnotes":""},"categories":[10],"tags":[],"class_list":["post-3105","post","type-post","status-publish","format-standard","has-post-thumbnail","hentry","category-negocios"],"yoast_head":"<!-- This site is optimized with the Yoast SEO plugin v28.4 - https:\/\/yoast.com\/product\/yoast-seo-wordpress\/ -->\n<title>La resiliencia es una ilusi\u00f3n, \u00a1Desarrollemos la Antifragilidad! -<\/title>\n<meta name=\"description\" content=\"Contrario a lo que muchos piensan, la resiliencia no es un t\u00e9rmino que naci\u00f3 en la psicolog\u00eda o el desarrollo personal. Proviene de la\u00a0ciencia de los materiales.\" \/>\n<meta name=\"robots\" content=\"index, follow, max-snippet:-1, max-image-preview:large, max-video-preview:-1\" \/>\n<link rel=\"canonical\" href=\"https:\/\/arjenoticias.com.mx\/?p=3105\" \/>\n<meta property=\"og:locale\" content=\"es_MX\" \/>\n<meta property=\"og:type\" content=\"article\" \/>\n<meta property=\"og:title\" content=\"La resiliencia es una ilusi\u00f3n, \u00a1Desarrollemos la Antifragilidad! -\" \/>\n<meta property=\"og:description\" content=\"Contrario a lo que muchos piensan, la resiliencia no es un t\u00e9rmino que naci\u00f3 en la psicolog\u00eda o el desarrollo personal. Proviene de la\u00a0ciencia de los materiales.\" \/>\n<meta property=\"og:url\" content=\"https:\/\/arjenoticias.com.mx\/?p=3105\" \/>\n<meta property=\"article:published_time\" content=\"2025-08-18T16:03:22+00:00\" \/>\n<meta name=\"author\" content=\"Roberto Bonilla\" \/>\n<meta name=\"twitter:card\" content=\"summary_large_image\" \/>\n<meta name=\"twitter:label1\" content=\"Escrito por\" \/>\n\t<meta name=\"twitter:data1\" content=\"Roberto Bonilla\" \/>\n\t<meta name=\"twitter:label2\" content=\"Tiempo de lectura\" \/>\n\t<meta name=\"twitter:data2\" content=\"2 minutos\" \/>\n<script type=\"application\/ld+json\" class=\"yoast-schema-graph\">{\"@context\":\"https:\\\/\\\/schema.org\",\"@graph\":[{\"@type\":\"Article\",\"@id\":\"https:\\\/\\\/arjenoticias.com.mx\\\/?p=3105#article\",\"isPartOf\":{\"@id\":\"https:\\\/\\\/arjenoticias.com.mx\\\/?p=3105\"},\"author\":{\"name\":\"Roberto Bonilla\",\"@id\":\"https:\\\/\\\/arjenoticias.com.mx\\\/#\\\/schema\\\/person\\\/115edcc40e4b1efe7578b296181fb19b\"},\"headline\":\"La resiliencia es una ilusi\u00f3n, \u00a1Desarrollemos la Antifragilidad!\",\"datePublished\":\"2025-08-18T16:03:22+00:00\",\"mainEntityOfPage\":{\"@id\":\"https:\\\/\\\/arjenoticias.com.mx\\\/?p=3105\"},\"wordCount\":490,\"publisher\":{\"@id\":\"https:\\\/\\\/arjenoticias.com.mx\\\/#organization\"},\"image\":{\"@id\":\"https:\\\/\\\/arjenoticias.com.mx\\\/?p=3105#primaryimage\"},\"thumbnailUrl\":\"\",\"articleSection\":[\"Negocios\"],\"inLanguage\":\"es\"},{\"@type\":\"WebPage\",\"@id\":\"https:\\\/\\\/arjenoticias.com.mx\\\/?p=3105\",\"url\":\"https:\\\/\\\/arjenoticias.com.mx\\\/?p=3105\",\"name\":\"La resiliencia es una ilusi\u00f3n, \u00a1Desarrollemos la Antifragilidad! -\",\"isPartOf\":{\"@id\":\"https:\\\/\\\/arjenoticias.com.mx\\\/#website\"},\"primaryImageOfPage\":{\"@id\":\"https:\\\/\\\/arjenoticias.com.mx\\\/?p=3105#primaryimage\"},\"image\":{\"@id\":\"https:\\\/\\\/arjenoticias.com.mx\\\/?p=3105#primaryimage\"},\"thumbnailUrl\":\"\",\"datePublished\":\"2025-08-18T16:03:22+00:00\",\"description\":\"Contrario a lo que muchos piensan, la resiliencia no es un t\u00e9rmino que naci\u00f3 en la psicolog\u00eda o el desarrollo personal. Proviene de la\u00a0ciencia de los materiales.\",\"breadcrumb\":{\"@id\":\"https:\\\/\\\/arjenoticias.com.mx\\\/?p=3105#breadcrumb\"},\"inLanguage\":\"es\",\"potentialAction\":[{\"@type\":\"ReadAction\",\"target\":[\"https:\\\/\\\/arjenoticias.com.mx\\\/?p=3105\"]}]},{\"@type\":\"ImageObject\",\"inLanguage\":\"es\",\"@id\":\"https:\\\/\\\/arjenoticias.com.mx\\\/?p=3105#primaryimage\",\"url\":\"\",\"contentUrl\":\"\"},{\"@type\":\"BreadcrumbList\",\"@id\":\"https:\\\/\\\/arjenoticias.com.mx\\\/?p=3105#breadcrumb\",\"itemListElement\":[{\"@type\":\"ListItem\",\"position\":1,\"name\":\"Inicio\",\"item\":\"https:\\\/\\\/arjenoticias.com.mx\\\/\"},{\"@type\":\"ListItem\",\"position\":2,\"name\":\"La resiliencia es una ilusi\u00f3n, \u00a1Desarrollemos la Antifragilidad!\"}]},{\"@type\":\"WebSite\",\"@id\":\"https:\\\/\\\/arjenoticias.com.mx\\\/#website\",\"url\":\"https:\\\/\\\/arjenoticias.com.mx\\\/\",\"name\":\"arjenoticias.com.mx\",\"description\":\"\",\"publisher\":{\"@id\":\"https:\\\/\\\/arjenoticias.com.mx\\\/#organization\"},\"potentialAction\":[{\"@type\":\"SearchAction\",\"target\":{\"@type\":\"EntryPoint\",\"urlTemplate\":\"https:\\\/\\\/arjenoticias.com.mx\\\/?s={search_term_string}\"},\"query-input\":{\"@type\":\"PropertyValueSpecification\",\"valueRequired\":true,\"valueName\":\"search_term_string\"}}],\"inLanguage\":\"es\"},{\"@type\":\"Organization\",\"@id\":\"https:\\\/\\\/arjenoticias.com.mx\\\/#organization\",\"name\":\"Arj\u00e9 de M\u00e9xico Noticias\",\"url\":\"https:\\\/\\\/arjenoticias.com.mx\\\/\",\"logo\":{\"@type\":\"ImageObject\",\"inLanguage\":\"es\",\"@id\":\"https:\\\/\\\/arjenoticias.com.mx\\\/#\\\/schema\\\/logo\\\/image\\\/\",\"url\":\"https:\\\/\\\/arjenoticias.com.mx\\\/wp-content\\\/uploads\\\/2025\\\/07\\\/cropped-logo-scaled-1.png\",\"contentUrl\":\"https:\\\/\\\/arjenoticias.com.mx\\\/wp-content\\\/uploads\\\/2025\\\/07\\\/cropped-logo-scaled-1.png\",\"width\":2558,\"height\":558,\"caption\":\"Arj\u00e9 de M\u00e9xico Noticias\"},\"image\":{\"@id\":\"https:\\\/\\\/arjenoticias.com.mx\\\/#\\\/schema\\\/logo\\\/image\\\/\"}},{\"@type\":\"Person\",\"@id\":\"https:\\\/\\\/arjenoticias.com.mx\\\/#\\\/schema\\\/person\\\/115edcc40e4b1efe7578b296181fb19b\",\"name\":\"Roberto Bonilla\",\"image\":{\"@type\":\"ImageObject\",\"inLanguage\":\"es\",\"@id\":\"https:\\\/\\\/secure.gravatar.com\\\/avatar\\\/17e6ea13a8f7d116e5ab338f2904c9857180e48a3509fb8c5dd42ade091089ca?s=96&d=mm&r=g\",\"url\":\"https:\\\/\\\/secure.gravatar.com\\\/avatar\\\/17e6ea13a8f7d116e5ab338f2904c9857180e48a3509fb8c5dd42ade091089ca?s=96&d=mm&r=g\",\"contentUrl\":\"https:\\\/\\\/secure.gravatar.com\\\/avatar\\\/17e6ea13a8f7d116e5ab338f2904c9857180e48a3509fb8c5dd42ade091089ca?s=96&d=mm&r=g\",\"caption\":\"Roberto Bonilla\"},\"url\":\"https:\\\/\\\/arjenoticias.com.mx\\\/?author=86\"}]}<\/script>\n<!-- \/ Yoast SEO plugin. -->","yoast_head_json":{"title":"La resiliencia es una ilusi\u00f3n, \u00a1Desarrollemos la Antifragilidad! -","description":"Contrario a lo que muchos piensan, la resiliencia no es un t\u00e9rmino que naci\u00f3 en la psicolog\u00eda o el desarrollo personal. Proviene de la\u00a0ciencia de los materiales.","robots":{"index":"index","follow":"follow","max-snippet":"max-snippet:-1","max-image-preview":"max-image-preview:large","max-video-preview":"max-video-preview:-1"},"canonical":"https:\/\/arjenoticias.com.mx\/?p=3105","og_locale":"es_MX","og_type":"article","og_title":"La resiliencia es una ilusi\u00f3n, \u00a1Desarrollemos la Antifragilidad! -","og_description":"Contrario a lo que muchos piensan, la resiliencia no es un t\u00e9rmino que naci\u00f3 en la psicolog\u00eda o el desarrollo personal. Proviene de la\u00a0ciencia de los materiales.","og_url":"https:\/\/arjenoticias.com.mx\/?p=3105","article_published_time":"2025-08-18T16:03:22+00:00","author":"Roberto Bonilla","twitter_card":"summary_large_image","twitter_misc":{"Escrito por":"Roberto Bonilla","Tiempo de lectura":"2 minutos"},"schema":{"@context":"https:\/\/schema.org","@graph":[{"@type":"Article","@id":"https:\/\/arjenoticias.com.mx\/?p=3105#article","isPartOf":{"@id":"https:\/\/arjenoticias.com.mx\/?p=3105"},"author":{"name":"Roberto Bonilla","@id":"https:\/\/arjenoticias.com.mx\/#\/schema\/person\/115edcc40e4b1efe7578b296181fb19b"},"headline":"La resiliencia es una ilusi\u00f3n, \u00a1Desarrollemos la Antifragilidad!","datePublished":"2025-08-18T16:03:22+00:00","mainEntityOfPage":{"@id":"https:\/\/arjenoticias.com.mx\/?p=3105"},"wordCount":490,"publisher":{"@id":"https:\/\/arjenoticias.com.mx\/#organization"},"image":{"@id":"https:\/\/arjenoticias.com.mx\/?p=3105#primaryimage"},"thumbnailUrl":"","articleSection":["Negocios"],"inLanguage":"es"},{"@type":"WebPage","@id":"https:\/\/arjenoticias.com.mx\/?p=3105","url":"https:\/\/arjenoticias.com.mx\/?p=3105","name":"La resiliencia es una ilusi\u00f3n, \u00a1Desarrollemos la Antifragilidad! -","isPartOf":{"@id":"https:\/\/arjenoticias.com.mx\/#website"},"primaryImageOfPage":{"@id":"https:\/\/arjenoticias.com.mx\/?p=3105#primaryimage"},"image":{"@id":"https:\/\/arjenoticias.com.mx\/?p=3105#primaryimage"},"thumbnailUrl":"","datePublished":"2025-08-18T16:03:22+00:00","description":"Contrario a lo que muchos piensan, la resiliencia no es un t\u00e9rmino que naci\u00f3 en la psicolog\u00eda o el desarrollo personal. Proviene de la\u00a0ciencia de los materiales.","breadcrumb":{"@id":"https:\/\/arjenoticias.com.mx\/?p=3105#breadcrumb"},"inLanguage":"es","potentialAction":[{"@type":"ReadAction","target":["https:\/\/arjenoticias.com.mx\/?p=3105"]}]},{"@type":"ImageObject","inLanguage":"es","@id":"https:\/\/arjenoticias.com.mx\/?p=3105#primaryimage","url":"","contentUrl":""},{"@type":"BreadcrumbList","@id":"https:\/\/arjenoticias.com.mx\/?p=3105#breadcrumb","itemListElement":[{"@type":"ListItem","position":1,"name":"Inicio","item":"https:\/\/arjenoticias.com.mx\/"},{"@type":"ListItem","position":2,"name":"La resiliencia es una ilusi\u00f3n, \u00a1Desarrollemos la Antifragilidad!"}]},{"@type":"WebSite","@id":"https:\/\/arjenoticias.com.mx\/#website","url":"https:\/\/arjenoticias.com.mx\/","name":"arjenoticias.com.mx","description":"","publisher":{"@id":"https:\/\/arjenoticias.com.mx\/#organization"},"potentialAction":[{"@type":"SearchAction","target":{"@type":"EntryPoint","urlTemplate":"https:\/\/arjenoticias.com.mx\/?s={search_term_string}"},"query-input":{"@type":"PropertyValueSpecification","valueRequired":true,"valueName":"search_term_string"}}],"inLanguage":"es"},{"@type":"Organization","@id":"https:\/\/arjenoticias.com.mx\/#organization","name":"Arj\u00e9 de M\u00e9xico Noticias","url":"https:\/\/arjenoticias.com.mx\/","logo":{"@type":"ImageObject","inLanguage":"es","@id":"https:\/\/arjenoticias.com.mx\/#\/schema\/logo\/image\/","url":"https:\/\/arjenoticias.com.mx\/wp-content\/uploads\/2025\/07\/cropped-logo-scaled-1.png","contentUrl":"https:\/\/arjenoticias.com.mx\/wp-content\/uploads\/2025\/07\/cropped-logo-scaled-1.png","width":2558,"height":558,"caption":"Arj\u00e9 de M\u00e9xico Noticias"},"image":{"@id":"https:\/\/arjenoticias.com.mx\/#\/schema\/logo\/image\/"}},{"@type":"Person","@id":"https:\/\/arjenoticias.com.mx\/#\/schema\/person\/115edcc40e4b1efe7578b296181fb19b","name":"Roberto Bonilla","image":{"@type":"ImageObject","inLanguage":"es","@id":"https:\/\/secure.gravatar.com\/avatar\/17e6ea13a8f7d116e5ab338f2904c9857180e48a3509fb8c5dd42ade091089ca?s=96&d=mm&r=g","url":"https:\/\/secure.gravatar.com\/avatar\/17e6ea13a8f7d116e5ab338f2904c9857180e48a3509fb8c5dd42ade091089ca?s=96&d=mm&r=g","contentUrl":"https:\/\/secure.gravatar.com\/avatar\/17e6ea13a8f7d116e5ab338f2904c9857180e48a3509fb8c5dd42ade091089ca?s=96&d=mm&r=g","caption":"Roberto Bonilla"},"url":"https:\/\/arjenoticias.com.mx\/?author=86"}]}},"_links":{"self":[{"href":"https:\/\/arjenoticias.com.mx\/index.php?rest_route=\/wp\/v2\/posts\/3105","targetHints":{"allow":["GET"]}}],"collection":[{"href":"https:\/\/arjenoticias.com.mx\/index.php?rest_route=\/wp\/v2\/posts"}],"about":[{"href":"https:\/\/arjenoticias.com.mx\/index.php?rest_route=\/wp\/v2\/types\/post"}],"author":[{"embeddable":true,"href":"https:\/\/arjenoticias.com.mx\/index.php?rest_route=\/wp\/v2\/users\/86"}],"replies":[{"embeddable":true,"href":"https:\/\/arjenoticias.com.mx\/index.php?rest_route=%2Fwp%2Fv2%2Fcomments&post=3105"}],"version-history":[{"count":0,"href":"https:\/\/arjenoticias.com.mx\/index.php?rest_route=\/wp\/v2\/posts\/3105\/revisions"}],"wp:attachment":[{"href":"https:\/\/arjenoticias.com.mx\/index.php?rest_route=%2Fwp%2Fv2%2Fmedia&parent=3105"}],"wp:term":[{"taxonomy":"category","embeddable":true,"href":"https:\/\/arjenoticias.com.mx\/index.php?rest_route=%2Fwp%2Fv2%2Fcategories&post=3105"},{"taxonomy":"post_tag","embeddable":true,"href":"https:\/\/arjenoticias.com.mx\/index.php?rest_route=%2Fwp%2Fv2%2Ftags&post=3105"}],"curies":[{"name":"wp","href":"https:\/\/api.w.org\/{rel}","templated":true}]}}