{"id":3009,"date":"2025-08-14T03:23:39","date_gmt":"2025-08-14T03:23:39","guid":{"rendered":"https:\/\/arjenoticias.com\/?p=3009"},"modified":"2025-08-14T03:23:39","modified_gmt":"2025-08-14T03:23:39","slug":"en-mexico-el-pueblo-manda-lanza-mensaje-sheinbaum","status":"publish","type":"post","link":"https:\/\/arjenoticias.com.mx\/?p=3009","title":{"rendered":"\u00a1En M\u00e9xico el pueblo manda! lanza mensaje Sheinbaum"},"content":{"rendered":"\n<p class=\"wp-block-paragraph\">Luego de que el presidente de Estados Unidos dijera que M\u00e9xico y Canada hacen lo que \u00e9l dice, la presidenta lanz\u00f3 un mensaje directo al mundo entero.<\/p>\n\n\n\n<blockquote class=\"wp-block-quote is-layout-flow wp-block-quote-is-layout-flow\">\n<p class=\"wp-block-paragraph\">En un video compartido en su cuenta de X, desde la cuarta secci\u00f3n del Bosque de Chapultepec. la presidenta Sheinbaum aprovech\u00f3 para lanzar un mensaje al mundo &#8220;En  M\u00e9xico el pueblo manda&#8221;.<\/p>\n\n\n\n<figure class=\"wp-block-embed is-type-rich is-provider-twitter wp-block-embed-twitter\"><div class=\"wp-block-embed__wrapper\">\n<blockquote class=\"twitter-tweet\" data-width=\"550\" data-dnt=\"true\"><p lang=\"es\" dir=\"ltr\">En M\u00e9xico, el pueblo manda. <a href=\"https:\/\/t.co\/XR1bA6lTDr\">pic.twitter.com\/XR1bA6lTDr<\/a><\/p>&mdash; Claudia Sheinbaum Pardo (@Claudiashein) <a href=\"https:\/\/twitter.com\/Claudiashein\/status\/1956092454651719888?ref_src=twsrc%5Etfw\">August 14, 2025<\/a><\/blockquote><script async src=\"https:\/\/platform.twitter.com\/widgets.js\" charset=\"utf-8\"><\/script>\n<\/div><\/figure>\n\n\n\n<h2 class=\"wp-block-heading\">\u00a1M\u00e9xico est\u00e1 de Moda!<\/h2>\n\n\n\n<p class=\"wp-block-paragraph\">De enero a junio de 2025, se registr\u00f3 la llegada de 47.4 millones de visitantes internacionales, lo que representa 13.8 por ciento m\u00e1s respecto al mismo periodo en 2024, as\u00ed lo dio a conocer el Gobierno de M\u00e9xico, a trav\u00e9s de la Secretar\u00eda de Turismo.<\/p>\n\n\n\n<p class=\"has-luminous-vivid-amber-background-color has-background wp-block-paragraph\">Adem\u00e1s,<strong> se<\/strong> <strong>recibieron a 23.4 millones de turistas internacionales, un incremento del 7.3 por ciento, adicional a ello, el gasto de los visitantes fue de 18 mil 681 millones de d\u00f3lares, un aumento del 6.3 por ciento m\u00e1s que el a\u00f1o pasado.<\/strong><\/p>\n\n\n\n<p class=\"has-luminous-vivid-amber-background-color has-background wp-block-paragraph\">La Presidenta de M\u00e9xico, Claudia Sheinbaum Pardo, asegur\u00f3 que los indicadores tur\u00edsticos demuestran que M\u00e9xico est\u00e1 de moda, ya que se desarrollan diversas experiencias como el turismo comunitario, ecoturismo, as\u00ed como el turismo rural, cuyos recursos se distribuyen en las propias comunidades.<\/p>\n\n\n\n<p class=\"wp-block-paragraph\">41.7 millones de enero a junio de 2024; y de enero a junio 2025, 47.4 (millones) visitantes. Y turistas que ya se quedan m\u00e1s tiempo en M\u00e9xico, esa es la diferencia, de 21.8 a 23.4 (millones). Y el gasto de los visitantes aument\u00f3. Como bien dice Josefina (secretaria de Turismo): M\u00e9xico est\u00e1 de moda\u201d, resalt\u00f3.<\/p>\n<\/blockquote>\n\n\n\n<p class=\"wp-block-paragraph\">La secretaria de Turismo, Josefina Rodr\u00edguez Zamora, puntualiz\u00f3 que el turismo genera Prosperidad Compartida para todas y todos, por lo que desde el Gobierno de M\u00e9xico se trabaja todos los d\u00edas para que en este sector nadie se quede atr\u00e1s, por ello, detall\u00f3 que M\u00e9xico, en el primer semestre de 2025, recibi\u00f3 la visita de 5 mil 695 mujeres, lo que representa un incremento del 1.8 por ciento respecto al 2024. <\/p>\n\n\n\n<p class=\"wp-block-paragraph\">Asimismo, llegaron 5.7 millones de pasajeros de cruceros, que significa un aumento de 9.6 por ciento. Mientras que la conexi\u00f3n a\u00e9rea entre M\u00e9xico y Estados Unidos alcanz\u00f3 4.6 millones de asientos programados durante el mes de julio, 5.5 por ciento m\u00e1s que en el mismo periodo de 2024; y en estos primeros seis meses del a\u00f1o han llegado por los aeropuertos 94.5 millones de personas, lo que representa 3.1 por ciento m\u00e1s que en el mismo lapso de 2024.<\/p>\n\n\n\n<p class=\"wp-block-paragraph\">Asimismo, inform\u00f3 que se implementa el&nbsp;<strong>Programa Nacional de Turismo Comunitario<\/strong>, \u2014que tiene como principales protagonistas a la poblaci\u00f3n de las comunidades originarias y afromexicanas\u2014, a trav\u00e9s del cual se transmiten sus saberes y tradiciones promoviendo la justicia social, el desarrollo sustentable, dinamizando la econom\u00eda local, mejorando el ingreso de las familias, afianzando el liderazgo de las mujeres, as\u00ed como preservando el sentido de pertenencia, la identidad cultural y los derechos de la propiedad.<\/p>\n\n\n\n<p class=\"wp-block-paragraph\">El titular del Fondo Nacional de Fomento al Turismo (Fonatur), Sebasti\u00e1n Ram\u00edrez Mendoza, detall\u00f3 que el&nbsp;<strong>Programa Nacional de Turismo Comunitario<\/strong>, contempla diversas acciones estrat\u00e9gicas, entre ellas el&nbsp;<strong>Distintivo de Prestadores de Servicios Tur\u00edsticos Comunitarios<\/strong>, primer certificado en su tipo que se hace en el mundo para identificar experiencias comunitarias en el turismo. Aunado a que se trabaja junto a la Organizaci\u00f3n de las Naciones Unidas para la Educaci\u00f3n, la Ciencia y la Cultura (UNESCO) para la realizaci\u00f3n de Gu\u00edas de Experiencias Comunitarias, cuya convocatoria de inscripci\u00f3n tuvo una respuesta de mil 358 experiencias en nueve estados; adicional a ello se impulsa el Tren Maya como un instrumento para que los turistas lleguen a comunidades ind\u00edgenas del sureste del pa\u00eds.<\/p>\n\n\n\n<p class=\"wp-block-paragraph\"><\/p>\n","protected":false},"excerpt":{"rendered":"<p>Luego de que el presidente de Estados Unidos dijera que M\u00e9xico y Canada hacen lo&#8230;<\/p>\n","protected":false},"author":66,"featured_media":3024,"comment_status":"closed","ping_status":"closed","sticky":false,"template":"","format":"standard","meta":{"footnotes":""},"categories":[13],"tags":[1762,2711,2770],"class_list":["post-3009","post","type-post","status-publish","format-standard","has-post-thumbnail","hentry","category-politica","tag-moda","tag-turismo","tag-visitantes-internacionales"],"yoast_head":"<!-- This site is optimized with the Yoast SEO plugin v28.4 - https:\/\/yoast.com\/product\/yoast-seo-wordpress\/ -->\n<title>\u00a1En M\u00e9xico el pueblo manda! lanza mensaje Sheinbaum -<\/title>\n<meta name=\"description\" content=\"En un video compartido en su cuenta de X, desde la cuarta secci\u00f3n del Bosque de Chapultepec. la presidenta Sheinbaum aprovech\u00f3 para lanzar un mensaje al mundo &quot;En M\u00e9xico el pueblo manda&quot;\" \/>\n<meta name=\"robots\" content=\"index, follow, max-snippet:-1, max-image-preview:large, max-video-preview:-1\" \/>\n<link rel=\"canonical\" href=\"https:\/\/arjenoticias.com.mx\/?p=3009\" \/>\n<meta property=\"og:locale\" content=\"es_MX\" \/>\n<meta property=\"og:type\" content=\"article\" \/>\n<meta property=\"og:title\" content=\"\u00a1En M\u00e9xico el pueblo manda! lanza mensaje Sheinbaum -\" \/>\n<meta property=\"og:description\" content=\"En un video compartido en su cuenta de X, desde la cuarta secci\u00f3n del Bosque de Chapultepec. la presidenta Sheinbaum aprovech\u00f3 para lanzar un mensaje al mundo &quot;En M\u00e9xico el pueblo manda&quot;\" \/>\n<meta property=\"og:url\" content=\"https:\/\/arjenoticias.com.mx\/?p=3009\" \/>\n<meta property=\"article:published_time\" content=\"2025-08-14T03:23:39+00:00\" \/>\n<meta name=\"author\" content=\"Arj\u00e9 Noticias\" \/>\n<meta name=\"twitter:card\" content=\"summary_large_image\" \/>\n<meta name=\"twitter:label1\" content=\"Escrito por\" \/>\n\t<meta name=\"twitter:data1\" content=\"Arj\u00e9 Noticias\" \/>\n\t<meta name=\"twitter:label2\" content=\"Tiempo de lectura\" \/>\n\t<meta name=\"twitter:data2\" content=\"2 minutos\" \/>\n<script type=\"application\/ld+json\" class=\"yoast-schema-graph\">{\"@context\":\"https:\\\/\\\/schema.org\",\"@graph\":[{\"@type\":\"Article\",\"@id\":\"https:\\\/\\\/arjenoticias.com.mx\\\/?p=3009#article\",\"isPartOf\":{\"@id\":\"https:\\\/\\\/arjenoticias.com.mx\\\/?p=3009\"},\"author\":{\"name\":\"Arj\u00e9 Noticias\",\"@id\":\"https:\\\/\\\/arjenoticias.com.mx\\\/#\\\/schema\\\/person\\\/83f9fb68162b16794b69a8186dd31bc0\"},\"headline\":\"\u00a1En M\u00e9xico el pueblo manda! lanza mensaje Sheinbaum\",\"datePublished\":\"2025-08-14T03:23:39+00:00\",\"mainEntityOfPage\":{\"@id\":\"https:\\\/\\\/arjenoticias.com.mx\\\/?p=3009\"},\"wordCount\":622,\"publisher\":{\"@id\":\"https:\\\/\\\/arjenoticias.com.mx\\\/#organization\"},\"image\":{\"@id\":\"https:\\\/\\\/arjenoticias.com.mx\\\/?p=3009#primaryimage\"},\"thumbnailUrl\":\"\",\"keywords\":[\"Moda\",\"Turismo\",\"Visitantes internacionales\"],\"articleSection\":[\"Pol\u00edtica\"],\"inLanguage\":\"es\"},{\"@type\":\"WebPage\",\"@id\":\"https:\\\/\\\/arjenoticias.com.mx\\\/?p=3009\",\"url\":\"https:\\\/\\\/arjenoticias.com.mx\\\/?p=3009\",\"name\":\"\u00a1En M\u00e9xico el pueblo manda! lanza mensaje Sheinbaum -\",\"isPartOf\":{\"@id\":\"https:\\\/\\\/arjenoticias.com.mx\\\/#website\"},\"primaryImageOfPage\":{\"@id\":\"https:\\\/\\\/arjenoticias.com.mx\\\/?p=3009#primaryimage\"},\"image\":{\"@id\":\"https:\\\/\\\/arjenoticias.com.mx\\\/?p=3009#primaryimage\"},\"thumbnailUrl\":\"\",\"datePublished\":\"2025-08-14T03:23:39+00:00\",\"description\":\"En un video compartido en su cuenta de X, desde la cuarta secci\u00f3n del Bosque de Chapultepec. la presidenta Sheinbaum aprovech\u00f3 para lanzar un mensaje al mundo \\\"En M\u00e9xico el pueblo manda\\\"\",\"breadcrumb\":{\"@id\":\"https:\\\/\\\/arjenoticias.com.mx\\\/?p=3009#breadcrumb\"},\"inLanguage\":\"es\",\"potentialAction\":[{\"@type\":\"ReadAction\",\"target\":[\"https:\\\/\\\/arjenoticias.com.mx\\\/?p=3009\"]}]},{\"@type\":\"ImageObject\",\"inLanguage\":\"es\",\"@id\":\"https:\\\/\\\/arjenoticias.com.mx\\\/?p=3009#primaryimage\",\"url\":\"\",\"contentUrl\":\"\"},{\"@type\":\"BreadcrumbList\",\"@id\":\"https:\\\/\\\/arjenoticias.com.mx\\\/?p=3009#breadcrumb\",\"itemListElement\":[{\"@type\":\"ListItem\",\"position\":1,\"name\":\"Inicio\",\"item\":\"https:\\\/\\\/arjenoticias.com.mx\\\/\"},{\"@type\":\"ListItem\",\"position\":2,\"name\":\"\u00a1En M\u00e9xico el pueblo manda! lanza mensaje Sheinbaum\"}]},{\"@type\":\"WebSite\",\"@id\":\"https:\\\/\\\/arjenoticias.com.mx\\\/#website\",\"url\":\"https:\\\/\\\/arjenoticias.com.mx\\\/\",\"name\":\"arjenoticias.com.mx\",\"description\":\"\",\"publisher\":{\"@id\":\"https:\\\/\\\/arjenoticias.com.mx\\\/#organization\"},\"potentialAction\":[{\"@type\":\"SearchAction\",\"target\":{\"@type\":\"EntryPoint\",\"urlTemplate\":\"https:\\\/\\\/arjenoticias.com.mx\\\/?s={search_term_string}\"},\"query-input\":{\"@type\":\"PropertyValueSpecification\",\"valueRequired\":true,\"valueName\":\"search_term_string\"}}],\"inLanguage\":\"es\"},{\"@type\":\"Organization\",\"@id\":\"https:\\\/\\\/arjenoticias.com.mx\\\/#organization\",\"name\":\"Arj\u00e9 de M\u00e9xico Noticias\",\"url\":\"https:\\\/\\\/arjenoticias.com.mx\\\/\",\"logo\":{\"@type\":\"ImageObject\",\"inLanguage\":\"es\",\"@id\":\"https:\\\/\\\/arjenoticias.com.mx\\\/#\\\/schema\\\/logo\\\/image\\\/\",\"url\":\"https:\\\/\\\/arjenoticias.com.mx\\\/wp-content\\\/uploads\\\/2025\\\/07\\\/cropped-logo-scaled-1.png\",\"contentUrl\":\"https:\\\/\\\/arjenoticias.com.mx\\\/wp-content\\\/uploads\\\/2025\\\/07\\\/cropped-logo-scaled-1.png\",\"width\":2558,\"height\":558,\"caption\":\"Arj\u00e9 de M\u00e9xico Noticias\"},\"image\":{\"@id\":\"https:\\\/\\\/arjenoticias.com.mx\\\/#\\\/schema\\\/logo\\\/image\\\/\"}},{\"@type\":\"Person\",\"@id\":\"https:\\\/\\\/arjenoticias.com.mx\\\/#\\\/schema\\\/person\\\/83f9fb68162b16794b69a8186dd31bc0\",\"name\":\"Arj\u00e9 Noticias\",\"image\":{\"@type\":\"ImageObject\",\"inLanguage\":\"es\",\"@id\":\"https:\\\/\\\/secure.gravatar.com\\\/avatar\\\/f604b88a0e24c04f3f89fae6b5400bfd6093d0999292a64803d3651d9d4a35a5?s=96&d=mm&r=g\",\"url\":\"https:\\\/\\\/secure.gravatar.com\\\/avatar\\\/f604b88a0e24c04f3f89fae6b5400bfd6093d0999292a64803d3651d9d4a35a5?s=96&d=mm&r=g\",\"contentUrl\":\"https:\\\/\\\/secure.gravatar.com\\\/avatar\\\/f604b88a0e24c04f3f89fae6b5400bfd6093d0999292a64803d3651d9d4a35a5?s=96&d=mm&r=g\",\"caption\":\"Arj\u00e9 Noticias\"},\"url\":\"https:\\\/\\\/arjenoticias.com.mx\\\/?author=66\"}]}<\/script>\n<!-- \/ Yoast SEO plugin. -->","yoast_head_json":{"title":"\u00a1En M\u00e9xico el pueblo manda! lanza mensaje Sheinbaum -","description":"En un video compartido en su cuenta de X, desde la cuarta secci\u00f3n del Bosque de Chapultepec. la presidenta Sheinbaum aprovech\u00f3 para lanzar un mensaje al mundo \"En M\u00e9xico el pueblo manda\"","robots":{"index":"index","follow":"follow","max-snippet":"max-snippet:-1","max-image-preview":"max-image-preview:large","max-video-preview":"max-video-preview:-1"},"canonical":"https:\/\/arjenoticias.com.mx\/?p=3009","og_locale":"es_MX","og_type":"article","og_title":"\u00a1En M\u00e9xico el pueblo manda! lanza mensaje Sheinbaum -","og_description":"En un video compartido en su cuenta de X, desde la cuarta secci\u00f3n del Bosque de Chapultepec. la presidenta Sheinbaum aprovech\u00f3 para lanzar un mensaje al mundo \"En M\u00e9xico el pueblo manda\"","og_url":"https:\/\/arjenoticias.com.mx\/?p=3009","article_published_time":"2025-08-14T03:23:39+00:00","author":"Arj\u00e9 Noticias","twitter_card":"summary_large_image","twitter_misc":{"Escrito por":"Arj\u00e9 Noticias","Tiempo de lectura":"2 minutos"},"schema":{"@context":"https:\/\/schema.org","@graph":[{"@type":"Article","@id":"https:\/\/arjenoticias.com.mx\/?p=3009#article","isPartOf":{"@id":"https:\/\/arjenoticias.com.mx\/?p=3009"},"author":{"name":"Arj\u00e9 Noticias","@id":"https:\/\/arjenoticias.com.mx\/#\/schema\/person\/83f9fb68162b16794b69a8186dd31bc0"},"headline":"\u00a1En M\u00e9xico el pueblo manda! lanza mensaje Sheinbaum","datePublished":"2025-08-14T03:23:39+00:00","mainEntityOfPage":{"@id":"https:\/\/arjenoticias.com.mx\/?p=3009"},"wordCount":622,"publisher":{"@id":"https:\/\/arjenoticias.com.mx\/#organization"},"image":{"@id":"https:\/\/arjenoticias.com.mx\/?p=3009#primaryimage"},"thumbnailUrl":"","keywords":["Moda","Turismo","Visitantes internacionales"],"articleSection":["Pol\u00edtica"],"inLanguage":"es"},{"@type":"WebPage","@id":"https:\/\/arjenoticias.com.mx\/?p=3009","url":"https:\/\/arjenoticias.com.mx\/?p=3009","name":"\u00a1En M\u00e9xico el pueblo manda! lanza mensaje Sheinbaum -","isPartOf":{"@id":"https:\/\/arjenoticias.com.mx\/#website"},"primaryImageOfPage":{"@id":"https:\/\/arjenoticias.com.mx\/?p=3009#primaryimage"},"image":{"@id":"https:\/\/arjenoticias.com.mx\/?p=3009#primaryimage"},"thumbnailUrl":"","datePublished":"2025-08-14T03:23:39+00:00","description":"En un video compartido en su cuenta de X, desde la cuarta secci\u00f3n del Bosque de Chapultepec. la presidenta Sheinbaum aprovech\u00f3 para lanzar un mensaje al mundo \"En M\u00e9xico el pueblo manda\"","breadcrumb":{"@id":"https:\/\/arjenoticias.com.mx\/?p=3009#breadcrumb"},"inLanguage":"es","potentialAction":[{"@type":"ReadAction","target":["https:\/\/arjenoticias.com.mx\/?p=3009"]}]},{"@type":"ImageObject","inLanguage":"es","@id":"https:\/\/arjenoticias.com.mx\/?p=3009#primaryimage","url":"","contentUrl":""},{"@type":"BreadcrumbList","@id":"https:\/\/arjenoticias.com.mx\/?p=3009#breadcrumb","itemListElement":[{"@type":"ListItem","position":1,"name":"Inicio","item":"https:\/\/arjenoticias.com.mx\/"},{"@type":"ListItem","position":2,"name":"\u00a1En M\u00e9xico el pueblo manda! lanza mensaje Sheinbaum"}]},{"@type":"WebSite","@id":"https:\/\/arjenoticias.com.mx\/#website","url":"https:\/\/arjenoticias.com.mx\/","name":"arjenoticias.com.mx","description":"","publisher":{"@id":"https:\/\/arjenoticias.com.mx\/#organization"},"potentialAction":[{"@type":"SearchAction","target":{"@type":"EntryPoint","urlTemplate":"https:\/\/arjenoticias.com.mx\/?s={search_term_string}"},"query-input":{"@type":"PropertyValueSpecification","valueRequired":true,"valueName":"search_term_string"}}],"inLanguage":"es"},{"@type":"Organization","@id":"https:\/\/arjenoticias.com.mx\/#organization","name":"Arj\u00e9 de M\u00e9xico Noticias","url":"https:\/\/arjenoticias.com.mx\/","logo":{"@type":"ImageObject","inLanguage":"es","@id":"https:\/\/arjenoticias.com.mx\/#\/schema\/logo\/image\/","url":"https:\/\/arjenoticias.com.mx\/wp-content\/uploads\/2025\/07\/cropped-logo-scaled-1.png","contentUrl":"https:\/\/arjenoticias.com.mx\/wp-content\/uploads\/2025\/07\/cropped-logo-scaled-1.png","width":2558,"height":558,"caption":"Arj\u00e9 de M\u00e9xico Noticias"},"image":{"@id":"https:\/\/arjenoticias.com.mx\/#\/schema\/logo\/image\/"}},{"@type":"Person","@id":"https:\/\/arjenoticias.com.mx\/#\/schema\/person\/83f9fb68162b16794b69a8186dd31bc0","name":"Arj\u00e9 Noticias","image":{"@type":"ImageObject","inLanguage":"es","@id":"https:\/\/secure.gravatar.com\/avatar\/f604b88a0e24c04f3f89fae6b5400bfd6093d0999292a64803d3651d9d4a35a5?s=96&d=mm&r=g","url":"https:\/\/secure.gravatar.com\/avatar\/f604b88a0e24c04f3f89fae6b5400bfd6093d0999292a64803d3651d9d4a35a5?s=96&d=mm&r=g","contentUrl":"https:\/\/secure.gravatar.com\/avatar\/f604b88a0e24c04f3f89fae6b5400bfd6093d0999292a64803d3651d9d4a35a5?s=96&d=mm&r=g","caption":"Arj\u00e9 Noticias"},"url":"https:\/\/arjenoticias.com.mx\/?author=66"}]}},"_links":{"self":[{"href":"https:\/\/arjenoticias.com.mx\/index.php?rest_route=\/wp\/v2\/posts\/3009","targetHints":{"allow":["GET"]}}],"collection":[{"href":"https:\/\/arjenoticias.com.mx\/index.php?rest_route=\/wp\/v2\/posts"}],"about":[{"href":"https:\/\/arjenoticias.com.mx\/index.php?rest_route=\/wp\/v2\/types\/post"}],"author":[{"embeddable":true,"href":"https:\/\/arjenoticias.com.mx\/index.php?rest_route=\/wp\/v2\/users\/66"}],"replies":[{"embeddable":true,"href":"https:\/\/arjenoticias.com.mx\/index.php?rest_route=%2Fwp%2Fv2%2Fcomments&post=3009"}],"version-history":[{"count":0,"href":"https:\/\/arjenoticias.com.mx\/index.php?rest_route=\/wp\/v2\/posts\/3009\/revisions"}],"wp:attachment":[{"href":"https:\/\/arjenoticias.com.mx\/index.php?rest_route=%2Fwp%2Fv2%2Fmedia&parent=3009"}],"wp:term":[{"taxonomy":"category","embeddable":true,"href":"https:\/\/arjenoticias.com.mx\/index.php?rest_route=%2Fwp%2Fv2%2Fcategories&post=3009"},{"taxonomy":"post_tag","embeddable":true,"href":"https:\/\/arjenoticias.com.mx\/index.php?rest_route=%2Fwp%2Fv2%2Ftags&post=3009"}],"curies":[{"name":"wp","href":"https:\/\/api.w.org\/{rel}","templated":true}]}}