{"id":2996,"date":"2025-08-14T03:08:13","date_gmt":"2025-08-14T03:08:13","guid":{"rendered":"https:\/\/arjenoticias.com\/?p=2996"},"modified":"2025-09-13T11:43:53","modified_gmt":"2025-09-13T17:43:53","slug":"mexico-y-canada-hacen-lo-que-decimos-trump","status":"publish","type":"post","link":"https:\/\/arjenoticias.com.mx\/mundo\/mexico-y-canada-hacen-lo-que-decimos-trump\/","title":{"rendered":"M\u00e9xico y Canada hacen lo que decimos: Trump"},"content":{"rendered":"\n<p class=\"wp-block-paragraph\">Desde Palacio Oval el presidente de Estados Unidos Donald Trump, dijo que M\u00e9xico y Canada hacen lo que \u00e9l dice.<\/p>\n\n\n\n<figure class=\"wp-block-embed is-type-video is-provider-youtube wp-block-embed-youtube wp-embed-aspect-16-9 wp-has-aspect-ratio\"><div class=\"wp-block-embed__wrapper\">\n<iframe title=\"Trump dice que M\u00e9xico y Canad\u00e1 hacen lo que les dice.\" width=\"640\" height=\"360\" src=\"https:\/\/www.youtube.com\/embed\/zwCZ1oHJQMs?feature=oembed\" frameborder=\"0\" allow=\"accelerometer; autoplay; clipboard-write; encrypted-media; gyroscope; picture-in-picture; web-share\" referrerpolicy=\"strict-origin-when-cross-origin\" allowfullscreen><\/iframe>\n<\/div><\/figure>\n\n\n\n<p class=\"wp-block-paragraph\"><\/p>\n","protected":false},"excerpt":{"rendered":"<p>Desde Palacio Oval el presidente de Estados Unidos Donald Trump, dijo que M\u00e9xico y Canada&#8230;<\/p>\n","protected":false},"author":1,"featured_media":2998,"comment_status":"closed","ping_status":"closed","sticky":false,"template":"","format":"standard","meta":{"footnotes":""},"categories":[9],"tags":[347,312,100,259],"class_list":["post-2996","post","type-post","status-publish","format-standard","has-post-thumbnail","hentry","category-mundo","tag-canada","tag-donald-trump","tag-mexico","tag-relacion-mexico-estados-unidos"],"yoast_head":"<!-- This site is optimized with the Yoast SEO plugin v28.4 - https:\/\/yoast.com\/product\/yoast-seo-wordpress\/ -->\n<title>M\u00e9xico y Canada hacen lo que decimos: Trump -<\/title>\n<meta name=\"description\" content=\"Desde Palacio Oval el presidente de Estados Unidos Donald Trump, dijo que M\u00e9xico y Canada hacen lo que \u00e9l dice.\" \/>\n<meta name=\"robots\" content=\"index, follow, max-snippet:-1, max-image-preview:large, max-video-preview:-1\" \/>\n<link rel=\"canonical\" href=\"https:\/\/arjenoticias.com.mx\/mundo\/mexico-y-canada-hacen-lo-que-decimos-trump\/\" \/>\n<meta property=\"og:locale\" content=\"es_ES\" \/>\n<meta property=\"og:type\" content=\"article\" \/>\n<meta property=\"og:title\" content=\"M\u00e9xico y Canada hacen lo que decimos: Trump -\" \/>\n<meta property=\"og:description\" content=\"Desde Palacio Oval el presidente de Estados Unidos Donald Trump, dijo que M\u00e9xico y Canada hacen lo que \u00e9l dice.\" \/>\n<meta property=\"og:url\" content=\"https:\/\/arjenoticias.com.mx\/mundo\/mexico-y-canada-hacen-lo-que-decimos-trump\/\" \/>\n<meta property=\"article:publisher\" content=\"https:\/\/www.facebook.com\/ArjeNoticiasMX\" \/>\n<meta property=\"article:published_time\" content=\"2025-08-14T03:08:13+00:00\" \/>\n<meta property=\"article:modified_time\" content=\"2025-09-13T17:43:53+00:00\" \/>\n<meta property=\"og:image\" content=\"https:\/\/arjenoticias.com.mx\/wp-content\/uploads\/2025\/08\/Trump-Putin-guerra2.webp\" \/>\n\t<meta property=\"og:image:width\" content=\"900\" \/>\n\t<meta property=\"og:image:height\" content=\"599\" \/>\n\t<meta property=\"og:image:type\" content=\"image\/webp\" \/>\n<meta name=\"author\" content=\"Arj\u00e9 Noticias\" \/>\n<meta name=\"twitter:card\" content=\"summary_large_image\" \/>\n<meta name=\"twitter:creator\" content=\"@ArjeNoticias\" \/>\n<meta name=\"twitter:site\" content=\"@ArjeNoticias\" \/>\n<meta name=\"twitter:label1\" content=\"Escrito por\" \/>\n\t<meta name=\"twitter:data1\" content=\"Arj\u00e9 Noticias\" \/>\n\t<meta name=\"twitter:label2\" content=\"Tiempo de lectura\" \/>\n\t<meta name=\"twitter:data2\" content=\"1 minuto\" \/>\n<script type=\"application\/ld+json\" class=\"yoast-schema-graph\">{\"@context\":\"https:\\\/\\\/schema.org\",\"@graph\":[{\"@type\":\"Article\",\"@id\":\"https:\\\/\\\/arjenoticias.com.mx\\\/mundo\\\/mexico-y-canada-hacen-lo-que-decimos-trump\\\/#article\",\"isPartOf\":{\"@id\":\"https:\\\/\\\/arjenoticias.com.mx\\\/mundo\\\/mexico-y-canada-hacen-lo-que-decimos-trump\\\/\"},\"author\":{\"name\":\"Arj\u00e9 Noticias\",\"@id\":\"https:\\\/\\\/arjenoticias.com.mx\\\/#\\\/schema\\\/person\\\/1f8657b2ea5d2a202124d43971a97b85\"},\"headline\":\"M\u00e9xico y Canada hacen lo que decimos: Trump\",\"datePublished\":\"2025-08-14T03:08:13+00:00\",\"dateModified\":\"2025-09-13T17:43:53+00:00\",\"mainEntityOfPage\":{\"@id\":\"https:\\\/\\\/arjenoticias.com.mx\\\/mundo\\\/mexico-y-canada-hacen-lo-que-decimos-trump\\\/\"},\"wordCount\":38,\"publisher\":{\"@id\":\"https:\\\/\\\/arjenoticias.com.mx\\\/#organization\"},\"image\":{\"@id\":\"https:\\\/\\\/arjenoticias.com.mx\\\/mundo\\\/mexico-y-canada-hacen-lo-que-decimos-trump\\\/#primaryimage\"},\"thumbnailUrl\":\"https:\\\/\\\/arjenoticias.com.mx\\\/wp-content\\\/uploads\\\/2025\\\/08\\\/Trump-Putin-guerra2.webp\",\"keywords\":[\"Canad\u00e1\",\"Donald Trump\",\"M\u00e9xico\",\"Relaci\u00f3n M\u00e9xico- Estados Unidos\"],\"articleSection\":[\"Mundo\"],\"inLanguage\":\"es\"},{\"@type\":\"WebPage\",\"@id\":\"https:\\\/\\\/arjenoticias.com.mx\\\/mundo\\\/mexico-y-canada-hacen-lo-que-decimos-trump\\\/\",\"url\":\"https:\\\/\\\/arjenoticias.com.mx\\\/mundo\\\/mexico-y-canada-hacen-lo-que-decimos-trump\\\/\",\"name\":\"M\u00e9xico y Canada hacen lo que decimos: Trump -\",\"isPartOf\":{\"@id\":\"https:\\\/\\\/arjenoticias.com.mx\\\/#website\"},\"primaryImageOfPage\":{\"@id\":\"https:\\\/\\\/arjenoticias.com.mx\\\/mundo\\\/mexico-y-canada-hacen-lo-que-decimos-trump\\\/#primaryimage\"},\"image\":{\"@id\":\"https:\\\/\\\/arjenoticias.com.mx\\\/mundo\\\/mexico-y-canada-hacen-lo-que-decimos-trump\\\/#primaryimage\"},\"thumbnailUrl\":\"https:\\\/\\\/arjenoticias.com.mx\\\/wp-content\\\/uploads\\\/2025\\\/08\\\/Trump-Putin-guerra2.webp\",\"datePublished\":\"2025-08-14T03:08:13+00:00\",\"dateModified\":\"2025-09-13T17:43:53+00:00\",\"description\":\"Desde Palacio Oval el presidente de Estados Unidos Donald Trump, dijo que M\u00e9xico y Canada hacen lo que \u00e9l dice.\",\"breadcrumb\":{\"@id\":\"https:\\\/\\\/arjenoticias.com.mx\\\/mundo\\\/mexico-y-canada-hacen-lo-que-decimos-trump\\\/#breadcrumb\"},\"inLanguage\":\"es\",\"potentialAction\":[{\"@type\":\"ReadAction\",\"target\":[\"https:\\\/\\\/arjenoticias.com.mx\\\/mundo\\\/mexico-y-canada-hacen-lo-que-decimos-trump\\\/\"]}]},{\"@type\":\"ImageObject\",\"inLanguage\":\"es\",\"@id\":\"https:\\\/\\\/arjenoticias.com.mx\\\/mundo\\\/mexico-y-canada-hacen-lo-que-decimos-trump\\\/#primaryimage\",\"url\":\"https:\\\/\\\/arjenoticias.com.mx\\\/wp-content\\\/uploads\\\/2025\\\/08\\\/Trump-Putin-guerra2.webp\",\"contentUrl\":\"https:\\\/\\\/arjenoticias.com.mx\\\/wp-content\\\/uploads\\\/2025\\\/08\\\/Trump-Putin-guerra2.webp\",\"width\":900,\"height\":599,\"caption\":\"Mexico hace lo que le decimos: Trump.\"},{\"@type\":\"BreadcrumbList\",\"@id\":\"https:\\\/\\\/arjenoticias.com.mx\\\/mundo\\\/mexico-y-canada-hacen-lo-que-decimos-trump\\\/#breadcrumb\",\"itemListElement\":[{\"@type\":\"ListItem\",\"position\":1,\"name\":\"Portada\",\"item\":\"https:\\\/\\\/arjenoticias.com.mx\\\/\"},{\"@type\":\"ListItem\",\"position\":2,\"name\":\"M\u00e9xico y Canada hacen lo que decimos: Trump\"}]},{\"@type\":\"WebSite\",\"@id\":\"https:\\\/\\\/arjenoticias.com.mx\\\/#website\",\"url\":\"https:\\\/\\\/arjenoticias.com.mx\\\/\",\"name\":\"Arj\u00e9 M\u00e9xico\",\"description\":\"\",\"publisher\":{\"@id\":\"https:\\\/\\\/arjenoticias.com.mx\\\/#organization\"},\"potentialAction\":[{\"@type\":\"SearchAction\",\"target\":{\"@type\":\"EntryPoint\",\"urlTemplate\":\"https:\\\/\\\/arjenoticias.com.mx\\\/?s={search_term_string}\"},\"query-input\":{\"@type\":\"PropertyValueSpecification\",\"valueRequired\":true,\"valueName\":\"search_term_string\"}}],\"inLanguage\":\"es\"},{\"@type\":\"Organization\",\"@id\":\"https:\\\/\\\/arjenoticias.com.mx\\\/#organization\",\"name\":\"Arj\u00e9 M\u00e9xico\",\"url\":\"https:\\\/\\\/arjenoticias.com.mx\\\/\",\"logo\":{\"@type\":\"ImageObject\",\"inLanguage\":\"es\",\"@id\":\"https:\\\/\\\/arjenoticias.com.mx\\\/#\\\/schema\\\/logo\\\/image\\\/\",\"url\":\"https:\\\/\\\/arjenoticias.com\\\/wp-content\\\/uploads\\\/2026\\\/04\\\/cropped-cropped-logo-inverted-1-scaled-1.png\",\"contentUrl\":\"https:\\\/\\\/arjenoticias.com\\\/wp-content\\\/uploads\\\/2026\\\/04\\\/cropped-cropped-logo-inverted-1-scaled-1.png\",\"width\":2556,\"height\":549,\"caption\":\"Arj\u00e9 M\u00e9xico\"},\"image\":{\"@id\":\"https:\\\/\\\/arjenoticias.com.mx\\\/#\\\/schema\\\/logo\\\/image\\\/\"},\"sameAs\":[\"https:\\\/\\\/www.facebook.com\\\/ArjeNoticiasMX\",\"https:\\\/\\\/x.com\\\/ArjeNoticias\"]},{\"@type\":\"Person\",\"@id\":\"https:\\\/\\\/arjenoticias.com.mx\\\/#\\\/schema\\\/person\\\/1f8657b2ea5d2a202124d43971a97b85\",\"name\":\"Arj\u00e9 Noticias\",\"image\":{\"@type\":\"ImageObject\",\"inLanguage\":\"es\",\"@id\":\"https:\\\/\\\/arjenoticias.com\\\/wp-content\\\/uploads\\\/2026\\\/04\\\/Arje-Noticias-96x96.png\",\"url\":\"https:\\\/\\\/arjenoticias.com\\\/wp-content\\\/uploads\\\/2026\\\/04\\\/Arje-Noticias-96x96.png\",\"contentUrl\":\"https:\\\/\\\/arjenoticias.com\\\/wp-content\\\/uploads\\\/2026\\\/04\\\/Arje-Noticias-96x96.png\",\"caption\":\"Arj\u00e9 Noticias\"},\"sameAs\":[\"https:\\\/\\\/arjenoticias.com\"],\"url\":\"https:\\\/\\\/arjenoticias.com.mx\\\/author\\\/admin\\\/\"}]}<\/script>\n<!-- \/ Yoast SEO plugin. -->","yoast_head_json":{"title":"M\u00e9xico y Canada hacen lo que decimos: Trump -","description":"Desde Palacio Oval el presidente de Estados Unidos Donald Trump, dijo que M\u00e9xico y Canada hacen lo que \u00e9l dice.","robots":{"index":"index","follow":"follow","max-snippet":"max-snippet:-1","max-image-preview":"max-image-preview:large","max-video-preview":"max-video-preview:-1"},"canonical":"https:\/\/arjenoticias.com.mx\/mundo\/mexico-y-canada-hacen-lo-que-decimos-trump\/","og_locale":"es_ES","og_type":"article","og_title":"M\u00e9xico y Canada hacen lo que decimos: Trump -","og_description":"Desde Palacio Oval el presidente de Estados Unidos Donald Trump, dijo que M\u00e9xico y Canada hacen lo que \u00e9l dice.","og_url":"https:\/\/arjenoticias.com.mx\/mundo\/mexico-y-canada-hacen-lo-que-decimos-trump\/","article_publisher":"https:\/\/www.facebook.com\/ArjeNoticiasMX","article_published_time":"2025-08-14T03:08:13+00:00","article_modified_time":"2025-09-13T17:43:53+00:00","og_image":[{"width":900,"height":599,"url":"https:\/\/arjenoticias.com.mx\/wp-content\/uploads\/2025\/08\/Trump-Putin-guerra2.webp","type":"image\/webp"}],"author":"Arj\u00e9 Noticias","twitter_card":"summary_large_image","twitter_creator":"@ArjeNoticias","twitter_site":"@ArjeNoticias","twitter_misc":{"Escrito por":"Arj\u00e9 Noticias","Tiempo de lectura":"1 minuto"},"schema":{"@context":"https:\/\/schema.org","@graph":[{"@type":"Article","@id":"https:\/\/arjenoticias.com.mx\/mundo\/mexico-y-canada-hacen-lo-que-decimos-trump\/#article","isPartOf":{"@id":"https:\/\/arjenoticias.com.mx\/mundo\/mexico-y-canada-hacen-lo-que-decimos-trump\/"},"author":{"name":"Arj\u00e9 Noticias","@id":"https:\/\/arjenoticias.com.mx\/#\/schema\/person\/1f8657b2ea5d2a202124d43971a97b85"},"headline":"M\u00e9xico y Canada hacen lo que decimos: Trump","datePublished":"2025-08-14T03:08:13+00:00","dateModified":"2025-09-13T17:43:53+00:00","mainEntityOfPage":{"@id":"https:\/\/arjenoticias.com.mx\/mundo\/mexico-y-canada-hacen-lo-que-decimos-trump\/"},"wordCount":38,"publisher":{"@id":"https:\/\/arjenoticias.com.mx\/#organization"},"image":{"@id":"https:\/\/arjenoticias.com.mx\/mundo\/mexico-y-canada-hacen-lo-que-decimos-trump\/#primaryimage"},"thumbnailUrl":"https:\/\/arjenoticias.com.mx\/wp-content\/uploads\/2025\/08\/Trump-Putin-guerra2.webp","keywords":["Canad\u00e1","Donald Trump","M\u00e9xico","Relaci\u00f3n M\u00e9xico- Estados Unidos"],"articleSection":["Mundo"],"inLanguage":"es"},{"@type":"WebPage","@id":"https:\/\/arjenoticias.com.mx\/mundo\/mexico-y-canada-hacen-lo-que-decimos-trump\/","url":"https:\/\/arjenoticias.com.mx\/mundo\/mexico-y-canada-hacen-lo-que-decimos-trump\/","name":"M\u00e9xico y Canada hacen lo que decimos: Trump -","isPartOf":{"@id":"https:\/\/arjenoticias.com.mx\/#website"},"primaryImageOfPage":{"@id":"https:\/\/arjenoticias.com.mx\/mundo\/mexico-y-canada-hacen-lo-que-decimos-trump\/#primaryimage"},"image":{"@id":"https:\/\/arjenoticias.com.mx\/mundo\/mexico-y-canada-hacen-lo-que-decimos-trump\/#primaryimage"},"thumbnailUrl":"https:\/\/arjenoticias.com.mx\/wp-content\/uploads\/2025\/08\/Trump-Putin-guerra2.webp","datePublished":"2025-08-14T03:08:13+00:00","dateModified":"2025-09-13T17:43:53+00:00","description":"Desde Palacio Oval el presidente de Estados Unidos Donald Trump, dijo que M\u00e9xico y Canada hacen lo que \u00e9l dice.","breadcrumb":{"@id":"https:\/\/arjenoticias.com.mx\/mundo\/mexico-y-canada-hacen-lo-que-decimos-trump\/#breadcrumb"},"inLanguage":"es","potentialAction":[{"@type":"ReadAction","target":["https:\/\/arjenoticias.com.mx\/mundo\/mexico-y-canada-hacen-lo-que-decimos-trump\/"]}]},{"@type":"ImageObject","inLanguage":"es","@id":"https:\/\/arjenoticias.com.mx\/mundo\/mexico-y-canada-hacen-lo-que-decimos-trump\/#primaryimage","url":"https:\/\/arjenoticias.com.mx\/wp-content\/uploads\/2025\/08\/Trump-Putin-guerra2.webp","contentUrl":"https:\/\/arjenoticias.com.mx\/wp-content\/uploads\/2025\/08\/Trump-Putin-guerra2.webp","width":900,"height":599,"caption":"Mexico hace lo que le decimos: Trump."},{"@type":"BreadcrumbList","@id":"https:\/\/arjenoticias.com.mx\/mundo\/mexico-y-canada-hacen-lo-que-decimos-trump\/#breadcrumb","itemListElement":[{"@type":"ListItem","position":1,"name":"Portada","item":"https:\/\/arjenoticias.com.mx\/"},{"@type":"ListItem","position":2,"name":"M\u00e9xico y Canada hacen lo que decimos: Trump"}]},{"@type":"WebSite","@id":"https:\/\/arjenoticias.com.mx\/#website","url":"https:\/\/arjenoticias.com.mx\/","name":"Arj\u00e9 M\u00e9xico","description":"","publisher":{"@id":"https:\/\/arjenoticias.com.mx\/#organization"},"potentialAction":[{"@type":"SearchAction","target":{"@type":"EntryPoint","urlTemplate":"https:\/\/arjenoticias.com.mx\/?s={search_term_string}"},"query-input":{"@type":"PropertyValueSpecification","valueRequired":true,"valueName":"search_term_string"}}],"inLanguage":"es"},{"@type":"Organization","@id":"https:\/\/arjenoticias.com.mx\/#organization","name":"Arj\u00e9 M\u00e9xico","url":"https:\/\/arjenoticias.com.mx\/","logo":{"@type":"ImageObject","inLanguage":"es","@id":"https:\/\/arjenoticias.com.mx\/#\/schema\/logo\/image\/","url":"https:\/\/arjenoticias.com\/wp-content\/uploads\/2026\/04\/cropped-cropped-logo-inverted-1-scaled-1.png","contentUrl":"https:\/\/arjenoticias.com\/wp-content\/uploads\/2026\/04\/cropped-cropped-logo-inverted-1-scaled-1.png","width":2556,"height":549,"caption":"Arj\u00e9 M\u00e9xico"},"image":{"@id":"https:\/\/arjenoticias.com.mx\/#\/schema\/logo\/image\/"},"sameAs":["https:\/\/www.facebook.com\/ArjeNoticiasMX","https:\/\/x.com\/ArjeNoticias"]},{"@type":"Person","@id":"https:\/\/arjenoticias.com.mx\/#\/schema\/person\/1f8657b2ea5d2a202124d43971a97b85","name":"Arj\u00e9 Noticias","image":{"@type":"ImageObject","inLanguage":"es","@id":"https:\/\/arjenoticias.com\/wp-content\/uploads\/2026\/04\/Arje-Noticias-96x96.png","url":"https:\/\/arjenoticias.com\/wp-content\/uploads\/2026\/04\/Arje-Noticias-96x96.png","contentUrl":"https:\/\/arjenoticias.com\/wp-content\/uploads\/2026\/04\/Arje-Noticias-96x96.png","caption":"Arj\u00e9 Noticias"},"sameAs":["https:\/\/arjenoticias.com"],"url":"https:\/\/arjenoticias.com.mx\/author\/admin\/"}]}},"featured_image_urls":{"full":["https:\/\/arjenoticias.com.mx\/wp-content\/uploads\/2025\/08\/Trump-Putin-guerra2.webp",900,599,false],"thumbnail":["https:\/\/arjenoticias.com.mx\/wp-content\/uploads\/2025\/08\/Trump-Putin-guerra2-150x150.webp",150,150,true],"medium":["https:\/\/arjenoticias.com.mx\/wp-content\/uploads\/2025\/08\/Trump-Putin-guerra2-300x200.webp",300,200,true],"medium_large":["https:\/\/arjenoticias.com.mx\/wp-content\/uploads\/2025\/08\/Trump-Putin-guerra2-768x511.webp",640,426,true],"large":["https:\/\/arjenoticias.com.mx\/wp-content\/uploads\/2025\/08\/Trump-Putin-guerra2.webp",640,426,false],"1536x1536":["https:\/\/arjenoticias.com.mx\/wp-content\/uploads\/2025\/08\/Trump-Putin-guerra2.webp",900,599,false],"2048x2048":["https:\/\/arjenoticias.com.mx\/wp-content\/uploads\/2025\/08\/Trump-Putin-guerra2.webp",900,599,false],"covernews-featured":["https:\/\/arjenoticias.com.mx\/wp-content\/uploads\/2025\/08\/Trump-Putin-guerra2.webp",900,599,false],"covernews-medium":["https:\/\/arjenoticias.com.mx\/wp-content\/uploads\/2025\/08\/Trump-Putin-guerra2.webp",511,340,false]},"author_info":{"info":["Arj\u00e9 Noticias"]},"category_info":"<a href=\"https:\/\/arjenoticias.com.mx\/category\/mundo\/\" rel=\"category tag\">Mundo<\/a>","tag_info":"Mundo","comment_count":"0","_links":{"self":[{"href":"https:\/\/arjenoticias.com.mx\/wp-json\/wp\/v2\/posts\/2996","targetHints":{"allow":["GET"]}}],"collection":[{"href":"https:\/\/arjenoticias.com.mx\/wp-json\/wp\/v2\/posts"}],"about":[{"href":"https:\/\/arjenoticias.com.mx\/wp-json\/wp\/v2\/types\/post"}],"author":[{"embeddable":true,"href":"https:\/\/arjenoticias.com.mx\/wp-json\/wp\/v2\/users\/1"}],"replies":[{"embeddable":true,"href":"https:\/\/arjenoticias.com.mx\/wp-json\/wp\/v2\/comments?post=2996"}],"version-history":[{"count":2,"href":"https:\/\/arjenoticias.com.mx\/wp-json\/wp\/v2\/posts\/2996\/revisions"}],"predecessor-version":[{"id":3000,"href":"https:\/\/arjenoticias.com.mx\/wp-json\/wp\/v2\/posts\/2996\/revisions\/3000"}],"wp:featuredmedia":[{"embeddable":true,"href":"https:\/\/arjenoticias.com.mx\/wp-json\/wp\/v2\/media\/2998"}],"wp:attachment":[{"href":"https:\/\/arjenoticias.com.mx\/wp-json\/wp\/v2\/media?parent=2996"}],"wp:term":[{"taxonomy":"category","embeddable":true,"href":"https:\/\/arjenoticias.com.mx\/wp-json\/wp\/v2\/categories?post=2996"},{"taxonomy":"post_tag","embeddable":true,"href":"https:\/\/arjenoticias.com.mx\/wp-json\/wp\/v2\/tags?post=2996"}],"curies":[{"name":"wp","href":"https:\/\/api.w.org\/{rel}","templated":true}]}}