{"id":2887,"date":"2025-08-11T23:37:39","date_gmt":"2025-08-11T23:37:39","guid":{"rendered":"https:\/\/arjenoticias.com\/?p=2887"},"modified":"2025-08-11T23:37:39","modified_gmt":"2025-08-11T23:37:39","slug":"la-linea-directa-entre-stalin-y-sheinbaum","status":"publish","type":"post","link":"https:\/\/arjenoticias.com.mx\/?p=2887","title":{"rendered":"La l\u00ednea directa entre Stalin y Sheinbaum"},"content":{"rendered":"\n<p class=\"wp-block-paragraph\">Ahora viene la reforma electoral. Seg\u00fan Sheinbaum, es para adecuar el \u201cmodelo electoral\u201d a las circunstancias \u201cactuales\u201d de la democracia y al pueblo.<\/p>\n\n\n\n<p class=\"wp-block-paragraph\">Para elaborar el \u201cmodelo electoral necesario\u201d que propondr\u00e1 su gobierno, Sheinbaum nombr\u00f3 como responsable a un viejo estalinista, creyente fiel y reproductor del \u201cmodelo electoral sovi\u00e9tico\u201d. \u00bfQu\u00e9 podr\u00eda salir mal?<\/p>\n\n\n\n<p class=\"wp-block-paragraph\">Los barruntos y esbozos que hemos escuchado, por retazos, de lo que la Presidenta quiere o considera que deber\u00eda ser un nuevo \u201cmodelo electoral\u201d para M\u00e9xico, representa algo muy parecido al M\u00e9xico que visualiza y promueve la 4T. No habr\u00e1 mayor sorpresa.<\/p>\n\n\n\n<blockquote class=\"wp-block-quote has-pale-cyan-blue-background-color has-background has-medium-font-size is-layout-flow wp-block-quote-is-layout-flow\">\n<p class=\"wp-block-paragraph\">Primero, M\u00e9xico requiere, seg\u00fan la 4T y la Presidenta, que Morena mantenga la mayor\u00eda calificada en ambas C\u00e1maras del Congreso de la Uni\u00f3n. Solamente as\u00ed, dicen, puede estar cabalmente representado \u201cel pueblo\u201d. As\u00ed, aseguran, estar\u00e1 la mayor\u00eda en control del rumbo del pa\u00eds y las minor\u00edas, por definici\u00f3n perversas y antinacionales, no podr\u00e1n sino ejercer el derecho democr\u00e1tico al pataleo. Para asegurar esa mayor\u00eda calificada, la 4T necesita reducir el n\u00famero de amenazas a la obtenci\u00f3n de la cifra de curules a\u00f1orada. Para ello se estudia la opci\u00f3n de eliminar totalmente las diputaciones plurinominales, o acotar su n\u00famero para que sea, simplemente, la mosca en la sopa.<\/p>\n<\/blockquote>\n\n\n\n<p class=\"wp-block-paragraph\">Tambi\u00e9n es necesario reducir al INE en su funcionamiento interno y acotar sus atribuciones. Hay que despedir a los elementos antigubernamentales, transform\u00e1ndolo en un \u00f3rgano semi profesional, eliminando el servicio civil de carrera del personal, y haci\u00e9ndolo dependiente de la Secretar\u00eda de Gobernaci\u00f3n. Se aplicar\u00e1 el criterio general de eliminar los \u00f3rganos aut\u00f3nomos que act\u00faan con criterio independiente y con presupuesto propio. Ser\u00e1 un cambio de 180 grados en el car\u00e1cter y papel del \u00f3rgano electoral.<\/p>\n\n\n\n<p class=\"wp-block-paragraph\">En tercer lugar se pretende empatar la llamada Revocaci\u00f3n del Mandato con las elecciones intermedias. Constitucionalmente, la Revocaci\u00f3n del Mandato es un ejercicio que se realiza un a\u00f1o despu\u00e9s de la elecci\u00f3n intermedia, para no mezclar la figura presidencial con la elecci\u00f3n de diputados. Las elecciones excepcionales de Revocaci\u00f3n del Mandato y la de Jueces, Magistrados y Ministros, todas inventos de la 4T, no han suscitado inter\u00e9s social relevante y carecen de legitimidad por su baja participaci\u00f3n ciudadana. Hubo un 18% de participaci\u00f3n en la Revocaci\u00f3n del Mandato y un 13% en la elecci\u00f3n del Poder Judicial.<\/p>\n\n\n\n<p class=\"wp-block-paragraph\">La idea de empatar la Revocaci\u00f3n del Mandato con la elecci\u00f3n intermedia de diputados federales es para lograr dos objetivos. Por un lado, se quiere posibilitar m\u00e1s votos para Morena usando a la figura presidencial en la boleta. Por el otro lado, se busca evitar un desfiguro presidencial en 2028 con una baj\u00edsima votaci\u00f3n, como le sucedi\u00f3 a AMLO en 2022, mermando la figura presidencial en v\u00edsperas de las elecciones presidenciales del 2030.<\/p>\n\n\n\n<p class=\"wp-block-paragraph\">Estas son las tres ideas centrales de una reforma electoral que promueve Morena. Uno, reducir el n\u00famero de diputados para asegurar m\u00e1s posibilidades de mantener la mayor\u00eda calificada. Dos, establecer el control f\u00e9rreo oficialista sobre el INE, como \u00f3rgano electoral habilitado para contar los votos. Y, por \u00faltimo, adelantar la Revocaci\u00f3n del Mandato para ayudar a Morena a obtener m\u00e1s votos y, al mismo tiempo, proteger la figura presidencial. Todo est\u00e1 dise\u00f1ado para asegurar que el Estado mexicano pueda dirigir y orientar las elecciones, y definir, obviamente, los resultados a favor del partido oficial.<\/p>\n\n\n\n<blockquote class=\"wp-block-quote has-vivid-red-background-color has-background has-medium-font-size is-layout-flow wp-block-quote-is-layout-flow\">\n<p class=\"has-white-background-color has-background wp-block-paragraph\">La Comisi\u00f3n Presidencial creada para elaborar una propuesta de reforma electoral ya sabe lo que tiene que hacer. Estas tres ideas son su columna vertebral. El responsable de hacer la propuesta simplemente tiene que desempolvar sus manuales sovi\u00e9ticos y poner manos a la obra. <strong>Parece que existe una l\u00ednea de pensamiento continua directa entre Stalin y Sheinbaum.<\/strong><\/p>\n<\/blockquote>\n\n\n\n<p class=\"wp-block-paragraph\"><\/p>\n","protected":false},"excerpt":{"rendered":"<p>Ahora viene la reforma electoral. Seg\u00fan Sheinbaum, es para adecuar el \u201cmodelo electoral\u201d a las&#8230;<\/p>\n","protected":false},"author":89,"featured_media":2889,"comment_status":"closed","ping_status":"closed","sticky":false,"template":"","format":"standard","meta":{"footnotes":""},"categories":[13],"tags":[1987],"class_list":["post-2887","post","type-post","status-publish","format-standard","has-post-thumbnail","hentry","category-politica","tag-pablo-gomez-es-leal-al-sistema-sovietico"],"yoast_head":"<!-- This site is optimized with the Yoast SEO plugin v28.4 - https:\/\/yoast.com\/product\/yoast-seo-wordpress\/ -->\n<title>La l\u00ednea directa entre Stalin y Sheinbaum -<\/title>\n<meta name=\"description\" content=\"Ricardo Pascoe nos habla en su art\u00edculo de hoy de &quot;La l\u00ednea directa entre Stalin y Sheinbaum&quot;. No te lo pierdas.\" \/>\n<meta name=\"robots\" content=\"index, follow, max-snippet:-1, max-image-preview:large, max-video-preview:-1\" \/>\n<link rel=\"canonical\" href=\"https:\/\/arjenoticias.com.mx\/?p=2887\" \/>\n<meta property=\"og:locale\" content=\"es_MX\" \/>\n<meta property=\"og:type\" content=\"article\" \/>\n<meta property=\"og:title\" content=\"La l\u00ednea directa entre Stalin y Sheinbaum -\" \/>\n<meta property=\"og:description\" content=\"Ricardo Pascoe nos habla en su art\u00edculo de hoy de &quot;La l\u00ednea directa entre Stalin y Sheinbaum&quot;. No te lo pierdas.\" \/>\n<meta property=\"og:url\" content=\"https:\/\/arjenoticias.com.mx\/?p=2887\" \/>\n<meta property=\"article:published_time\" content=\"2025-08-11T23:37:39+00:00\" \/>\n<meta name=\"author\" content=\"Ricardo Pascoe\" \/>\n<meta name=\"twitter:card\" content=\"summary_large_image\" \/>\n<meta name=\"twitter:label1\" content=\"Escrito por\" \/>\n\t<meta name=\"twitter:data1\" content=\"Ricardo Pascoe\" \/>\n\t<meta name=\"twitter:label2\" content=\"Tiempo de lectura\" \/>\n\t<meta name=\"twitter:data2\" content=\"3 minutos\" \/>\n<script type=\"application\/ld+json\" class=\"yoast-schema-graph\">{\"@context\":\"https:\\\/\\\/schema.org\",\"@graph\":[{\"@type\":\"Article\",\"@id\":\"https:\\\/\\\/arjenoticias.com.mx\\\/?p=2887#article\",\"isPartOf\":{\"@id\":\"https:\\\/\\\/arjenoticias.com.mx\\\/?p=2887\"},\"author\":{\"name\":\"Ricardo Pascoe\",\"@id\":\"https:\\\/\\\/arjenoticias.com.mx\\\/#\\\/schema\\\/person\\\/c1d0a0c6c75fb596ac3d95b802a44faf\"},\"headline\":\"La l\u00ednea directa entre Stalin y Sheinbaum\",\"datePublished\":\"2025-08-11T23:37:39+00:00\",\"mainEntityOfPage\":{\"@id\":\"https:\\\/\\\/arjenoticias.com.mx\\\/?p=2887\"},\"wordCount\":660,\"publisher\":{\"@id\":\"https:\\\/\\\/arjenoticias.com.mx\\\/#organization\"},\"image\":{\"@id\":\"https:\\\/\\\/arjenoticias.com.mx\\\/?p=2887#primaryimage\"},\"thumbnailUrl\":\"\",\"keywords\":[\"Pablo Gomez es leal al sistema sovietico\"],\"articleSection\":[\"Pol\u00edtica\"],\"inLanguage\":\"es\"},{\"@type\":\"WebPage\",\"@id\":\"https:\\\/\\\/arjenoticias.com.mx\\\/?p=2887\",\"url\":\"https:\\\/\\\/arjenoticias.com.mx\\\/?p=2887\",\"name\":\"La l\u00ednea directa entre Stalin y Sheinbaum -\",\"isPartOf\":{\"@id\":\"https:\\\/\\\/arjenoticias.com.mx\\\/#website\"},\"primaryImageOfPage\":{\"@id\":\"https:\\\/\\\/arjenoticias.com.mx\\\/?p=2887#primaryimage\"},\"image\":{\"@id\":\"https:\\\/\\\/arjenoticias.com.mx\\\/?p=2887#primaryimage\"},\"thumbnailUrl\":\"\",\"datePublished\":\"2025-08-11T23:37:39+00:00\",\"description\":\"Ricardo Pascoe nos habla en su art\u00edculo de hoy de \\\"La l\u00ednea directa entre Stalin y Sheinbaum\\\". No te lo pierdas.\",\"breadcrumb\":{\"@id\":\"https:\\\/\\\/arjenoticias.com.mx\\\/?p=2887#breadcrumb\"},\"inLanguage\":\"es\",\"potentialAction\":[{\"@type\":\"ReadAction\",\"target\":[\"https:\\\/\\\/arjenoticias.com.mx\\\/?p=2887\"]}]},{\"@type\":\"ImageObject\",\"inLanguage\":\"es\",\"@id\":\"https:\\\/\\\/arjenoticias.com.mx\\\/?p=2887#primaryimage\",\"url\":\"\",\"contentUrl\":\"\"},{\"@type\":\"BreadcrumbList\",\"@id\":\"https:\\\/\\\/arjenoticias.com.mx\\\/?p=2887#breadcrumb\",\"itemListElement\":[{\"@type\":\"ListItem\",\"position\":1,\"name\":\"Inicio\",\"item\":\"https:\\\/\\\/arjenoticias.com.mx\\\/\"},{\"@type\":\"ListItem\",\"position\":2,\"name\":\"La l\u00ednea directa entre Stalin y Sheinbaum\"}]},{\"@type\":\"WebSite\",\"@id\":\"https:\\\/\\\/arjenoticias.com.mx\\\/#website\",\"url\":\"https:\\\/\\\/arjenoticias.com.mx\\\/\",\"name\":\"arjenoticias.com.mx\",\"description\":\"\",\"publisher\":{\"@id\":\"https:\\\/\\\/arjenoticias.com.mx\\\/#organization\"},\"potentialAction\":[{\"@type\":\"SearchAction\",\"target\":{\"@type\":\"EntryPoint\",\"urlTemplate\":\"https:\\\/\\\/arjenoticias.com.mx\\\/?s={search_term_string}\"},\"query-input\":{\"@type\":\"PropertyValueSpecification\",\"valueRequired\":true,\"valueName\":\"search_term_string\"}}],\"inLanguage\":\"es\"},{\"@type\":\"Organization\",\"@id\":\"https:\\\/\\\/arjenoticias.com.mx\\\/#organization\",\"name\":\"Arj\u00e9 de M\u00e9xico Noticias\",\"url\":\"https:\\\/\\\/arjenoticias.com.mx\\\/\",\"logo\":{\"@type\":\"ImageObject\",\"inLanguage\":\"es\",\"@id\":\"https:\\\/\\\/arjenoticias.com.mx\\\/#\\\/schema\\\/logo\\\/image\\\/\",\"url\":\"https:\\\/\\\/arjenoticias.com.mx\\\/wp-content\\\/uploads\\\/2025\\\/07\\\/cropped-logo-scaled-1.png\",\"contentUrl\":\"https:\\\/\\\/arjenoticias.com.mx\\\/wp-content\\\/uploads\\\/2025\\\/07\\\/cropped-logo-scaled-1.png\",\"width\":2558,\"height\":558,\"caption\":\"Arj\u00e9 de M\u00e9xico Noticias\"},\"image\":{\"@id\":\"https:\\\/\\\/arjenoticias.com.mx\\\/#\\\/schema\\\/logo\\\/image\\\/\"}},{\"@type\":\"Person\",\"@id\":\"https:\\\/\\\/arjenoticias.com.mx\\\/#\\\/schema\\\/person\\\/c1d0a0c6c75fb596ac3d95b802a44faf\",\"name\":\"Ricardo Pascoe\",\"image\":{\"@type\":\"ImageObject\",\"inLanguage\":\"es\",\"@id\":\"https:\\\/\\\/secure.gravatar.com\\\/avatar\\\/64cd2b784059cbf3b98256997ad15d439f5a73f8e754977b909f9f0f8b44b19f?s=96&d=mm&r=g\",\"url\":\"https:\\\/\\\/secure.gravatar.com\\\/avatar\\\/64cd2b784059cbf3b98256997ad15d439f5a73f8e754977b909f9f0f8b44b19f?s=96&d=mm&r=g\",\"contentUrl\":\"https:\\\/\\\/secure.gravatar.com\\\/avatar\\\/64cd2b784059cbf3b98256997ad15d439f5a73f8e754977b909f9f0f8b44b19f?s=96&d=mm&r=g\",\"caption\":\"Ricardo Pascoe\"},\"url\":\"https:\\\/\\\/arjenoticias.com.mx\\\/?author=89\"}]}<\/script>\n<!-- \/ Yoast SEO plugin. -->","yoast_head_json":{"title":"La l\u00ednea directa entre Stalin y Sheinbaum -","description":"Ricardo Pascoe nos habla en su art\u00edculo de hoy de \"La l\u00ednea directa entre Stalin y Sheinbaum\". No te lo pierdas.","robots":{"index":"index","follow":"follow","max-snippet":"max-snippet:-1","max-image-preview":"max-image-preview:large","max-video-preview":"max-video-preview:-1"},"canonical":"https:\/\/arjenoticias.com.mx\/?p=2887","og_locale":"es_MX","og_type":"article","og_title":"La l\u00ednea directa entre Stalin y Sheinbaum -","og_description":"Ricardo Pascoe nos habla en su art\u00edculo de hoy de \"La l\u00ednea directa entre Stalin y Sheinbaum\". No te lo pierdas.","og_url":"https:\/\/arjenoticias.com.mx\/?p=2887","article_published_time":"2025-08-11T23:37:39+00:00","author":"Ricardo Pascoe","twitter_card":"summary_large_image","twitter_misc":{"Escrito por":"Ricardo Pascoe","Tiempo de lectura":"3 minutos"},"schema":{"@context":"https:\/\/schema.org","@graph":[{"@type":"Article","@id":"https:\/\/arjenoticias.com.mx\/?p=2887#article","isPartOf":{"@id":"https:\/\/arjenoticias.com.mx\/?p=2887"},"author":{"name":"Ricardo Pascoe","@id":"https:\/\/arjenoticias.com.mx\/#\/schema\/person\/c1d0a0c6c75fb596ac3d95b802a44faf"},"headline":"La l\u00ednea directa entre Stalin y Sheinbaum","datePublished":"2025-08-11T23:37:39+00:00","mainEntityOfPage":{"@id":"https:\/\/arjenoticias.com.mx\/?p=2887"},"wordCount":660,"publisher":{"@id":"https:\/\/arjenoticias.com.mx\/#organization"},"image":{"@id":"https:\/\/arjenoticias.com.mx\/?p=2887#primaryimage"},"thumbnailUrl":"","keywords":["Pablo Gomez es leal al sistema sovietico"],"articleSection":["Pol\u00edtica"],"inLanguage":"es"},{"@type":"WebPage","@id":"https:\/\/arjenoticias.com.mx\/?p=2887","url":"https:\/\/arjenoticias.com.mx\/?p=2887","name":"La l\u00ednea directa entre Stalin y Sheinbaum -","isPartOf":{"@id":"https:\/\/arjenoticias.com.mx\/#website"},"primaryImageOfPage":{"@id":"https:\/\/arjenoticias.com.mx\/?p=2887#primaryimage"},"image":{"@id":"https:\/\/arjenoticias.com.mx\/?p=2887#primaryimage"},"thumbnailUrl":"","datePublished":"2025-08-11T23:37:39+00:00","description":"Ricardo Pascoe nos habla en su art\u00edculo de hoy de \"La l\u00ednea directa entre Stalin y Sheinbaum\". No te lo pierdas.","breadcrumb":{"@id":"https:\/\/arjenoticias.com.mx\/?p=2887#breadcrumb"},"inLanguage":"es","potentialAction":[{"@type":"ReadAction","target":["https:\/\/arjenoticias.com.mx\/?p=2887"]}]},{"@type":"ImageObject","inLanguage":"es","@id":"https:\/\/arjenoticias.com.mx\/?p=2887#primaryimage","url":"","contentUrl":""},{"@type":"BreadcrumbList","@id":"https:\/\/arjenoticias.com.mx\/?p=2887#breadcrumb","itemListElement":[{"@type":"ListItem","position":1,"name":"Inicio","item":"https:\/\/arjenoticias.com.mx\/"},{"@type":"ListItem","position":2,"name":"La l\u00ednea directa entre Stalin y Sheinbaum"}]},{"@type":"WebSite","@id":"https:\/\/arjenoticias.com.mx\/#website","url":"https:\/\/arjenoticias.com.mx\/","name":"arjenoticias.com.mx","description":"","publisher":{"@id":"https:\/\/arjenoticias.com.mx\/#organization"},"potentialAction":[{"@type":"SearchAction","target":{"@type":"EntryPoint","urlTemplate":"https:\/\/arjenoticias.com.mx\/?s={search_term_string}"},"query-input":{"@type":"PropertyValueSpecification","valueRequired":true,"valueName":"search_term_string"}}],"inLanguage":"es"},{"@type":"Organization","@id":"https:\/\/arjenoticias.com.mx\/#organization","name":"Arj\u00e9 de M\u00e9xico Noticias","url":"https:\/\/arjenoticias.com.mx\/","logo":{"@type":"ImageObject","inLanguage":"es","@id":"https:\/\/arjenoticias.com.mx\/#\/schema\/logo\/image\/","url":"https:\/\/arjenoticias.com.mx\/wp-content\/uploads\/2025\/07\/cropped-logo-scaled-1.png","contentUrl":"https:\/\/arjenoticias.com.mx\/wp-content\/uploads\/2025\/07\/cropped-logo-scaled-1.png","width":2558,"height":558,"caption":"Arj\u00e9 de M\u00e9xico Noticias"},"image":{"@id":"https:\/\/arjenoticias.com.mx\/#\/schema\/logo\/image\/"}},{"@type":"Person","@id":"https:\/\/arjenoticias.com.mx\/#\/schema\/person\/c1d0a0c6c75fb596ac3d95b802a44faf","name":"Ricardo Pascoe","image":{"@type":"ImageObject","inLanguage":"es","@id":"https:\/\/secure.gravatar.com\/avatar\/64cd2b784059cbf3b98256997ad15d439f5a73f8e754977b909f9f0f8b44b19f?s=96&d=mm&r=g","url":"https:\/\/secure.gravatar.com\/avatar\/64cd2b784059cbf3b98256997ad15d439f5a73f8e754977b909f9f0f8b44b19f?s=96&d=mm&r=g","contentUrl":"https:\/\/secure.gravatar.com\/avatar\/64cd2b784059cbf3b98256997ad15d439f5a73f8e754977b909f9f0f8b44b19f?s=96&d=mm&r=g","caption":"Ricardo Pascoe"},"url":"https:\/\/arjenoticias.com.mx\/?author=89"}]}},"_links":{"self":[{"href":"https:\/\/arjenoticias.com.mx\/index.php?rest_route=\/wp\/v2\/posts\/2887","targetHints":{"allow":["GET"]}}],"collection":[{"href":"https:\/\/arjenoticias.com.mx\/index.php?rest_route=\/wp\/v2\/posts"}],"about":[{"href":"https:\/\/arjenoticias.com.mx\/index.php?rest_route=\/wp\/v2\/types\/post"}],"author":[{"embeddable":true,"href":"https:\/\/arjenoticias.com.mx\/index.php?rest_route=\/wp\/v2\/users\/89"}],"replies":[{"embeddable":true,"href":"https:\/\/arjenoticias.com.mx\/index.php?rest_route=%2Fwp%2Fv2%2Fcomments&post=2887"}],"version-history":[{"count":0,"href":"https:\/\/arjenoticias.com.mx\/index.php?rest_route=\/wp\/v2\/posts\/2887\/revisions"}],"wp:attachment":[{"href":"https:\/\/arjenoticias.com.mx\/index.php?rest_route=%2Fwp%2Fv2%2Fmedia&parent=2887"}],"wp:term":[{"taxonomy":"category","embeddable":true,"href":"https:\/\/arjenoticias.com.mx\/index.php?rest_route=%2Fwp%2Fv2%2Fcategories&post=2887"},{"taxonomy":"post_tag","embeddable":true,"href":"https:\/\/arjenoticias.com.mx\/index.php?rest_route=%2Fwp%2Fv2%2Ftags&post=2887"}],"curies":[{"name":"wp","href":"https:\/\/api.w.org\/{rel}","templated":true}]}}