{"id":2647,"date":"2025-07-29T12:20:12","date_gmt":"2025-07-29T12:20:12","guid":{"rendered":"https:\/\/arjenoticias.com\/?p=2647"},"modified":"2025-07-29T12:20:12","modified_gmt":"2025-07-29T12:20:12","slug":"dan-atencion-visual-en-coahuila-a-mas-de-10-mil-ninos","status":"publish","type":"post","link":"https:\/\/arjenoticias.com.mx\/?p=2647","title":{"rendered":"Dan atenci\u00f3n visual en Coahuila a m\u00e1s de 10 mil ni\u00f1os"},"content":{"rendered":"\n\n\n\n<p class=\"wp-block-paragraph\"><strong>Saltillo, Coahuila de Zaragoza<\/strong>.- Con el firme compromiso de mejorar la calidad de vida y el rendimiento acad\u00e9mico de la ni\u00f1ez y adolescencia en el estado, el Gobierno de Coahuila, a trav\u00e9s del DIF Estatal y en colaboraci\u00f3n con la Fundaci\u00f3n \u201cVer Bien para Aprender Mejor\u201d, llev\u00f3 a cabo la brigada de atenci\u00f3n optom\u00e9trica gratuita, beneficiando a 10 mil 983 ni\u00f1as, ni\u00f1os y adolescentes de nivel primaria y secundaria de escuelas p\u00fablicas.<\/p>\n\n<p class=\"wp-block-paragraph\">Gracias a esta importante jornada, 2 mil 516 estudiantes de los municipios de Francisco I. Madero, Torre\u00f3n, Sierra Mojada, Viesca y Ocampo recibieron anteojos de alta calidad fabricados especialmente para ellos, lo cual les permitir\u00e1 mejorar su desempe\u00f1o escolar y evitar la deserci\u00f3n relacionada con problemas visuales no atendidos.<\/p>\n\n<p class=\"wp-block-paragraph\">Durante la brigada se visitaron un total de 123 escuelas, con el apoyo profesional de 7 optometristas, quienes realizaron evaluaciones visuales especializadas directamente en los planteles educativos.<\/p>\n\n<p class=\"wp-block-paragraph\">Adem\u00e1s, se identificaron 129 casos de ni\u00f1as, ni\u00f1os y adolescentes que fueron canalizados a atenci\u00f3n m\u00e9dica especializada, ya sea por prediagn\u00f3stico de patolog\u00edas aparentes o por presentar graduaciones elevadas que podr\u00edan poner en riesgo su salud visual.<\/p>\n\n<p class=\"wp-block-paragraph\"><strong>Este programa se trabaj\u00f3 de la siguiente manera:<\/strong><\/p>\n\n<p class=\"wp-block-paragraph\">\u00b7 Detecci\u00f3n fina: Cada estudiante recibi\u00f3 un examen optom\u00e9trico personalizado por parte del equipo especializado de la Fundaci\u00f3n Ver Bien para Aprender Mejor.<\/p>\n\n<p class=\"wp-block-paragraph\">\u00b7 Lentes personalizados: Con base en la receta individual, los alumnos eligieron entre 10 combinaciones de color para sus lentes, los cuales fueron fabricados en M\u00e9xico.<\/p>\n\n<p class=\"wp-block-paragraph\">\u00b7 Entrega en escuelas: Un mes despu\u00e9s, cada estudiante recibi\u00f3 sin costo alguno su par de anteojos directamente en su escuela, acompa\u00f1ado de su kit personal.<\/p>\n\n<p class=\"wp-block-paragraph\">Este tipo de iniciativas responde a uno de los pilares fundamentales del gobierno que encabeza Manolo Jim\u00e9nez Salinas, garantizar el acceso equitativo a servicios de salud que impacten directamente en el desarrollo integral de las ni\u00f1as, ni\u00f1os y adolescentes coahuilenses.<\/p>\n\n<p class=\"wp-block-paragraph\">Liliana Salinas Vald\u00e9s, presidenta honoraria del DIF Coahuila, agradeci\u00f3 la coordinaci\u00f3n y alianza con la Fundaci\u00f3n, resaltando que el trabajo conjunto entre Gobierno y Sociedad civil organizada, rinde grandes frutos.<\/p>\n\n<blockquote class=\"wp-block-quote is-layout-flow wp-block-quote-is-layout-flow\">\n<p class=\"wp-block-paragraph\">\u201cVer bien transforma vidas. Gracias a esta gran alianza con la Fundaci\u00f3n Ver Bien para Aprender Mejor, miles de ni\u00f1as y ni\u00f1os en nuestro estado ahora tienen mejores oportunidades de aprender, jugar, convivir y desarrollarse plenamente. Esta estrategia es una muestra clara del compromiso de nuestro gobernador Manolo Jim\u00e9nez Salinas con la educaci\u00f3n y la salud de la ni\u00f1ez. Seguiremos tocando puertas, sumando aliados y trabajando por el bienestar de quienes m\u00e1s lo necesitan.\u201d<\/p>\n<\/blockquote>\n\n<p class=\"wp-block-paragraph\">Con acciones como esta, DIF Coahuila reafirma su vocaci\u00f3n de servicio, su visi\u00f3n de un gobierno cercano y su apuesta por construir un futuro m\u00e1s justo, saludable y lleno de oportunidades para toda la ni\u00f1ez<\/p>\n\n\n","protected":false},"excerpt":{"rendered":"","protected":false},"author":66,"featured_media":2648,"comment_status":"closed","ping_status":"closed","sticky":false,"template":"","format":"standard","meta":{"footnotes":""},"categories":[13],"tags":[],"class_list":["post-2647","post","type-post","status-publish","format-standard","has-post-thumbnail","hentry","category-politica"],"yoast_head":"<!-- This site is optimized with the Yoast SEO plugin v28.4 - https:\/\/yoast.com\/product\/yoast-seo-wordpress\/ -->\n<title>Dan atenci\u00f3n visual en Coahuila a m\u00e1s de 10 mil ni\u00f1os -<\/title>\n<meta name=\"description\" content=\"El Gobierno de Coahuila, a trav\u00e9s del DIF Estatal y en colaboraci\u00f3n con la Fundaci\u00f3n \u201cVer Bien para Aprender Mejor\u201d, llev\u00f3 a cabo la brigada de atenci\u00f3n optom\u00e9trica gratuita.\" \/>\n<meta name=\"robots\" content=\"index, follow, max-snippet:-1, max-image-preview:large, max-video-preview:-1\" \/>\n<link rel=\"canonical\" href=\"https:\/\/arjenoticias.com.mx\/?p=2647\" \/>\n<meta property=\"og:locale\" content=\"es_MX\" \/>\n<meta property=\"og:type\" content=\"article\" \/>\n<meta property=\"og:title\" content=\"Dan atenci\u00f3n visual en Coahuila a m\u00e1s de 10 mil ni\u00f1os -\" \/>\n<meta property=\"og:description\" content=\"El Gobierno de Coahuila, a trav\u00e9s del DIF Estatal y en colaboraci\u00f3n con la Fundaci\u00f3n \u201cVer Bien para Aprender Mejor\u201d, llev\u00f3 a cabo la brigada de atenci\u00f3n optom\u00e9trica gratuita.\" \/>\n<meta property=\"og:url\" content=\"https:\/\/arjenoticias.com.mx\/?p=2647\" \/>\n<meta property=\"article:published_time\" content=\"2025-07-29T12:20:12+00:00\" \/>\n<meta name=\"author\" content=\"Arj\u00e9 Noticias\" \/>\n<meta name=\"twitter:card\" content=\"summary_large_image\" \/>\n<meta name=\"twitter:label1\" content=\"Escrito por\" \/>\n\t<meta name=\"twitter:data1\" content=\"Arj\u00e9 Noticias\" \/>\n\t<meta name=\"twitter:label2\" content=\"Tiempo de lectura\" \/>\n\t<meta name=\"twitter:data2\" content=\"2 minutos\" \/>\n<script type=\"application\/ld+json\" class=\"yoast-schema-graph\">{\"@context\":\"https:\\\/\\\/schema.org\",\"@graph\":[{\"@type\":\"Article\",\"@id\":\"https:\\\/\\\/arjenoticias.com.mx\\\/?p=2647#article\",\"isPartOf\":{\"@id\":\"https:\\\/\\\/arjenoticias.com.mx\\\/?p=2647\"},\"author\":{\"name\":\"Arj\u00e9 Noticias\",\"@id\":\"https:\\\/\\\/arjenoticias.com.mx\\\/#\\\/schema\\\/person\\\/83f9fb68162b16794b69a8186dd31bc0\"},\"headline\":\"Dan atenci\u00f3n visual en Coahuila a m\u00e1s de 10 mil ni\u00f1os\",\"datePublished\":\"2025-07-29T12:20:12+00:00\",\"mainEntityOfPage\":{\"@id\":\"https:\\\/\\\/arjenoticias.com.mx\\\/?p=2647\"},\"wordCount\":494,\"publisher\":{\"@id\":\"https:\\\/\\\/arjenoticias.com.mx\\\/#organization\"},\"image\":{\"@id\":\"https:\\\/\\\/arjenoticias.com.mx\\\/?p=2647#primaryimage\"},\"thumbnailUrl\":\"\",\"articleSection\":[\"Pol\u00edtica\"],\"inLanguage\":\"es\"},{\"@type\":\"WebPage\",\"@id\":\"https:\\\/\\\/arjenoticias.com.mx\\\/?p=2647\",\"url\":\"https:\\\/\\\/arjenoticias.com.mx\\\/?p=2647\",\"name\":\"Dan atenci\u00f3n visual en Coahuila a m\u00e1s de 10 mil ni\u00f1os -\",\"isPartOf\":{\"@id\":\"https:\\\/\\\/arjenoticias.com.mx\\\/#website\"},\"primaryImageOfPage\":{\"@id\":\"https:\\\/\\\/arjenoticias.com.mx\\\/?p=2647#primaryimage\"},\"image\":{\"@id\":\"https:\\\/\\\/arjenoticias.com.mx\\\/?p=2647#primaryimage\"},\"thumbnailUrl\":\"\",\"datePublished\":\"2025-07-29T12:20:12+00:00\",\"description\":\"El Gobierno de Coahuila, a trav\u00e9s del DIF Estatal y en colaboraci\u00f3n con la Fundaci\u00f3n \u201cVer Bien para Aprender Mejor\u201d, llev\u00f3 a cabo la brigada de atenci\u00f3n optom\u00e9trica gratuita.\",\"breadcrumb\":{\"@id\":\"https:\\\/\\\/arjenoticias.com.mx\\\/?p=2647#breadcrumb\"},\"inLanguage\":\"es\",\"potentialAction\":[{\"@type\":\"ReadAction\",\"target\":[\"https:\\\/\\\/arjenoticias.com.mx\\\/?p=2647\"]}]},{\"@type\":\"ImageObject\",\"inLanguage\":\"es\",\"@id\":\"https:\\\/\\\/arjenoticias.com.mx\\\/?p=2647#primaryimage\",\"url\":\"\",\"contentUrl\":\"\"},{\"@type\":\"BreadcrumbList\",\"@id\":\"https:\\\/\\\/arjenoticias.com.mx\\\/?p=2647#breadcrumb\",\"itemListElement\":[{\"@type\":\"ListItem\",\"position\":1,\"name\":\"Inicio\",\"item\":\"https:\\\/\\\/arjenoticias.com.mx\\\/\"},{\"@type\":\"ListItem\",\"position\":2,\"name\":\"Dan atenci\u00f3n visual en Coahuila a m\u00e1s de 10 mil ni\u00f1os\"}]},{\"@type\":\"WebSite\",\"@id\":\"https:\\\/\\\/arjenoticias.com.mx\\\/#website\",\"url\":\"https:\\\/\\\/arjenoticias.com.mx\\\/\",\"name\":\"arjenoticias.com.mx\",\"description\":\"\",\"publisher\":{\"@id\":\"https:\\\/\\\/arjenoticias.com.mx\\\/#organization\"},\"potentialAction\":[{\"@type\":\"SearchAction\",\"target\":{\"@type\":\"EntryPoint\",\"urlTemplate\":\"https:\\\/\\\/arjenoticias.com.mx\\\/?s={search_term_string}\"},\"query-input\":{\"@type\":\"PropertyValueSpecification\",\"valueRequired\":true,\"valueName\":\"search_term_string\"}}],\"inLanguage\":\"es\"},{\"@type\":\"Organization\",\"@id\":\"https:\\\/\\\/arjenoticias.com.mx\\\/#organization\",\"name\":\"Arj\u00e9 de M\u00e9xico Noticias\",\"url\":\"https:\\\/\\\/arjenoticias.com.mx\\\/\",\"logo\":{\"@type\":\"ImageObject\",\"inLanguage\":\"es\",\"@id\":\"https:\\\/\\\/arjenoticias.com.mx\\\/#\\\/schema\\\/logo\\\/image\\\/\",\"url\":\"https:\\\/\\\/arjenoticias.com.mx\\\/wp-content\\\/uploads\\\/2025\\\/07\\\/cropped-logo-scaled-1.png\",\"contentUrl\":\"https:\\\/\\\/arjenoticias.com.mx\\\/wp-content\\\/uploads\\\/2025\\\/07\\\/cropped-logo-scaled-1.png\",\"width\":2558,\"height\":558,\"caption\":\"Arj\u00e9 de M\u00e9xico Noticias\"},\"image\":{\"@id\":\"https:\\\/\\\/arjenoticias.com.mx\\\/#\\\/schema\\\/logo\\\/image\\\/\"}},{\"@type\":\"Person\",\"@id\":\"https:\\\/\\\/arjenoticias.com.mx\\\/#\\\/schema\\\/person\\\/83f9fb68162b16794b69a8186dd31bc0\",\"name\":\"Arj\u00e9 Noticias\",\"image\":{\"@type\":\"ImageObject\",\"inLanguage\":\"es\",\"@id\":\"https:\\\/\\\/secure.gravatar.com\\\/avatar\\\/f604b88a0e24c04f3f89fae6b5400bfd6093d0999292a64803d3651d9d4a35a5?s=96&d=mm&r=g\",\"url\":\"https:\\\/\\\/secure.gravatar.com\\\/avatar\\\/f604b88a0e24c04f3f89fae6b5400bfd6093d0999292a64803d3651d9d4a35a5?s=96&d=mm&r=g\",\"contentUrl\":\"https:\\\/\\\/secure.gravatar.com\\\/avatar\\\/f604b88a0e24c04f3f89fae6b5400bfd6093d0999292a64803d3651d9d4a35a5?s=96&d=mm&r=g\",\"caption\":\"Arj\u00e9 Noticias\"},\"url\":\"https:\\\/\\\/arjenoticias.com.mx\\\/?author=66\"}]}<\/script>\n<!-- \/ Yoast SEO plugin. -->","yoast_head_json":{"title":"Dan atenci\u00f3n visual en Coahuila a m\u00e1s de 10 mil ni\u00f1os -","description":"El Gobierno de Coahuila, a trav\u00e9s del DIF Estatal y en colaboraci\u00f3n con la Fundaci\u00f3n \u201cVer Bien para Aprender Mejor\u201d, llev\u00f3 a cabo la brigada de atenci\u00f3n optom\u00e9trica gratuita.","robots":{"index":"index","follow":"follow","max-snippet":"max-snippet:-1","max-image-preview":"max-image-preview:large","max-video-preview":"max-video-preview:-1"},"canonical":"https:\/\/arjenoticias.com.mx\/?p=2647","og_locale":"es_MX","og_type":"article","og_title":"Dan atenci\u00f3n visual en Coahuila a m\u00e1s de 10 mil ni\u00f1os -","og_description":"El Gobierno de Coahuila, a trav\u00e9s del DIF Estatal y en colaboraci\u00f3n con la Fundaci\u00f3n \u201cVer Bien para Aprender Mejor\u201d, llev\u00f3 a cabo la brigada de atenci\u00f3n optom\u00e9trica gratuita.","og_url":"https:\/\/arjenoticias.com.mx\/?p=2647","article_published_time":"2025-07-29T12:20:12+00:00","author":"Arj\u00e9 Noticias","twitter_card":"summary_large_image","twitter_misc":{"Escrito por":"Arj\u00e9 Noticias","Tiempo de lectura":"2 minutos"},"schema":{"@context":"https:\/\/schema.org","@graph":[{"@type":"Article","@id":"https:\/\/arjenoticias.com.mx\/?p=2647#article","isPartOf":{"@id":"https:\/\/arjenoticias.com.mx\/?p=2647"},"author":{"name":"Arj\u00e9 Noticias","@id":"https:\/\/arjenoticias.com.mx\/#\/schema\/person\/83f9fb68162b16794b69a8186dd31bc0"},"headline":"Dan atenci\u00f3n visual en Coahuila a m\u00e1s de 10 mil ni\u00f1os","datePublished":"2025-07-29T12:20:12+00:00","mainEntityOfPage":{"@id":"https:\/\/arjenoticias.com.mx\/?p=2647"},"wordCount":494,"publisher":{"@id":"https:\/\/arjenoticias.com.mx\/#organization"},"image":{"@id":"https:\/\/arjenoticias.com.mx\/?p=2647#primaryimage"},"thumbnailUrl":"","articleSection":["Pol\u00edtica"],"inLanguage":"es"},{"@type":"WebPage","@id":"https:\/\/arjenoticias.com.mx\/?p=2647","url":"https:\/\/arjenoticias.com.mx\/?p=2647","name":"Dan atenci\u00f3n visual en Coahuila a m\u00e1s de 10 mil ni\u00f1os -","isPartOf":{"@id":"https:\/\/arjenoticias.com.mx\/#website"},"primaryImageOfPage":{"@id":"https:\/\/arjenoticias.com.mx\/?p=2647#primaryimage"},"image":{"@id":"https:\/\/arjenoticias.com.mx\/?p=2647#primaryimage"},"thumbnailUrl":"","datePublished":"2025-07-29T12:20:12+00:00","description":"El Gobierno de Coahuila, a trav\u00e9s del DIF Estatal y en colaboraci\u00f3n con la Fundaci\u00f3n \u201cVer Bien para Aprender Mejor\u201d, llev\u00f3 a cabo la brigada de atenci\u00f3n optom\u00e9trica gratuita.","breadcrumb":{"@id":"https:\/\/arjenoticias.com.mx\/?p=2647#breadcrumb"},"inLanguage":"es","potentialAction":[{"@type":"ReadAction","target":["https:\/\/arjenoticias.com.mx\/?p=2647"]}]},{"@type":"ImageObject","inLanguage":"es","@id":"https:\/\/arjenoticias.com.mx\/?p=2647#primaryimage","url":"","contentUrl":""},{"@type":"BreadcrumbList","@id":"https:\/\/arjenoticias.com.mx\/?p=2647#breadcrumb","itemListElement":[{"@type":"ListItem","position":1,"name":"Inicio","item":"https:\/\/arjenoticias.com.mx\/"},{"@type":"ListItem","position":2,"name":"Dan atenci\u00f3n visual en Coahuila a m\u00e1s de 10 mil ni\u00f1os"}]},{"@type":"WebSite","@id":"https:\/\/arjenoticias.com.mx\/#website","url":"https:\/\/arjenoticias.com.mx\/","name":"arjenoticias.com.mx","description":"","publisher":{"@id":"https:\/\/arjenoticias.com.mx\/#organization"},"potentialAction":[{"@type":"SearchAction","target":{"@type":"EntryPoint","urlTemplate":"https:\/\/arjenoticias.com.mx\/?s={search_term_string}"},"query-input":{"@type":"PropertyValueSpecification","valueRequired":true,"valueName":"search_term_string"}}],"inLanguage":"es"},{"@type":"Organization","@id":"https:\/\/arjenoticias.com.mx\/#organization","name":"Arj\u00e9 de M\u00e9xico Noticias","url":"https:\/\/arjenoticias.com.mx\/","logo":{"@type":"ImageObject","inLanguage":"es","@id":"https:\/\/arjenoticias.com.mx\/#\/schema\/logo\/image\/","url":"https:\/\/arjenoticias.com.mx\/wp-content\/uploads\/2025\/07\/cropped-logo-scaled-1.png","contentUrl":"https:\/\/arjenoticias.com.mx\/wp-content\/uploads\/2025\/07\/cropped-logo-scaled-1.png","width":2558,"height":558,"caption":"Arj\u00e9 de M\u00e9xico Noticias"},"image":{"@id":"https:\/\/arjenoticias.com.mx\/#\/schema\/logo\/image\/"}},{"@type":"Person","@id":"https:\/\/arjenoticias.com.mx\/#\/schema\/person\/83f9fb68162b16794b69a8186dd31bc0","name":"Arj\u00e9 Noticias","image":{"@type":"ImageObject","inLanguage":"es","@id":"https:\/\/secure.gravatar.com\/avatar\/f604b88a0e24c04f3f89fae6b5400bfd6093d0999292a64803d3651d9d4a35a5?s=96&d=mm&r=g","url":"https:\/\/secure.gravatar.com\/avatar\/f604b88a0e24c04f3f89fae6b5400bfd6093d0999292a64803d3651d9d4a35a5?s=96&d=mm&r=g","contentUrl":"https:\/\/secure.gravatar.com\/avatar\/f604b88a0e24c04f3f89fae6b5400bfd6093d0999292a64803d3651d9d4a35a5?s=96&d=mm&r=g","caption":"Arj\u00e9 Noticias"},"url":"https:\/\/arjenoticias.com.mx\/?author=66"}]}},"_links":{"self":[{"href":"https:\/\/arjenoticias.com.mx\/index.php?rest_route=\/wp\/v2\/posts\/2647","targetHints":{"allow":["GET"]}}],"collection":[{"href":"https:\/\/arjenoticias.com.mx\/index.php?rest_route=\/wp\/v2\/posts"}],"about":[{"href":"https:\/\/arjenoticias.com.mx\/index.php?rest_route=\/wp\/v2\/types\/post"}],"author":[{"embeddable":true,"href":"https:\/\/arjenoticias.com.mx\/index.php?rest_route=\/wp\/v2\/users\/66"}],"replies":[{"embeddable":true,"href":"https:\/\/arjenoticias.com.mx\/index.php?rest_route=%2Fwp%2Fv2%2Fcomments&post=2647"}],"version-history":[{"count":0,"href":"https:\/\/arjenoticias.com.mx\/index.php?rest_route=\/wp\/v2\/posts\/2647\/revisions"}],"wp:attachment":[{"href":"https:\/\/arjenoticias.com.mx\/index.php?rest_route=%2Fwp%2Fv2%2Fmedia&parent=2647"}],"wp:term":[{"taxonomy":"category","embeddable":true,"href":"https:\/\/arjenoticias.com.mx\/index.php?rest_route=%2Fwp%2Fv2%2Fcategories&post=2647"},{"taxonomy":"post_tag","embeddable":true,"href":"https:\/\/arjenoticias.com.mx\/index.php?rest_route=%2Fwp%2Fv2%2Ftags&post=2647"}],"curies":[{"name":"wp","href":"https:\/\/api.w.org\/{rel}","templated":true}]}}