{"id":219,"date":"2025-07-20T09:42:30","date_gmt":"2025-07-20T09:42:30","guid":{"rendered":"https:\/\/foxiz.themeruby.com\/default\/?p=219"},"modified":"2025-07-20T09:42:30","modified_gmt":"2025-07-20T09:42:30","slug":"la-energia-es-el-pilar-de-una-economia-moderna","status":"publish","type":"post","link":"https:\/\/arjenoticias.com.mx\/?p=219","title":{"rendered":"La energ\u00eda es el pilar de una econom\u00eda moderna"},"content":{"rendered":"\n\n\n\n<p class=\"wp-block-paragraph\">La energ\u00eda es el n\u00facleo del desarrollo. Posibilita las inversiones, las innovaciones y las nuevas industrias que impulsan el empleo, el crecimiento inclusivo y la prosperidad compartida en un planeta m\u00e1s habitable.<\/p>\n\n<p class=\"wp-block-paragraph\">Sin embargo, 685&nbsp;millones de habitantes todav\u00eda viven sin electricidad en todo el mundo, y alrededor de 2100&nbsp;millones de personas dependen de combustibles y tecnolog\u00edas tradicionales contaminantes para cocinar sus alimentos.<\/p>\n\n<p class=\"wp-block-paragraph\">Ampliar las energ\u00edas renovables y la eficiencia energ\u00e9tica, e invertir en electrificaci\u00f3n a gran escala, al tiempo que se reducen gradualmente los combustibles f\u00f3siles, es fundamental para suministrar energ\u00eda limpia.<\/p>\n\n<figure class=\"wp-block-image size-large\"><img decoding=\"async\" src=\"https:\/\/arjenoticias.com.mx\/wp-content\/uploads\/2021\/08\/image-1024x617.png\" alt=\"\" class=\"wp-image-2294\"\/><\/figure>\n\n<p class=\"wp-block-paragraph\"><strong>Las crisis energ\u00e9ticas perjudican en mayor medida a los pobres<\/strong><\/p>\n\n<p class=\"wp-block-paragraph\">Las conmociones mundiales, como la pandemia de COVID-19, la guerra en Ucrania y el conflicto en Oriente Medio, han&nbsp;<a href=\"https:\/\/www.bancomundial.org\/es\/news\/press-release\/2022\/06\/01\/report-covid-19-slows-progress-towards-universal-energy-access\">retrasado a\u00fan m\u00e1s los avances<\/a>&nbsp;hacia el logro del acceso universal a una energ\u00eda asequible, confiable, sostenible y moderna para 2030 (<a href=\"https:\/\/sdgs.un.org\/es\/goals\/goal7\">Objetivo de Desarrollo Sostenible [ODS] 7<\/a>). Los pa\u00edses en desarrollo que enfrentan la carga m\u00e1s pesada tienen una capacidad limitada para mitigar la volatilidad de los precios de la energ\u00eda, y ello conduce al racionamiento energ\u00e9tico en algunos lugares y a un aumento de la pobreza.<\/p>\n\n<p class=\"wp-block-paragraph\"><strong>Las energ\u00edas renovables son clave para una energ\u00eda verde, segura y asequible<\/strong><\/p>\n\n<p class=\"wp-block-paragraph\">La energ\u00eda renovable puede ayudar a los pa\u00edses a mitigar el cambio clim\u00e1tico, generar resiliencia frente a la volatilidad de los precios y reducir los costos de la energ\u00eda. Las tecnolog\u00edas de energ\u00eda solar y e\u00f3lica son&nbsp;<a href=\"https:\/\/www.worldbank.org\/en\/news\/press-release\/2023\/02\/26\/solar-mini-grids-could-sustainably-power-380-million-people-in-afe-africa-by-2030-if-action-is-taken-now\">transformadoras<\/a>&nbsp;(i): son abundantes en muchos pa\u00edses en desarrollo, tienen un costo competitivo y constituyen una fuente de energ\u00eda confiable cuando se combinan con el almacenamiento. La energ\u00eda hidroel\u00e9ctrica tambi\u00e9n es un tipo de energ\u00eda limpia y renovable, y una de las fuentes de electricidad m\u00e1s baratas para los consumidores.<\/p>\n\n<p class=\"wp-block-paragraph\">Las minirredes solares pueden suministrar luz el\u00e9ctrica de alta calidad y de manera ininterrumpida a&nbsp;<a href=\"http:\/\/www.worldbank.org\/en\/news\/press-release\/2022\/09\/27\/solar-mini-grids-could-power-half-a-billion-people-by-2030-if-action-is-taken-now\">casi 500 millones de personas<\/a>&nbsp;(i) en comunidades desatendidas y constituir una soluci\u00f3n de menor costo para cerrar la brecha de acceso a la energ\u00eda de aqu\u00ed a 2030.<\/p>\n\n<p class=\"wp-block-paragraph\"><strong>Financiamiento de la transici\u00f3n energ\u00e9tica<\/strong><\/p>\n\n<p class=\"wp-block-paragraph\">El consumo de energ\u00eda representa m\u00e1s de tres cuartas partes de las emisiones de gases de efecto invernadero. Financiar iniciativas de eficiencia energ\u00e9tica y la aplicaci\u00f3n en gran escala de las energ\u00edas renovables, al tiempo que se reducen gradualmente los combustibles f\u00f3siles, es necesario para acelerar la transici\u00f3n energ\u00e9tica.<\/p>\n\n<p class=\"wp-block-paragraph\">Las inversiones en los pa\u00edses en desarrollo deben multiplicarse por siete hasta alcanzar entre USD&nbsp;1&nbsp;bill\u00f3n y USD&nbsp;2&nbsp;billones anuales de aqu\u00ed a 2030&nbsp;para hacer realidad la transici\u00f3n energ\u00e9tica y el acceso para todos. Dos tercios de estas inversiones provendr\u00e1n del sector privado. Con el objeto de atraer a los inversionistas, los pa\u00edses deben fortalecer las empresas de transmisi\u00f3n y distribuci\u00f3n de nueva energ\u00eda renovable, y elaborar regulaciones y establecer instituciones s\u00f3lidas dirigidas a supervisar la preparaci\u00f3n de proyectos de energ\u00eda limpia.<\/p>\n\n<p class=\"wp-block-paragraph\">Sin embargo, en los pa\u00edses en desarrollo, las costosas inversiones iniciales en eficiencia energ\u00e9tica y energ\u00edas renovables son inalcanzables debido al espacio fiscal limitado y la falta de acceso a financiamiento. Adem\u00e1s, la incertidumbre macroecon\u00f3mica y pol\u00edtica desalienta el apoyo de los inversionistas privados a los proyectos de este tipo.<\/p>\n\n<p class=\"wp-block-paragraph\"><\/p>\n\n\n","protected":false},"excerpt":{"rendered":"","protected":false},"author":66,"featured_media":2569,"comment_status":"closed","ping_status":"closed","sticky":false,"template":"","format":"standard","meta":{"footnotes":""},"categories":[9],"tags":[],"class_list":["post-219","post","type-post","status-publish","format-standard","has-post-thumbnail","hentry","category-mundo"],"yoast_head":"<!-- This site is optimized with the Yoast SEO plugin v28.4 - https:\/\/yoast.com\/product\/yoast-seo-wordpress\/ -->\n<title>La energ\u00eda es el pilar de una econom\u00eda moderna -<\/title>\n<meta name=\"description\" content=\"La energ\u00eda es el n\u00facleo del desarrollo. Posibilita las inversiones, las innovaciones y las nuevas industrias que impulsan el empleo, el crecimiento inclusivo y la prosperidad compartida en un planeta m\u00e1s habitable.\" \/>\n<meta name=\"robots\" content=\"index, follow, max-snippet:-1, max-image-preview:large, max-video-preview:-1\" \/>\n<link rel=\"canonical\" href=\"https:\/\/arjenoticias.com.mx\/?p=219\" \/>\n<meta property=\"og:locale\" content=\"es_MX\" \/>\n<meta property=\"og:type\" content=\"article\" \/>\n<meta property=\"og:title\" content=\"La energ\u00eda es el pilar de una econom\u00eda moderna -\" \/>\n<meta property=\"og:description\" content=\"La energ\u00eda es el n\u00facleo del desarrollo. Posibilita las inversiones, las innovaciones y las nuevas industrias que impulsan el empleo, el crecimiento inclusivo y la prosperidad compartida en un planeta m\u00e1s habitable.\" \/>\n<meta property=\"og:url\" content=\"https:\/\/arjenoticias.com.mx\/?p=219\" \/>\n<meta property=\"article:published_time\" content=\"2025-07-20T09:42:30+00:00\" \/>\n<meta name=\"author\" content=\"Arj\u00e9 Noticias\" \/>\n<meta name=\"twitter:card\" content=\"summary_large_image\" \/>\n<meta name=\"twitter:label1\" content=\"Escrito por\" \/>\n\t<meta name=\"twitter:data1\" content=\"Arj\u00e9 Noticias\" \/>\n\t<meta name=\"twitter:label2\" content=\"Tiempo de lectura\" \/>\n\t<meta name=\"twitter:data2\" content=\"3 minutos\" \/>\n<script type=\"application\/ld+json\" class=\"yoast-schema-graph\">{\"@context\":\"https:\\\/\\\/schema.org\",\"@graph\":[{\"@type\":\"Article\",\"@id\":\"https:\\\/\\\/arjenoticias.com.mx\\\/?p=219#article\",\"isPartOf\":{\"@id\":\"https:\\\/\\\/arjenoticias.com.mx\\\/?p=219\"},\"author\":{\"name\":\"Arj\u00e9 Noticias\",\"@id\":\"https:\\\/\\\/arjenoticias.com.mx\\\/#\\\/schema\\\/person\\\/83f9fb68162b16794b69a8186dd31bc0\"},\"headline\":\"La energ\u00eda es el pilar de una econom\u00eda moderna\",\"datePublished\":\"2025-07-20T09:42:30+00:00\",\"mainEntityOfPage\":{\"@id\":\"https:\\\/\\\/arjenoticias.com.mx\\\/?p=219\"},\"wordCount\":602,\"publisher\":{\"@id\":\"https:\\\/\\\/arjenoticias.com.mx\\\/#organization\"},\"image\":{\"@id\":\"https:\\\/\\\/arjenoticias.com.mx\\\/?p=219#primaryimage\"},\"thumbnailUrl\":\"\",\"articleSection\":[\"Mundo\"],\"inLanguage\":\"es\"},{\"@type\":\"WebPage\",\"@id\":\"https:\\\/\\\/arjenoticias.com.mx\\\/?p=219\",\"url\":\"https:\\\/\\\/arjenoticias.com.mx\\\/?p=219\",\"name\":\"La energ\u00eda es el pilar de una econom\u00eda moderna -\",\"isPartOf\":{\"@id\":\"https:\\\/\\\/arjenoticias.com.mx\\\/#website\"},\"primaryImageOfPage\":{\"@id\":\"https:\\\/\\\/arjenoticias.com.mx\\\/?p=219#primaryimage\"},\"image\":{\"@id\":\"https:\\\/\\\/arjenoticias.com.mx\\\/?p=219#primaryimage\"},\"thumbnailUrl\":\"\",\"datePublished\":\"2025-07-20T09:42:30+00:00\",\"description\":\"La energ\u00eda es el n\u00facleo del desarrollo. Posibilita las inversiones, las innovaciones y las nuevas industrias que impulsan el empleo, el crecimiento inclusivo y la prosperidad compartida en un planeta m\u00e1s habitable.\",\"breadcrumb\":{\"@id\":\"https:\\\/\\\/arjenoticias.com.mx\\\/?p=219#breadcrumb\"},\"inLanguage\":\"es\",\"potentialAction\":[{\"@type\":\"ReadAction\",\"target\":[\"https:\\\/\\\/arjenoticias.com.mx\\\/?p=219\"]}]},{\"@type\":\"ImageObject\",\"inLanguage\":\"es\",\"@id\":\"https:\\\/\\\/arjenoticias.com.mx\\\/?p=219#primaryimage\",\"url\":\"\",\"contentUrl\":\"\"},{\"@type\":\"BreadcrumbList\",\"@id\":\"https:\\\/\\\/arjenoticias.com.mx\\\/?p=219#breadcrumb\",\"itemListElement\":[{\"@type\":\"ListItem\",\"position\":1,\"name\":\"Inicio\",\"item\":\"https:\\\/\\\/arjenoticias.com.mx\\\/\"},{\"@type\":\"ListItem\",\"position\":2,\"name\":\"La energ\u00eda es el pilar de una econom\u00eda moderna\"}]},{\"@type\":\"WebSite\",\"@id\":\"https:\\\/\\\/arjenoticias.com.mx\\\/#website\",\"url\":\"https:\\\/\\\/arjenoticias.com.mx\\\/\",\"name\":\"arjenoticias.com.mx\",\"description\":\"\",\"publisher\":{\"@id\":\"https:\\\/\\\/arjenoticias.com.mx\\\/#organization\"},\"potentialAction\":[{\"@type\":\"SearchAction\",\"target\":{\"@type\":\"EntryPoint\",\"urlTemplate\":\"https:\\\/\\\/arjenoticias.com.mx\\\/?s={search_term_string}\"},\"query-input\":{\"@type\":\"PropertyValueSpecification\",\"valueRequired\":true,\"valueName\":\"search_term_string\"}}],\"inLanguage\":\"es\"},{\"@type\":\"Organization\",\"@id\":\"https:\\\/\\\/arjenoticias.com.mx\\\/#organization\",\"name\":\"Arj\u00e9 de M\u00e9xico Noticias\",\"url\":\"https:\\\/\\\/arjenoticias.com.mx\\\/\",\"logo\":{\"@type\":\"ImageObject\",\"inLanguage\":\"es\",\"@id\":\"https:\\\/\\\/arjenoticias.com.mx\\\/#\\\/schema\\\/logo\\\/image\\\/\",\"url\":\"https:\\\/\\\/arjenoticias.com.mx\\\/wp-content\\\/uploads\\\/2025\\\/07\\\/cropped-logo-scaled-1.png\",\"contentUrl\":\"https:\\\/\\\/arjenoticias.com.mx\\\/wp-content\\\/uploads\\\/2025\\\/07\\\/cropped-logo-scaled-1.png\",\"width\":2558,\"height\":558,\"caption\":\"Arj\u00e9 de M\u00e9xico Noticias\"},\"image\":{\"@id\":\"https:\\\/\\\/arjenoticias.com.mx\\\/#\\\/schema\\\/logo\\\/image\\\/\"}},{\"@type\":\"Person\",\"@id\":\"https:\\\/\\\/arjenoticias.com.mx\\\/#\\\/schema\\\/person\\\/83f9fb68162b16794b69a8186dd31bc0\",\"name\":\"Arj\u00e9 Noticias\",\"image\":{\"@type\":\"ImageObject\",\"inLanguage\":\"es\",\"@id\":\"https:\\\/\\\/secure.gravatar.com\\\/avatar\\\/f604b88a0e24c04f3f89fae6b5400bfd6093d0999292a64803d3651d9d4a35a5?s=96&d=mm&r=g\",\"url\":\"https:\\\/\\\/secure.gravatar.com\\\/avatar\\\/f604b88a0e24c04f3f89fae6b5400bfd6093d0999292a64803d3651d9d4a35a5?s=96&d=mm&r=g\",\"contentUrl\":\"https:\\\/\\\/secure.gravatar.com\\\/avatar\\\/f604b88a0e24c04f3f89fae6b5400bfd6093d0999292a64803d3651d9d4a35a5?s=96&d=mm&r=g\",\"caption\":\"Arj\u00e9 Noticias\"},\"url\":\"https:\\\/\\\/arjenoticias.com.mx\\\/?author=66\"}]}<\/script>\n<!-- \/ Yoast SEO plugin. -->","yoast_head_json":{"title":"La energ\u00eda es el pilar de una econom\u00eda moderna -","description":"La energ\u00eda es el n\u00facleo del desarrollo. Posibilita las inversiones, las innovaciones y las nuevas industrias que impulsan el empleo, el crecimiento inclusivo y la prosperidad compartida en un planeta m\u00e1s habitable.","robots":{"index":"index","follow":"follow","max-snippet":"max-snippet:-1","max-image-preview":"max-image-preview:large","max-video-preview":"max-video-preview:-1"},"canonical":"https:\/\/arjenoticias.com.mx\/?p=219","og_locale":"es_MX","og_type":"article","og_title":"La energ\u00eda es el pilar de una econom\u00eda moderna -","og_description":"La energ\u00eda es el n\u00facleo del desarrollo. Posibilita las inversiones, las innovaciones y las nuevas industrias que impulsan el empleo, el crecimiento inclusivo y la prosperidad compartida en un planeta m\u00e1s habitable.","og_url":"https:\/\/arjenoticias.com.mx\/?p=219","article_published_time":"2025-07-20T09:42:30+00:00","author":"Arj\u00e9 Noticias","twitter_card":"summary_large_image","twitter_misc":{"Escrito por":"Arj\u00e9 Noticias","Tiempo de lectura":"3 minutos"},"schema":{"@context":"https:\/\/schema.org","@graph":[{"@type":"Article","@id":"https:\/\/arjenoticias.com.mx\/?p=219#article","isPartOf":{"@id":"https:\/\/arjenoticias.com.mx\/?p=219"},"author":{"name":"Arj\u00e9 Noticias","@id":"https:\/\/arjenoticias.com.mx\/#\/schema\/person\/83f9fb68162b16794b69a8186dd31bc0"},"headline":"La energ\u00eda es el pilar de una econom\u00eda moderna","datePublished":"2025-07-20T09:42:30+00:00","mainEntityOfPage":{"@id":"https:\/\/arjenoticias.com.mx\/?p=219"},"wordCount":602,"publisher":{"@id":"https:\/\/arjenoticias.com.mx\/#organization"},"image":{"@id":"https:\/\/arjenoticias.com.mx\/?p=219#primaryimage"},"thumbnailUrl":"","articleSection":["Mundo"],"inLanguage":"es"},{"@type":"WebPage","@id":"https:\/\/arjenoticias.com.mx\/?p=219","url":"https:\/\/arjenoticias.com.mx\/?p=219","name":"La energ\u00eda es el pilar de una econom\u00eda moderna -","isPartOf":{"@id":"https:\/\/arjenoticias.com.mx\/#website"},"primaryImageOfPage":{"@id":"https:\/\/arjenoticias.com.mx\/?p=219#primaryimage"},"image":{"@id":"https:\/\/arjenoticias.com.mx\/?p=219#primaryimage"},"thumbnailUrl":"","datePublished":"2025-07-20T09:42:30+00:00","description":"La energ\u00eda es el n\u00facleo del desarrollo. Posibilita las inversiones, las innovaciones y las nuevas industrias que impulsan el empleo, el crecimiento inclusivo y la prosperidad compartida en un planeta m\u00e1s habitable.","breadcrumb":{"@id":"https:\/\/arjenoticias.com.mx\/?p=219#breadcrumb"},"inLanguage":"es","potentialAction":[{"@type":"ReadAction","target":["https:\/\/arjenoticias.com.mx\/?p=219"]}]},{"@type":"ImageObject","inLanguage":"es","@id":"https:\/\/arjenoticias.com.mx\/?p=219#primaryimage","url":"","contentUrl":""},{"@type":"BreadcrumbList","@id":"https:\/\/arjenoticias.com.mx\/?p=219#breadcrumb","itemListElement":[{"@type":"ListItem","position":1,"name":"Inicio","item":"https:\/\/arjenoticias.com.mx\/"},{"@type":"ListItem","position":2,"name":"La energ\u00eda es el pilar de una econom\u00eda moderna"}]},{"@type":"WebSite","@id":"https:\/\/arjenoticias.com.mx\/#website","url":"https:\/\/arjenoticias.com.mx\/","name":"arjenoticias.com.mx","description":"","publisher":{"@id":"https:\/\/arjenoticias.com.mx\/#organization"},"potentialAction":[{"@type":"SearchAction","target":{"@type":"EntryPoint","urlTemplate":"https:\/\/arjenoticias.com.mx\/?s={search_term_string}"},"query-input":{"@type":"PropertyValueSpecification","valueRequired":true,"valueName":"search_term_string"}}],"inLanguage":"es"},{"@type":"Organization","@id":"https:\/\/arjenoticias.com.mx\/#organization","name":"Arj\u00e9 de M\u00e9xico Noticias","url":"https:\/\/arjenoticias.com.mx\/","logo":{"@type":"ImageObject","inLanguage":"es","@id":"https:\/\/arjenoticias.com.mx\/#\/schema\/logo\/image\/","url":"https:\/\/arjenoticias.com.mx\/wp-content\/uploads\/2025\/07\/cropped-logo-scaled-1.png","contentUrl":"https:\/\/arjenoticias.com.mx\/wp-content\/uploads\/2025\/07\/cropped-logo-scaled-1.png","width":2558,"height":558,"caption":"Arj\u00e9 de M\u00e9xico Noticias"},"image":{"@id":"https:\/\/arjenoticias.com.mx\/#\/schema\/logo\/image\/"}},{"@type":"Person","@id":"https:\/\/arjenoticias.com.mx\/#\/schema\/person\/83f9fb68162b16794b69a8186dd31bc0","name":"Arj\u00e9 Noticias","image":{"@type":"ImageObject","inLanguage":"es","@id":"https:\/\/secure.gravatar.com\/avatar\/f604b88a0e24c04f3f89fae6b5400bfd6093d0999292a64803d3651d9d4a35a5?s=96&d=mm&r=g","url":"https:\/\/secure.gravatar.com\/avatar\/f604b88a0e24c04f3f89fae6b5400bfd6093d0999292a64803d3651d9d4a35a5?s=96&d=mm&r=g","contentUrl":"https:\/\/secure.gravatar.com\/avatar\/f604b88a0e24c04f3f89fae6b5400bfd6093d0999292a64803d3651d9d4a35a5?s=96&d=mm&r=g","caption":"Arj\u00e9 Noticias"},"url":"https:\/\/arjenoticias.com.mx\/?author=66"}]}},"_links":{"self":[{"href":"https:\/\/arjenoticias.com.mx\/index.php?rest_route=\/wp\/v2\/posts\/219","targetHints":{"allow":["GET"]}}],"collection":[{"href":"https:\/\/arjenoticias.com.mx\/index.php?rest_route=\/wp\/v2\/posts"}],"about":[{"href":"https:\/\/arjenoticias.com.mx\/index.php?rest_route=\/wp\/v2\/types\/post"}],"author":[{"embeddable":true,"href":"https:\/\/arjenoticias.com.mx\/index.php?rest_route=\/wp\/v2\/users\/66"}],"replies":[{"embeddable":true,"href":"https:\/\/arjenoticias.com.mx\/index.php?rest_route=%2Fwp%2Fv2%2Fcomments&post=219"}],"version-history":[{"count":0,"href":"https:\/\/arjenoticias.com.mx\/index.php?rest_route=\/wp\/v2\/posts\/219\/revisions"}],"wp:attachment":[{"href":"https:\/\/arjenoticias.com.mx\/index.php?rest_route=%2Fwp%2Fv2%2Fmedia&parent=219"}],"wp:term":[{"taxonomy":"category","embeddable":true,"href":"https:\/\/arjenoticias.com.mx\/index.php?rest_route=%2Fwp%2Fv2%2Fcategories&post=219"},{"taxonomy":"post_tag","embeddable":true,"href":"https:\/\/arjenoticias.com.mx\/index.php?rest_route=%2Fwp%2Fv2%2Ftags&post=219"}],"curies":[{"name":"wp","href":"https:\/\/api.w.org\/{rel}","templated":true}]}}