{"id":17728,"date":"2026-09-02T06:51:19","date_gmt":"2026-09-02T12:51:19","guid":{"rendered":"https:\/\/arjenoticias.com\/?p=17728"},"modified":"2026-09-02T06:51:19","modified_gmt":"2026-09-02T12:51:19","slug":"morena-nl-el-informe-de-sheinbaum-reordena-las-alianzas","status":"publish","type":"post","link":"https:\/\/arjenoticias.com.mx\/?p=17728","title":{"rendered":"Morena NL: el informe de Sheinbaum reordena las alianzas"},"content":{"rendered":"\n<p class=\"wp-block-paragraph\">El Segundo Informe de Claudia Sheinbaum dej\u00f3 algo m\u00e1s que cifras y una defensa de los resultados de su gobierno. Para Morena, dej\u00f3 un mensaje pol\u00edtico inequ\u00edvoco: unidad, disciplina, honestidad y lealtad al proyecto de la Cuarta Transformaci\u00f3n.<\/p>\n\n\n\n<p class=\"wp-block-paragraph\">Y en Nuevo Le\u00f3n, donde siete aspirantes disputan la Coordinaci\u00f3n de los Comit\u00e9s de Defensa de la 4T, el mensaje lleg\u00f3 en el momento m\u00e1s delicado del proceso.<\/p>\n\n\n\n<p class=\"wp-block-paragraph\">La pregunta es qui\u00e9n entendi\u00f3 mejor lo que quiso decir la Presidenta.<\/p>\n\n\n\n<p class=\"wp-block-paragraph\">Hasta ahora, Andr\u00e9s Mijes parece haber le\u00eddo con mayor sentido pol\u00edtico la coyuntura. No se limit\u00f3 a celebrar el informe: organiz\u00f3 un acto territorial, reivindic\u00f3 el car\u00e1cter \u201cclaudista\u201d del norte y vincul\u00f3 el Plan M\u00e9xico con el futuro econ\u00f3mico de Nuevo Le\u00f3n. Su estrategia fue convertir el respaldo a Sheinbaum en capital pol\u00edtico propio.<\/p>\n\n\n\n<p class=\"wp-block-paragraph\">Pero Mijes no est\u00e1 solo.<\/p>\n\n\n\n<p class=\"wp-block-paragraph\">La llamada \u201cAlianza Norte\u00f1a\u201d de Mijes, Tatiana Clouthier y Judith D\u00edaz es uno de los movimientos m\u00e1s interesantes de la contienda. Los tres decidieron no acudir a una reuni\u00f3n convocada por Alejandro Murat y optaron por reunirse por separado. Mijes present\u00f3 esa alianza como leal a la Presidenta y distante de Samuel Garc\u00eda.<\/p>\n\n\n\n<p class=\"wp-block-paragraph\">En el otro lado aparecen Waldo Fern\u00e1ndez, Clara Luz Flores y Felipe de Jes\u00fas Cant\u00fa, quienes s\u00ed participaron en la reuni\u00f3n con Murat. Esto no significa necesariamente que exista una alianza formal entre ellos, pero s\u00ed muestra que la competencia comienza a organizarse en bloques pol\u00edticos.<\/p>\n\n\n\n<p class=\"wp-block-paragraph\">Y aqu\u00ed est\u00e1 el verdadero problema para Morena: las alianzas pueden ser determinantes, pero tambi\u00e9n pueden convertirse en factores de divisi\u00f3n si el resultado no satisface a todos.<\/p>\n\n\n\n<p class=\"wp-block-paragraph\">Sheinbaum fue clara: dentro del movimiento no debe haber rompimientos. Su llamado a la unidad no puede interpretarse como una simple frase protocolaria cuando Morena se dispone a resolver candidaturas estrat\u00e9gicas rumbo a 2027.<\/p>\n\n\n\n<p class=\"wp-block-paragraph\">Por eso, quien resulte coordinador necesitar\u00e1 algo m\u00e1s que ganar una encuesta: tendr\u00e1 que ser capaz de aglutinar a los grupos derrotados y evitar una fractura interna.<\/p>\n\n\n\n<p class=\"wp-block-paragraph\">El proceso, adem\u00e1s, no est\u00e1 dise\u00f1ado para resolverse de inmediato. Morena contempla una primera encuesta para reducir de siete a seis aspirantes y posteriormente una segunda medici\u00f3n, presencial, que determinar\u00e1 al ganador.<\/p>\n\n\n\n<p class=\"wp-block-paragraph\">El propio Mijes ha estimado que la definici\u00f3n podr\u00eda conocerse alrededor del 15 de septiembre, aunque esa fecha es una previsi\u00f3n extraoficial. Otras versiones ubican las mediciones entre finales de agosto y los primeros d\u00edas de septiembre.<\/p>\n\n\n\n<p class=\"wp-block-paragraph\">Esto abre una ventana pol\u00edtica muy corta: la primera encuesta podr\u00eda estar definiendo ya qui\u00e9n sobrevive al proceso y la segunda podr\u00eda conocerse durante la primera quincena de septiembre.<\/p>\n\n\n\n<p class=\"wp-block-paragraph\">Pero hay otro elemento que no debe ignorarse: la decisi\u00f3n no estar\u00e1 exclusivamente en manos de Nuevo Le\u00f3n.<\/p>\n\n\n\n<p class=\"wp-block-paragraph\">La dirigencia nacional de Morena, encabezada por Ariadna Montiel; la Comisi\u00f3n Nacional de Elecciones; los operadores enviados a Nuevo Le\u00f3n \u2014entre ellos Alejandro Murat\u2014 y los grupos nacionales que respaldan a cada aspirante tendr\u00e1n capacidad para influir en el ambiente pol\u00edtico de la definici\u00f3n.<\/p>\n\n\n\n<p class=\"wp-block-paragraph\">Sin embargo, ser\u00eda un error afirmar que alguno de esos grupos ya tiene \u201camarrado\u201d al ganador. Hasta ahora no existe evidencia p\u00fablica suficiente para sostenerlo.<\/p>\n\n\n\n<p class=\"wp-block-paragraph\">Lo que s\u00ed existe es una competencia cada vez m\u00e1s definida.<\/p>\n\n\n\n<p class=\"wp-block-paragraph\">Mijes parece haber entendido que el mensaje presidencial exige unidad, pero tambi\u00e9n que la unidad se construye desde el territorio. Waldo apuesta por el reconocimiento entre los contendientes y un perfil conciliador. Tatiana juega la carta de la congruencia y la defensa de reglas imparciales. Clara Luz conserva una posici\u00f3n que le permite dialogar con diferentes grupos.<\/p>\n\n\n\n<p class=\"wp-block-paragraph\">Al final, Morena tendr\u00e1 que resolver una ecuaci\u00f3n complicada:<\/p>\n\n\n\n<p class=\"wp-block-paragraph\">\u00bfQui\u00e9n puede ganar la encuesta y, al mismo tiempo, mantener unido al partido?<\/p>\n\n\n\n<p class=\"wp-block-paragraph\">Esa podr\u00eda ser la verdadera encuesta.<\/p>\n\n\n\n<p class=\"wp-block-paragraph\">Porque despu\u00e9s del informe de Sheinbaum, el mensaje ya est\u00e1 dado<\/p>\n","protected":false},"excerpt":{"rendered":"<p>El Segundo Informe de Claudia Sheinbaum dej\u00f3 algo m\u00e1s que cifras y una defensa de&#8230;<\/p>\n","protected":false},"author":66,"featured_media":17646,"comment_status":"open","ping_status":"open","sticky":false,"template":"","format":"standard","meta":{"footnotes":""},"categories":[4],"tags":[79],"class_list":["post-17728","post","type-post","status-publish","format-standard","has-post-thumbnail","hentry","category-ciudad","tag-4t-nortena"],"yoast_head":"<!-- This site is optimized with the Yoast SEO plugin v28.4 - https:\/\/yoast.com\/product\/yoast-seo-wordpress\/ -->\n<title>Morena NL: el informe de Sheinbaum reordena las alianzas -<\/title>\n<meta name=\"robots\" content=\"index, follow, max-snippet:-1, max-image-preview:large, max-video-preview:-1\" \/>\n<link rel=\"canonical\" href=\"https:\/\/arjenoticias.com.mx\/?p=17728\" \/>\n<meta property=\"og:locale\" content=\"es_MX\" \/>\n<meta property=\"og:type\" content=\"article\" \/>\n<meta property=\"og:title\" content=\"Morena NL: el informe de Sheinbaum reordena las alianzas -\" \/>\n<meta property=\"og:description\" content=\"El Segundo Informe de Claudia Sheinbaum dej\u00f3 algo m\u00e1s que cifras y una defensa de...\" \/>\n<meta property=\"og:url\" content=\"https:\/\/arjenoticias.com.mx\/?p=17728\" \/>\n<meta property=\"article:published_time\" content=\"2026-09-02T12:51:19+00:00\" \/>\n<meta name=\"author\" content=\"Arj\u00e9 Noticias\" \/>\n<meta name=\"twitter:card\" content=\"summary_large_image\" \/>\n<meta name=\"twitter:label1\" content=\"Escrito por\" \/>\n\t<meta name=\"twitter:data1\" content=\"Arj\u00e9 Noticias\" \/>\n\t<meta name=\"twitter:label2\" content=\"Tiempo de lectura\" \/>\n\t<meta name=\"twitter:data2\" content=\"3 minutos\" \/>\n<script type=\"application\/ld+json\" class=\"yoast-schema-graph\">{\"@context\":\"https:\\\/\\\/schema.org\",\"@graph\":[{\"@type\":\"Article\",\"@id\":\"https:\\\/\\\/arjenoticias.com.mx\\\/?p=17728#article\",\"isPartOf\":{\"@id\":\"https:\\\/\\\/arjenoticias.com.mx\\\/?p=17728\"},\"author\":{\"name\":\"Arj\u00e9 Noticias\",\"@id\":\"https:\\\/\\\/arjenoticias.com.mx\\\/#\\\/schema\\\/person\\\/83f9fb68162b16794b69a8186dd31bc0\"},\"headline\":\"Morena NL: el informe de Sheinbaum reordena las alianzas\",\"datePublished\":\"2026-09-02T12:51:19+00:00\",\"mainEntityOfPage\":{\"@id\":\"https:\\\/\\\/arjenoticias.com.mx\\\/?p=17728\"},\"wordCount\":681,\"commentCount\":0,\"publisher\":{\"@id\":\"https:\\\/\\\/arjenoticias.com.mx\\\/#organization\"},\"image\":{\"@id\":\"https:\\\/\\\/arjenoticias.com.mx\\\/?p=17728#primaryimage\"},\"thumbnailUrl\":\"\",\"keywords\":[\"4T Norte\u00f1a\"],\"articleSection\":[\"Ciudad\"],\"inLanguage\":\"es\",\"potentialAction\":[{\"@type\":\"CommentAction\",\"name\":\"Comment\",\"target\":[\"https:\\\/\\\/arjenoticias.com.mx\\\/?p=17728#respond\"]}]},{\"@type\":\"WebPage\",\"@id\":\"https:\\\/\\\/arjenoticias.com.mx\\\/?p=17728\",\"url\":\"https:\\\/\\\/arjenoticias.com.mx\\\/?p=17728\",\"name\":\"Morena NL: el informe de Sheinbaum reordena las alianzas -\",\"isPartOf\":{\"@id\":\"https:\\\/\\\/arjenoticias.com.mx\\\/#website\"},\"primaryImageOfPage\":{\"@id\":\"https:\\\/\\\/arjenoticias.com.mx\\\/?p=17728#primaryimage\"},\"image\":{\"@id\":\"https:\\\/\\\/arjenoticias.com.mx\\\/?p=17728#primaryimage\"},\"thumbnailUrl\":\"\",\"datePublished\":\"2026-09-02T12:51:19+00:00\",\"breadcrumb\":{\"@id\":\"https:\\\/\\\/arjenoticias.com.mx\\\/?p=17728#breadcrumb\"},\"inLanguage\":\"es\",\"potentialAction\":[{\"@type\":\"ReadAction\",\"target\":[\"https:\\\/\\\/arjenoticias.com.mx\\\/?p=17728\"]}]},{\"@type\":\"ImageObject\",\"inLanguage\":\"es\",\"@id\":\"https:\\\/\\\/arjenoticias.com.mx\\\/?p=17728#primaryimage\",\"url\":\"\",\"contentUrl\":\"\"},{\"@type\":\"BreadcrumbList\",\"@id\":\"https:\\\/\\\/arjenoticias.com.mx\\\/?p=17728#breadcrumb\",\"itemListElement\":[{\"@type\":\"ListItem\",\"position\":1,\"name\":\"Inicio\",\"item\":\"https:\\\/\\\/arjenoticias.com.mx\\\/\"},{\"@type\":\"ListItem\",\"position\":2,\"name\":\"Morena NL: el informe de Sheinbaum reordena las alianzas\"}]},{\"@type\":\"WebSite\",\"@id\":\"https:\\\/\\\/arjenoticias.com.mx\\\/#website\",\"url\":\"https:\\\/\\\/arjenoticias.com.mx\\\/\",\"name\":\"arjenoticias.com.mx\",\"description\":\"\",\"publisher\":{\"@id\":\"https:\\\/\\\/arjenoticias.com.mx\\\/#organization\"},\"potentialAction\":[{\"@type\":\"SearchAction\",\"target\":{\"@type\":\"EntryPoint\",\"urlTemplate\":\"https:\\\/\\\/arjenoticias.com.mx\\\/?s={search_term_string}\"},\"query-input\":{\"@type\":\"PropertyValueSpecification\",\"valueRequired\":true,\"valueName\":\"search_term_string\"}}],\"inLanguage\":\"es\"},{\"@type\":\"Organization\",\"@id\":\"https:\\\/\\\/arjenoticias.com.mx\\\/#organization\",\"name\":\"Arj\u00e9 de M\u00e9xico Noticias\",\"url\":\"https:\\\/\\\/arjenoticias.com.mx\\\/\",\"logo\":{\"@type\":\"ImageObject\",\"inLanguage\":\"es\",\"@id\":\"https:\\\/\\\/arjenoticias.com.mx\\\/#\\\/schema\\\/logo\\\/image\\\/\",\"url\":\"https:\\\/\\\/arjenoticias.com.mx\\\/wp-content\\\/uploads\\\/2025\\\/07\\\/cropped-logo-scaled-1.png\",\"contentUrl\":\"https:\\\/\\\/arjenoticias.com.mx\\\/wp-content\\\/uploads\\\/2025\\\/07\\\/cropped-logo-scaled-1.png\",\"width\":2558,\"height\":558,\"caption\":\"Arj\u00e9 de M\u00e9xico Noticias\"},\"image\":{\"@id\":\"https:\\\/\\\/arjenoticias.com.mx\\\/#\\\/schema\\\/logo\\\/image\\\/\"}},{\"@type\":\"Person\",\"@id\":\"https:\\\/\\\/arjenoticias.com.mx\\\/#\\\/schema\\\/person\\\/83f9fb68162b16794b69a8186dd31bc0\",\"name\":\"Arj\u00e9 Noticias\",\"image\":{\"@type\":\"ImageObject\",\"inLanguage\":\"es\",\"@id\":\"https:\\\/\\\/secure.gravatar.com\\\/avatar\\\/f604b88a0e24c04f3f89fae6b5400bfd6093d0999292a64803d3651d9d4a35a5?s=96&d=mm&r=g\",\"url\":\"https:\\\/\\\/secure.gravatar.com\\\/avatar\\\/f604b88a0e24c04f3f89fae6b5400bfd6093d0999292a64803d3651d9d4a35a5?s=96&d=mm&r=g\",\"contentUrl\":\"https:\\\/\\\/secure.gravatar.com\\\/avatar\\\/f604b88a0e24c04f3f89fae6b5400bfd6093d0999292a64803d3651d9d4a35a5?s=96&d=mm&r=g\",\"caption\":\"Arj\u00e9 Noticias\"},\"url\":\"https:\\\/\\\/arjenoticias.com.mx\\\/?author=66\"}]}<\/script>\n<!-- \/ Yoast SEO plugin. -->","yoast_head_json":{"title":"Morena NL: el informe de Sheinbaum reordena las alianzas -","robots":{"index":"index","follow":"follow","max-snippet":"max-snippet:-1","max-image-preview":"max-image-preview:large","max-video-preview":"max-video-preview:-1"},"canonical":"https:\/\/arjenoticias.com.mx\/?p=17728","og_locale":"es_MX","og_type":"article","og_title":"Morena NL: el informe de Sheinbaum reordena las alianzas -","og_description":"El Segundo Informe de Claudia Sheinbaum dej\u00f3 algo m\u00e1s que cifras y una defensa de...","og_url":"https:\/\/arjenoticias.com.mx\/?p=17728","article_published_time":"2026-09-02T12:51:19+00:00","author":"Arj\u00e9 Noticias","twitter_card":"summary_large_image","twitter_misc":{"Escrito por":"Arj\u00e9 Noticias","Tiempo de lectura":"3 minutos"},"schema":{"@context":"https:\/\/schema.org","@graph":[{"@type":"Article","@id":"https:\/\/arjenoticias.com.mx\/?p=17728#article","isPartOf":{"@id":"https:\/\/arjenoticias.com.mx\/?p=17728"},"author":{"name":"Arj\u00e9 Noticias","@id":"https:\/\/arjenoticias.com.mx\/#\/schema\/person\/83f9fb68162b16794b69a8186dd31bc0"},"headline":"Morena NL: el informe de Sheinbaum reordena las alianzas","datePublished":"2026-09-02T12:51:19+00:00","mainEntityOfPage":{"@id":"https:\/\/arjenoticias.com.mx\/?p=17728"},"wordCount":681,"commentCount":0,"publisher":{"@id":"https:\/\/arjenoticias.com.mx\/#organization"},"image":{"@id":"https:\/\/arjenoticias.com.mx\/?p=17728#primaryimage"},"thumbnailUrl":"","keywords":["4T Norte\u00f1a"],"articleSection":["Ciudad"],"inLanguage":"es","potentialAction":[{"@type":"CommentAction","name":"Comment","target":["https:\/\/arjenoticias.com.mx\/?p=17728#respond"]}]},{"@type":"WebPage","@id":"https:\/\/arjenoticias.com.mx\/?p=17728","url":"https:\/\/arjenoticias.com.mx\/?p=17728","name":"Morena NL: el informe de Sheinbaum reordena las alianzas -","isPartOf":{"@id":"https:\/\/arjenoticias.com.mx\/#website"},"primaryImageOfPage":{"@id":"https:\/\/arjenoticias.com.mx\/?p=17728#primaryimage"},"image":{"@id":"https:\/\/arjenoticias.com.mx\/?p=17728#primaryimage"},"thumbnailUrl":"","datePublished":"2026-09-02T12:51:19+00:00","breadcrumb":{"@id":"https:\/\/arjenoticias.com.mx\/?p=17728#breadcrumb"},"inLanguage":"es","potentialAction":[{"@type":"ReadAction","target":["https:\/\/arjenoticias.com.mx\/?p=17728"]}]},{"@type":"ImageObject","inLanguage":"es","@id":"https:\/\/arjenoticias.com.mx\/?p=17728#primaryimage","url":"","contentUrl":""},{"@type":"BreadcrumbList","@id":"https:\/\/arjenoticias.com.mx\/?p=17728#breadcrumb","itemListElement":[{"@type":"ListItem","position":1,"name":"Inicio","item":"https:\/\/arjenoticias.com.mx\/"},{"@type":"ListItem","position":2,"name":"Morena NL: el informe de Sheinbaum reordena las alianzas"}]},{"@type":"WebSite","@id":"https:\/\/arjenoticias.com.mx\/#website","url":"https:\/\/arjenoticias.com.mx\/","name":"arjenoticias.com.mx","description":"","publisher":{"@id":"https:\/\/arjenoticias.com.mx\/#organization"},"potentialAction":[{"@type":"SearchAction","target":{"@type":"EntryPoint","urlTemplate":"https:\/\/arjenoticias.com.mx\/?s={search_term_string}"},"query-input":{"@type":"PropertyValueSpecification","valueRequired":true,"valueName":"search_term_string"}}],"inLanguage":"es"},{"@type":"Organization","@id":"https:\/\/arjenoticias.com.mx\/#organization","name":"Arj\u00e9 de M\u00e9xico Noticias","url":"https:\/\/arjenoticias.com.mx\/","logo":{"@type":"ImageObject","inLanguage":"es","@id":"https:\/\/arjenoticias.com.mx\/#\/schema\/logo\/image\/","url":"https:\/\/arjenoticias.com.mx\/wp-content\/uploads\/2025\/07\/cropped-logo-scaled-1.png","contentUrl":"https:\/\/arjenoticias.com.mx\/wp-content\/uploads\/2025\/07\/cropped-logo-scaled-1.png","width":2558,"height":558,"caption":"Arj\u00e9 de M\u00e9xico Noticias"},"image":{"@id":"https:\/\/arjenoticias.com.mx\/#\/schema\/logo\/image\/"}},{"@type":"Person","@id":"https:\/\/arjenoticias.com.mx\/#\/schema\/person\/83f9fb68162b16794b69a8186dd31bc0","name":"Arj\u00e9 Noticias","image":{"@type":"ImageObject","inLanguage":"es","@id":"https:\/\/secure.gravatar.com\/avatar\/f604b88a0e24c04f3f89fae6b5400bfd6093d0999292a64803d3651d9d4a35a5?s=96&d=mm&r=g","url":"https:\/\/secure.gravatar.com\/avatar\/f604b88a0e24c04f3f89fae6b5400bfd6093d0999292a64803d3651d9d4a35a5?s=96&d=mm&r=g","contentUrl":"https:\/\/secure.gravatar.com\/avatar\/f604b88a0e24c04f3f89fae6b5400bfd6093d0999292a64803d3651d9d4a35a5?s=96&d=mm&r=g","caption":"Arj\u00e9 Noticias"},"url":"https:\/\/arjenoticias.com.mx\/?author=66"}]}},"_links":{"self":[{"href":"https:\/\/arjenoticias.com.mx\/index.php?rest_route=\/wp\/v2\/posts\/17728","targetHints":{"allow":["GET"]}}],"collection":[{"href":"https:\/\/arjenoticias.com.mx\/index.php?rest_route=\/wp\/v2\/posts"}],"about":[{"href":"https:\/\/arjenoticias.com.mx\/index.php?rest_route=\/wp\/v2\/types\/post"}],"author":[{"embeddable":true,"href":"https:\/\/arjenoticias.com.mx\/index.php?rest_route=\/wp\/v2\/users\/66"}],"replies":[{"embeddable":true,"href":"https:\/\/arjenoticias.com.mx\/index.php?rest_route=%2Fwp%2Fv2%2Fcomments&post=17728"}],"version-history":[{"count":0,"href":"https:\/\/arjenoticias.com.mx\/index.php?rest_route=\/wp\/v2\/posts\/17728\/revisions"}],"wp:attachment":[{"href":"https:\/\/arjenoticias.com.mx\/index.php?rest_route=%2Fwp%2Fv2%2Fmedia&parent=17728"}],"wp:term":[{"taxonomy":"category","embeddable":true,"href":"https:\/\/arjenoticias.com.mx\/index.php?rest_route=%2Fwp%2Fv2%2Fcategories&post=17728"},{"taxonomy":"post_tag","embeddable":true,"href":"https:\/\/arjenoticias.com.mx\/index.php?rest_route=%2Fwp%2Fv2%2Ftags&post=17728"}],"curies":[{"name":"wp","href":"https:\/\/api.w.org\/{rel}","templated":true}]}}