{"id":17714,"date":"2026-09-01T10:54:04","date_gmt":"2026-09-01T16:54:04","guid":{"rendered":"https:\/\/arjenoticias.com\/?p=17714"},"modified":"2026-09-01T10:54:04","modified_gmt":"2026-09-01T16:54:04","slug":"segundo-informe-de-sheinbaum-la-hora-de-separar-los-resultados-de-la-propaganda","status":"publish","type":"post","link":"https:\/\/arjenoticias.com.mx\/?p=17714","title":{"rendered":"Segundo Informe de Sheinbaum: la hora de separar los resultados de la propaganda"},"content":{"rendered":"\n<p class=\"wp-block-paragraph\">Claudia Sheinbaum presenta su Segundo Informe de Gobierno en un momento pol\u00edticamente inquietante y de incertidumbre. Conserva una elevada aprobaci\u00f3n, Morena mantiene una posici\u00f3n dominante y la oposici\u00f3n contin\u00faa fragmentada. El gobierno, adem\u00e1s, llega con una bater\u00eda de cifras que le permiten construir un relato de avances en seguridad, bienestar, empleo, inversi\u00f3n y reducci\u00f3n de la pobreza.<\/p>\n\n\n\n<p class=\"wp-block-paragraph\">Pero precisamente por eso resulta indispensable formular la pregunta que ning\u00fan informe presidencial puede evitar:<\/p>\n\n\n\n<p class=\"wp-block-paragraph\"><strong>\u00bfCu\u00e1nto de lo que presume el gobierno representa una transformaci\u00f3n real y cu\u00e1nto corresponde simplemente a una interpretaci\u00f3n favorable de los datos?<\/strong><\/p>\n\n\n\n<p class=\"wp-block-paragraph\">El primer gran argumento ser\u00e1 la seguridad. La reducci\u00f3n de homicidios es, sin duda, un indicador positivo y debe reconocerse. Pero una disminuci\u00f3n estad\u00edstica no significa que el problema de la violencia haya sido resuelto.<\/p>\n\n\n\n<p class=\"wp-block-paragraph\">M\u00e9xico sigue enfrentando desapariciones, extorsi\u00f3n, desplazamiento de comunidades y regiones donde las organizaciones criminales conservan una enorme capacidad de intimidaci\u00f3n y control. Incluso el decomiso de armas y las acciones contra organizaciones criminales muestran la magnitud del fen\u00f3meno.<\/p>\n\n\n\n<p class=\"wp-block-paragraph\">Por eso la pregunta no debe ser solamente cu\u00e1ntos homicidios disminuyeron, sino&nbsp;<strong>cu\u00e1ntos territorios recuper\u00f3 efectivamente el Estado y cu\u00e1ntos delitos ahora s\u00ed se investigan y castigan.<\/strong><\/p>\n\n\n\n<p class=\"wp-block-paragraph\">En econom\u00eda, el gobierno hablar\u00e1 de estabilidad y del Plan M\u00e9xico como plataforma para atraer inversiones y fortalecer la producci\u00f3n nacional. La estrategia es correcta en principio, pero requiere resultados verificables.<\/p>\n\n\n\n<p class=\"wp-block-paragraph\">Una inversi\u00f3n anunciada no es una inversi\u00f3n realizada.<\/p>\n\n\n\n<p class=\"wp-block-paragraph\">Un proyecto presentado no es una f\u00e1brica produciendo.<\/p>\n\n\n\n<p class=\"wp-block-paragraph\">Y un empleo anunciado no necesariamente es un empleo permanente, formal y bien remunerado.<\/p>\n\n\n\n<p class=\"wp-block-paragraph\">El Banco de M\u00e9xico proyecta para 2026 un crecimiento de 1.5%. Es mejor que un escenario de estancamiento, pero sigue siendo insuficiente para hablar de un aut\u00e9ntico despegue econ\u00f3mico.<\/p>\n\n\n\n<p class=\"wp-block-paragraph\">Por eso la pregunta es inevitable:<\/p>\n\n\n\n<p class=\"wp-block-paragraph\"><strong>\u00bfM\u00e9xico est\u00e1 creciendo o simplemente est\u00e1 evitando caer?<\/strong><\/p>\n\n\n\n<p class=\"wp-block-paragraph\">En materia social, Sheinbaum tiene probablemente su principal fortaleza pol\u00edtica. La expansi\u00f3n de los programas del Bienestar ha consolidado una red de transferencias que alcanza a millones de mexicanos.<\/p>\n\n\n\n<p class=\"wp-block-paragraph\">Pero aqu\u00ed tambi\u00e9n debe existir una segunda lectura.<\/p>\n\n\n\n<p class=\"wp-block-paragraph\">Si disminuye la pobreza porque aument\u00f3 el ingreso de las familias, es una buena noticia. Si una parte importante de esa mejor\u00eda depende de transferencias gubernamentales, entonces debemos preguntarnos qu\u00e9 ocurrir\u00eda si esas transferencias disminuyeran o si la econom\u00eda dejara de generar empleos.<\/p>\n\n\n\n<p class=\"wp-block-paragraph\">El objetivo de una pol\u00edtica social deber\u00eda ser que el ciudadano tenga herramientas para salir adelante, no que el Estado se convierta permanentemente en su principal fuente de ingreso.<\/p>\n\n\n\n<p class=\"wp-block-paragraph\"><strong>La salud representa otro examen mucho m\u00e1s dif\u00edcil.<\/strong><\/p>\n\n\n\n<p class=\"wp-block-paragraph\">El gobierno puede anunciar hospitales, programas, brigadas y nuevos mecanismos de atenci\u00f3n. Pero el ciudadano no eval\u00faa el sistema sanitario por el n\u00famero de anuncios.<\/p>\n\n\n\n<p class=\"wp-block-paragraph\">Lo eval\u00faa cuando necesita una consulta.<\/p>\n\n\n\n<p class=\"wp-block-paragraph\">Cuando espera meses por una cirug\u00eda.<\/p>\n\n\n\n<p class=\"wp-block-paragraph\">Cuando no encuentra un medicamento.<\/p>\n\n\n\n<p class=\"wp-block-paragraph\">Cuando tiene que pagar de su bolsillo lo que deber\u00eda proporcionarle el sistema p\u00fablico.<\/p>\n\n\n\n<p class=\"wp-block-paragraph\">La verdadera pregunta, por tanto, es sencilla:<\/p>\n\n\n\n<p class=\"wp-block-paragraph\"><strong>\u00bfTiene hoy el mexicano una mejor atenci\u00f3n m\u00e9dica que hace dos a\u00f1os?<\/strong><\/p>\n\n\n\n<p class=\"wp-block-paragraph\">Y hay un tema que el informe no puede eludir: las finanzas p\u00fablicas.<\/p>\n\n\n\n<p class=\"wp-block-paragraph\">Cada programa social, cada obra de infraestructura, cada subsidio y cada rescate de una empresa p\u00fablica tiene un costo. La deuda y los compromisos financieros del Estado no desaparecen porque no aparezcan en el discurso.<\/p>\n\n\n\n<p class=\"wp-block-paragraph\">Pemex y CFE son ejemplos particularmente importantes. El proyecto de soberan\u00eda energ\u00e9tica puede ser pol\u00edticamente atractivo, pero requiere demostrar que las empresas p\u00fablicas pueden ser financieramente sostenibles y, al mismo tiempo, cumplir con los objetivos de producci\u00f3n, inversi\u00f3n y suministro energ\u00e9tico que necesita la econom\u00eda.<\/p>\n\n\n\n<p class=\"wp-block-paragraph\">La rendici\u00f3n de cuentas exige algo m\u00e1s que informar cu\u00e1nto se gast\u00f3.<\/p>\n\n\n\n<p class=\"wp-block-paragraph\">Exige explicar&nbsp;<strong>qu\u00e9 se obtuvo por cada peso gastado.<\/strong><\/p>\n\n\n\n<p class=\"wp-block-paragraph\">Y entonces aparece el gran asunto pol\u00edtico.<\/p>\n\n\n\n<p class=\"wp-block-paragraph\">Sheinbaum habla del&nbsp;<strong>\u201csegundo piso de la transformaci\u00f3n\u201d<\/strong>.<\/p>\n\n\n\n<p class=\"wp-block-paragraph\">Pero \u00bfqu\u00e9 significa realmente?<\/p>\n\n\n\n<p class=\"wp-block-paragraph\">Si el segundo piso consiste fundamentalmente en continuar las pol\u00edticas de L\u00f3pez Obrador, entonces estamos ante continuidad, no necesariamente ante una nueva etapa de gobierno.<\/p>\n\n\n\n<p class=\"wp-block-paragraph\">Un verdadero segundo piso tendr\u00eda que mostrar qu\u00e9 errores del sexenio anterior fueron corregidos, qu\u00e9 pol\u00edticas fueron modificadas y cu\u00e1les fueron las nuevas soluciones aportadas por Sheinbaum.<\/p>\n\n\n\n<p class=\"wp-block-paragraph\">No basta hacer m\u00e1s.<\/p>\n\n\n\n<p class=\"wp-block-paragraph\">Hay que demostrar que se hizo mejor.<\/p>\n\n\n\n<p class=\"wp-block-paragraph\">Tambi\u00e9n existe un elemento institucional que merece atenci\u00f3n: la reforma judicial. A un a\u00f1o de su implementaci\u00f3n persisten cuestionamientos sobre funcionamiento, presupuesto, autonom\u00eda y tensiones internas.<\/p>\n\n\n\n<p class=\"wp-block-paragraph\">Si el gobierno sostiene que esa reforma representa una democratizaci\u00f3n de la justicia, tendr\u00e1 que demostrar que los ciudadanos obtienen ahora una justicia m\u00e1s r\u00e1pida, imparcial y eficaz.<\/p>\n\n\n\n<p class=\"wp-block-paragraph\">Porque elegir jueces mediante el voto no garantiza por s\u00ed mismo una mejor justicia.<\/p>\n\n\n\n<p class=\"wp-block-paragraph\">Finalmente est\u00e1 la corrupci\u00f3n.<\/p>\n\n\n\n<p class=\"wp-block-paragraph\">Sheinbaum ha colocado el combate a la corrupci\u00f3n entre las prioridades de su tercer a\u00f1o. Pero la exigencia debe ser mucho mayor:&nbsp;<strong>no puede existir una pol\u00edtica anticorrupci\u00f3n selectiva.<\/strong><\/p>\n\n\n\n<p class=\"wp-block-paragraph\">La misma vara debe aplicarse a funcionarios, empresarios, gobernadores, legisladores y militantes de Morena.<\/p>\n\n\n\n<p class=\"wp-block-paragraph\">Ese es precisamente el punto donde un informe presidencial puede convertirse en propaganda o en verdadera rendici\u00f3n de cuentas.<\/p>\n\n\n\n<p class=\"wp-block-paragraph\">El Segundo Informe debe ser le\u00eddo, entonces, con una regla muy sencilla:<\/p>\n\n\n\n<p class=\"wp-block-paragraph\"><strong>no comparar a Sheinbaum con Calder\u00f3n, Pe\u00f1a Nieto ni siquiera con L\u00f3pez Obrador.<\/strong><\/p>\n\n\n\n<p class=\"wp-block-paragraph\">Hay que compararla con sus propias promesas.<\/p>\n\n\n\n<p class=\"wp-block-paragraph\">Ah\u00ed est\u00e1 la verdadera medida de su gobierno.<\/p>\n\n\n\n<p class=\"wp-block-paragraph\">Porque gobernar no significa solamente presentar cifras positivas.<\/p>\n\n\n\n<p class=\"wp-block-paragraph\"><strong>Significa explicar tambi\u00e9n los costos, los errores, los pendientes y aquello que todav\u00eda no funciona.<\/strong><\/p>\n\n\n\n<p class=\"wp-block-paragraph\">La pregunta final no es si M\u00e9xico est\u00e1 mejor que hace dos a\u00f1os.<\/p>\n\n\n\n<p class=\"wp-block-paragraph\">Es mucho m\u00e1s inc\u00f3moda:<\/p>\n\n\n\n<p class=\"wp-block-paragraph\"><strong>\u00bfEst\u00e1 M\u00e9xico mejor de lo que deber\u00eda estar despu\u00e9s de dos a\u00f1os de gobierno de Claudia Sheinbaum?<\/strong><\/p>\n\n\n\n<p class=\"wp-block-paragraph\">Esa es la pregunta que los ciudadanos \u2014y no el discurso oficial\u2014 tendr\u00e1n que responder.<\/p>\n\n\n\n<p class=\"wp-block-paragraph\">Ir\u00e1 viniendo, iremos viendo como el oficialismo se pega mas a la retorica y la oposici\u00f3n se resguarda en su tradicional critica, o bien hay un an\u00e1lisis objetivo y realista que permita al gobierno corregir sus errores y omisiones, en tanto la oposici\u00f3n y la sociedad exigimos resultados y aportamos soluciones que permitan salir al pa\u00eds del estancamiento y polarizaci\u00f3n que vivimos<\/p>\n\n\n\n<p class=\"wp-block-paragraph\"><\/p>\n","protected":false},"excerpt":{"rendered":"<p>Claudia Sheinbaum presenta su Segundo Informe de Gobierno en un momento pol\u00edticamente inquietante y de&#8230;<\/p>\n","protected":false},"author":68,"featured_media":17716,"comment_status":"open","ping_status":"open","sticky":false,"template":"","format":"standard","meta":{"footnotes":""},"categories":[7],"tags":[67],"class_list":["post-17714","post","type-post","status-publish","format-standard","has-post-thumbnail","hentry","category-lo-mas-relevante","tag-2do-informe-de-sheinbaum"],"yoast_head":"<!-- This site is optimized with the Yoast SEO plugin v28.4 - https:\/\/yoast.com\/product\/yoast-seo-wordpress\/ -->\n<title>Segundo Informe de Sheinbaum: la hora de separar los resultados de la propaganda -<\/title>\n<meta name=\"description\" content=\"\u00bfCu\u00e1nto de lo que presume el gobierno representa una transformaci\u00f3n real y cu\u00e1nto corresponde simplemente a una interpretaci\u00f3n favorable de los datos?\" \/>\n<meta name=\"robots\" content=\"index, follow, max-snippet:-1, max-image-preview:large, max-video-preview:-1\" \/>\n<link rel=\"canonical\" href=\"https:\/\/arjenoticias.com.mx\/?p=17714\" \/>\n<meta property=\"og:locale\" content=\"es_MX\" \/>\n<meta property=\"og:type\" content=\"article\" \/>\n<meta property=\"og:title\" content=\"Segundo Informe de Sheinbaum: la hora de separar los resultados de la propaganda -\" \/>\n<meta property=\"og:description\" content=\"\u00bfCu\u00e1nto de lo que presume el gobierno representa una transformaci\u00f3n real y cu\u00e1nto corresponde simplemente a una interpretaci\u00f3n favorable de los datos?\" \/>\n<meta property=\"og:url\" content=\"https:\/\/arjenoticias.com.mx\/?p=17714\" \/>\n<meta property=\"article:published_time\" content=\"2026-09-01T16:54:04+00:00\" \/>\n<meta name=\"author\" content=\"Ra\u00fal Monter Ortega\" \/>\n<meta name=\"twitter:card\" content=\"summary_large_image\" \/>\n<meta name=\"twitter:label1\" content=\"Escrito por\" \/>\n\t<meta name=\"twitter:data1\" content=\"Ra\u00fal Monter Ortega\" \/>\n\t<meta name=\"twitter:label2\" content=\"Tiempo de lectura\" \/>\n\t<meta name=\"twitter:data2\" content=\"5 minutos\" \/>\n<script type=\"application\/ld+json\" class=\"yoast-schema-graph\">{\"@context\":\"https:\\\/\\\/schema.org\",\"@graph\":[{\"@type\":\"Article\",\"@id\":\"https:\\\/\\\/arjenoticias.com.mx\\\/?p=17714#article\",\"isPartOf\":{\"@id\":\"https:\\\/\\\/arjenoticias.com.mx\\\/?p=17714\"},\"author\":{\"name\":\"Ra\u00fal Monter Ortega\",\"@id\":\"https:\\\/\\\/arjenoticias.com.mx\\\/#\\\/schema\\\/person\\\/f48bc28476b38490cbe82bd109c72b24\"},\"headline\":\"Segundo Informe de Sheinbaum: la hora de separar los resultados de la propaganda\",\"datePublished\":\"2026-09-01T16:54:04+00:00\",\"mainEntityOfPage\":{\"@id\":\"https:\\\/\\\/arjenoticias.com.mx\\\/?p=17714\"},\"wordCount\":1118,\"commentCount\":0,\"publisher\":{\"@id\":\"https:\\\/\\\/arjenoticias.com.mx\\\/#organization\"},\"image\":{\"@id\":\"https:\\\/\\\/arjenoticias.com.mx\\\/?p=17714#primaryimage\"},\"thumbnailUrl\":\"\",\"keywords\":[\"2do informe de Sheinbaum\"],\"articleSection\":[\"Lo m\u00e1s relevante\"],\"inLanguage\":\"es\",\"potentialAction\":[{\"@type\":\"CommentAction\",\"name\":\"Comment\",\"target\":[\"https:\\\/\\\/arjenoticias.com.mx\\\/?p=17714#respond\"]}]},{\"@type\":\"WebPage\",\"@id\":\"https:\\\/\\\/arjenoticias.com.mx\\\/?p=17714\",\"url\":\"https:\\\/\\\/arjenoticias.com.mx\\\/?p=17714\",\"name\":\"Segundo Informe de Sheinbaum: la hora de separar los resultados de la propaganda -\",\"isPartOf\":{\"@id\":\"https:\\\/\\\/arjenoticias.com.mx\\\/#website\"},\"primaryImageOfPage\":{\"@id\":\"https:\\\/\\\/arjenoticias.com.mx\\\/?p=17714#primaryimage\"},\"image\":{\"@id\":\"https:\\\/\\\/arjenoticias.com.mx\\\/?p=17714#primaryimage\"},\"thumbnailUrl\":\"\",\"datePublished\":\"2026-09-01T16:54:04+00:00\",\"description\":\"\u00bfCu\u00e1nto de lo que presume el gobierno representa una transformaci\u00f3n real y cu\u00e1nto corresponde simplemente a una interpretaci\u00f3n favorable de los datos?\",\"breadcrumb\":{\"@id\":\"https:\\\/\\\/arjenoticias.com.mx\\\/?p=17714#breadcrumb\"},\"inLanguage\":\"es\",\"potentialAction\":[{\"@type\":\"ReadAction\",\"target\":[\"https:\\\/\\\/arjenoticias.com.mx\\\/?p=17714\"]}]},{\"@type\":\"ImageObject\",\"inLanguage\":\"es\",\"@id\":\"https:\\\/\\\/arjenoticias.com.mx\\\/?p=17714#primaryimage\",\"url\":\"\",\"contentUrl\":\"\"},{\"@type\":\"BreadcrumbList\",\"@id\":\"https:\\\/\\\/arjenoticias.com.mx\\\/?p=17714#breadcrumb\",\"itemListElement\":[{\"@type\":\"ListItem\",\"position\":1,\"name\":\"Inicio\",\"item\":\"https:\\\/\\\/arjenoticias.com.mx\\\/\"},{\"@type\":\"ListItem\",\"position\":2,\"name\":\"Segundo Informe de Sheinbaum: la hora de separar los resultados de la propaganda\"}]},{\"@type\":\"WebSite\",\"@id\":\"https:\\\/\\\/arjenoticias.com.mx\\\/#website\",\"url\":\"https:\\\/\\\/arjenoticias.com.mx\\\/\",\"name\":\"arjenoticias.com.mx\",\"description\":\"\",\"publisher\":{\"@id\":\"https:\\\/\\\/arjenoticias.com.mx\\\/#organization\"},\"potentialAction\":[{\"@type\":\"SearchAction\",\"target\":{\"@type\":\"EntryPoint\",\"urlTemplate\":\"https:\\\/\\\/arjenoticias.com.mx\\\/?s={search_term_string}\"},\"query-input\":{\"@type\":\"PropertyValueSpecification\",\"valueRequired\":true,\"valueName\":\"search_term_string\"}}],\"inLanguage\":\"es\"},{\"@type\":\"Organization\",\"@id\":\"https:\\\/\\\/arjenoticias.com.mx\\\/#organization\",\"name\":\"Arj\u00e9 de M\u00e9xico Noticias\",\"url\":\"https:\\\/\\\/arjenoticias.com.mx\\\/\",\"logo\":{\"@type\":\"ImageObject\",\"inLanguage\":\"es\",\"@id\":\"https:\\\/\\\/arjenoticias.com.mx\\\/#\\\/schema\\\/logo\\\/image\\\/\",\"url\":\"https:\\\/\\\/arjenoticias.com.mx\\\/wp-content\\\/uploads\\\/2025\\\/07\\\/cropped-logo-scaled-1.png\",\"contentUrl\":\"https:\\\/\\\/arjenoticias.com.mx\\\/wp-content\\\/uploads\\\/2025\\\/07\\\/cropped-logo-scaled-1.png\",\"width\":2558,\"height\":558,\"caption\":\"Arj\u00e9 de M\u00e9xico Noticias\"},\"image\":{\"@id\":\"https:\\\/\\\/arjenoticias.com.mx\\\/#\\\/schema\\\/logo\\\/image\\\/\"}},{\"@type\":\"Person\",\"@id\":\"https:\\\/\\\/arjenoticias.com.mx\\\/#\\\/schema\\\/person\\\/f48bc28476b38490cbe82bd109c72b24\",\"name\":\"Ra\u00fal Monter Ortega\",\"image\":{\"@type\":\"ImageObject\",\"inLanguage\":\"es\",\"@id\":\"https:\\\/\\\/secure.gravatar.com\\\/avatar\\\/1616403283ceadc5d9a2d98c21703f217676e6be6595972f5d3d26ff78793f9d?s=96&d=mm&r=g\",\"url\":\"https:\\\/\\\/secure.gravatar.com\\\/avatar\\\/1616403283ceadc5d9a2d98c21703f217676e6be6595972f5d3d26ff78793f9d?s=96&d=mm&r=g\",\"contentUrl\":\"https:\\\/\\\/secure.gravatar.com\\\/avatar\\\/1616403283ceadc5d9a2d98c21703f217676e6be6595972f5d3d26ff78793f9d?s=96&d=mm&r=g\",\"caption\":\"Ra\u00fal Monter Ortega\"},\"url\":\"https:\\\/\\\/arjenoticias.com.mx\\\/?author=68\"}]}<\/script>\n<!-- \/ Yoast SEO plugin. -->","yoast_head_json":{"title":"Segundo Informe de Sheinbaum: la hora de separar los resultados de la propaganda -","description":"\u00bfCu\u00e1nto de lo que presume el gobierno representa una transformaci\u00f3n real y cu\u00e1nto corresponde simplemente a una interpretaci\u00f3n favorable de los datos?","robots":{"index":"index","follow":"follow","max-snippet":"max-snippet:-1","max-image-preview":"max-image-preview:large","max-video-preview":"max-video-preview:-1"},"canonical":"https:\/\/arjenoticias.com.mx\/?p=17714","og_locale":"es_MX","og_type":"article","og_title":"Segundo Informe de Sheinbaum: la hora de separar los resultados de la propaganda -","og_description":"\u00bfCu\u00e1nto de lo que presume el gobierno representa una transformaci\u00f3n real y cu\u00e1nto corresponde simplemente a una interpretaci\u00f3n favorable de los datos?","og_url":"https:\/\/arjenoticias.com.mx\/?p=17714","article_published_time":"2026-09-01T16:54:04+00:00","author":"Ra\u00fal Monter Ortega","twitter_card":"summary_large_image","twitter_misc":{"Escrito por":"Ra\u00fal Monter Ortega","Tiempo de lectura":"5 minutos"},"schema":{"@context":"https:\/\/schema.org","@graph":[{"@type":"Article","@id":"https:\/\/arjenoticias.com.mx\/?p=17714#article","isPartOf":{"@id":"https:\/\/arjenoticias.com.mx\/?p=17714"},"author":{"name":"Ra\u00fal Monter Ortega","@id":"https:\/\/arjenoticias.com.mx\/#\/schema\/person\/f48bc28476b38490cbe82bd109c72b24"},"headline":"Segundo Informe de Sheinbaum: la hora de separar los resultados de la propaganda","datePublished":"2026-09-01T16:54:04+00:00","mainEntityOfPage":{"@id":"https:\/\/arjenoticias.com.mx\/?p=17714"},"wordCount":1118,"commentCount":0,"publisher":{"@id":"https:\/\/arjenoticias.com.mx\/#organization"},"image":{"@id":"https:\/\/arjenoticias.com.mx\/?p=17714#primaryimage"},"thumbnailUrl":"","keywords":["2do informe de Sheinbaum"],"articleSection":["Lo m\u00e1s relevante"],"inLanguage":"es","potentialAction":[{"@type":"CommentAction","name":"Comment","target":["https:\/\/arjenoticias.com.mx\/?p=17714#respond"]}]},{"@type":"WebPage","@id":"https:\/\/arjenoticias.com.mx\/?p=17714","url":"https:\/\/arjenoticias.com.mx\/?p=17714","name":"Segundo Informe de Sheinbaum: la hora de separar los resultados de la propaganda -","isPartOf":{"@id":"https:\/\/arjenoticias.com.mx\/#website"},"primaryImageOfPage":{"@id":"https:\/\/arjenoticias.com.mx\/?p=17714#primaryimage"},"image":{"@id":"https:\/\/arjenoticias.com.mx\/?p=17714#primaryimage"},"thumbnailUrl":"","datePublished":"2026-09-01T16:54:04+00:00","description":"\u00bfCu\u00e1nto de lo que presume el gobierno representa una transformaci\u00f3n real y cu\u00e1nto corresponde simplemente a una interpretaci\u00f3n favorable de los datos?","breadcrumb":{"@id":"https:\/\/arjenoticias.com.mx\/?p=17714#breadcrumb"},"inLanguage":"es","potentialAction":[{"@type":"ReadAction","target":["https:\/\/arjenoticias.com.mx\/?p=17714"]}]},{"@type":"ImageObject","inLanguage":"es","@id":"https:\/\/arjenoticias.com.mx\/?p=17714#primaryimage","url":"","contentUrl":""},{"@type":"BreadcrumbList","@id":"https:\/\/arjenoticias.com.mx\/?p=17714#breadcrumb","itemListElement":[{"@type":"ListItem","position":1,"name":"Inicio","item":"https:\/\/arjenoticias.com.mx\/"},{"@type":"ListItem","position":2,"name":"Segundo Informe de Sheinbaum: la hora de separar los resultados de la propaganda"}]},{"@type":"WebSite","@id":"https:\/\/arjenoticias.com.mx\/#website","url":"https:\/\/arjenoticias.com.mx\/","name":"arjenoticias.com.mx","description":"","publisher":{"@id":"https:\/\/arjenoticias.com.mx\/#organization"},"potentialAction":[{"@type":"SearchAction","target":{"@type":"EntryPoint","urlTemplate":"https:\/\/arjenoticias.com.mx\/?s={search_term_string}"},"query-input":{"@type":"PropertyValueSpecification","valueRequired":true,"valueName":"search_term_string"}}],"inLanguage":"es"},{"@type":"Organization","@id":"https:\/\/arjenoticias.com.mx\/#organization","name":"Arj\u00e9 de M\u00e9xico Noticias","url":"https:\/\/arjenoticias.com.mx\/","logo":{"@type":"ImageObject","inLanguage":"es","@id":"https:\/\/arjenoticias.com.mx\/#\/schema\/logo\/image\/","url":"https:\/\/arjenoticias.com.mx\/wp-content\/uploads\/2025\/07\/cropped-logo-scaled-1.png","contentUrl":"https:\/\/arjenoticias.com.mx\/wp-content\/uploads\/2025\/07\/cropped-logo-scaled-1.png","width":2558,"height":558,"caption":"Arj\u00e9 de M\u00e9xico Noticias"},"image":{"@id":"https:\/\/arjenoticias.com.mx\/#\/schema\/logo\/image\/"}},{"@type":"Person","@id":"https:\/\/arjenoticias.com.mx\/#\/schema\/person\/f48bc28476b38490cbe82bd109c72b24","name":"Ra\u00fal Monter Ortega","image":{"@type":"ImageObject","inLanguage":"es","@id":"https:\/\/secure.gravatar.com\/avatar\/1616403283ceadc5d9a2d98c21703f217676e6be6595972f5d3d26ff78793f9d?s=96&d=mm&r=g","url":"https:\/\/secure.gravatar.com\/avatar\/1616403283ceadc5d9a2d98c21703f217676e6be6595972f5d3d26ff78793f9d?s=96&d=mm&r=g","contentUrl":"https:\/\/secure.gravatar.com\/avatar\/1616403283ceadc5d9a2d98c21703f217676e6be6595972f5d3d26ff78793f9d?s=96&d=mm&r=g","caption":"Ra\u00fal Monter Ortega"},"url":"https:\/\/arjenoticias.com.mx\/?author=68"}]}},"_links":{"self":[{"href":"https:\/\/arjenoticias.com.mx\/index.php?rest_route=\/wp\/v2\/posts\/17714","targetHints":{"allow":["GET"]}}],"collection":[{"href":"https:\/\/arjenoticias.com.mx\/index.php?rest_route=\/wp\/v2\/posts"}],"about":[{"href":"https:\/\/arjenoticias.com.mx\/index.php?rest_route=\/wp\/v2\/types\/post"}],"author":[{"embeddable":true,"href":"https:\/\/arjenoticias.com.mx\/index.php?rest_route=\/wp\/v2\/users\/68"}],"replies":[{"embeddable":true,"href":"https:\/\/arjenoticias.com.mx\/index.php?rest_route=%2Fwp%2Fv2%2Fcomments&post=17714"}],"version-history":[{"count":0,"href":"https:\/\/arjenoticias.com.mx\/index.php?rest_route=\/wp\/v2\/posts\/17714\/revisions"}],"wp:attachment":[{"href":"https:\/\/arjenoticias.com.mx\/index.php?rest_route=%2Fwp%2Fv2%2Fmedia&parent=17714"}],"wp:term":[{"taxonomy":"category","embeddable":true,"href":"https:\/\/arjenoticias.com.mx\/index.php?rest_route=%2Fwp%2Fv2%2Fcategories&post=17714"},{"taxonomy":"post_tag","embeddable":true,"href":"https:\/\/arjenoticias.com.mx\/index.php?rest_route=%2Fwp%2Fv2%2Ftags&post=17714"}],"curies":[{"name":"wp","href":"https:\/\/api.w.org\/{rel}","templated":true}]}}