{"id":17654,"date":"2026-08-30T10:53:44","date_gmt":"2026-08-30T16:53:44","guid":{"rendered":"https:\/\/arjenoticias.com\/?p=17654"},"modified":"2026-08-30T10:53:52","modified_gmt":"2026-08-30T16:53:52","slug":"rinde-cuentas-diputada-lupita-de-labor-legislativa-y-gestion-social","status":"publish","type":"post","link":"https:\/\/arjenoticias.com.mx\/ciudad\/rinde-cuentas-diputada-lupita-de-labor-legislativa-y-gestion-social\/","title":{"rendered":"Rinde cuentas Diputada Lupita de labor legislativa y gesti\u00f3n social"},"content":{"rendered":"\n<p class=\"wp-block-paragraph\">La diputada Lupita Rodr\u00edguez Martinez rindi\u00f3 cuentas de labores legislativas y de gesti\u00f3n social por el segundo a\u00f1o de la LXXVII Legislatura del Congreso del Estado de Nuevo Le\u00f3n.<\/p>\n\n\n\n<p class=\"wp-block-paragraph\">Ante cientos de asistentes al Windsor Eventos de San Nicol\u00e1s, la legisladora del Partido del Trabajo dijo estar muy orgullosa de rendir cuentas claras.<\/p>\n\n\n\n<p class=\"wp-block-paragraph\">Inform\u00f3 que promovi\u00f3 48 iniciativas de ley, 27 puntos de acuerdo y particip\u00f3 con m\u00e1s de 500 intervenciones en tribuna.&nbsp;<\/p>\n\n\n\n<p class=\"wp-block-paragraph\">Asegur\u00f3 que \u201cnunca falt\u00e9 a la sesiones del Pleno y de las comisiones\u201d por la cultura de la responsabilidad que tiene como maestra y registr\u00f3 un 100% de asistencia.<\/p>\n\n\n\n<p class=\"wp-block-paragraph\">Entre las reformas constitucionales aprobadas destac\u00f3 la reducci\u00f3n de 30 a 28 a\u00f1os de edad para ser Gobernador y de 21 a 18 a\u00f1os para diputado local, alcalde, regidor y s\u00edndico.&nbsp;<\/p>\n\n\n\n<p class=\"wp-block-paragraph\">Frente a la contaminaci\u00f3n ambiental, impuls\u00f3 un estudio de tamizaje en los Centros de Desarrollo Infantil (CENDI) en colaboraci\u00f3n con la Secretar\u00eda de Salud y TecSalud para proteger la salud infantil.<\/p>\n\n\n\n<p class=\"wp-block-paragraph\">\u201cLa evaluaci\u00f3n a mil 229 menores revel\u00f3 la presencia de plomo en sangre en 329 casos, de los cuales 83 registran niveles superiores a 5 microgramos por decilitro\u201d, dio a conocer.<\/p>\n\n\n\n<p class=\"wp-block-paragraph\">Dicho estudio abarcar\u00e1 a 5,800 ni\u00f1as y ni\u00f1os en el Ciclo Escolar 2026-2027.&nbsp;<\/p>\n\n\n\n<p class=\"wp-block-paragraph\">En materia de gesti\u00f3n social report\u00f3 55,992 apoyos a familias vulnerables, 28,000 acciones de beneficio educativo y 137 ex\u00e1menes de vista y donaci\u00f3n gratuita de lentes a trav\u00e9s del programa \u201cVeamos un Mundo Mejor\u201d.<\/p>\n\n\n\n<p class=\"wp-block-paragraph\">Previo a la rendici\u00f3n del Informe participaron Jes\u00fas Elizondo y Waldo Fern\u00e1ndez, aspirantes a la gubernatura de Nuevo Le\u00f3n por el PT y PVEM, respectivamente.<\/p>\n\n\n\n<p class=\"wp-block-paragraph\">Asimismo, el senador Alberto Anaya Guti\u00e9rrez, dirigente nacional del PT y Benjam\u00edn Robles Montoya, a nombre de la Comisi\u00f3n Coordinadora Nacional del PT.<\/p>\n\n\n\n<p class=\"wp-block-paragraph\">Para concluir, la Diputada llam\u00f3 a dirigentes y militantes de Morena, Verde y PT a cerrar filas por las causas M\u00e9xico y por la presidenta Claudia Sheinbaum Pardo.<\/p>\n\n\n\n<p class=\"wp-block-paragraph\">\u201cNo le fallemos al pa\u00eds y que esta coalici\u00f3n que tenemos demuestre en Nuevo Le\u00f3n que vamos a ganar\u201d, finaliz\u00f3.<\/p>\n\n\n\n<p class=\"wp-block-paragraph\"><\/p>\n","protected":false},"excerpt":{"rendered":"<p>La diputada Lupita Rodr\u00edguez Martinez rindi\u00f3 cuentas de labores legislativas y de gesti\u00f3n social por&#8230;<\/p>\n","protected":false},"author":1,"featured_media":17655,"comment_status":"open","ping_status":"open","sticky":false,"template":"","format":"standard","meta":{"footnotes":""},"categories":[2],"tags":[2849],"class_list":["post-17654","post","type-post","status-publish","format-standard","has-post-thumbnail","hentry","category-ciudad","tag-lupita-rodriguez-del-pt"],"yoast_head":"<!-- This site is optimized with the Yoast SEO plugin v28.4 - https:\/\/yoast.com\/product\/yoast-seo-wordpress\/ -->\n<title>Rinde cuentas Diputada Lupita de labor legislativa y gesti\u00f3n social -<\/title>\n<meta name=\"description\" content=\"la Diputada llam\u00f3 a dirigentes y militantes de Morena, Verde y PT a cerrar filas por las causas M\u00e9xico y por la presidenta Claudia Sheinbaum Pardo.\" \/>\n<meta name=\"robots\" content=\"index, follow, max-snippet:-1, max-image-preview:large, max-video-preview:-1\" \/>\n<link rel=\"canonical\" href=\"https:\/\/arjenoticias.com.mx\/ciudad\/rinde-cuentas-diputada-lupita-de-labor-legislativa-y-gestion-social\/\" \/>\n<meta property=\"og:locale\" content=\"es_ES\" \/>\n<meta property=\"og:type\" content=\"article\" \/>\n<meta property=\"og:title\" content=\"Rinde cuentas Diputada Lupita de labor legislativa y gesti\u00f3n social -\" \/>\n<meta property=\"og:description\" content=\"la Diputada llam\u00f3 a dirigentes y militantes de Morena, Verde y PT a cerrar filas por las causas M\u00e9xico y por la presidenta Claudia Sheinbaum Pardo.\" \/>\n<meta property=\"og:url\" content=\"https:\/\/arjenoticias.com.mx\/ciudad\/rinde-cuentas-diputada-lupita-de-labor-legislativa-y-gestion-social\/\" \/>\n<meta property=\"article:publisher\" content=\"https:\/\/www.facebook.com\/ArjeNoticiasMX\" \/>\n<meta property=\"article:published_time\" content=\"2026-08-30T16:53:44+00:00\" \/>\n<meta property=\"article:modified_time\" content=\"2026-08-30T16:53:52+00:00\" \/>\n<meta property=\"og:image\" content=\"https:\/\/arjenoticias.com.mx\/wp-content\/uploads\/2026\/08\/PHOTO-2026-08-29-18-46-43.jpg\" \/>\n\t<meta property=\"og:image:width\" content=\"960\" \/>\n\t<meta property=\"og:image:height\" content=\"724\" \/>\n\t<meta property=\"og:image:type\" content=\"image\/jpeg\" \/>\n<meta name=\"author\" content=\"Arj\u00e9 Noticias\" \/>\n<meta name=\"twitter:card\" content=\"summary_large_image\" \/>\n<meta name=\"twitter:creator\" content=\"@ArjeNoticias\" \/>\n<meta name=\"twitter:site\" content=\"@ArjeNoticias\" \/>\n<meta name=\"twitter:label1\" content=\"Escrito por\" \/>\n\t<meta name=\"twitter:data1\" content=\"Arj\u00e9 Noticias\" \/>\n\t<meta name=\"twitter:label2\" content=\"Tiempo de lectura\" \/>\n\t<meta name=\"twitter:data2\" content=\"2 minutos\" \/>\n<script type=\"application\/ld+json\" class=\"yoast-schema-graph\">{\"@context\":\"https:\\\/\\\/schema.org\",\"@graph\":[{\"@type\":\"Article\",\"@id\":\"https:\\\/\\\/arjenoticias.com.mx\\\/ciudad\\\/rinde-cuentas-diputada-lupita-de-labor-legislativa-y-gestion-social\\\/#article\",\"isPartOf\":{\"@id\":\"https:\\\/\\\/arjenoticias.com.mx\\\/ciudad\\\/rinde-cuentas-diputada-lupita-de-labor-legislativa-y-gestion-social\\\/\"},\"author\":{\"name\":\"Arj\u00e9 Noticias\",\"@id\":\"https:\\\/\\\/arjenoticias.com.mx\\\/#\\\/schema\\\/person\\\/1f8657b2ea5d2a202124d43971a97b85\"},\"headline\":\"Rinde cuentas Diputada Lupita de labor legislativa y gesti\u00f3n social\",\"datePublished\":\"2026-08-30T16:53:44+00:00\",\"dateModified\":\"2026-08-30T16:53:52+00:00\",\"mainEntityOfPage\":{\"@id\":\"https:\\\/\\\/arjenoticias.com.mx\\\/ciudad\\\/rinde-cuentas-diputada-lupita-de-labor-legislativa-y-gestion-social\\\/\"},\"wordCount\":367,\"commentCount\":0,\"publisher\":{\"@id\":\"https:\\\/\\\/arjenoticias.com.mx\\\/#organization\"},\"image\":{\"@id\":\"https:\\\/\\\/arjenoticias.com.mx\\\/ciudad\\\/rinde-cuentas-diputada-lupita-de-labor-legislativa-y-gestion-social\\\/#primaryimage\"},\"thumbnailUrl\":\"https:\\\/\\\/arjenoticias.com.mx\\\/wp-content\\\/uploads\\\/2026\\\/08\\\/PHOTO-2026-08-29-18-46-43.jpg\",\"keywords\":[\"Lupita Rodriguez del PT\"],\"articleSection\":[\"Ciudad\"],\"inLanguage\":\"es\",\"potentialAction\":[{\"@type\":\"CommentAction\",\"name\":\"Comment\",\"target\":[\"https:\\\/\\\/arjenoticias.com.mx\\\/ciudad\\\/rinde-cuentas-diputada-lupita-de-labor-legislativa-y-gestion-social\\\/#respond\"]}]},{\"@type\":\"WebPage\",\"@id\":\"https:\\\/\\\/arjenoticias.com.mx\\\/ciudad\\\/rinde-cuentas-diputada-lupita-de-labor-legislativa-y-gestion-social\\\/\",\"url\":\"https:\\\/\\\/arjenoticias.com.mx\\\/ciudad\\\/rinde-cuentas-diputada-lupita-de-labor-legislativa-y-gestion-social\\\/\",\"name\":\"Rinde cuentas Diputada Lupita de labor legislativa y gesti\u00f3n social -\",\"isPartOf\":{\"@id\":\"https:\\\/\\\/arjenoticias.com.mx\\\/#website\"},\"primaryImageOfPage\":{\"@id\":\"https:\\\/\\\/arjenoticias.com.mx\\\/ciudad\\\/rinde-cuentas-diputada-lupita-de-labor-legislativa-y-gestion-social\\\/#primaryimage\"},\"image\":{\"@id\":\"https:\\\/\\\/arjenoticias.com.mx\\\/ciudad\\\/rinde-cuentas-diputada-lupita-de-labor-legislativa-y-gestion-social\\\/#primaryimage\"},\"thumbnailUrl\":\"https:\\\/\\\/arjenoticias.com.mx\\\/wp-content\\\/uploads\\\/2026\\\/08\\\/PHOTO-2026-08-29-18-46-43.jpg\",\"datePublished\":\"2026-08-30T16:53:44+00:00\",\"dateModified\":\"2026-08-30T16:53:52+00:00\",\"description\":\"la Diputada llam\u00f3 a dirigentes y militantes de Morena, Verde y PT a cerrar filas por las causas M\u00e9xico y por la presidenta Claudia Sheinbaum Pardo.\",\"breadcrumb\":{\"@id\":\"https:\\\/\\\/arjenoticias.com.mx\\\/ciudad\\\/rinde-cuentas-diputada-lupita-de-labor-legislativa-y-gestion-social\\\/#breadcrumb\"},\"inLanguage\":\"es\",\"potentialAction\":[{\"@type\":\"ReadAction\",\"target\":[\"https:\\\/\\\/arjenoticias.com.mx\\\/ciudad\\\/rinde-cuentas-diputada-lupita-de-labor-legislativa-y-gestion-social\\\/\"]}]},{\"@type\":\"ImageObject\",\"inLanguage\":\"es\",\"@id\":\"https:\\\/\\\/arjenoticias.com.mx\\\/ciudad\\\/rinde-cuentas-diputada-lupita-de-labor-legislativa-y-gestion-social\\\/#primaryimage\",\"url\":\"https:\\\/\\\/arjenoticias.com.mx\\\/wp-content\\\/uploads\\\/2026\\\/08\\\/PHOTO-2026-08-29-18-46-43.jpg\",\"contentUrl\":\"https:\\\/\\\/arjenoticias.com.mx\\\/wp-content\\\/uploads\\\/2026\\\/08\\\/PHOTO-2026-08-29-18-46-43.jpg\",\"width\":960,\"height\":724,\"caption\":\"Lupita Rodriguez rindi\u00f3 cuentas e informo acerca de su 2do a\u00f1o como legisladora\"},{\"@type\":\"BreadcrumbList\",\"@id\":\"https:\\\/\\\/arjenoticias.com.mx\\\/ciudad\\\/rinde-cuentas-diputada-lupita-de-labor-legislativa-y-gestion-social\\\/#breadcrumb\",\"itemListElement\":[{\"@type\":\"ListItem\",\"position\":1,\"name\":\"Portada\",\"item\":\"https:\\\/\\\/arjenoticias.com.mx\\\/\"},{\"@type\":\"ListItem\",\"position\":2,\"name\":\"Rinde cuentas Diputada Lupita de labor legislativa y gesti\u00f3n social\"}]},{\"@type\":\"WebSite\",\"@id\":\"https:\\\/\\\/arjenoticias.com.mx\\\/#website\",\"url\":\"https:\\\/\\\/arjenoticias.com.mx\\\/\",\"name\":\"Arj\u00e9 M\u00e9xico\",\"description\":\"\",\"publisher\":{\"@id\":\"https:\\\/\\\/arjenoticias.com.mx\\\/#organization\"},\"potentialAction\":[{\"@type\":\"SearchAction\",\"target\":{\"@type\":\"EntryPoint\",\"urlTemplate\":\"https:\\\/\\\/arjenoticias.com.mx\\\/?s={search_term_string}\"},\"query-input\":{\"@type\":\"PropertyValueSpecification\",\"valueRequired\":true,\"valueName\":\"search_term_string\"}}],\"inLanguage\":\"es\"},{\"@type\":\"Organization\",\"@id\":\"https:\\\/\\\/arjenoticias.com.mx\\\/#organization\",\"name\":\"Arj\u00e9 M\u00e9xico\",\"url\":\"https:\\\/\\\/arjenoticias.com.mx\\\/\",\"logo\":{\"@type\":\"ImageObject\",\"inLanguage\":\"es\",\"@id\":\"https:\\\/\\\/arjenoticias.com.mx\\\/#\\\/schema\\\/logo\\\/image\\\/\",\"url\":\"https:\\\/\\\/arjenoticias.com\\\/wp-content\\\/uploads\\\/2026\\\/04\\\/cropped-cropped-logo-inverted-1-scaled-1.png\",\"contentUrl\":\"https:\\\/\\\/arjenoticias.com\\\/wp-content\\\/uploads\\\/2026\\\/04\\\/cropped-cropped-logo-inverted-1-scaled-1.png\",\"width\":2556,\"height\":549,\"caption\":\"Arj\u00e9 M\u00e9xico\"},\"image\":{\"@id\":\"https:\\\/\\\/arjenoticias.com.mx\\\/#\\\/schema\\\/logo\\\/image\\\/\"},\"sameAs\":[\"https:\\\/\\\/www.facebook.com\\\/ArjeNoticiasMX\",\"https:\\\/\\\/x.com\\\/ArjeNoticias\"]},{\"@type\":\"Person\",\"@id\":\"https:\\\/\\\/arjenoticias.com.mx\\\/#\\\/schema\\\/person\\\/1f8657b2ea5d2a202124d43971a97b85\",\"name\":\"Arj\u00e9 Noticias\",\"image\":{\"@type\":\"ImageObject\",\"inLanguage\":\"es\",\"@id\":\"https:\\\/\\\/arjenoticias.com\\\/wp-content\\\/uploads\\\/2026\\\/04\\\/Arje-Noticias-96x96.png\",\"url\":\"https:\\\/\\\/arjenoticias.com\\\/wp-content\\\/uploads\\\/2026\\\/04\\\/Arje-Noticias-96x96.png\",\"contentUrl\":\"https:\\\/\\\/arjenoticias.com\\\/wp-content\\\/uploads\\\/2026\\\/04\\\/Arje-Noticias-96x96.png\",\"caption\":\"Arj\u00e9 Noticias\"},\"sameAs\":[\"https:\\\/\\\/arjenoticias.com\"],\"url\":\"https:\\\/\\\/arjenoticias.com.mx\\\/author\\\/admin\\\/\"}]}<\/script>\n<!-- \/ Yoast SEO plugin. -->","yoast_head_json":{"title":"Rinde cuentas Diputada Lupita de labor legislativa y gesti\u00f3n social -","description":"la Diputada llam\u00f3 a dirigentes y militantes de Morena, Verde y PT a cerrar filas por las causas M\u00e9xico y por la presidenta Claudia Sheinbaum Pardo.","robots":{"index":"index","follow":"follow","max-snippet":"max-snippet:-1","max-image-preview":"max-image-preview:large","max-video-preview":"max-video-preview:-1"},"canonical":"https:\/\/arjenoticias.com.mx\/ciudad\/rinde-cuentas-diputada-lupita-de-labor-legislativa-y-gestion-social\/","og_locale":"es_ES","og_type":"article","og_title":"Rinde cuentas Diputada Lupita de labor legislativa y gesti\u00f3n social -","og_description":"la Diputada llam\u00f3 a dirigentes y militantes de Morena, Verde y PT a cerrar filas por las causas M\u00e9xico y por la presidenta Claudia Sheinbaum Pardo.","og_url":"https:\/\/arjenoticias.com.mx\/ciudad\/rinde-cuentas-diputada-lupita-de-labor-legislativa-y-gestion-social\/","article_publisher":"https:\/\/www.facebook.com\/ArjeNoticiasMX","article_published_time":"2026-08-30T16:53:44+00:00","article_modified_time":"2026-08-30T16:53:52+00:00","og_image":[{"width":960,"height":724,"url":"https:\/\/arjenoticias.com.mx\/wp-content\/uploads\/2026\/08\/PHOTO-2026-08-29-18-46-43.jpg","type":"image\/jpeg"}],"author":"Arj\u00e9 Noticias","twitter_card":"summary_large_image","twitter_creator":"@ArjeNoticias","twitter_site":"@ArjeNoticias","twitter_misc":{"Escrito por":"Arj\u00e9 Noticias","Tiempo de lectura":"2 minutos"},"schema":{"@context":"https:\/\/schema.org","@graph":[{"@type":"Article","@id":"https:\/\/arjenoticias.com.mx\/ciudad\/rinde-cuentas-diputada-lupita-de-labor-legislativa-y-gestion-social\/#article","isPartOf":{"@id":"https:\/\/arjenoticias.com.mx\/ciudad\/rinde-cuentas-diputada-lupita-de-labor-legislativa-y-gestion-social\/"},"author":{"name":"Arj\u00e9 Noticias","@id":"https:\/\/arjenoticias.com.mx\/#\/schema\/person\/1f8657b2ea5d2a202124d43971a97b85"},"headline":"Rinde cuentas Diputada Lupita de labor legislativa y gesti\u00f3n social","datePublished":"2026-08-30T16:53:44+00:00","dateModified":"2026-08-30T16:53:52+00:00","mainEntityOfPage":{"@id":"https:\/\/arjenoticias.com.mx\/ciudad\/rinde-cuentas-diputada-lupita-de-labor-legislativa-y-gestion-social\/"},"wordCount":367,"commentCount":0,"publisher":{"@id":"https:\/\/arjenoticias.com.mx\/#organization"},"image":{"@id":"https:\/\/arjenoticias.com.mx\/ciudad\/rinde-cuentas-diputada-lupita-de-labor-legislativa-y-gestion-social\/#primaryimage"},"thumbnailUrl":"https:\/\/arjenoticias.com.mx\/wp-content\/uploads\/2026\/08\/PHOTO-2026-08-29-18-46-43.jpg","keywords":["Lupita Rodriguez del PT"],"articleSection":["Ciudad"],"inLanguage":"es","potentialAction":[{"@type":"CommentAction","name":"Comment","target":["https:\/\/arjenoticias.com.mx\/ciudad\/rinde-cuentas-diputada-lupita-de-labor-legislativa-y-gestion-social\/#respond"]}]},{"@type":"WebPage","@id":"https:\/\/arjenoticias.com.mx\/ciudad\/rinde-cuentas-diputada-lupita-de-labor-legislativa-y-gestion-social\/","url":"https:\/\/arjenoticias.com.mx\/ciudad\/rinde-cuentas-diputada-lupita-de-labor-legislativa-y-gestion-social\/","name":"Rinde cuentas Diputada Lupita de labor legislativa y gesti\u00f3n social -","isPartOf":{"@id":"https:\/\/arjenoticias.com.mx\/#website"},"primaryImageOfPage":{"@id":"https:\/\/arjenoticias.com.mx\/ciudad\/rinde-cuentas-diputada-lupita-de-labor-legislativa-y-gestion-social\/#primaryimage"},"image":{"@id":"https:\/\/arjenoticias.com.mx\/ciudad\/rinde-cuentas-diputada-lupita-de-labor-legislativa-y-gestion-social\/#primaryimage"},"thumbnailUrl":"https:\/\/arjenoticias.com.mx\/wp-content\/uploads\/2026\/08\/PHOTO-2026-08-29-18-46-43.jpg","datePublished":"2026-08-30T16:53:44+00:00","dateModified":"2026-08-30T16:53:52+00:00","description":"la Diputada llam\u00f3 a dirigentes y militantes de Morena, Verde y PT a cerrar filas por las causas M\u00e9xico y por la presidenta Claudia Sheinbaum Pardo.","breadcrumb":{"@id":"https:\/\/arjenoticias.com.mx\/ciudad\/rinde-cuentas-diputada-lupita-de-labor-legislativa-y-gestion-social\/#breadcrumb"},"inLanguage":"es","potentialAction":[{"@type":"ReadAction","target":["https:\/\/arjenoticias.com.mx\/ciudad\/rinde-cuentas-diputada-lupita-de-labor-legislativa-y-gestion-social\/"]}]},{"@type":"ImageObject","inLanguage":"es","@id":"https:\/\/arjenoticias.com.mx\/ciudad\/rinde-cuentas-diputada-lupita-de-labor-legislativa-y-gestion-social\/#primaryimage","url":"https:\/\/arjenoticias.com.mx\/wp-content\/uploads\/2026\/08\/PHOTO-2026-08-29-18-46-43.jpg","contentUrl":"https:\/\/arjenoticias.com.mx\/wp-content\/uploads\/2026\/08\/PHOTO-2026-08-29-18-46-43.jpg","width":960,"height":724,"caption":"Lupita Rodriguez rindi\u00f3 cuentas e informo acerca de su 2do a\u00f1o como legisladora"},{"@type":"BreadcrumbList","@id":"https:\/\/arjenoticias.com.mx\/ciudad\/rinde-cuentas-diputada-lupita-de-labor-legislativa-y-gestion-social\/#breadcrumb","itemListElement":[{"@type":"ListItem","position":1,"name":"Portada","item":"https:\/\/arjenoticias.com.mx\/"},{"@type":"ListItem","position":2,"name":"Rinde cuentas Diputada Lupita de labor legislativa y gesti\u00f3n social"}]},{"@type":"WebSite","@id":"https:\/\/arjenoticias.com.mx\/#website","url":"https:\/\/arjenoticias.com.mx\/","name":"Arj\u00e9 M\u00e9xico","description":"","publisher":{"@id":"https:\/\/arjenoticias.com.mx\/#organization"},"potentialAction":[{"@type":"SearchAction","target":{"@type":"EntryPoint","urlTemplate":"https:\/\/arjenoticias.com.mx\/?s={search_term_string}"},"query-input":{"@type":"PropertyValueSpecification","valueRequired":true,"valueName":"search_term_string"}}],"inLanguage":"es"},{"@type":"Organization","@id":"https:\/\/arjenoticias.com.mx\/#organization","name":"Arj\u00e9 M\u00e9xico","url":"https:\/\/arjenoticias.com.mx\/","logo":{"@type":"ImageObject","inLanguage":"es","@id":"https:\/\/arjenoticias.com.mx\/#\/schema\/logo\/image\/","url":"https:\/\/arjenoticias.com\/wp-content\/uploads\/2026\/04\/cropped-cropped-logo-inverted-1-scaled-1.png","contentUrl":"https:\/\/arjenoticias.com\/wp-content\/uploads\/2026\/04\/cropped-cropped-logo-inverted-1-scaled-1.png","width":2556,"height":549,"caption":"Arj\u00e9 M\u00e9xico"},"image":{"@id":"https:\/\/arjenoticias.com.mx\/#\/schema\/logo\/image\/"},"sameAs":["https:\/\/www.facebook.com\/ArjeNoticiasMX","https:\/\/x.com\/ArjeNoticias"]},{"@type":"Person","@id":"https:\/\/arjenoticias.com.mx\/#\/schema\/person\/1f8657b2ea5d2a202124d43971a97b85","name":"Arj\u00e9 Noticias","image":{"@type":"ImageObject","inLanguage":"es","@id":"https:\/\/arjenoticias.com\/wp-content\/uploads\/2026\/04\/Arje-Noticias-96x96.png","url":"https:\/\/arjenoticias.com\/wp-content\/uploads\/2026\/04\/Arje-Noticias-96x96.png","contentUrl":"https:\/\/arjenoticias.com\/wp-content\/uploads\/2026\/04\/Arje-Noticias-96x96.png","caption":"Arj\u00e9 Noticias"},"sameAs":["https:\/\/arjenoticias.com"],"url":"https:\/\/arjenoticias.com.mx\/author\/admin\/"}]}},"featured_image_urls":{"full":["https:\/\/arjenoticias.com.mx\/wp-content\/uploads\/2026\/08\/PHOTO-2026-08-29-18-46-43.jpg",960,724,false],"thumbnail":["https:\/\/arjenoticias.com.mx\/wp-content\/uploads\/2026\/08\/PHOTO-2026-08-29-18-46-43-150x150.jpg",150,150,true],"medium":["https:\/\/arjenoticias.com.mx\/wp-content\/uploads\/2026\/08\/PHOTO-2026-08-29-18-46-43-300x226.jpg",300,226,true],"medium_large":["https:\/\/arjenoticias.com.mx\/wp-content\/uploads\/2026\/08\/PHOTO-2026-08-29-18-46-43-768x579.jpg",640,483,true],"large":["https:\/\/arjenoticias.com.mx\/wp-content\/uploads\/2026\/08\/PHOTO-2026-08-29-18-46-43.jpg",640,483,false],"1536x1536":["https:\/\/arjenoticias.com.mx\/wp-content\/uploads\/2026\/08\/PHOTO-2026-08-29-18-46-43.jpg",960,724,false],"2048x2048":["https:\/\/arjenoticias.com.mx\/wp-content\/uploads\/2026\/08\/PHOTO-2026-08-29-18-46-43.jpg",960,724,false],"covernews-featured":["https:\/\/arjenoticias.com.mx\/wp-content\/uploads\/2026\/08\/PHOTO-2026-08-29-18-46-43.jpg",960,724,false],"covernews-medium":["https:\/\/arjenoticias.com.mx\/wp-content\/uploads\/2026\/08\/PHOTO-2026-08-29-18-46-43-540x340.jpg",540,340,true]},"author_info":{"info":["Arj\u00e9 Noticias"]},"category_info":"<a href=\"https:\/\/arjenoticias.com.mx\/category\/ciudad\/\" rel=\"category tag\">Ciudad<\/a>","tag_info":"Ciudad","comment_count":"0","_links":{"self":[{"href":"https:\/\/arjenoticias.com.mx\/wp-json\/wp\/v2\/posts\/17654","targetHints":{"allow":["GET"]}}],"collection":[{"href":"https:\/\/arjenoticias.com.mx\/wp-json\/wp\/v2\/posts"}],"about":[{"href":"https:\/\/arjenoticias.com.mx\/wp-json\/wp\/v2\/types\/post"}],"author":[{"embeddable":true,"href":"https:\/\/arjenoticias.com.mx\/wp-json\/wp\/v2\/users\/1"}],"replies":[{"embeddable":true,"href":"https:\/\/arjenoticias.com.mx\/wp-json\/wp\/v2\/comments?post=17654"}],"version-history":[{"count":1,"href":"https:\/\/arjenoticias.com.mx\/wp-json\/wp\/v2\/posts\/17654\/revisions"}],"predecessor-version":[{"id":17656,"href":"https:\/\/arjenoticias.com.mx\/wp-json\/wp\/v2\/posts\/17654\/revisions\/17656"}],"wp:featuredmedia":[{"embeddable":true,"href":"https:\/\/arjenoticias.com.mx\/wp-json\/wp\/v2\/media\/17655"}],"wp:attachment":[{"href":"https:\/\/arjenoticias.com.mx\/wp-json\/wp\/v2\/media?parent=17654"}],"wp:term":[{"taxonomy":"category","embeddable":true,"href":"https:\/\/arjenoticias.com.mx\/wp-json\/wp\/v2\/categories?post=17654"},{"taxonomy":"post_tag","embeddable":true,"href":"https:\/\/arjenoticias.com.mx\/wp-json\/wp\/v2\/tags?post=17654"}],"curies":[{"name":"wp","href":"https:\/\/api.w.org\/{rel}","templated":true}]}}