{"id":17638,"date":"2026-08-29T11:37:57","date_gmt":"2026-08-29T17:37:57","guid":{"rendered":"https:\/\/arjenoticias.com\/?p=17638"},"modified":"2026-08-29T11:38:00","modified_gmt":"2026-08-29T17:38:00","slug":"rocha-embajador-de-morena-ante-el-narco","status":"publish","type":"post","link":"https:\/\/arjenoticias.com.mx\/lo-mas-relevante\/rocha-embajador-de-morena-ante-el-narco\/","title":{"rendered":"Rocha: embajador de Morena ante el narco"},"content":{"rendered":"\n<figure class=\"wp-block-embed is-type-video is-provider-youtube wp-block-embed-youtube wp-embed-aspect-4-3 wp-has-aspect-ratio\"><div class=\"wp-block-embed__wrapper\">\n<iframe title=\"Rocha: embajador de Morena ante el narco\" width=\"640\" height=\"480\" src=\"https:\/\/www.youtube.com\/embed\/p08U40QnYvc?feature=oembed\" frameborder=\"0\" allow=\"accelerometer; autoplay; clipboard-write; encrypted-media; gyroscope; picture-in-picture; web-share\" referrerpolicy=\"strict-origin-when-cross-origin\" allowfullscreen><\/iframe>\n<\/div><\/figure>\n\n\n\n<p class=\"wp-block-paragraph\">\u00bfPor qu\u00e9 tanto l\u00edo por un gobernador? Porque Rocha no solo era gobernador de Sinaloa sino la pieza clave que operaba la\u00a0<strong>estructura financiera entre el gobierno de L\u00f3pez Obrador, Morena y el C\u00e1rtel de Sinaloa.<\/strong><\/p>\n\n\n\n<p class=\"wp-block-paragraph\"><strong>Morena tiene dos due\u00f1os: AMLO y los chapitos.<\/strong>\u00a0El primero es el fundador, el cerebro pol\u00edtico y los segundo son los socios capitalistas mayoritarios que exigen todo tipo de privilegios, desde garant\u00edas para el trasiego de droga hasta posiciones pol\u00edticas que los favorezcan.<\/p>\n\n\n\n<p class=\"wp-block-paragraph\"><strong>Perder Sinaloa representar\u00eda<\/strong>\u00a0para el gobierno no solo una derrota pol\u00edtica, sino\u00a0<strong>la p\u00e9rdida del centro de poder pol\u00edtico y econ\u00f3mico del narco r\u00e9gimen.<\/strong><\/p>\n\n\n\n<p class=\"wp-block-paragraph\"><strong>El futuro de Rocha Moya depende de Estados Unidos. Si Washington quiere comenzar a desmembrar la organizaci\u00f3n criminal que hoy gobierna M\u00e9xico, tendr\u00e1 que exigir su extradici\u00f3n. Ser\u00eda el primer paso para comenzar a juzgar a un r\u00e9gimen criminal.<\/strong><br><br><\/p>\n","protected":false},"excerpt":{"rendered":"<p>\u00bfPor qu\u00e9 tanto l\u00edo por un gobernador? Porque Rocha no solo era gobernador de Sinaloa&#8230;<\/p>\n","protected":false},"author":76,"featured_media":17639,"comment_status":"open","ping_status":"open","sticky":false,"template":"","format":"standard","meta":{"footnotes":""},"categories":[605],"tags":[2844],"class_list":["post-17638","post","type-post","status-publish","format-standard","has-post-thumbnail","hentry","category-lo-mas-relevante","tag-rocha-moya-embajador-de-morena-en-el-narco"],"yoast_head":"<!-- This site is optimized with the Yoast SEO plugin v28.4 - https:\/\/yoast.com\/product\/yoast-seo-wordpress\/ -->\n<title>Rocha: embajador de Morena ante el narco -<\/title>\n<meta name=\"robots\" content=\"index, follow, max-snippet:-1, max-image-preview:large, max-video-preview:-1\" \/>\n<link rel=\"canonical\" href=\"https:\/\/arjenoticias.com.mx\/lo-mas-relevante\/rocha-embajador-de-morena-ante-el-narco\/\" \/>\n<meta property=\"og:locale\" content=\"es_ES\" \/>\n<meta property=\"og:type\" content=\"article\" \/>\n<meta property=\"og:title\" content=\"Rocha: embajador de Morena ante el narco -\" \/>\n<meta property=\"og:description\" content=\"\u00bfPor qu\u00e9 tanto l\u00edo por un gobernador? Porque Rocha no solo era gobernador de Sinaloa...\" \/>\n<meta property=\"og:url\" content=\"https:\/\/arjenoticias.com.mx\/lo-mas-relevante\/rocha-embajador-de-morena-ante-el-narco\/\" \/>\n<meta property=\"article:publisher\" content=\"https:\/\/www.facebook.com\/ArjeNoticiasMX\" \/>\n<meta property=\"article:published_time\" content=\"2026-08-29T17:37:57+00:00\" \/>\n<meta property=\"article:modified_time\" content=\"2026-08-29T17:38:00+00:00\" \/>\n<meta property=\"og:image\" content=\"https:\/\/arjenoticias.com.mx\/wp-content\/uploads\/2026\/08\/Beatriz-Pages-11.png\" \/>\n\t<meta property=\"og:image:width\" content=\"600\" \/>\n\t<meta property=\"og:image:height\" content=\"400\" \/>\n\t<meta property=\"og:image:type\" content=\"image\/png\" \/>\n<meta name=\"author\" content=\"Beatriz Pag\u00e9s Rebollar\" \/>\n<meta name=\"twitter:card\" content=\"summary_large_image\" \/>\n<meta name=\"twitter:creator\" content=\"@ArjeNoticias\" \/>\n<meta name=\"twitter:site\" content=\"@ArjeNoticias\" \/>\n<meta name=\"twitter:label1\" content=\"Escrito por\" \/>\n\t<meta name=\"twitter:data1\" content=\"Beatriz Pag\u00e9s Rebollar\" \/>\n\t<meta name=\"twitter:label2\" content=\"Tiempo de lectura\" \/>\n\t<meta name=\"twitter:data2\" content=\"1 minuto\" \/>\n<script type=\"application\/ld+json\" class=\"yoast-schema-graph\">{\"@context\":\"https:\\\/\\\/schema.org\",\"@graph\":[{\"@type\":\"Article\",\"@id\":\"https:\\\/\\\/arjenoticias.com.mx\\\/lo-mas-relevante\\\/rocha-embajador-de-morena-ante-el-narco\\\/#article\",\"isPartOf\":{\"@id\":\"https:\\\/\\\/arjenoticias.com.mx\\\/lo-mas-relevante\\\/rocha-embajador-de-morena-ante-el-narco\\\/\"},\"author\":{\"name\":\"Beatriz Pag\u00e9s Rebollar\",\"@id\":\"https:\\\/\\\/arjenoticias.com.mx\\\/#\\\/schema\\\/person\\\/38319780ac949268603646292f1f4bfa\"},\"headline\":\"Rocha: embajador de Morena ante el narco\",\"datePublished\":\"2026-08-29T17:37:57+00:00\",\"dateModified\":\"2026-08-29T17:38:00+00:00\",\"mainEntityOfPage\":{\"@id\":\"https:\\\/\\\/arjenoticias.com.mx\\\/lo-mas-relevante\\\/rocha-embajador-de-morena-ante-el-narco\\\/\"},\"wordCount\":173,\"commentCount\":0,\"publisher\":{\"@id\":\"https:\\\/\\\/arjenoticias.com.mx\\\/#organization\"},\"image\":{\"@id\":\"https:\\\/\\\/arjenoticias.com.mx\\\/lo-mas-relevante\\\/rocha-embajador-de-morena-ante-el-narco\\\/#primaryimage\"},\"thumbnailUrl\":\"https:\\\/\\\/arjenoticias.com.mx\\\/wp-content\\\/uploads\\\/2026\\\/08\\\/Beatriz-Pages-11.png\",\"keywords\":[\"Rocha Moya embajador de Morena en el narco\"],\"articleSection\":[\"Lo m\u00e1s relevante\"],\"inLanguage\":\"es\",\"potentialAction\":[{\"@type\":\"CommentAction\",\"name\":\"Comment\",\"target\":[\"https:\\\/\\\/arjenoticias.com.mx\\\/lo-mas-relevante\\\/rocha-embajador-de-morena-ante-el-narco\\\/#respond\"]}]},{\"@type\":\"WebPage\",\"@id\":\"https:\\\/\\\/arjenoticias.com.mx\\\/lo-mas-relevante\\\/rocha-embajador-de-morena-ante-el-narco\\\/\",\"url\":\"https:\\\/\\\/arjenoticias.com.mx\\\/lo-mas-relevante\\\/rocha-embajador-de-morena-ante-el-narco\\\/\",\"name\":\"Rocha: embajador de Morena ante el narco -\",\"isPartOf\":{\"@id\":\"https:\\\/\\\/arjenoticias.com.mx\\\/#website\"},\"primaryImageOfPage\":{\"@id\":\"https:\\\/\\\/arjenoticias.com.mx\\\/lo-mas-relevante\\\/rocha-embajador-de-morena-ante-el-narco\\\/#primaryimage\"},\"image\":{\"@id\":\"https:\\\/\\\/arjenoticias.com.mx\\\/lo-mas-relevante\\\/rocha-embajador-de-morena-ante-el-narco\\\/#primaryimage\"},\"thumbnailUrl\":\"https:\\\/\\\/arjenoticias.com.mx\\\/wp-content\\\/uploads\\\/2026\\\/08\\\/Beatriz-Pages-11.png\",\"datePublished\":\"2026-08-29T17:37:57+00:00\",\"dateModified\":\"2026-08-29T17:38:00+00:00\",\"breadcrumb\":{\"@id\":\"https:\\\/\\\/arjenoticias.com.mx\\\/lo-mas-relevante\\\/rocha-embajador-de-morena-ante-el-narco\\\/#breadcrumb\"},\"inLanguage\":\"es\",\"potentialAction\":[{\"@type\":\"ReadAction\",\"target\":[\"https:\\\/\\\/arjenoticias.com.mx\\\/lo-mas-relevante\\\/rocha-embajador-de-morena-ante-el-narco\\\/\"]}]},{\"@type\":\"ImageObject\",\"inLanguage\":\"es\",\"@id\":\"https:\\\/\\\/arjenoticias.com.mx\\\/lo-mas-relevante\\\/rocha-embajador-de-morena-ante-el-narco\\\/#primaryimage\",\"url\":\"https:\\\/\\\/arjenoticias.com.mx\\\/wp-content\\\/uploads\\\/2026\\\/08\\\/Beatriz-Pages-11.png\",\"contentUrl\":\"https:\\\/\\\/arjenoticias.com.mx\\\/wp-content\\\/uploads\\\/2026\\\/08\\\/Beatriz-Pages-11.png\",\"width\":600,\"height\":400,\"caption\":\"Rocha Moya es el complice de Morena con el crimen organizado\"},{\"@type\":\"BreadcrumbList\",\"@id\":\"https:\\\/\\\/arjenoticias.com.mx\\\/lo-mas-relevante\\\/rocha-embajador-de-morena-ante-el-narco\\\/#breadcrumb\",\"itemListElement\":[{\"@type\":\"ListItem\",\"position\":1,\"name\":\"Portada\",\"item\":\"https:\\\/\\\/arjenoticias.com.mx\\\/\"},{\"@type\":\"ListItem\",\"position\":2,\"name\":\"Rocha: embajador de Morena ante el narco\"}]},{\"@type\":\"WebSite\",\"@id\":\"https:\\\/\\\/arjenoticias.com.mx\\\/#website\",\"url\":\"https:\\\/\\\/arjenoticias.com.mx\\\/\",\"name\":\"Arj\u00e9 M\u00e9xico\",\"description\":\"\",\"publisher\":{\"@id\":\"https:\\\/\\\/arjenoticias.com.mx\\\/#organization\"},\"potentialAction\":[{\"@type\":\"SearchAction\",\"target\":{\"@type\":\"EntryPoint\",\"urlTemplate\":\"https:\\\/\\\/arjenoticias.com.mx\\\/?s={search_term_string}\"},\"query-input\":{\"@type\":\"PropertyValueSpecification\",\"valueRequired\":true,\"valueName\":\"search_term_string\"}}],\"inLanguage\":\"es\"},{\"@type\":\"Organization\",\"@id\":\"https:\\\/\\\/arjenoticias.com.mx\\\/#organization\",\"name\":\"Arj\u00e9 M\u00e9xico\",\"url\":\"https:\\\/\\\/arjenoticias.com.mx\\\/\",\"logo\":{\"@type\":\"ImageObject\",\"inLanguage\":\"es\",\"@id\":\"https:\\\/\\\/arjenoticias.com.mx\\\/#\\\/schema\\\/logo\\\/image\\\/\",\"url\":\"https:\\\/\\\/arjenoticias.com\\\/wp-content\\\/uploads\\\/2026\\\/04\\\/cropped-cropped-logo-inverted-1-scaled-1.png\",\"contentUrl\":\"https:\\\/\\\/arjenoticias.com\\\/wp-content\\\/uploads\\\/2026\\\/04\\\/cropped-cropped-logo-inverted-1-scaled-1.png\",\"width\":2556,\"height\":549,\"caption\":\"Arj\u00e9 M\u00e9xico\"},\"image\":{\"@id\":\"https:\\\/\\\/arjenoticias.com.mx\\\/#\\\/schema\\\/logo\\\/image\\\/\"},\"sameAs\":[\"https:\\\/\\\/www.facebook.com\\\/ArjeNoticiasMX\",\"https:\\\/\\\/x.com\\\/ArjeNoticias\"]},{\"@type\":\"Person\",\"@id\":\"https:\\\/\\\/arjenoticias.com.mx\\\/#\\\/schema\\\/person\\\/38319780ac949268603646292f1f4bfa\",\"name\":\"Beatriz Pag\u00e9s Rebollar\",\"image\":{\"@type\":\"ImageObject\",\"inLanguage\":\"es\",\"@id\":\"https:\\\/\\\/arjenoticias.com\\\/wp-content\\\/uploads\\\/2026\\\/07\\\/Beatriz-Pages-Rebollar1-96x96.png\",\"url\":\"https:\\\/\\\/arjenoticias.com\\\/wp-content\\\/uploads\\\/2026\\\/07\\\/Beatriz-Pages-Rebollar1-96x96.png\",\"contentUrl\":\"https:\\\/\\\/arjenoticias.com\\\/wp-content\\\/uploads\\\/2026\\\/07\\\/Beatriz-Pages-Rebollar1-96x96.png\",\"caption\":\"Beatriz Pag\u00e9s Rebollar\"},\"description\":\"Beatriz P\u00e1ges Rebollar es periodista y pol\u00edtica mexicana. Directora de la Revista Siempre.\",\"url\":\"https:\\\/\\\/arjenoticias.com.mx\\\/author\\\/beatriz\\\/\"}]}<\/script>\n<!-- \/ Yoast SEO plugin. -->","yoast_head_json":{"title":"Rocha: embajador de Morena ante el narco -","robots":{"index":"index","follow":"follow","max-snippet":"max-snippet:-1","max-image-preview":"max-image-preview:large","max-video-preview":"max-video-preview:-1"},"canonical":"https:\/\/arjenoticias.com.mx\/lo-mas-relevante\/rocha-embajador-de-morena-ante-el-narco\/","og_locale":"es_ES","og_type":"article","og_title":"Rocha: embajador de Morena ante el narco -","og_description":"\u00bfPor qu\u00e9 tanto l\u00edo por un gobernador? Porque Rocha no solo era gobernador de Sinaloa...","og_url":"https:\/\/arjenoticias.com.mx\/lo-mas-relevante\/rocha-embajador-de-morena-ante-el-narco\/","article_publisher":"https:\/\/www.facebook.com\/ArjeNoticiasMX","article_published_time":"2026-08-29T17:37:57+00:00","article_modified_time":"2026-08-29T17:38:00+00:00","og_image":[{"width":600,"height":400,"url":"https:\/\/arjenoticias.com.mx\/wp-content\/uploads\/2026\/08\/Beatriz-Pages-11.png","type":"image\/png"}],"author":"Beatriz Pag\u00e9s Rebollar","twitter_card":"summary_large_image","twitter_creator":"@ArjeNoticias","twitter_site":"@ArjeNoticias","twitter_misc":{"Escrito por":"Beatriz Pag\u00e9s Rebollar","Tiempo de lectura":"1 minuto"},"schema":{"@context":"https:\/\/schema.org","@graph":[{"@type":"Article","@id":"https:\/\/arjenoticias.com.mx\/lo-mas-relevante\/rocha-embajador-de-morena-ante-el-narco\/#article","isPartOf":{"@id":"https:\/\/arjenoticias.com.mx\/lo-mas-relevante\/rocha-embajador-de-morena-ante-el-narco\/"},"author":{"name":"Beatriz Pag\u00e9s Rebollar","@id":"https:\/\/arjenoticias.com.mx\/#\/schema\/person\/38319780ac949268603646292f1f4bfa"},"headline":"Rocha: embajador de Morena ante el narco","datePublished":"2026-08-29T17:37:57+00:00","dateModified":"2026-08-29T17:38:00+00:00","mainEntityOfPage":{"@id":"https:\/\/arjenoticias.com.mx\/lo-mas-relevante\/rocha-embajador-de-morena-ante-el-narco\/"},"wordCount":173,"commentCount":0,"publisher":{"@id":"https:\/\/arjenoticias.com.mx\/#organization"},"image":{"@id":"https:\/\/arjenoticias.com.mx\/lo-mas-relevante\/rocha-embajador-de-morena-ante-el-narco\/#primaryimage"},"thumbnailUrl":"https:\/\/arjenoticias.com.mx\/wp-content\/uploads\/2026\/08\/Beatriz-Pages-11.png","keywords":["Rocha Moya embajador de Morena en el narco"],"articleSection":["Lo m\u00e1s relevante"],"inLanguage":"es","potentialAction":[{"@type":"CommentAction","name":"Comment","target":["https:\/\/arjenoticias.com.mx\/lo-mas-relevante\/rocha-embajador-de-morena-ante-el-narco\/#respond"]}]},{"@type":"WebPage","@id":"https:\/\/arjenoticias.com.mx\/lo-mas-relevante\/rocha-embajador-de-morena-ante-el-narco\/","url":"https:\/\/arjenoticias.com.mx\/lo-mas-relevante\/rocha-embajador-de-morena-ante-el-narco\/","name":"Rocha: embajador de Morena ante el narco -","isPartOf":{"@id":"https:\/\/arjenoticias.com.mx\/#website"},"primaryImageOfPage":{"@id":"https:\/\/arjenoticias.com.mx\/lo-mas-relevante\/rocha-embajador-de-morena-ante-el-narco\/#primaryimage"},"image":{"@id":"https:\/\/arjenoticias.com.mx\/lo-mas-relevante\/rocha-embajador-de-morena-ante-el-narco\/#primaryimage"},"thumbnailUrl":"https:\/\/arjenoticias.com.mx\/wp-content\/uploads\/2026\/08\/Beatriz-Pages-11.png","datePublished":"2026-08-29T17:37:57+00:00","dateModified":"2026-08-29T17:38:00+00:00","breadcrumb":{"@id":"https:\/\/arjenoticias.com.mx\/lo-mas-relevante\/rocha-embajador-de-morena-ante-el-narco\/#breadcrumb"},"inLanguage":"es","potentialAction":[{"@type":"ReadAction","target":["https:\/\/arjenoticias.com.mx\/lo-mas-relevante\/rocha-embajador-de-morena-ante-el-narco\/"]}]},{"@type":"ImageObject","inLanguage":"es","@id":"https:\/\/arjenoticias.com.mx\/lo-mas-relevante\/rocha-embajador-de-morena-ante-el-narco\/#primaryimage","url":"https:\/\/arjenoticias.com.mx\/wp-content\/uploads\/2026\/08\/Beatriz-Pages-11.png","contentUrl":"https:\/\/arjenoticias.com.mx\/wp-content\/uploads\/2026\/08\/Beatriz-Pages-11.png","width":600,"height":400,"caption":"Rocha Moya es el complice de Morena con el crimen organizado"},{"@type":"BreadcrumbList","@id":"https:\/\/arjenoticias.com.mx\/lo-mas-relevante\/rocha-embajador-de-morena-ante-el-narco\/#breadcrumb","itemListElement":[{"@type":"ListItem","position":1,"name":"Portada","item":"https:\/\/arjenoticias.com.mx\/"},{"@type":"ListItem","position":2,"name":"Rocha: embajador de Morena ante el narco"}]},{"@type":"WebSite","@id":"https:\/\/arjenoticias.com.mx\/#website","url":"https:\/\/arjenoticias.com.mx\/","name":"Arj\u00e9 M\u00e9xico","description":"","publisher":{"@id":"https:\/\/arjenoticias.com.mx\/#organization"},"potentialAction":[{"@type":"SearchAction","target":{"@type":"EntryPoint","urlTemplate":"https:\/\/arjenoticias.com.mx\/?s={search_term_string}"},"query-input":{"@type":"PropertyValueSpecification","valueRequired":true,"valueName":"search_term_string"}}],"inLanguage":"es"},{"@type":"Organization","@id":"https:\/\/arjenoticias.com.mx\/#organization","name":"Arj\u00e9 M\u00e9xico","url":"https:\/\/arjenoticias.com.mx\/","logo":{"@type":"ImageObject","inLanguage":"es","@id":"https:\/\/arjenoticias.com.mx\/#\/schema\/logo\/image\/","url":"https:\/\/arjenoticias.com\/wp-content\/uploads\/2026\/04\/cropped-cropped-logo-inverted-1-scaled-1.png","contentUrl":"https:\/\/arjenoticias.com\/wp-content\/uploads\/2026\/04\/cropped-cropped-logo-inverted-1-scaled-1.png","width":2556,"height":549,"caption":"Arj\u00e9 M\u00e9xico"},"image":{"@id":"https:\/\/arjenoticias.com.mx\/#\/schema\/logo\/image\/"},"sameAs":["https:\/\/www.facebook.com\/ArjeNoticiasMX","https:\/\/x.com\/ArjeNoticias"]},{"@type":"Person","@id":"https:\/\/arjenoticias.com.mx\/#\/schema\/person\/38319780ac949268603646292f1f4bfa","name":"Beatriz Pag\u00e9s Rebollar","image":{"@type":"ImageObject","inLanguage":"es","@id":"https:\/\/arjenoticias.com\/wp-content\/uploads\/2026\/07\/Beatriz-Pages-Rebollar1-96x96.png","url":"https:\/\/arjenoticias.com\/wp-content\/uploads\/2026\/07\/Beatriz-Pages-Rebollar1-96x96.png","contentUrl":"https:\/\/arjenoticias.com\/wp-content\/uploads\/2026\/07\/Beatriz-Pages-Rebollar1-96x96.png","caption":"Beatriz Pag\u00e9s Rebollar"},"description":"Beatriz P\u00e1ges Rebollar es periodista y pol\u00edtica mexicana. Directora de la Revista Siempre.","url":"https:\/\/arjenoticias.com.mx\/author\/beatriz\/"}]}},"featured_image_urls":{"full":["https:\/\/arjenoticias.com.mx\/wp-content\/uploads\/2026\/08\/Beatriz-Pages-11.png",600,400,false],"thumbnail":["https:\/\/arjenoticias.com.mx\/wp-content\/uploads\/2026\/08\/Beatriz-Pages-11-150x150.png",150,150,true],"medium":["https:\/\/arjenoticias.com.mx\/wp-content\/uploads\/2026\/08\/Beatriz-Pages-11-300x200.png",300,200,true],"medium_large":["https:\/\/arjenoticias.com.mx\/wp-content\/uploads\/2026\/08\/Beatriz-Pages-11.png",600,400,false],"large":["https:\/\/arjenoticias.com.mx\/wp-content\/uploads\/2026\/08\/Beatriz-Pages-11.png",600,400,false],"1536x1536":["https:\/\/arjenoticias.com.mx\/wp-content\/uploads\/2026\/08\/Beatriz-Pages-11.png",600,400,false],"2048x2048":["https:\/\/arjenoticias.com.mx\/wp-content\/uploads\/2026\/08\/Beatriz-Pages-11.png",600,400,false],"covernews-featured":["https:\/\/arjenoticias.com.mx\/wp-content\/uploads\/2026\/08\/Beatriz-Pages-11.png",600,400,false],"covernews-medium":["https:\/\/arjenoticias.com.mx\/wp-content\/uploads\/2026\/08\/Beatriz-Pages-11-540x340.png",540,340,true]},"author_info":{"info":["Beatriz Pag\u00e9s Rebollar"]},"category_info":"<a href=\"https:\/\/arjenoticias.com.mx\/category\/lo-mas-relevante\/\" rel=\"category tag\">Lo m\u00e1s relevante<\/a>","tag_info":"Lo m\u00e1s relevante","comment_count":"0","_links":{"self":[{"href":"https:\/\/arjenoticias.com.mx\/wp-json\/wp\/v2\/posts\/17638","targetHints":{"allow":["GET"]}}],"collection":[{"href":"https:\/\/arjenoticias.com.mx\/wp-json\/wp\/v2\/posts"}],"about":[{"href":"https:\/\/arjenoticias.com.mx\/wp-json\/wp\/v2\/types\/post"}],"author":[{"embeddable":true,"href":"https:\/\/arjenoticias.com.mx\/wp-json\/wp\/v2\/users\/76"}],"replies":[{"embeddable":true,"href":"https:\/\/arjenoticias.com.mx\/wp-json\/wp\/v2\/comments?post=17638"}],"version-history":[{"count":1,"href":"https:\/\/arjenoticias.com.mx\/wp-json\/wp\/v2\/posts\/17638\/revisions"}],"predecessor-version":[{"id":17640,"href":"https:\/\/arjenoticias.com.mx\/wp-json\/wp\/v2\/posts\/17638\/revisions\/17640"}],"wp:featuredmedia":[{"embeddable":true,"href":"https:\/\/arjenoticias.com.mx\/wp-json\/wp\/v2\/media\/17639"}],"wp:attachment":[{"href":"https:\/\/arjenoticias.com.mx\/wp-json\/wp\/v2\/media?parent=17638"}],"wp:term":[{"taxonomy":"category","embeddable":true,"href":"https:\/\/arjenoticias.com.mx\/wp-json\/wp\/v2\/categories?post=17638"},{"taxonomy":"post_tag","embeddable":true,"href":"https:\/\/arjenoticias.com.mx\/wp-json\/wp\/v2\/tags?post=17638"}],"curies":[{"name":"wp","href":"https:\/\/api.w.org\/{rel}","templated":true}]}}