{"id":17564,"date":"2026-08-27T13:38:30","date_gmt":"2026-08-27T19:38:30","guid":{"rendered":"https:\/\/arjenoticias.com\/?p=17564"},"modified":"2026-08-27T13:38:33","modified_gmt":"2026-08-27T19:38:33","slug":"rememorando-una-guerra-santa-la-cristiada","status":"publish","type":"post","link":"https:\/\/arjenoticias.com.mx\/opinion\/rememorando-una-guerra-santa-la-cristiada\/","title":{"rendered":"Rememorando una guerra santa: la cristiada"},"content":{"rendered":"\n<p class=\"wp-block-paragraph\">Tras la revoluci\u00f3n mexicana surgi\u00f3, de esta misma serie de revueltas y caudillismos, una abierta persecuci\u00f3n a todo lo cristiano y la iglesia, que con el gobierno del general Plutarco El\u00edas Calles se volvi\u00f3 no solamente terrible sino, adem\u00e1s, con torcidas bases legales, el lo que se conoci\u00f3 como \u201cley Calles\u201d, que buscaba controlar, limitar toda actividad religiosa cat\u00f3lica en M\u00e9xico.<\/p>\n\n\n\n<p class=\"wp-block-paragraph\">Una gran persecuci\u00f3n, que no solamente impidi\u00f3 muchas actividades cat\u00f3licas, de la jerarqu\u00eda eclesi\u00e1stica, de sacerdotes y en particular de los seglares y sus organizaciones. Y no s\u00f3lo dificult\u00f3 a tal grado la vida religiosa, que ni siquiera las misas se pudieran celebrar regularmente, solo en la clandestinidad, sino que la persecuci\u00f3n gubernamental lleg\u00f3 al grado de encarcelar, torturar y asesinar a muchos cat\u00f3licos, convertidos en m\u00e1rtires.<\/p>\n\n\n\n<p class=\"wp-block-paragraph\">Los m\u00e1rtires del tiempo de la gran persecuci\u00f3n llevaron a la canonizaci\u00f3n de muchos de ellos, de hecho, la mayor\u00eda de los santos mexicanos son esos m\u00e1rtires, incluyendo sacerdotes y laicos, hasta en extremo de un ni\u00f1o llamado Jos\u00e9 S\u00e1nchez Del R\u00edo, torturado y asesinado por negarse a renegar de Dios y que alabara al gobierno callista. Jos\u00e9 muri\u00f3 gritando \u00a1viva Cristo Rey! En vez de lo que se le exig\u00eda de viva el supremo gobierno.<\/p>\n\n\n\n<p class=\"wp-block-paragraph\">Los laicos mexicanos buscaron resistir a la persecuci\u00f3n por medio de los que se llam\u00f3 la Liga Defensora de la Libertad Religiosa, encabezada por uno de los grandes l\u00edderes cat\u00f3licos de la \u00e9poca, apodado \u201cEl Maestro\u201d, Anacleto Gonz\u00e1lez Flores.<\/p>\n\n\n\n<p class=\"wp-block-paragraph\">Pero los cat\u00f3licos. fieramente perseguidos por el gobierno de Calles en sus defensas legales y de manifestaciones populares fueron ampliamente rebasados por la persecuci\u00f3n religiosa, que se recrudeci\u00f3 en 1924. Ante estos hechos, en 1926, muchos cat\u00f3licos encabezados por diversos l\u00edderes, seglares y hasta sacerdotales, decidieron que la defensa armada era la \u00fanica soluci\u00f3n a lo que se llamaba \u201cel conflicto religioso\u201d.<\/p>\n\n\n\n<p class=\"wp-block-paragraph\">De esta manera, sobre todo en el occidente y algunos estados del centro del pa\u00eds muchos cat\u00f3licos se levantaron en armas con el universalmente reconocido derecho a la leg\u00edtima defensa de sus derechos y libertades. Levantamientos que no fueron resultado de acciones o mandatos de la alta jerarqu\u00eda cat\u00f3lica (con muchos obispos expulsados del pa\u00eds). Fueron la acci\u00f3n de muchos varones cat\u00f3licos que tomaron las armas, apoyados por sus mujeres y familias.<\/p>\n\n\n\n<p class=\"wp-block-paragraph\">A ese levantamiento popular se le conoce como \u201cla cristiada\u201d, por su grito de combate y defensa de \u00a1Viva Cristo Rey! Pero durante muchas d\u00e9cadas ese gran conflicto armado fue silenciado en el recuento de la historia mexicana del siglo XX. La actitud oficial, con gran \u00e9xito y vanaglori\u00e1ndose de la Revoluci\u00f3n Mexicana, adopt\u00f3 la actitud de \u201caqu\u00ed ya no pas\u00f3 nada\u201d.<\/p>\n\n\n\n<p class=\"wp-block-paragraph\">As\u00ed, durante muchos a\u00f1os, y a\u00fan en los presentes, muchas personas no se enteraron de esa epopeya hist\u00f3rica de la guerra cristera en defensa de la libertad religiosa. Hace unos a\u00f1os se present\u00f3 una importante pel\u00edcula llamada precisamente \u201cLa Cristiada\u201d, y en su versi\u00f3n original en ingl\u00e9s \u201cFor greater glory\u201d. Su exhibici\u00f3n logr\u00f3 evidenciar ante el a\u00fan subsistente silencio hist\u00f3rico oficial, la existencia de esa guerra cristera, la del \u00a1viva Cristo Rey!<\/p>\n\n\n\n<p class=\"wp-block-paragraph\">A\u00fan en la historia general del mundo, no s\u00f3lo en M\u00e9xico o Am\u00e9rica Latina, la guerra cristera fue una de las mayores epopeyas de la leg\u00edtima defensa armada de la libertad religiosa. Aunque la persecuci\u00f3n callista y la de sus sucesores disminuy\u00f3 sensiblemente tras lo que en 1929 se llam\u00f3 \u201clos arreglos\u201d entre dos obispos mexicanos y el presidente Portes Gil, sin esos grandes sacrificios de vida de los cristeros, esos mismos \u201carreglos\u201d no hubieran podido siquiera llevarse a cabo.<\/p>\n","protected":false},"excerpt":{"rendered":"<p>Tras la revoluci\u00f3n mexicana surgi\u00f3, de esta misma serie de revueltas y caudillismos, una abierta&#8230;<\/p>\n","protected":false},"author":2,"featured_media":17565,"comment_status":"open","ping_status":"open","sticky":false,"template":"","format":"standard","meta":{"footnotes":""},"categories":[59],"tags":[2406],"class_list":["post-17564","post","type-post","status-publish","format-standard","has-post-thumbnail","hentry","category-opinion","tag-la-cristada"],"yoast_head":"<!-- This site is optimized with the Yoast SEO plugin v28.4 - https:\/\/yoast.com\/product\/yoast-seo-wordpress\/ -->\n<title>Rememorando una guerra santa: la cristiada -<\/title>\n<meta name=\"description\" content=\"A ese levantamiento popular se le conoce como \u201cla cristiada\u201d, por su grito de combate y defensa de \u00a1Viva Cristo Rey!\" \/>\n<meta name=\"robots\" content=\"index, follow, max-snippet:-1, max-image-preview:large, max-video-preview:-1\" \/>\n<link rel=\"canonical\" href=\"https:\/\/arjenoticias.com.mx\/opinion\/rememorando-una-guerra-santa-la-cristiada\/\" \/>\n<meta property=\"og:locale\" content=\"es_ES\" \/>\n<meta property=\"og:type\" content=\"article\" \/>\n<meta property=\"og:title\" content=\"Rememorando una guerra santa: la cristiada -\" \/>\n<meta property=\"og:description\" content=\"A ese levantamiento popular se le conoce como \u201cla cristiada\u201d, por su grito de combate y defensa de \u00a1Viva Cristo Rey!\" \/>\n<meta property=\"og:url\" content=\"https:\/\/arjenoticias.com.mx\/opinion\/rememorando-una-guerra-santa-la-cristiada\/\" \/>\n<meta property=\"article:publisher\" content=\"https:\/\/www.facebook.com\/ArjeNoticiasMX\" \/>\n<meta property=\"article:published_time\" content=\"2026-08-27T19:38:30+00:00\" \/>\n<meta property=\"article:modified_time\" content=\"2026-08-27T19:38:33+00:00\" \/>\n<meta property=\"og:image\" content=\"https:\/\/arjenoticias.com.mx\/wp-content\/uploads\/2026\/08\/Salvador-Reding-9.png\" \/>\n\t<meta property=\"og:image:width\" content=\"320\" \/>\n\t<meta property=\"og:image:height\" content=\"320\" \/>\n\t<meta property=\"og:image:type\" content=\"image\/png\" \/>\n<meta name=\"author\" content=\"Salvador I. Reding Vida\u00f1a\" \/>\n<meta name=\"twitter:card\" content=\"summary_large_image\" \/>\n<meta name=\"twitter:creator\" content=\"@ArjeNoticias\" \/>\n<meta name=\"twitter:site\" content=\"@ArjeNoticias\" \/>\n<meta name=\"twitter:label1\" content=\"Escrito por\" \/>\n\t<meta name=\"twitter:data1\" content=\"Salvador I. Reding Vida\u00f1a\" \/>\n\t<meta name=\"twitter:label2\" content=\"Tiempo de lectura\" \/>\n\t<meta name=\"twitter:data2\" content=\"3 minutos\" \/>\n<script type=\"application\/ld+json\" class=\"yoast-schema-graph\">{\"@context\":\"https:\\\/\\\/schema.org\",\"@graph\":[{\"@type\":\"Article\",\"@id\":\"https:\\\/\\\/arjenoticias.com.mx\\\/opinion\\\/rememorando-una-guerra-santa-la-cristiada\\\/#article\",\"isPartOf\":{\"@id\":\"https:\\\/\\\/arjenoticias.com.mx\\\/opinion\\\/rememorando-una-guerra-santa-la-cristiada\\\/\"},\"author\":{\"name\":\"Salvador I. Reding Vida\u00f1a\",\"@id\":\"https:\\\/\\\/arjenoticias.com.mx\\\/#\\\/schema\\\/person\\\/1d69db6d2ea69ca50a1257f712c9fe3c\"},\"headline\":\"Rememorando una guerra santa: la cristiada\",\"datePublished\":\"2026-08-27T19:38:30+00:00\",\"dateModified\":\"2026-08-27T19:38:33+00:00\",\"mainEntityOfPage\":{\"@id\":\"https:\\\/\\\/arjenoticias.com.mx\\\/opinion\\\/rememorando-una-guerra-santa-la-cristiada\\\/\"},\"wordCount\":653,\"commentCount\":0,\"publisher\":{\"@id\":\"https:\\\/\\\/arjenoticias.com.mx\\\/#organization\"},\"image\":{\"@id\":\"https:\\\/\\\/arjenoticias.com.mx\\\/opinion\\\/rememorando-una-guerra-santa-la-cristiada\\\/#primaryimage\"},\"thumbnailUrl\":\"https:\\\/\\\/arjenoticias.com.mx\\\/wp-content\\\/uploads\\\/2026\\\/08\\\/Salvador-Reding-9.png\",\"keywords\":[\"La Cristada\"],\"articleSection\":[\"Opini\u00f3n\"],\"inLanguage\":\"es\",\"potentialAction\":[{\"@type\":\"CommentAction\",\"name\":\"Comment\",\"target\":[\"https:\\\/\\\/arjenoticias.com.mx\\\/opinion\\\/rememorando-una-guerra-santa-la-cristiada\\\/#respond\"]}]},{\"@type\":\"WebPage\",\"@id\":\"https:\\\/\\\/arjenoticias.com.mx\\\/opinion\\\/rememorando-una-guerra-santa-la-cristiada\\\/\",\"url\":\"https:\\\/\\\/arjenoticias.com.mx\\\/opinion\\\/rememorando-una-guerra-santa-la-cristiada\\\/\",\"name\":\"Rememorando una guerra santa: la cristiada -\",\"isPartOf\":{\"@id\":\"https:\\\/\\\/arjenoticias.com.mx\\\/#website\"},\"primaryImageOfPage\":{\"@id\":\"https:\\\/\\\/arjenoticias.com.mx\\\/opinion\\\/rememorando-una-guerra-santa-la-cristiada\\\/#primaryimage\"},\"image\":{\"@id\":\"https:\\\/\\\/arjenoticias.com.mx\\\/opinion\\\/rememorando-una-guerra-santa-la-cristiada\\\/#primaryimage\"},\"thumbnailUrl\":\"https:\\\/\\\/arjenoticias.com.mx\\\/wp-content\\\/uploads\\\/2026\\\/08\\\/Salvador-Reding-9.png\",\"datePublished\":\"2026-08-27T19:38:30+00:00\",\"dateModified\":\"2026-08-27T19:38:33+00:00\",\"description\":\"A ese levantamiento popular se le conoce como \u201cla cristiada\u201d, por su grito de combate y defensa de \u00a1Viva Cristo Rey!\",\"breadcrumb\":{\"@id\":\"https:\\\/\\\/arjenoticias.com.mx\\\/opinion\\\/rememorando-una-guerra-santa-la-cristiada\\\/#breadcrumb\"},\"inLanguage\":\"es\",\"potentialAction\":[{\"@type\":\"ReadAction\",\"target\":[\"https:\\\/\\\/arjenoticias.com.mx\\\/opinion\\\/rememorando-una-guerra-santa-la-cristiada\\\/\"]}]},{\"@type\":\"ImageObject\",\"inLanguage\":\"es\",\"@id\":\"https:\\\/\\\/arjenoticias.com.mx\\\/opinion\\\/rememorando-una-guerra-santa-la-cristiada\\\/#primaryimage\",\"url\":\"https:\\\/\\\/arjenoticias.com.mx\\\/wp-content\\\/uploads\\\/2026\\\/08\\\/Salvador-Reding-9.png\",\"contentUrl\":\"https:\\\/\\\/arjenoticias.com.mx\\\/wp-content\\\/uploads\\\/2026\\\/08\\\/Salvador-Reding-9.png\",\"width\":320,\"height\":320,\"caption\":\"La Cristiada fue hecha por laicos\"},{\"@type\":\"BreadcrumbList\",\"@id\":\"https:\\\/\\\/arjenoticias.com.mx\\\/opinion\\\/rememorando-una-guerra-santa-la-cristiada\\\/#breadcrumb\",\"itemListElement\":[{\"@type\":\"ListItem\",\"position\":1,\"name\":\"Portada\",\"item\":\"https:\\\/\\\/arjenoticias.com.mx\\\/\"},{\"@type\":\"ListItem\",\"position\":2,\"name\":\"Rememorando una guerra santa: la cristiada\"}]},{\"@type\":\"WebSite\",\"@id\":\"https:\\\/\\\/arjenoticias.com.mx\\\/#website\",\"url\":\"https:\\\/\\\/arjenoticias.com.mx\\\/\",\"name\":\"Arj\u00e9 M\u00e9xico\",\"description\":\"\",\"publisher\":{\"@id\":\"https:\\\/\\\/arjenoticias.com.mx\\\/#organization\"},\"potentialAction\":[{\"@type\":\"SearchAction\",\"target\":{\"@type\":\"EntryPoint\",\"urlTemplate\":\"https:\\\/\\\/arjenoticias.com.mx\\\/?s={search_term_string}\"},\"query-input\":{\"@type\":\"PropertyValueSpecification\",\"valueRequired\":true,\"valueName\":\"search_term_string\"}}],\"inLanguage\":\"es\"},{\"@type\":\"Organization\",\"@id\":\"https:\\\/\\\/arjenoticias.com.mx\\\/#organization\",\"name\":\"Arj\u00e9 M\u00e9xico\",\"url\":\"https:\\\/\\\/arjenoticias.com.mx\\\/\",\"logo\":{\"@type\":\"ImageObject\",\"inLanguage\":\"es\",\"@id\":\"https:\\\/\\\/arjenoticias.com.mx\\\/#\\\/schema\\\/logo\\\/image\\\/\",\"url\":\"https:\\\/\\\/arjenoticias.com\\\/wp-content\\\/uploads\\\/2026\\\/04\\\/cropped-cropped-logo-inverted-1-scaled-1.png\",\"contentUrl\":\"https:\\\/\\\/arjenoticias.com\\\/wp-content\\\/uploads\\\/2026\\\/04\\\/cropped-cropped-logo-inverted-1-scaled-1.png\",\"width\":2556,\"height\":549,\"caption\":\"Arj\u00e9 M\u00e9xico\"},\"image\":{\"@id\":\"https:\\\/\\\/arjenoticias.com.mx\\\/#\\\/schema\\\/logo\\\/image\\\/\"},\"sameAs\":[\"https:\\\/\\\/www.facebook.com\\\/ArjeNoticiasMX\",\"https:\\\/\\\/x.com\\\/ArjeNoticias\"]},{\"@type\":\"Person\",\"@id\":\"https:\\\/\\\/arjenoticias.com.mx\\\/#\\\/schema\\\/person\\\/1d69db6d2ea69ca50a1257f712c9fe3c\",\"name\":\"Salvador I. Reding Vida\u00f1a\",\"image\":{\"@type\":\"ImageObject\",\"inLanguage\":\"es\",\"@id\":\"https:\\\/\\\/arjenoticias.com\\\/wp-content\\\/uploads\\\/2026\\\/04\\\/SALVADOR-REDING--96x96.png\",\"url\":\"https:\\\/\\\/arjenoticias.com\\\/wp-content\\\/uploads\\\/2026\\\/04\\\/SALVADOR-REDING--96x96.png\",\"contentUrl\":\"https:\\\/\\\/arjenoticias.com\\\/wp-content\\\/uploads\\\/2026\\\/04\\\/SALVADOR-REDING--96x96.png\",\"caption\":\"Salvador I. Reding Vida\u00f1a\"},\"description\":\"Doctor en Econom\u00eda, editorialista regiomontano y militante activo del PAN.\",\"url\":\"https:\\\/\\\/arjenoticias.com.mx\\\/author\\\/salvador-i-reding-vidana\\\/\"}]}<\/script>\n<!-- \/ Yoast SEO plugin. -->","yoast_head_json":{"title":"Rememorando una guerra santa: la cristiada -","description":"A ese levantamiento popular se le conoce como \u201cla cristiada\u201d, por su grito de combate y defensa de \u00a1Viva Cristo Rey!","robots":{"index":"index","follow":"follow","max-snippet":"max-snippet:-1","max-image-preview":"max-image-preview:large","max-video-preview":"max-video-preview:-1"},"canonical":"https:\/\/arjenoticias.com.mx\/opinion\/rememorando-una-guerra-santa-la-cristiada\/","og_locale":"es_ES","og_type":"article","og_title":"Rememorando una guerra santa: la cristiada -","og_description":"A ese levantamiento popular se le conoce como \u201cla cristiada\u201d, por su grito de combate y defensa de \u00a1Viva Cristo Rey!","og_url":"https:\/\/arjenoticias.com.mx\/opinion\/rememorando-una-guerra-santa-la-cristiada\/","article_publisher":"https:\/\/www.facebook.com\/ArjeNoticiasMX","article_published_time":"2026-08-27T19:38:30+00:00","article_modified_time":"2026-08-27T19:38:33+00:00","og_image":[{"width":320,"height":320,"url":"https:\/\/arjenoticias.com.mx\/wp-content\/uploads\/2026\/08\/Salvador-Reding-9.png","type":"image\/png"}],"author":"Salvador I. Reding Vida\u00f1a","twitter_card":"summary_large_image","twitter_creator":"@ArjeNoticias","twitter_site":"@ArjeNoticias","twitter_misc":{"Escrito por":"Salvador I. Reding Vida\u00f1a","Tiempo de lectura":"3 minutos"},"schema":{"@context":"https:\/\/schema.org","@graph":[{"@type":"Article","@id":"https:\/\/arjenoticias.com.mx\/opinion\/rememorando-una-guerra-santa-la-cristiada\/#article","isPartOf":{"@id":"https:\/\/arjenoticias.com.mx\/opinion\/rememorando-una-guerra-santa-la-cristiada\/"},"author":{"name":"Salvador I. Reding Vida\u00f1a","@id":"https:\/\/arjenoticias.com.mx\/#\/schema\/person\/1d69db6d2ea69ca50a1257f712c9fe3c"},"headline":"Rememorando una guerra santa: la cristiada","datePublished":"2026-08-27T19:38:30+00:00","dateModified":"2026-08-27T19:38:33+00:00","mainEntityOfPage":{"@id":"https:\/\/arjenoticias.com.mx\/opinion\/rememorando-una-guerra-santa-la-cristiada\/"},"wordCount":653,"commentCount":0,"publisher":{"@id":"https:\/\/arjenoticias.com.mx\/#organization"},"image":{"@id":"https:\/\/arjenoticias.com.mx\/opinion\/rememorando-una-guerra-santa-la-cristiada\/#primaryimage"},"thumbnailUrl":"https:\/\/arjenoticias.com.mx\/wp-content\/uploads\/2026\/08\/Salvador-Reding-9.png","keywords":["La Cristada"],"articleSection":["Opini\u00f3n"],"inLanguage":"es","potentialAction":[{"@type":"CommentAction","name":"Comment","target":["https:\/\/arjenoticias.com.mx\/opinion\/rememorando-una-guerra-santa-la-cristiada\/#respond"]}]},{"@type":"WebPage","@id":"https:\/\/arjenoticias.com.mx\/opinion\/rememorando-una-guerra-santa-la-cristiada\/","url":"https:\/\/arjenoticias.com.mx\/opinion\/rememorando-una-guerra-santa-la-cristiada\/","name":"Rememorando una guerra santa: la cristiada -","isPartOf":{"@id":"https:\/\/arjenoticias.com.mx\/#website"},"primaryImageOfPage":{"@id":"https:\/\/arjenoticias.com.mx\/opinion\/rememorando-una-guerra-santa-la-cristiada\/#primaryimage"},"image":{"@id":"https:\/\/arjenoticias.com.mx\/opinion\/rememorando-una-guerra-santa-la-cristiada\/#primaryimage"},"thumbnailUrl":"https:\/\/arjenoticias.com.mx\/wp-content\/uploads\/2026\/08\/Salvador-Reding-9.png","datePublished":"2026-08-27T19:38:30+00:00","dateModified":"2026-08-27T19:38:33+00:00","description":"A ese levantamiento popular se le conoce como \u201cla cristiada\u201d, por su grito de combate y defensa de \u00a1Viva Cristo Rey!","breadcrumb":{"@id":"https:\/\/arjenoticias.com.mx\/opinion\/rememorando-una-guerra-santa-la-cristiada\/#breadcrumb"},"inLanguage":"es","potentialAction":[{"@type":"ReadAction","target":["https:\/\/arjenoticias.com.mx\/opinion\/rememorando-una-guerra-santa-la-cristiada\/"]}]},{"@type":"ImageObject","inLanguage":"es","@id":"https:\/\/arjenoticias.com.mx\/opinion\/rememorando-una-guerra-santa-la-cristiada\/#primaryimage","url":"https:\/\/arjenoticias.com.mx\/wp-content\/uploads\/2026\/08\/Salvador-Reding-9.png","contentUrl":"https:\/\/arjenoticias.com.mx\/wp-content\/uploads\/2026\/08\/Salvador-Reding-9.png","width":320,"height":320,"caption":"La Cristiada fue hecha por laicos"},{"@type":"BreadcrumbList","@id":"https:\/\/arjenoticias.com.mx\/opinion\/rememorando-una-guerra-santa-la-cristiada\/#breadcrumb","itemListElement":[{"@type":"ListItem","position":1,"name":"Portada","item":"https:\/\/arjenoticias.com.mx\/"},{"@type":"ListItem","position":2,"name":"Rememorando una guerra santa: la cristiada"}]},{"@type":"WebSite","@id":"https:\/\/arjenoticias.com.mx\/#website","url":"https:\/\/arjenoticias.com.mx\/","name":"Arj\u00e9 M\u00e9xico","description":"","publisher":{"@id":"https:\/\/arjenoticias.com.mx\/#organization"},"potentialAction":[{"@type":"SearchAction","target":{"@type":"EntryPoint","urlTemplate":"https:\/\/arjenoticias.com.mx\/?s={search_term_string}"},"query-input":{"@type":"PropertyValueSpecification","valueRequired":true,"valueName":"search_term_string"}}],"inLanguage":"es"},{"@type":"Organization","@id":"https:\/\/arjenoticias.com.mx\/#organization","name":"Arj\u00e9 M\u00e9xico","url":"https:\/\/arjenoticias.com.mx\/","logo":{"@type":"ImageObject","inLanguage":"es","@id":"https:\/\/arjenoticias.com.mx\/#\/schema\/logo\/image\/","url":"https:\/\/arjenoticias.com\/wp-content\/uploads\/2026\/04\/cropped-cropped-logo-inverted-1-scaled-1.png","contentUrl":"https:\/\/arjenoticias.com\/wp-content\/uploads\/2026\/04\/cropped-cropped-logo-inverted-1-scaled-1.png","width":2556,"height":549,"caption":"Arj\u00e9 M\u00e9xico"},"image":{"@id":"https:\/\/arjenoticias.com.mx\/#\/schema\/logo\/image\/"},"sameAs":["https:\/\/www.facebook.com\/ArjeNoticiasMX","https:\/\/x.com\/ArjeNoticias"]},{"@type":"Person","@id":"https:\/\/arjenoticias.com.mx\/#\/schema\/person\/1d69db6d2ea69ca50a1257f712c9fe3c","name":"Salvador I. Reding Vida\u00f1a","image":{"@type":"ImageObject","inLanguage":"es","@id":"https:\/\/arjenoticias.com\/wp-content\/uploads\/2026\/04\/SALVADOR-REDING--96x96.png","url":"https:\/\/arjenoticias.com\/wp-content\/uploads\/2026\/04\/SALVADOR-REDING--96x96.png","contentUrl":"https:\/\/arjenoticias.com\/wp-content\/uploads\/2026\/04\/SALVADOR-REDING--96x96.png","caption":"Salvador I. Reding Vida\u00f1a"},"description":"Doctor en Econom\u00eda, editorialista regiomontano y militante activo del PAN.","url":"https:\/\/arjenoticias.com.mx\/author\/salvador-i-reding-vidana\/"}]}},"featured_image_urls":{"full":["https:\/\/arjenoticias.com.mx\/wp-content\/uploads\/2026\/08\/Salvador-Reding-9.png",320,320,false],"thumbnail":["https:\/\/arjenoticias.com.mx\/wp-content\/uploads\/2026\/08\/Salvador-Reding-9-150x150.png",150,150,true],"medium":["https:\/\/arjenoticias.com.mx\/wp-content\/uploads\/2026\/08\/Salvador-Reding-9-300x300.png",300,300,true],"medium_large":["https:\/\/arjenoticias.com.mx\/wp-content\/uploads\/2026\/08\/Salvador-Reding-9.png",320,320,false],"large":["https:\/\/arjenoticias.com.mx\/wp-content\/uploads\/2026\/08\/Salvador-Reding-9.png",320,320,false],"1536x1536":["https:\/\/arjenoticias.com.mx\/wp-content\/uploads\/2026\/08\/Salvador-Reding-9.png",320,320,false],"2048x2048":["https:\/\/arjenoticias.com.mx\/wp-content\/uploads\/2026\/08\/Salvador-Reding-9.png",320,320,false],"covernews-featured":["https:\/\/arjenoticias.com.mx\/wp-content\/uploads\/2026\/08\/Salvador-Reding-9.png",320,320,false],"covernews-medium":["https:\/\/arjenoticias.com.mx\/wp-content\/uploads\/2026\/08\/Salvador-Reding-9.png",320,320,false]},"author_info":{"info":["Salvador I. Reding Vida\u00f1a"]},"category_info":"<a href=\"https:\/\/arjenoticias.com.mx\/category\/opinion\/\" rel=\"category tag\">Opini\u00f3n<\/a>","tag_info":"Opini\u00f3n","comment_count":"0","_links":{"self":[{"href":"https:\/\/arjenoticias.com.mx\/wp-json\/wp\/v2\/posts\/17564","targetHints":{"allow":["GET"]}}],"collection":[{"href":"https:\/\/arjenoticias.com.mx\/wp-json\/wp\/v2\/posts"}],"about":[{"href":"https:\/\/arjenoticias.com.mx\/wp-json\/wp\/v2\/types\/post"}],"author":[{"embeddable":true,"href":"https:\/\/arjenoticias.com.mx\/wp-json\/wp\/v2\/users\/2"}],"replies":[{"embeddable":true,"href":"https:\/\/arjenoticias.com.mx\/wp-json\/wp\/v2\/comments?post=17564"}],"version-history":[{"count":1,"href":"https:\/\/arjenoticias.com.mx\/wp-json\/wp\/v2\/posts\/17564\/revisions"}],"predecessor-version":[{"id":17566,"href":"https:\/\/arjenoticias.com.mx\/wp-json\/wp\/v2\/posts\/17564\/revisions\/17566"}],"wp:featuredmedia":[{"embeddable":true,"href":"https:\/\/arjenoticias.com.mx\/wp-json\/wp\/v2\/media\/17565"}],"wp:attachment":[{"href":"https:\/\/arjenoticias.com.mx\/wp-json\/wp\/v2\/media?parent=17564"}],"wp:term":[{"taxonomy":"category","embeddable":true,"href":"https:\/\/arjenoticias.com.mx\/wp-json\/wp\/v2\/categories?post=17564"},{"taxonomy":"post_tag","embeddable":true,"href":"https:\/\/arjenoticias.com.mx\/wp-json\/wp\/v2\/tags?post=17564"}],"curies":[{"name":"wp","href":"https:\/\/api.w.org\/{rel}","templated":true}]}}