{"id":17464,"date":"2026-08-24T06:33:55","date_gmt":"2026-08-24T12:33:55","guid":{"rendered":"https:\/\/arjenoticias.com\/?p=17464"},"modified":"2026-08-24T06:33:55","modified_gmt":"2026-08-24T12:33:55","slug":"el-derrumbe-de-morena-y-la-reconstruccion-nacional","status":"publish","type":"post","link":"https:\/\/arjenoticias.com.mx\/?p=17464","title":{"rendered":"El derrumbe de MORENA y la reconstrucci\u00f3n nacional."},"content":{"rendered":"\n<p class=\"wp-block-paragraph\">MILENIO, 24 de agosto del 2026<\/p>\n\n\n\n<p class=\"wp-block-paragraph\">Va creciendo el fuerte reclamo social por la devastaci\u00f3n nacional, causada principalmente por acciones y omisiones de un gobierno desp\u00f3tico, inepto, escandalosamente corrupto y asociado gangsterilmente con los grupos m\u00e1s sanguinarios.<\/p>\n\n\n\n<p class=\"wp-block-paragraph\">De poco sirve a la presidenta (con A de Arp\u00eda) la propaganda de una supuesta gran popularidad, cuando reprueba su administraci\u00f3n en salud, educaci\u00f3n, combate eficaz a la pobreza, creaci\u00f3n de empleos, endeudamiento, crecimiento econ\u00f3mico, energ\u00eda el\u00e9ctrica suficiente, atenci\u00f3n al campo, obras de infraestructura, combate a la corrupci\u00f3n y la impunidad, pol\u00edtica internacional y en muchos \u00e1mbitos m\u00e1s. En todo la reprobaci\u00f3n es patente.<\/p>\n\n\n\n<p class=\"wp-block-paragraph\">Respecto del combate a (una parte de) la delincuencia, este gobierno abandon\u00f3 la traicionera pol\u00edtica de abrazos, no balazos impuesta en el siniestro sexenio del piojoso asesino llamado Tartufo.<\/p>\n\n\n\n<p class=\"wp-block-paragraph\">El n\u00famero de delincuentes llevados a los tribunales, las drogas incautadas y el desmantelamiento de laboratorios clandestinos demuestran la firme decisi\u00f3n de combatir ese flagelo.<\/p>\n\n\n\n<p class=\"wp-block-paragraph\">Ahora bien, sobre la reducci\u00f3n de homicidios dolosos y de algunos otros delitos, los datos oficiales son cuestionados por algunos expertos. Adem\u00e1s, el aumento a gran escala de las horribles desapariciones y los hallazgos de tantas fosas clandestinas delatan la comisi\u00f3n de muchos asesinatos no contabilizados. Adicionalmente, el incremento de extorsiones y asaltos es pavoroso e inocultable.<\/p>\n\n\n\n<p class=\"wp-block-paragraph\">Lo que esconde la mafia gobernante es que ese combate a la delincuencia tiene un tope: Los de casa no se tocan. El que no existen datos de prueba \u201ccon fuerza legal\u201d para siquiera iniciar carpetas de investigaci\u00f3n respecto de miembros de la familia imperial, sus amigos, socios y altos funcionarios cuatroteros, es s\u00f3lo el croar de una rana.El regreso de Rocha y su nueva licencia s\u00f3lo demuestran el cisma interno; pero el gobierno de EE.UU. ya le puso el cascabel al gato, dici\u00e9ndoles a los narcogobernantes que tampoco ellos se escapar\u00e1n de la justicia.<\/p>\n\n\n\n<p class=\"wp-block-paragraph\">Si la Cosa Nostra mexicana se ha dedicado a mentir, robar y traicionar, y ha sido incapaz de atender las demandas m\u00e1s apremiantes de la poblaci\u00f3n, su derrota moral es incuestionable y definitiva. Por eso se devoran entre ellos, y por eso son tantos los informantes desesperados y testigos colaboradores a merced del yanqui. Primero son sus pellejos que sus lealtades.<\/p>\n\n\n\n<p class=\"wp-block-paragraph\">Por lo antes expuesto, la pregunta obligada es: \u00bfqu\u00e9 debemos hacer?<\/p>\n\n\n\n<p class=\"wp-block-paragraph\">La respuesta es clara: Los partidos pol\u00edticos opositores y las organizaciones sociales conscientes deben unir sus esfuerzos para presentar a los electores candidatos limpios, nuevos y capaces, que conformen un verdadero Poder Legislativo que rescate al Poder Judicial y a los Organismos Aut\u00f3nomos, iniciando as\u00ed la reconstrucci\u00f3n nacional.<\/p>\n\n\n\n<p class=\"wp-block-paragraph\">Lo dem\u00e1s vendr\u00e1 por a\u00f1adidura.<\/p>\n","protected":false},"excerpt":{"rendered":"<p>MILENIO, 24 de agosto del 2026 Va creciendo el fuerte reclamo social por la devastaci\u00f3n&#8230;<\/p>\n","protected":false},"author":127,"featured_media":17465,"comment_status":"open","ping_status":"open","sticky":false,"template":"","format":"standard","meta":{"footnotes":""},"categories":[13],"tags":[1794],"class_list":["post-17464","post","type-post","status-publish","format-standard","has-post-thumbnail","hentry","category-politica","tag-morena-en-prueba-para-2027"],"yoast_head":"<!-- This site is optimized with the Yoast SEO plugin v28.4 - https:\/\/yoast.com\/product\/yoast-seo-wordpress\/ -->\n<title>El derrumbe de MORENA y la reconstrucci\u00f3n nacional. -<\/title>\n<meta name=\"description\" content=\"Va creciendo el reclamo social por la devastaci\u00f3n nacional, causada principalmente por un gobierno asociado con los grupos m\u00e1s sanguinarios.\" \/>\n<meta name=\"robots\" content=\"index, follow, max-snippet:-1, max-image-preview:large, max-video-preview:-1\" \/>\n<link rel=\"canonical\" href=\"https:\/\/arjenoticias.com.mx\/?p=17464\" \/>\n<meta property=\"og:locale\" content=\"es_MX\" \/>\n<meta property=\"og:type\" content=\"article\" \/>\n<meta property=\"og:title\" content=\"El derrumbe de MORENA y la reconstrucci\u00f3n nacional. -\" \/>\n<meta property=\"og:description\" content=\"Va creciendo el reclamo social por la devastaci\u00f3n nacional, causada principalmente por un gobierno asociado con los grupos m\u00e1s sanguinarios.\" \/>\n<meta property=\"og:url\" content=\"https:\/\/arjenoticias.com.mx\/?p=17464\" \/>\n<meta property=\"article:published_time\" content=\"2026-08-24T12:33:55+00:00\" \/>\n<meta name=\"author\" content=\"Diego Fern\u00e1ndez de Cevallos\" \/>\n<meta name=\"twitter:card\" content=\"summary_large_image\" \/>\n<meta name=\"twitter:label1\" content=\"Escrito por\" \/>\n\t<meta name=\"twitter:data1\" content=\"Diego Fern\u00e1ndez de Cevallos\" \/>\n\t<meta name=\"twitter:label2\" content=\"Tiempo de lectura\" \/>\n\t<meta name=\"twitter:data2\" content=\"3 minutos\" \/>\n<script type=\"application\/ld+json\" class=\"yoast-schema-graph\">{\"@context\":\"https:\\\/\\\/schema.org\",\"@graph\":[{\"@type\":\"Article\",\"@id\":\"https:\\\/\\\/arjenoticias.com.mx\\\/?p=17464#article\",\"isPartOf\":{\"@id\":\"https:\\\/\\\/arjenoticias.com.mx\\\/?p=17464\"},\"author\":{\"name\":\"Diego Fern\u00e1ndez de Cevallos\",\"@id\":\"https:\\\/\\\/arjenoticias.com.mx\\\/#\\\/schema\\\/person\\\/02b156b260b598e98bac3b9f81cae06a\"},\"headline\":\"El derrumbe de MORENA y la reconstrucci\u00f3n nacional.\",\"datePublished\":\"2026-08-24T12:33:55+00:00\",\"mainEntityOfPage\":{\"@id\":\"https:\\\/\\\/arjenoticias.com.mx\\\/?p=17464\"},\"wordCount\":474,\"commentCount\":0,\"publisher\":{\"@id\":\"https:\\\/\\\/arjenoticias.com.mx\\\/#organization\"},\"image\":{\"@id\":\"https:\\\/\\\/arjenoticias.com.mx\\\/?p=17464#primaryimage\"},\"thumbnailUrl\":\"\",\"keywords\":[\"Morena en prueba para 2027\"],\"articleSection\":[\"Pol\u00edtica\"],\"inLanguage\":\"es\",\"potentialAction\":[{\"@type\":\"CommentAction\",\"name\":\"Comment\",\"target\":[\"https:\\\/\\\/arjenoticias.com.mx\\\/?p=17464#respond\"]}]},{\"@type\":\"WebPage\",\"@id\":\"https:\\\/\\\/arjenoticias.com.mx\\\/?p=17464\",\"url\":\"https:\\\/\\\/arjenoticias.com.mx\\\/?p=17464\",\"name\":\"El derrumbe de MORENA y la reconstrucci\u00f3n nacional. -\",\"isPartOf\":{\"@id\":\"https:\\\/\\\/arjenoticias.com.mx\\\/#website\"},\"primaryImageOfPage\":{\"@id\":\"https:\\\/\\\/arjenoticias.com.mx\\\/?p=17464#primaryimage\"},\"image\":{\"@id\":\"https:\\\/\\\/arjenoticias.com.mx\\\/?p=17464#primaryimage\"},\"thumbnailUrl\":\"\",\"datePublished\":\"2026-08-24T12:33:55+00:00\",\"description\":\"Va creciendo el reclamo social por la devastaci\u00f3n nacional, causada principalmente por un gobierno asociado con los grupos m\u00e1s sanguinarios.\",\"breadcrumb\":{\"@id\":\"https:\\\/\\\/arjenoticias.com.mx\\\/?p=17464#breadcrumb\"},\"inLanguage\":\"es\",\"potentialAction\":[{\"@type\":\"ReadAction\",\"target\":[\"https:\\\/\\\/arjenoticias.com.mx\\\/?p=17464\"]}]},{\"@type\":\"ImageObject\",\"inLanguage\":\"es\",\"@id\":\"https:\\\/\\\/arjenoticias.com.mx\\\/?p=17464#primaryimage\",\"url\":\"\",\"contentUrl\":\"\"},{\"@type\":\"BreadcrumbList\",\"@id\":\"https:\\\/\\\/arjenoticias.com.mx\\\/?p=17464#breadcrumb\",\"itemListElement\":[{\"@type\":\"ListItem\",\"position\":1,\"name\":\"Inicio\",\"item\":\"https:\\\/\\\/arjenoticias.com.mx\\\/\"},{\"@type\":\"ListItem\",\"position\":2,\"name\":\"El derrumbe de MORENA y la reconstrucci\u00f3n nacional.\"}]},{\"@type\":\"WebSite\",\"@id\":\"https:\\\/\\\/arjenoticias.com.mx\\\/#website\",\"url\":\"https:\\\/\\\/arjenoticias.com.mx\\\/\",\"name\":\"arjenoticias.com.mx\",\"description\":\"\",\"publisher\":{\"@id\":\"https:\\\/\\\/arjenoticias.com.mx\\\/#organization\"},\"potentialAction\":[{\"@type\":\"SearchAction\",\"target\":{\"@type\":\"EntryPoint\",\"urlTemplate\":\"https:\\\/\\\/arjenoticias.com.mx\\\/?s={search_term_string}\"},\"query-input\":{\"@type\":\"PropertyValueSpecification\",\"valueRequired\":true,\"valueName\":\"search_term_string\"}}],\"inLanguage\":\"es\"},{\"@type\":\"Organization\",\"@id\":\"https:\\\/\\\/arjenoticias.com.mx\\\/#organization\",\"name\":\"Arj\u00e9 de M\u00e9xico Noticias\",\"url\":\"https:\\\/\\\/arjenoticias.com.mx\\\/\",\"logo\":{\"@type\":\"ImageObject\",\"inLanguage\":\"es\",\"@id\":\"https:\\\/\\\/arjenoticias.com.mx\\\/#\\\/schema\\\/logo\\\/image\\\/\",\"url\":\"https:\\\/\\\/arjenoticias.com.mx\\\/wp-content\\\/uploads\\\/2025\\\/07\\\/cropped-logo-scaled-1.png\",\"contentUrl\":\"https:\\\/\\\/arjenoticias.com.mx\\\/wp-content\\\/uploads\\\/2025\\\/07\\\/cropped-logo-scaled-1.png\",\"width\":2558,\"height\":558,\"caption\":\"Arj\u00e9 de M\u00e9xico Noticias\"},\"image\":{\"@id\":\"https:\\\/\\\/arjenoticias.com.mx\\\/#\\\/schema\\\/logo\\\/image\\\/\"}},{\"@type\":\"Person\",\"@id\":\"https:\\\/\\\/arjenoticias.com.mx\\\/#\\\/schema\\\/person\\\/02b156b260b598e98bac3b9f81cae06a\",\"name\":\"Diego Fern\u00e1ndez de Cevallos\",\"image\":{\"@type\":\"ImageObject\",\"inLanguage\":\"es\",\"@id\":\"https:\\\/\\\/secure.gravatar.com\\\/avatar\\\/c309237591cd983d5ac17060a557b6cc474a7fce0f40e7b16185b58735b8b257?s=96&d=mm&r=g\",\"url\":\"https:\\\/\\\/secure.gravatar.com\\\/avatar\\\/c309237591cd983d5ac17060a557b6cc474a7fce0f40e7b16185b58735b8b257?s=96&d=mm&r=g\",\"contentUrl\":\"https:\\\/\\\/secure.gravatar.com\\\/avatar\\\/c309237591cd983d5ac17060a557b6cc474a7fce0f40e7b16185b58735b8b257?s=96&d=mm&r=g\",\"caption\":\"Diego Fern\u00e1ndez de Cevallos\"},\"url\":\"https:\\\/\\\/arjenoticias.com.mx\\\/?author=127\"}]}<\/script>\n<!-- \/ Yoast SEO plugin. -->","yoast_head_json":{"title":"El derrumbe de MORENA y la reconstrucci\u00f3n nacional. -","description":"Va creciendo el reclamo social por la devastaci\u00f3n nacional, causada principalmente por un gobierno asociado con los grupos m\u00e1s sanguinarios.","robots":{"index":"index","follow":"follow","max-snippet":"max-snippet:-1","max-image-preview":"max-image-preview:large","max-video-preview":"max-video-preview:-1"},"canonical":"https:\/\/arjenoticias.com.mx\/?p=17464","og_locale":"es_MX","og_type":"article","og_title":"El derrumbe de MORENA y la reconstrucci\u00f3n nacional. -","og_description":"Va creciendo el reclamo social por la devastaci\u00f3n nacional, causada principalmente por un gobierno asociado con los grupos m\u00e1s sanguinarios.","og_url":"https:\/\/arjenoticias.com.mx\/?p=17464","article_published_time":"2026-08-24T12:33:55+00:00","author":"Diego Fern\u00e1ndez de Cevallos","twitter_card":"summary_large_image","twitter_misc":{"Escrito por":"Diego Fern\u00e1ndez de Cevallos","Tiempo de lectura":"3 minutos"},"schema":{"@context":"https:\/\/schema.org","@graph":[{"@type":"Article","@id":"https:\/\/arjenoticias.com.mx\/?p=17464#article","isPartOf":{"@id":"https:\/\/arjenoticias.com.mx\/?p=17464"},"author":{"name":"Diego Fern\u00e1ndez de Cevallos","@id":"https:\/\/arjenoticias.com.mx\/#\/schema\/person\/02b156b260b598e98bac3b9f81cae06a"},"headline":"El derrumbe de MORENA y la reconstrucci\u00f3n nacional.","datePublished":"2026-08-24T12:33:55+00:00","mainEntityOfPage":{"@id":"https:\/\/arjenoticias.com.mx\/?p=17464"},"wordCount":474,"commentCount":0,"publisher":{"@id":"https:\/\/arjenoticias.com.mx\/#organization"},"image":{"@id":"https:\/\/arjenoticias.com.mx\/?p=17464#primaryimage"},"thumbnailUrl":"","keywords":["Morena en prueba para 2027"],"articleSection":["Pol\u00edtica"],"inLanguage":"es","potentialAction":[{"@type":"CommentAction","name":"Comment","target":["https:\/\/arjenoticias.com.mx\/?p=17464#respond"]}]},{"@type":"WebPage","@id":"https:\/\/arjenoticias.com.mx\/?p=17464","url":"https:\/\/arjenoticias.com.mx\/?p=17464","name":"El derrumbe de MORENA y la reconstrucci\u00f3n nacional. -","isPartOf":{"@id":"https:\/\/arjenoticias.com.mx\/#website"},"primaryImageOfPage":{"@id":"https:\/\/arjenoticias.com.mx\/?p=17464#primaryimage"},"image":{"@id":"https:\/\/arjenoticias.com.mx\/?p=17464#primaryimage"},"thumbnailUrl":"","datePublished":"2026-08-24T12:33:55+00:00","description":"Va creciendo el reclamo social por la devastaci\u00f3n nacional, causada principalmente por un gobierno asociado con los grupos m\u00e1s sanguinarios.","breadcrumb":{"@id":"https:\/\/arjenoticias.com.mx\/?p=17464#breadcrumb"},"inLanguage":"es","potentialAction":[{"@type":"ReadAction","target":["https:\/\/arjenoticias.com.mx\/?p=17464"]}]},{"@type":"ImageObject","inLanguage":"es","@id":"https:\/\/arjenoticias.com.mx\/?p=17464#primaryimage","url":"","contentUrl":""},{"@type":"BreadcrumbList","@id":"https:\/\/arjenoticias.com.mx\/?p=17464#breadcrumb","itemListElement":[{"@type":"ListItem","position":1,"name":"Inicio","item":"https:\/\/arjenoticias.com.mx\/"},{"@type":"ListItem","position":2,"name":"El derrumbe de MORENA y la reconstrucci\u00f3n nacional."}]},{"@type":"WebSite","@id":"https:\/\/arjenoticias.com.mx\/#website","url":"https:\/\/arjenoticias.com.mx\/","name":"arjenoticias.com.mx","description":"","publisher":{"@id":"https:\/\/arjenoticias.com.mx\/#organization"},"potentialAction":[{"@type":"SearchAction","target":{"@type":"EntryPoint","urlTemplate":"https:\/\/arjenoticias.com.mx\/?s={search_term_string}"},"query-input":{"@type":"PropertyValueSpecification","valueRequired":true,"valueName":"search_term_string"}}],"inLanguage":"es"},{"@type":"Organization","@id":"https:\/\/arjenoticias.com.mx\/#organization","name":"Arj\u00e9 de M\u00e9xico Noticias","url":"https:\/\/arjenoticias.com.mx\/","logo":{"@type":"ImageObject","inLanguage":"es","@id":"https:\/\/arjenoticias.com.mx\/#\/schema\/logo\/image\/","url":"https:\/\/arjenoticias.com.mx\/wp-content\/uploads\/2025\/07\/cropped-logo-scaled-1.png","contentUrl":"https:\/\/arjenoticias.com.mx\/wp-content\/uploads\/2025\/07\/cropped-logo-scaled-1.png","width":2558,"height":558,"caption":"Arj\u00e9 de M\u00e9xico Noticias"},"image":{"@id":"https:\/\/arjenoticias.com.mx\/#\/schema\/logo\/image\/"}},{"@type":"Person","@id":"https:\/\/arjenoticias.com.mx\/#\/schema\/person\/02b156b260b598e98bac3b9f81cae06a","name":"Diego Fern\u00e1ndez de Cevallos","image":{"@type":"ImageObject","inLanguage":"es","@id":"https:\/\/secure.gravatar.com\/avatar\/c309237591cd983d5ac17060a557b6cc474a7fce0f40e7b16185b58735b8b257?s=96&d=mm&r=g","url":"https:\/\/secure.gravatar.com\/avatar\/c309237591cd983d5ac17060a557b6cc474a7fce0f40e7b16185b58735b8b257?s=96&d=mm&r=g","contentUrl":"https:\/\/secure.gravatar.com\/avatar\/c309237591cd983d5ac17060a557b6cc474a7fce0f40e7b16185b58735b8b257?s=96&d=mm&r=g","caption":"Diego Fern\u00e1ndez de Cevallos"},"url":"https:\/\/arjenoticias.com.mx\/?author=127"}]}},"_links":{"self":[{"href":"https:\/\/arjenoticias.com.mx\/index.php?rest_route=\/wp\/v2\/posts\/17464","targetHints":{"allow":["GET"]}}],"collection":[{"href":"https:\/\/arjenoticias.com.mx\/index.php?rest_route=\/wp\/v2\/posts"}],"about":[{"href":"https:\/\/arjenoticias.com.mx\/index.php?rest_route=\/wp\/v2\/types\/post"}],"author":[{"embeddable":true,"href":"https:\/\/arjenoticias.com.mx\/index.php?rest_route=\/wp\/v2\/users\/127"}],"replies":[{"embeddable":true,"href":"https:\/\/arjenoticias.com.mx\/index.php?rest_route=%2Fwp%2Fv2%2Fcomments&post=17464"}],"version-history":[{"count":0,"href":"https:\/\/arjenoticias.com.mx\/index.php?rest_route=\/wp\/v2\/posts\/17464\/revisions"}],"wp:attachment":[{"href":"https:\/\/arjenoticias.com.mx\/index.php?rest_route=%2Fwp%2Fv2%2Fmedia&parent=17464"}],"wp:term":[{"taxonomy":"category","embeddable":true,"href":"https:\/\/arjenoticias.com.mx\/index.php?rest_route=%2Fwp%2Fv2%2Fcategories&post=17464"},{"taxonomy":"post_tag","embeddable":true,"href":"https:\/\/arjenoticias.com.mx\/index.php?rest_route=%2Fwp%2Fv2%2Ftags&post=17464"}],"curies":[{"name":"wp","href":"https:\/\/api.w.org\/{rel}","templated":true}]}}