{"id":17172,"date":"2026-08-16T07:16:46","date_gmt":"2026-08-16T13:16:46","guid":{"rendered":"https:\/\/arjenoticias.com\/?p=17172"},"modified":"2026-08-16T07:16:48","modified_gmt":"2026-08-16T13:16:48","slug":"el-doble-discurso-como-estrategia-de-gobierno","status":"publish","type":"post","link":"https:\/\/arjenoticias.com.mx\/politica\/el-doble-discurso-como-estrategia-de-gobierno\/","title":{"rendered":"El doble discurso como estrategia de gobierno"},"content":{"rendered":"\n<h2 class=\"wp-block-heading\">La cancelaci\u00f3n de la visa estadounidense a Andr\u00e9s L\u00f3pez Beltr\u00e1n, hijo de Andr\u00e9s Manuel L\u00f3pez Obrador, por parte del gobierno estadounidense<\/h2>\n\n\n\n<p class=\"wp-block-paragraph\">La defensa que hace&nbsp;<strong>Morena&nbsp;<\/strong>de s\u00ed mismo se compone de la letan\u00eda \u201cTraidores a la Patria, Intervencionismo Extranjero y&nbsp;<strong>Soberan\u00eda Nacional<\/strong>\u201d. Obviamente su dirigentes creen que les sirve para los prop\u00f3sitos de la captura del imaginario popular y apoyo social de su base militante. Pero tambi\u00e9n sirve para ocultar lo que decide y hace fuera de la vista p\u00fablica. Recurre al doble discurso como si fuera una raz\u00f3n de Estado, sin serlo.<\/p>\n\n\n\n<p class=\"wp-block-paragraph\">La cancelaci\u00f3n de la visa estadounidense a&nbsp;<strong>Andr\u00e9s L\u00f3pez Beltr\u00e1n, hijo de Andr\u00e9s Manuel L\u00f3pez Obrador,<\/strong>&nbsp;por parte del gobierno estadounidense despert\u00f3 la ira, la paranoia y la desesperaci\u00f3n dentro del gobierno de&nbsp;<strong>Claudia Sheinbaum<\/strong>&nbsp;y en las filas del partido Morena.<\/p>\n\n\n\n<p class=\"wp-block-paragraph\">Ninguna cancelaci\u00f3n de visa a alg\u00fan miembro de Morena, y ya son varios \u201csin visa\u201d, hab\u00eda despertado tanta furia. Los gobernadores de Morena publicaron un desplegado refrendando, como si estuviera en duda, su honestidad y rectitud a la hora de gobernar.<\/p>\n\n\n\n<p class=\"wp-block-paragraph\">Si su intenci\u00f3n era defender a L\u00f3pez Beltr\u00e1n, nunca lo dijeron.&nbsp;<strong>Clara Brugada<\/strong>&nbsp;denunci\u00f3 al imperialismo. Sheinbaum se\u00f1al\u00f3 que la acci\u00f3n de quitar su visa era porque Andy es una \u201cpersona pol\u00edticamente expuesta\u201d y que fue una acci\u00f3n discriminatoria contra M\u00e9xico. La presidenta fue, acaso es necesario decirlo, ambigua en su \u201can\u00e1lisis y explicaci\u00f3n\u201d del hecho.<\/p>\n\n\n\n<p class=\"wp-block-paragraph\">El \u201cecosistema Morena\u201d revira contra la oposici\u00f3n, en un desesperado intento por cambiar la narrativa nacional. La pesada losa del mantra del \u201cnarco partido\u201d y del \u201c<strong>narcogobierno<\/strong>\u201d est\u00e1 cobrando v\u00edctimas, especialmente visible en las encuestas.<\/p>\n\n\n\n<p class=\"wp-block-paragraph\">Las listas negras de&nbsp;<strong>Luisa Mar\u00eda Alcalde<\/strong>&nbsp;contra periodistas, pol\u00edticos y medios son el proleg\u00f3meno a la justificaci\u00f3n de la represi\u00f3n y encarcelamiento de miembros de la oposici\u00f3n.&nbsp;<strong>Ruffo y Aguirre<\/strong>&nbsp;son ensayos para probar las resistencias sociales a esas acciones.<\/p>\n\n\n\n<p class=\"wp-block-paragraph\">Y son, tambi\u00e9n, advertencias a los que tendr\u00e1n que pensarlo dos veces. La presidente nacional de Morena,&nbsp;<strong>Ariadna Montiel<\/strong>, proclama desde la tribuna del partido que&nbsp;<strong>Alejandro Moreno, \u201cAlito\u201d<\/strong>, presidente nacional del PRI es un \u201ctraidor a la Patria\u201d porque, seg\u00fan su opini\u00f3n, promueve la intervenci\u00f3n extranjera en el pa\u00eds.<\/p>\n\n\n\n<p class=\"wp-block-paragraph\">Lo dice porque el PRI y Moreno han acudido a instancias internacionales para denunciar al partido Morena por estar ligado al narcotr\u00e1fico y porque el gobierno de Sheinbaum promueve medidas legales para acallar las denuncias de la oposici\u00f3n en M\u00e9xico, con la amenaza de c\u00e1rcel.<\/p>\n\n\n\n<p class=\"wp-block-paragraph\">Al mismo tiempo el \u00f3rgano oficial de Morena, el peri\u00f3dico Regeneraci\u00f3n, lleva, como noticia en sus ochos columnas que \u201cEl PAN es Traidor a la Patria\u201d. El alegato morenista se debe a que el gobierno de Chihuahua, bajo el mando de la gobernadora panista Maru Campos, recurri\u00f3 al acompa\u00f1amiento de elementos de la CIA estadounidense en un operativo donde se descubri\u00f3 y destruy\u00f3 uno de los laboratorios m\u00e1s grandes y sofisticados de producci\u00f3n de fentanilo en todo M\u00e9xico. Sheinbaum tambi\u00e9n la acus\u00f3 de traidora a la Patria durante una ma\u00f1anera.<\/p>\n\n\n\n<p class=\"wp-block-paragraph\">El uso del t\u00e9rmino \u201ctraidor a la Patria\u201d reiteradamente es peligroso. La Constituci\u00f3n Pol\u00edtica de los Estados Unidos Mexicanos define la traici\u00f3n a la Patria as\u00ed: \u201cArt\u00edculo 123: Se impondr\u00e1 la pena de prisi\u00f3n de cinco a cuarenta a\u00f1os al mexicano que cometa traici\u00f3n a la patria en alguna de las formas siguientes: (la Constituci\u00f3n describe 15 modalidades de intervenci\u00f3n promovida por mexicanos desde el exterior, relacionados con invasiones militares al territorio nacional).<\/p>\n\n\n\n<p class=\"wp-block-paragraph\">El primer punto reza as\u00ed: \u201cRealice actos contra la independencia, soberan\u00eda o integridad de la&nbsp;Naci\u00f3n Mexicana con la finalidad de someterla a persona, grupo o gobierno extranjero\u201d.<\/p>\n\n\n\n<p class=\"wp-block-paragraph\">En un mundo tan interconectado, \u00bfqu\u00e9 significa ejercer la independencia y la soberan\u00eda ante el concierto de naciones? Excluyendo la invasi\u00f3n militar de una potencia extranjera, la soberan\u00eda de M\u00e9xico se ha ejercido firmando m\u00e1s de 1,500 tratados, convenios y acuerdos bilaterales y multilaterales con cerca de 100 pa\u00edses, cuya vigencia se mantiene.<\/p>\n\n\n\n<p class=\"wp-block-paragraph\">En materia de seguridad, el gobierno de Morena, bajo L\u00f3pez Obrador, soberanamente ha creado su propio Entendimiento Bicentenario 2021 con las agencias de inteligencia y seguridad de Estados Unidos. Para su implementaci\u00f3n operativa se estableci\u00f3 el Grupo Bilateral de Entendimiento.<\/p>\n\n\n\n<p class=\"wp-block-paragraph\">En agosto de 2026, en un ejercicio soberano, el gobierno de Sheinbaum emiti\u00f3 la Declaraci\u00f3n Bilateral de Intenci\u00f3n sobre Sistemas A\u00e9reos No-Tripulados. Esta Declaraci\u00f3n es un complemento al Mecanismo de Cooperaci\u00f3n Militar Bilateral, con vigencia desde 2016.<\/p>\n\n\n\n<p class=\"wp-block-paragraph\">Adem\u00e1s, el Congreso mexicano, con mayor\u00eda morenista, ha normalizado los ejercicios de adiestramiento conjuntos entre las Fuerzas Armadas nacionales con elementos de las Fuerzas Armadas estadounidenses, algunos de los cuales se realizan en el momento al escribir este art\u00edculo.<\/p>\n\n\n\n<p class=\"wp-block-paragraph\">Pr\u00f3ximamente el secretario de Seguridad Ciudadana federal, Omar Garc\u00eda Harfuch acudir\u00e1 a una reuni\u00f3n latinoamericana convocada por la DEA en el contexto del Escudo de las Am\u00e9ricas, a realizarse en Buenos Aires, Argentina. M\u00e9xico no hab\u00eda acudido a las reuniones previas del Escudo de las Am\u00e9ricas, por considerarla una agrupaci\u00f3n de la \u201cderecha y extrema derecha latinoamericana\u201d.<\/p>\n\n\n\n<p class=\"wp-block-paragraph\">Ahora ha decidido acudir Harfuch, con la aprobaci\u00f3n un\u00e1nime del gabinete de seguridad del gobierno federal. Esto, en medio de una crisis cuando el gobierno acusa a Estados Unidos de intervencionismo con la intenci\u00f3n de afectar negativamente al oficialismo en las elecciones intermedias del 2027.<\/p>\n\n\n\n<p class=\"wp-block-paragraph\">En el \u00e1rea de seguridad nacional, seguridad p\u00fablica y defensa estrat\u00e9gica, el gobierno de M\u00e9xico mantiene una relaci\u00f3n privilegiada con las Fuerzas Armadas de los Estados Unidos, a trav\u00e9s del Comando Norte donde participan los secretarios de la Defensa y la Marina de M\u00e9xico.<\/p>\n\n\n\n<p class=\"wp-block-paragraph\">Tambi\u00e9n se mantiene un fuerte intercambio de inteligencia en tiempo real con los servicios de inteligencia y de investigaci\u00f3n de ese pa\u00eds, tanto la CIA, DEA, FBI y Homeland Security, entre otros. Pero su pudor ideol\u00f3gico no les permite reconocer p\u00fablicamente su conducta real.<\/p>\n\n\n\n<p class=\"wp-block-paragraph\">\u00bfAdministra un doble discurso el gobierno de Morena? La respuesta r\u00e1pida es, s\u00ed. Maneja un discurso antiimperialista hacia adentro para el consumo nacional, y un discreto y selectivo entreguismo hacia Estados Unidos. Morena se especializa en los dobles discursos, para reducir las presiones que recibe. Encarcel\u00f3 a Ruffo para encubrir la desgracia de la gobernadora Mar\u00eda del Pilar \u00c1vila.<\/p>\n\n\n\n<p class=\"wp-block-paragraph\">Public\u00f3 las listas de cr\u00edticos opositores para reducir el impacto de la quitada de visa de Andy.<\/p>\n\n\n\n<p class=\"wp-block-paragraph\">Las acusaciones contra opositores de ser traidores a la Patria aparecen cuando a Morena le asusta nombrar sus candidatos porque teme que sean acusados de ser narcos.<\/p>\n\n\n\n<p class=\"wp-block-paragraph\">El doble discurso no es una estrategia de gesti\u00f3n pol\u00edtica de un gobierno. Pero Morena lo aplica sin distingos y para todos los casos. En esto reside su fracaso como gobierno, y advierte el horizonte breve para la sobrevivencia de su proyecto pol\u00edtico.<\/p>\n\n\n\n<p class=\"wp-block-paragraph\">POR RICARDO PASCOE PIERCE<\/p>\n\n\n\n<p class=\"wp-block-paragraph\">COLABORADOR<\/p>\n\n\n\n<p class=\"wp-block-paragraph\">ricardopascoe@hotmail.com<br>@enelfilo_mx<\/p>\n","protected":false},"excerpt":{"rendered":"<p>La cancelaci\u00f3n de la visa estadounidense a Andr\u00e9s L\u00f3pez Beltr\u00e1n, hijo de Andr\u00e9s Manuel L\u00f3pez&#8230;<\/p>\n","protected":false},"author":22,"featured_media":17173,"comment_status":"open","ping_status":"open","sticky":false,"template":"","format":"standard","meta":{"footnotes":""},"categories":[7],"tags":[2761],"class_list":["post-17172","post","type-post","status-publish","format-standard","has-post-thumbnail","hentry","category-politica","tag-morena-tiene-doble-discurso"],"yoast_head":"<!-- This site is optimized with the Yoast SEO plugin v28.4 - https:\/\/yoast.com\/product\/yoast-seo-wordpress\/ -->\n<title>El doble discurso como estrategia de gobierno -<\/title>\n<meta name=\"description\" content=\"La defensa que hace\u00a0Morena\u00a0de s\u00ed mismo se compone de la letan\u00eda \u201cTraidores a la Patria, Intervencionismo Extranjero y\u00a0Soberan\u00eda Nacional\u201d\" \/>\n<meta name=\"robots\" content=\"index, follow, max-snippet:-1, max-image-preview:large, max-video-preview:-1\" \/>\n<link rel=\"canonical\" href=\"https:\/\/arjenoticias.com.mx\/politica\/el-doble-discurso-como-estrategia-de-gobierno\/\" \/>\n<meta property=\"og:locale\" content=\"es_ES\" \/>\n<meta property=\"og:type\" content=\"article\" \/>\n<meta property=\"og:title\" content=\"El doble discurso como estrategia de gobierno -\" \/>\n<meta property=\"og:description\" content=\"La defensa que hace\u00a0Morena\u00a0de s\u00ed mismo se compone de la letan\u00eda \u201cTraidores a la Patria, Intervencionismo Extranjero y\u00a0Soberan\u00eda Nacional\u201d\" \/>\n<meta property=\"og:url\" content=\"https:\/\/arjenoticias.com.mx\/politica\/el-doble-discurso-como-estrategia-de-gobierno\/\" \/>\n<meta property=\"article:publisher\" content=\"https:\/\/www.facebook.com\/ArjeNoticiasMX\" \/>\n<meta property=\"article:published_time\" content=\"2026-08-16T13:16:46+00:00\" \/>\n<meta property=\"article:modified_time\" content=\"2026-08-16T13:16:48+00:00\" \/>\n<meta property=\"og:image\" content=\"https:\/\/arjenoticias.com.mx\/wp-content\/uploads\/2026\/08\/Ricardo-Pascoe-Pierce-4.png\" \/>\n\t<meta property=\"og:image:width\" content=\"320\" \/>\n\t<meta property=\"og:image:height\" content=\"320\" \/>\n\t<meta property=\"og:image:type\" content=\"image\/png\" \/>\n<meta name=\"author\" content=\"Ricardo Pascoe\" \/>\n<meta name=\"twitter:card\" content=\"summary_large_image\" \/>\n<meta name=\"twitter:creator\" content=\"@ArjeNoticias\" \/>\n<meta name=\"twitter:site\" content=\"@ArjeNoticias\" \/>\n<meta name=\"twitter:label1\" content=\"Escrito por\" \/>\n\t<meta name=\"twitter:data1\" content=\"Ricardo Pascoe\" \/>\n\t<meta name=\"twitter:label2\" content=\"Tiempo de lectura\" \/>\n\t<meta name=\"twitter:data2\" content=\"6 minutos\" \/>\n<script type=\"application\/ld+json\" class=\"yoast-schema-graph\">{\"@context\":\"https:\\\/\\\/schema.org\",\"@graph\":[{\"@type\":\"Article\",\"@id\":\"https:\\\/\\\/arjenoticias.com.mx\\\/politica\\\/el-doble-discurso-como-estrategia-de-gobierno\\\/#article\",\"isPartOf\":{\"@id\":\"https:\\\/\\\/arjenoticias.com.mx\\\/politica\\\/el-doble-discurso-como-estrategia-de-gobierno\\\/\"},\"author\":{\"name\":\"Ricardo Pascoe\",\"@id\":\"https:\\\/\\\/arjenoticias.com.mx\\\/#\\\/schema\\\/person\\\/125c4855191a193f02927b913b7705bc\"},\"headline\":\"El doble discurso como estrategia de gobierno\",\"datePublished\":\"2026-08-16T13:16:46+00:00\",\"dateModified\":\"2026-08-16T13:16:48+00:00\",\"mainEntityOfPage\":{\"@id\":\"https:\\\/\\\/arjenoticias.com.mx\\\/politica\\\/el-doble-discurso-como-estrategia-de-gobierno\\\/\"},\"wordCount\":1239,\"commentCount\":0,\"publisher\":{\"@id\":\"https:\\\/\\\/arjenoticias.com.mx\\\/#organization\"},\"image\":{\"@id\":\"https:\\\/\\\/arjenoticias.com.mx\\\/politica\\\/el-doble-discurso-como-estrategia-de-gobierno\\\/#primaryimage\"},\"thumbnailUrl\":\"https:\\\/\\\/arjenoticias.com.mx\\\/wp-content\\\/uploads\\\/2026\\\/08\\\/Ricardo-Pascoe-Pierce-4.png\",\"keywords\":[\"Morena tiene doble discurso\"],\"articleSection\":[\"Pol\u00edtica\"],\"inLanguage\":\"es\",\"potentialAction\":[{\"@type\":\"CommentAction\",\"name\":\"Comment\",\"target\":[\"https:\\\/\\\/arjenoticias.com.mx\\\/politica\\\/el-doble-discurso-como-estrategia-de-gobierno\\\/#respond\"]}]},{\"@type\":\"WebPage\",\"@id\":\"https:\\\/\\\/arjenoticias.com.mx\\\/politica\\\/el-doble-discurso-como-estrategia-de-gobierno\\\/\",\"url\":\"https:\\\/\\\/arjenoticias.com.mx\\\/politica\\\/el-doble-discurso-como-estrategia-de-gobierno\\\/\",\"name\":\"El doble discurso como estrategia de gobierno -\",\"isPartOf\":{\"@id\":\"https:\\\/\\\/arjenoticias.com.mx\\\/#website\"},\"primaryImageOfPage\":{\"@id\":\"https:\\\/\\\/arjenoticias.com.mx\\\/politica\\\/el-doble-discurso-como-estrategia-de-gobierno\\\/#primaryimage\"},\"image\":{\"@id\":\"https:\\\/\\\/arjenoticias.com.mx\\\/politica\\\/el-doble-discurso-como-estrategia-de-gobierno\\\/#primaryimage\"},\"thumbnailUrl\":\"https:\\\/\\\/arjenoticias.com.mx\\\/wp-content\\\/uploads\\\/2026\\\/08\\\/Ricardo-Pascoe-Pierce-4.png\",\"datePublished\":\"2026-08-16T13:16:46+00:00\",\"dateModified\":\"2026-08-16T13:16:48+00:00\",\"description\":\"La defensa que hace\u00a0Morena\u00a0de s\u00ed mismo se compone de la letan\u00eda \u201cTraidores a la Patria, Intervencionismo Extranjero y\u00a0Soberan\u00eda Nacional\u201d\",\"breadcrumb\":{\"@id\":\"https:\\\/\\\/arjenoticias.com.mx\\\/politica\\\/el-doble-discurso-como-estrategia-de-gobierno\\\/#breadcrumb\"},\"inLanguage\":\"es\",\"potentialAction\":[{\"@type\":\"ReadAction\",\"target\":[\"https:\\\/\\\/arjenoticias.com.mx\\\/politica\\\/el-doble-discurso-como-estrategia-de-gobierno\\\/\"]}]},{\"@type\":\"ImageObject\",\"inLanguage\":\"es\",\"@id\":\"https:\\\/\\\/arjenoticias.com.mx\\\/politica\\\/el-doble-discurso-como-estrategia-de-gobierno\\\/#primaryimage\",\"url\":\"https:\\\/\\\/arjenoticias.com.mx\\\/wp-content\\\/uploads\\\/2026\\\/08\\\/Ricardo-Pascoe-Pierce-4.png\",\"contentUrl\":\"https:\\\/\\\/arjenoticias.com.mx\\\/wp-content\\\/uploads\\\/2026\\\/08\\\/Ricardo-Pascoe-Pierce-4.png\",\"width\":320,\"height\":320,\"caption\":\"\u00bfAdministra un doble discurso el gobierno de Morena? La respuesta r\u00e1pida es, s\u00ed\"},{\"@type\":\"BreadcrumbList\",\"@id\":\"https:\\\/\\\/arjenoticias.com.mx\\\/politica\\\/el-doble-discurso-como-estrategia-de-gobierno\\\/#breadcrumb\",\"itemListElement\":[{\"@type\":\"ListItem\",\"position\":1,\"name\":\"Portada\",\"item\":\"https:\\\/\\\/arjenoticias.com.mx\\\/\"},{\"@type\":\"ListItem\",\"position\":2,\"name\":\"El doble discurso como estrategia de gobierno\"}]},{\"@type\":\"WebSite\",\"@id\":\"https:\\\/\\\/arjenoticias.com.mx\\\/#website\",\"url\":\"https:\\\/\\\/arjenoticias.com.mx\\\/\",\"name\":\"Arj\u00e9 M\u00e9xico\",\"description\":\"\",\"publisher\":{\"@id\":\"https:\\\/\\\/arjenoticias.com.mx\\\/#organization\"},\"potentialAction\":[{\"@type\":\"SearchAction\",\"target\":{\"@type\":\"EntryPoint\",\"urlTemplate\":\"https:\\\/\\\/arjenoticias.com.mx\\\/?s={search_term_string}\"},\"query-input\":{\"@type\":\"PropertyValueSpecification\",\"valueRequired\":true,\"valueName\":\"search_term_string\"}}],\"inLanguage\":\"es\"},{\"@type\":\"Organization\",\"@id\":\"https:\\\/\\\/arjenoticias.com.mx\\\/#organization\",\"name\":\"Arj\u00e9 M\u00e9xico\",\"url\":\"https:\\\/\\\/arjenoticias.com.mx\\\/\",\"logo\":{\"@type\":\"ImageObject\",\"inLanguage\":\"es\",\"@id\":\"https:\\\/\\\/arjenoticias.com.mx\\\/#\\\/schema\\\/logo\\\/image\\\/\",\"url\":\"https:\\\/\\\/arjenoticias.com\\\/wp-content\\\/uploads\\\/2026\\\/04\\\/cropped-cropped-logo-inverted-1-scaled-1.png\",\"contentUrl\":\"https:\\\/\\\/arjenoticias.com\\\/wp-content\\\/uploads\\\/2026\\\/04\\\/cropped-cropped-logo-inverted-1-scaled-1.png\",\"width\":2556,\"height\":549,\"caption\":\"Arj\u00e9 M\u00e9xico\"},\"image\":{\"@id\":\"https:\\\/\\\/arjenoticias.com.mx\\\/#\\\/schema\\\/logo\\\/image\\\/\"},\"sameAs\":[\"https:\\\/\\\/www.facebook.com\\\/ArjeNoticiasMX\",\"https:\\\/\\\/x.com\\\/ArjeNoticias\"]},{\"@type\":\"Person\",\"@id\":\"https:\\\/\\\/arjenoticias.com.mx\\\/#\\\/schema\\\/person\\\/125c4855191a193f02927b913b7705bc\",\"name\":\"Ricardo Pascoe\",\"image\":{\"@type\":\"ImageObject\",\"inLanguage\":\"es\",\"@id\":\"https:\\\/\\\/arjenoticias.com\\\/wp-content\\\/uploads\\\/2026\\\/04\\\/Ricardo-Pascoe1-96x96.png\",\"url\":\"https:\\\/\\\/arjenoticias.com\\\/wp-content\\\/uploads\\\/2026\\\/04\\\/Ricardo-Pascoe1-96x96.png\",\"contentUrl\":\"https:\\\/\\\/arjenoticias.com\\\/wp-content\\\/uploads\\\/2026\\\/04\\\/Ricardo-Pascoe1-96x96.png\",\"caption\":\"Ricardo Pascoe\"},\"description\":\"Pol\u00edtico mexicano, analista e ide\u00f3logo de izquierda. Fue miembro fundador del Partido Revolucionario de los Trabajadores, diputado federal y embajador.\",\"url\":\"https:\\\/\\\/arjenoticias.com.mx\\\/author\\\/ricardo-pascoe\\\/\"}]}<\/script>\n<!-- \/ Yoast SEO plugin. -->","yoast_head_json":{"title":"El doble discurso como estrategia de gobierno -","description":"La defensa que hace\u00a0Morena\u00a0de s\u00ed mismo se compone de la letan\u00eda \u201cTraidores a la Patria, Intervencionismo Extranjero y\u00a0Soberan\u00eda Nacional\u201d","robots":{"index":"index","follow":"follow","max-snippet":"max-snippet:-1","max-image-preview":"max-image-preview:large","max-video-preview":"max-video-preview:-1"},"canonical":"https:\/\/arjenoticias.com.mx\/politica\/el-doble-discurso-como-estrategia-de-gobierno\/","og_locale":"es_ES","og_type":"article","og_title":"El doble discurso como estrategia de gobierno -","og_description":"La defensa que hace\u00a0Morena\u00a0de s\u00ed mismo se compone de la letan\u00eda \u201cTraidores a la Patria, Intervencionismo Extranjero y\u00a0Soberan\u00eda Nacional\u201d","og_url":"https:\/\/arjenoticias.com.mx\/politica\/el-doble-discurso-como-estrategia-de-gobierno\/","article_publisher":"https:\/\/www.facebook.com\/ArjeNoticiasMX","article_published_time":"2026-08-16T13:16:46+00:00","article_modified_time":"2026-08-16T13:16:48+00:00","og_image":[{"width":320,"height":320,"url":"https:\/\/arjenoticias.com.mx\/wp-content\/uploads\/2026\/08\/Ricardo-Pascoe-Pierce-4.png","type":"image\/png"}],"author":"Ricardo Pascoe","twitter_card":"summary_large_image","twitter_creator":"@ArjeNoticias","twitter_site":"@ArjeNoticias","twitter_misc":{"Escrito por":"Ricardo Pascoe","Tiempo de lectura":"6 minutos"},"schema":{"@context":"https:\/\/schema.org","@graph":[{"@type":"Article","@id":"https:\/\/arjenoticias.com.mx\/politica\/el-doble-discurso-como-estrategia-de-gobierno\/#article","isPartOf":{"@id":"https:\/\/arjenoticias.com.mx\/politica\/el-doble-discurso-como-estrategia-de-gobierno\/"},"author":{"name":"Ricardo Pascoe","@id":"https:\/\/arjenoticias.com.mx\/#\/schema\/person\/125c4855191a193f02927b913b7705bc"},"headline":"El doble discurso como estrategia de gobierno","datePublished":"2026-08-16T13:16:46+00:00","dateModified":"2026-08-16T13:16:48+00:00","mainEntityOfPage":{"@id":"https:\/\/arjenoticias.com.mx\/politica\/el-doble-discurso-como-estrategia-de-gobierno\/"},"wordCount":1239,"commentCount":0,"publisher":{"@id":"https:\/\/arjenoticias.com.mx\/#organization"},"image":{"@id":"https:\/\/arjenoticias.com.mx\/politica\/el-doble-discurso-como-estrategia-de-gobierno\/#primaryimage"},"thumbnailUrl":"https:\/\/arjenoticias.com.mx\/wp-content\/uploads\/2026\/08\/Ricardo-Pascoe-Pierce-4.png","keywords":["Morena tiene doble discurso"],"articleSection":["Pol\u00edtica"],"inLanguage":"es","potentialAction":[{"@type":"CommentAction","name":"Comment","target":["https:\/\/arjenoticias.com.mx\/politica\/el-doble-discurso-como-estrategia-de-gobierno\/#respond"]}]},{"@type":"WebPage","@id":"https:\/\/arjenoticias.com.mx\/politica\/el-doble-discurso-como-estrategia-de-gobierno\/","url":"https:\/\/arjenoticias.com.mx\/politica\/el-doble-discurso-como-estrategia-de-gobierno\/","name":"El doble discurso como estrategia de gobierno -","isPartOf":{"@id":"https:\/\/arjenoticias.com.mx\/#website"},"primaryImageOfPage":{"@id":"https:\/\/arjenoticias.com.mx\/politica\/el-doble-discurso-como-estrategia-de-gobierno\/#primaryimage"},"image":{"@id":"https:\/\/arjenoticias.com.mx\/politica\/el-doble-discurso-como-estrategia-de-gobierno\/#primaryimage"},"thumbnailUrl":"https:\/\/arjenoticias.com.mx\/wp-content\/uploads\/2026\/08\/Ricardo-Pascoe-Pierce-4.png","datePublished":"2026-08-16T13:16:46+00:00","dateModified":"2026-08-16T13:16:48+00:00","description":"La defensa que hace\u00a0Morena\u00a0de s\u00ed mismo se compone de la letan\u00eda \u201cTraidores a la Patria, Intervencionismo Extranjero y\u00a0Soberan\u00eda Nacional\u201d","breadcrumb":{"@id":"https:\/\/arjenoticias.com.mx\/politica\/el-doble-discurso-como-estrategia-de-gobierno\/#breadcrumb"},"inLanguage":"es","potentialAction":[{"@type":"ReadAction","target":["https:\/\/arjenoticias.com.mx\/politica\/el-doble-discurso-como-estrategia-de-gobierno\/"]}]},{"@type":"ImageObject","inLanguage":"es","@id":"https:\/\/arjenoticias.com.mx\/politica\/el-doble-discurso-como-estrategia-de-gobierno\/#primaryimage","url":"https:\/\/arjenoticias.com.mx\/wp-content\/uploads\/2026\/08\/Ricardo-Pascoe-Pierce-4.png","contentUrl":"https:\/\/arjenoticias.com.mx\/wp-content\/uploads\/2026\/08\/Ricardo-Pascoe-Pierce-4.png","width":320,"height":320,"caption":"\u00bfAdministra un doble discurso el gobierno de Morena? La respuesta r\u00e1pida es, s\u00ed"},{"@type":"BreadcrumbList","@id":"https:\/\/arjenoticias.com.mx\/politica\/el-doble-discurso-como-estrategia-de-gobierno\/#breadcrumb","itemListElement":[{"@type":"ListItem","position":1,"name":"Portada","item":"https:\/\/arjenoticias.com.mx\/"},{"@type":"ListItem","position":2,"name":"El doble discurso como estrategia de gobierno"}]},{"@type":"WebSite","@id":"https:\/\/arjenoticias.com.mx\/#website","url":"https:\/\/arjenoticias.com.mx\/","name":"Arj\u00e9 M\u00e9xico","description":"","publisher":{"@id":"https:\/\/arjenoticias.com.mx\/#organization"},"potentialAction":[{"@type":"SearchAction","target":{"@type":"EntryPoint","urlTemplate":"https:\/\/arjenoticias.com.mx\/?s={search_term_string}"},"query-input":{"@type":"PropertyValueSpecification","valueRequired":true,"valueName":"search_term_string"}}],"inLanguage":"es"},{"@type":"Organization","@id":"https:\/\/arjenoticias.com.mx\/#organization","name":"Arj\u00e9 M\u00e9xico","url":"https:\/\/arjenoticias.com.mx\/","logo":{"@type":"ImageObject","inLanguage":"es","@id":"https:\/\/arjenoticias.com.mx\/#\/schema\/logo\/image\/","url":"https:\/\/arjenoticias.com\/wp-content\/uploads\/2026\/04\/cropped-cropped-logo-inverted-1-scaled-1.png","contentUrl":"https:\/\/arjenoticias.com\/wp-content\/uploads\/2026\/04\/cropped-cropped-logo-inverted-1-scaled-1.png","width":2556,"height":549,"caption":"Arj\u00e9 M\u00e9xico"},"image":{"@id":"https:\/\/arjenoticias.com.mx\/#\/schema\/logo\/image\/"},"sameAs":["https:\/\/www.facebook.com\/ArjeNoticiasMX","https:\/\/x.com\/ArjeNoticias"]},{"@type":"Person","@id":"https:\/\/arjenoticias.com.mx\/#\/schema\/person\/125c4855191a193f02927b913b7705bc","name":"Ricardo Pascoe","image":{"@type":"ImageObject","inLanguage":"es","@id":"https:\/\/arjenoticias.com\/wp-content\/uploads\/2026\/04\/Ricardo-Pascoe1-96x96.png","url":"https:\/\/arjenoticias.com\/wp-content\/uploads\/2026\/04\/Ricardo-Pascoe1-96x96.png","contentUrl":"https:\/\/arjenoticias.com\/wp-content\/uploads\/2026\/04\/Ricardo-Pascoe1-96x96.png","caption":"Ricardo Pascoe"},"description":"Pol\u00edtico mexicano, analista e ide\u00f3logo de izquierda. Fue miembro fundador del Partido Revolucionario de los Trabajadores, diputado federal y embajador.","url":"https:\/\/arjenoticias.com.mx\/author\/ricardo-pascoe\/"}]}},"featured_image_urls":{"full":["https:\/\/arjenoticias.com.mx\/wp-content\/uploads\/2026\/08\/Ricardo-Pascoe-Pierce-4.png",320,320,false],"thumbnail":["https:\/\/arjenoticias.com.mx\/wp-content\/uploads\/2026\/08\/Ricardo-Pascoe-Pierce-4-150x150.png",150,150,true],"medium":["https:\/\/arjenoticias.com.mx\/wp-content\/uploads\/2026\/08\/Ricardo-Pascoe-Pierce-4-300x300.png",300,300,true],"medium_large":["https:\/\/arjenoticias.com.mx\/wp-content\/uploads\/2026\/08\/Ricardo-Pascoe-Pierce-4.png",320,320,false],"large":["https:\/\/arjenoticias.com.mx\/wp-content\/uploads\/2026\/08\/Ricardo-Pascoe-Pierce-4.png",320,320,false],"1536x1536":["https:\/\/arjenoticias.com.mx\/wp-content\/uploads\/2026\/08\/Ricardo-Pascoe-Pierce-4.png",320,320,false],"2048x2048":["https:\/\/arjenoticias.com.mx\/wp-content\/uploads\/2026\/08\/Ricardo-Pascoe-Pierce-4.png",320,320,false],"covernews-featured":["https:\/\/arjenoticias.com.mx\/wp-content\/uploads\/2026\/08\/Ricardo-Pascoe-Pierce-4.png",320,320,false],"covernews-medium":["https:\/\/arjenoticias.com.mx\/wp-content\/uploads\/2026\/08\/Ricardo-Pascoe-Pierce-4.png",320,320,false]},"author_info":{"info":["Ricardo Pascoe"]},"category_info":"<a href=\"https:\/\/arjenoticias.com.mx\/category\/politica\/\" rel=\"category tag\">Pol\u00edtica<\/a>","tag_info":"Pol\u00edtica","comment_count":"0","_links":{"self":[{"href":"https:\/\/arjenoticias.com.mx\/wp-json\/wp\/v2\/posts\/17172","targetHints":{"allow":["GET"]}}],"collection":[{"href":"https:\/\/arjenoticias.com.mx\/wp-json\/wp\/v2\/posts"}],"about":[{"href":"https:\/\/arjenoticias.com.mx\/wp-json\/wp\/v2\/types\/post"}],"author":[{"embeddable":true,"href":"https:\/\/arjenoticias.com.mx\/wp-json\/wp\/v2\/users\/22"}],"replies":[{"embeddable":true,"href":"https:\/\/arjenoticias.com.mx\/wp-json\/wp\/v2\/comments?post=17172"}],"version-history":[{"count":1,"href":"https:\/\/arjenoticias.com.mx\/wp-json\/wp\/v2\/posts\/17172\/revisions"}],"predecessor-version":[{"id":17174,"href":"https:\/\/arjenoticias.com.mx\/wp-json\/wp\/v2\/posts\/17172\/revisions\/17174"}],"wp:featuredmedia":[{"embeddable":true,"href":"https:\/\/arjenoticias.com.mx\/wp-json\/wp\/v2\/media\/17173"}],"wp:attachment":[{"href":"https:\/\/arjenoticias.com.mx\/wp-json\/wp\/v2\/media?parent=17172"}],"wp:term":[{"taxonomy":"category","embeddable":true,"href":"https:\/\/arjenoticias.com.mx\/wp-json\/wp\/v2\/categories?post=17172"},{"taxonomy":"post_tag","embeddable":true,"href":"https:\/\/arjenoticias.com.mx\/wp-json\/wp\/v2\/tags?post=17172"}],"curies":[{"name":"wp","href":"https:\/\/api.w.org\/{rel}","templated":true}]}}