{"id":17169,"date":"2026-08-16T07:08:58","date_gmt":"2026-08-16T13:08:58","guid":{"rendered":"https:\/\/arjenoticias.com\/?p=17169"},"modified":"2026-08-16T07:08:58","modified_gmt":"2026-08-16T13:08:58","slug":"sheinbaum-retoma-iniciativa-del-pan","status":"publish","type":"post","link":"https:\/\/arjenoticias.com.mx\/?p=17169","title":{"rendered":"Sheinbaum retoma iniciativa del PAN\u00a0"},"content":{"rendered":"\n<h2 class=\"wp-block-heading\">Hay decisiones p\u00fablicas que deben celebrarse, aunque lleguen tarde. La iniciativa de la presidenta Claudia Sheinbaum para expedir una Ley General para Prevenir, Investigar y Sancionar el Delito de Feminicidio es una de ellas.<\/h2>\n\n\n\n<p class=\"wp-block-paragraph\">M\u00e9xico necesita desde hace a\u00f1os una ley que homologue el tratamiento de esta expresi\u00f3n extrema de violencia contra las mujeres.<\/p>\n\n\n\n<p class=\"wp-block-paragraph\">Hoy existen diferencias entre entidades en tipos penales, agravantes, sanciones y capacidades de investigaci\u00f3n. Una misma muerte violenta puede recibir tratamientos distintos dependiendo del lugar donde ocurra. Incluso en alg\u00fan lugar un evento puede ser registrado como feminicidio y en otro como homicidio doloso. Corregir esa dispersi\u00f3n es indispensable. El problema es que apenas lo estamos haciendo en 2026.<\/p>\n\n\n\n<p class=\"wp-block-paragraph\">En septiembre de 2019, el Grupo Parlamentario del PAN en la C\u00e1mara de Diputados, encabezado en este tema por la entonces diputada Adriana D\u00e1vila, present\u00f3 una iniciativa para expedir precisamente una Ley General para Prevenir, Sancionar y Erradicar el Delito de Feminicidio.<\/p>\n\n\n\n<p class=\"wp-block-paragraph\">Siete a\u00f1os despu\u00e9s, el gobierno parece haber descubierto que era una buena idea.<\/p>\n\n\n\n<p class=\"wp-block-paragraph\">Y vaya que lo era. Tanto, que la iniciativa presidencial retoma buena parte de aquella propuesta. Ambas plantean una Ley General; buscan homologar nacionalmente las razones de g\u00e9nero que configuran el feminicidio; establecen su imprescriptibilidad; restringen mecanismos alternativos y acuerdos reparatorios; plantean fiscal\u00edas especializadas, y obligan a investigar las muertes violentas de mujeres bajo la hip\u00f3tesis inicial de feminicidio.<\/p>\n\n\n\n<p class=\"wp-block-paragraph\">La propuesta actual incorpora algunas mejoras. Eleva las penas, y desarrolla con mayor profundidad los derechos de ni\u00f1as, ni\u00f1os y adolescentes que quedan en orfandad; pero el molde fundamental estaba ah\u00ed desde 2019.<\/p>\n\n\n\n<p class=\"wp-block-paragraph\">El problema es que entonces gobernaba Andr\u00e9s Manuel L\u00f3pez Obrador y la propuesta proven\u00eda del PAN. Y eso bast\u00f3 para ignorarla.<\/p>\n\n\n\n<p class=\"wp-block-paragraph\">El costo de ese sectarismo no puede medirse \u00fanicamente en a\u00f1os perdidos. Debe medirse tambi\u00e9n en vidas. S\u00f3lo durante 2025 las cifras oficiales registraron 696 v\u00edctimas de feminicidio en M\u00e9xico. Y hablamos \u00fanicamente de los casos clasificados como tales por las fiscal\u00edas estatales, no de todas las muertes violentas de mujeres que eventualmente pudieron haber tenido razones de g\u00e9nero.<\/p>\n\n\n\n<p class=\"wp-block-paragraph\">No se puede saber bien a bien cuantos de esos casos pudieron haber sido prevenidos con una buena ley, bien implementada, pero tampoco se puede ignorar que durante estos siete a\u00f1os pudimos haber contado con mejores mecanismos de prevenci\u00f3n, protocolos homologados, fiscal\u00edas especializadas, investigaciones con perspectiva de g\u00e9nero y reglas uniformes en todo el pa\u00eds.<\/p>\n\n\n\n<p class=\"wp-block-paragraph\">\u00bfCu\u00e1ntas mujeres pudieron haber sido protegidas a tiempo? \u00bfCu\u00e1ntos antecedentes de violencia pudieron haberse detectado? \u00bfCu\u00e1ntos feminicidas pudieron haber sido identificados, localizados y llevados ante la justicia? Nunca lo sabremos. Lo que s\u00ed sabemos es que desperdiciamos siete a\u00f1os.<\/p>\n\n\n\n<p class=\"wp-block-paragraph\">En su momento, cuando el gobierno faccioso de L\u00f3pez Obrador tuvo frente a s\u00ed una propuesta \u00fatil para combatir el feminicidio, prefiri\u00f3 verla como una iniciativa de la oposici\u00f3n antes que como una herramienta del Estado mexicano.<\/p>\n\n\n\n<p class=\"wp-block-paragraph\">Ahora Claudia Sheinbaum hace algo distinto. En lugar de bloquearla, como hizo su antecesor, b\u00e1sicamente retoma aquella idea, la actualiza, la ampl\u00eda y la presenta como propia. Entre ambas actitudes, desde luego, prefiero la segunda: trat\u00e1ndose de salvar vidas, bienvenido sea el plagio pol\u00edtico. Pero habr\u00eda sido un buen gesto democr\u00e1tico e intelectualmente honesto reconocer el antecedente.<\/p>\n\n\n\n<p class=\"wp-block-paragraph\">Las buenas pol\u00edticas p\u00fablicas no tienen partido. De hecho, deber\u00eda ser habitual que un gobierno reconozca una buena propuesta de la oposici\u00f3n, la mejore y la convierta en pol\u00edtica de Estado sin sentir que con ello concede una victoria al adversario.<\/p>\n\n\n\n<p class=\"wp-block-paragraph\">Por eso celebro que finalmente tengamos la oportunidad de construir una Ley General en materia de feminicidio. Ojal\u00e1 sea una buena ley. Ojal\u00e1 cuente con presupuesto suficiente. Ojal\u00e1 profesionalice las investigaciones y ayude efectivamente a prevenir feminicidios y castigar a quienes los cometen.<\/p>\n\n\n\n<p class=\"wp-block-paragraph\">Pero tambi\u00e9n ojal\u00e1 aprendamos algo de estos siete a\u00f1os perdidos: cuando el sectarismo pol\u00edtico impide reconocer una buena idea simplemente porque viene del adversario, quienes terminan pagando el costo no son los partidos, son las personas, y en este caso, muchas pagaron con la vida.<\/p>\n","protected":false},"excerpt":{"rendered":"<p>Hay decisiones p\u00fablicas que deben celebrarse, aunque lleguen tarde. La iniciativa de la presidenta Claudia&#8230;<\/p>\n","protected":false},"author":99,"featured_media":17170,"comment_status":"open","ping_status":"open","sticky":false,"template":"","format":"standard","meta":{"footnotes":""},"categories":[13],"tags":[2758],"class_list":["post-17169","post","type-post","status-publish","format-standard","has-post-thumbnail","hentry","category-politica","tag-violencia-contra-las-mujeres"],"yoast_head":"<!-- This site is optimized with the Yoast SEO plugin v28.4 - https:\/\/yoast.com\/product\/yoast-seo-wordpress\/ -->\n<title>Sheinbaum retoma iniciativa del PAN\u00a0 -<\/title>\n<meta name=\"description\" content=\"Las buenas pol\u00edticas p\u00fablicas no tienen partido. De hecho, deber\u00eda ser habitual que un gobierno reconozca una buena propuesta de la oposici\u00f3n,\" \/>\n<meta name=\"robots\" content=\"index, follow, max-snippet:-1, max-image-preview:large, max-video-preview:-1\" \/>\n<link rel=\"canonical\" href=\"https:\/\/arjenoticias.com.mx\/?p=17169\" \/>\n<meta property=\"og:locale\" content=\"es_MX\" \/>\n<meta property=\"og:type\" content=\"article\" \/>\n<meta property=\"og:title\" content=\"Sheinbaum retoma iniciativa del PAN\u00a0 -\" \/>\n<meta property=\"og:description\" content=\"Las buenas pol\u00edticas p\u00fablicas no tienen partido. De hecho, deber\u00eda ser habitual que un gobierno reconozca una buena propuesta de la oposici\u00f3n,\" \/>\n<meta property=\"og:url\" content=\"https:\/\/arjenoticias.com.mx\/?p=17169\" \/>\n<meta property=\"article:published_time\" content=\"2026-08-16T13:08:58+00:00\" \/>\n<meta name=\"author\" content=\"Marcos Per\u00e9z Esquer\" \/>\n<meta name=\"twitter:card\" content=\"summary_large_image\" \/>\n<meta name=\"twitter:label1\" content=\"Escrito por\" \/>\n\t<meta name=\"twitter:data1\" content=\"Marcos Per\u00e9z Esquer\" \/>\n\t<meta name=\"twitter:label2\" content=\"Tiempo de lectura\" \/>\n\t<meta name=\"twitter:data2\" content=\"4 minutos\" \/>\n<script type=\"application\/ld+json\" class=\"yoast-schema-graph\">{\"@context\":\"https:\\\/\\\/schema.org\",\"@graph\":[{\"@type\":\"Article\",\"@id\":\"https:\\\/\\\/arjenoticias.com.mx\\\/?p=17169#article\",\"isPartOf\":{\"@id\":\"https:\\\/\\\/arjenoticias.com.mx\\\/?p=17169\"},\"author\":{\"name\":\"Marcos Per\u00e9z Esquer\",\"@id\":\"https:\\\/\\\/arjenoticias.com.mx\\\/#\\\/schema\\\/person\\\/f7abc9c511560e4c37dd66b74e9d8c18\"},\"headline\":\"Sheinbaum retoma iniciativa del PAN\u00a0\",\"datePublished\":\"2026-08-16T13:08:58+00:00\",\"mainEntityOfPage\":{\"@id\":\"https:\\\/\\\/arjenoticias.com.mx\\\/?p=17169\"},\"wordCount\":708,\"commentCount\":0,\"publisher\":{\"@id\":\"https:\\\/\\\/arjenoticias.com.mx\\\/#organization\"},\"image\":{\"@id\":\"https:\\\/\\\/arjenoticias.com.mx\\\/?p=17169#primaryimage\"},\"thumbnailUrl\":\"\",\"keywords\":[\"Violencia contra las mujeres\"],\"articleSection\":[\"Pol\u00edtica\"],\"inLanguage\":\"es\",\"potentialAction\":[{\"@type\":\"CommentAction\",\"name\":\"Comment\",\"target\":[\"https:\\\/\\\/arjenoticias.com.mx\\\/?p=17169#respond\"]}]},{\"@type\":\"WebPage\",\"@id\":\"https:\\\/\\\/arjenoticias.com.mx\\\/?p=17169\",\"url\":\"https:\\\/\\\/arjenoticias.com.mx\\\/?p=17169\",\"name\":\"Sheinbaum retoma iniciativa del PAN\u00a0 -\",\"isPartOf\":{\"@id\":\"https:\\\/\\\/arjenoticias.com.mx\\\/#website\"},\"primaryImageOfPage\":{\"@id\":\"https:\\\/\\\/arjenoticias.com.mx\\\/?p=17169#primaryimage\"},\"image\":{\"@id\":\"https:\\\/\\\/arjenoticias.com.mx\\\/?p=17169#primaryimage\"},\"thumbnailUrl\":\"\",\"datePublished\":\"2026-08-16T13:08:58+00:00\",\"description\":\"Las buenas pol\u00edticas p\u00fablicas no tienen partido. De hecho, deber\u00eda ser habitual que un gobierno reconozca una buena propuesta de la oposici\u00f3n,\",\"breadcrumb\":{\"@id\":\"https:\\\/\\\/arjenoticias.com.mx\\\/?p=17169#breadcrumb\"},\"inLanguage\":\"es\",\"potentialAction\":[{\"@type\":\"ReadAction\",\"target\":[\"https:\\\/\\\/arjenoticias.com.mx\\\/?p=17169\"]}]},{\"@type\":\"ImageObject\",\"inLanguage\":\"es\",\"@id\":\"https:\\\/\\\/arjenoticias.com.mx\\\/?p=17169#primaryimage\",\"url\":\"\",\"contentUrl\":\"\"},{\"@type\":\"BreadcrumbList\",\"@id\":\"https:\\\/\\\/arjenoticias.com.mx\\\/?p=17169#breadcrumb\",\"itemListElement\":[{\"@type\":\"ListItem\",\"position\":1,\"name\":\"Inicio\",\"item\":\"https:\\\/\\\/arjenoticias.com.mx\\\/\"},{\"@type\":\"ListItem\",\"position\":2,\"name\":\"Sheinbaum retoma iniciativa del PAN\u00a0\"}]},{\"@type\":\"WebSite\",\"@id\":\"https:\\\/\\\/arjenoticias.com.mx\\\/#website\",\"url\":\"https:\\\/\\\/arjenoticias.com.mx\\\/\",\"name\":\"arjenoticias.com.mx\",\"description\":\"\",\"publisher\":{\"@id\":\"https:\\\/\\\/arjenoticias.com.mx\\\/#organization\"},\"potentialAction\":[{\"@type\":\"SearchAction\",\"target\":{\"@type\":\"EntryPoint\",\"urlTemplate\":\"https:\\\/\\\/arjenoticias.com.mx\\\/?s={search_term_string}\"},\"query-input\":{\"@type\":\"PropertyValueSpecification\",\"valueRequired\":true,\"valueName\":\"search_term_string\"}}],\"inLanguage\":\"es\"},{\"@type\":\"Organization\",\"@id\":\"https:\\\/\\\/arjenoticias.com.mx\\\/#organization\",\"name\":\"Arj\u00e9 de M\u00e9xico Noticias\",\"url\":\"https:\\\/\\\/arjenoticias.com.mx\\\/\",\"logo\":{\"@type\":\"ImageObject\",\"inLanguage\":\"es\",\"@id\":\"https:\\\/\\\/arjenoticias.com.mx\\\/#\\\/schema\\\/logo\\\/image\\\/\",\"url\":\"https:\\\/\\\/arjenoticias.com.mx\\\/wp-content\\\/uploads\\\/2025\\\/07\\\/cropped-logo-scaled-1.png\",\"contentUrl\":\"https:\\\/\\\/arjenoticias.com.mx\\\/wp-content\\\/uploads\\\/2025\\\/07\\\/cropped-logo-scaled-1.png\",\"width\":2558,\"height\":558,\"caption\":\"Arj\u00e9 de M\u00e9xico Noticias\"},\"image\":{\"@id\":\"https:\\\/\\\/arjenoticias.com.mx\\\/#\\\/schema\\\/logo\\\/image\\\/\"}},{\"@type\":\"Person\",\"@id\":\"https:\\\/\\\/arjenoticias.com.mx\\\/#\\\/schema\\\/person\\\/f7abc9c511560e4c37dd66b74e9d8c18\",\"name\":\"Marcos Per\u00e9z Esquer\",\"image\":{\"@type\":\"ImageObject\",\"inLanguage\":\"es\",\"@id\":\"https:\\\/\\\/secure.gravatar.com\\\/avatar\\\/f9cc6166e9a6bc2d2cd1a0028bb1fbf67e9f8c63560b70ad1634e6ac6cf16faf?s=96&d=mm&r=g\",\"url\":\"https:\\\/\\\/secure.gravatar.com\\\/avatar\\\/f9cc6166e9a6bc2d2cd1a0028bb1fbf67e9f8c63560b70ad1634e6ac6cf16faf?s=96&d=mm&r=g\",\"contentUrl\":\"https:\\\/\\\/secure.gravatar.com\\\/avatar\\\/f9cc6166e9a6bc2d2cd1a0028bb1fbf67e9f8c63560b70ad1634e6ac6cf16faf?s=96&d=mm&r=g\",\"caption\":\"Marcos Per\u00e9z Esquer\"},\"url\":\"https:\\\/\\\/arjenoticias.com.mx\\\/?author=99\"}]}<\/script>\n<!-- \/ Yoast SEO plugin. -->","yoast_head_json":{"title":"Sheinbaum retoma iniciativa del PAN\u00a0 -","description":"Las buenas pol\u00edticas p\u00fablicas no tienen partido. De hecho, deber\u00eda ser habitual que un gobierno reconozca una buena propuesta de la oposici\u00f3n,","robots":{"index":"index","follow":"follow","max-snippet":"max-snippet:-1","max-image-preview":"max-image-preview:large","max-video-preview":"max-video-preview:-1"},"canonical":"https:\/\/arjenoticias.com.mx\/?p=17169","og_locale":"es_MX","og_type":"article","og_title":"Sheinbaum retoma iniciativa del PAN\u00a0 -","og_description":"Las buenas pol\u00edticas p\u00fablicas no tienen partido. De hecho, deber\u00eda ser habitual que un gobierno reconozca una buena propuesta de la oposici\u00f3n,","og_url":"https:\/\/arjenoticias.com.mx\/?p=17169","article_published_time":"2026-08-16T13:08:58+00:00","author":"Marcos Per\u00e9z Esquer","twitter_card":"summary_large_image","twitter_misc":{"Escrito por":"Marcos Per\u00e9z Esquer","Tiempo de lectura":"4 minutos"},"schema":{"@context":"https:\/\/schema.org","@graph":[{"@type":"Article","@id":"https:\/\/arjenoticias.com.mx\/?p=17169#article","isPartOf":{"@id":"https:\/\/arjenoticias.com.mx\/?p=17169"},"author":{"name":"Marcos Per\u00e9z Esquer","@id":"https:\/\/arjenoticias.com.mx\/#\/schema\/person\/f7abc9c511560e4c37dd66b74e9d8c18"},"headline":"Sheinbaum retoma iniciativa del PAN\u00a0","datePublished":"2026-08-16T13:08:58+00:00","mainEntityOfPage":{"@id":"https:\/\/arjenoticias.com.mx\/?p=17169"},"wordCount":708,"commentCount":0,"publisher":{"@id":"https:\/\/arjenoticias.com.mx\/#organization"},"image":{"@id":"https:\/\/arjenoticias.com.mx\/?p=17169#primaryimage"},"thumbnailUrl":"","keywords":["Violencia contra las mujeres"],"articleSection":["Pol\u00edtica"],"inLanguage":"es","potentialAction":[{"@type":"CommentAction","name":"Comment","target":["https:\/\/arjenoticias.com.mx\/?p=17169#respond"]}]},{"@type":"WebPage","@id":"https:\/\/arjenoticias.com.mx\/?p=17169","url":"https:\/\/arjenoticias.com.mx\/?p=17169","name":"Sheinbaum retoma iniciativa del PAN\u00a0 -","isPartOf":{"@id":"https:\/\/arjenoticias.com.mx\/#website"},"primaryImageOfPage":{"@id":"https:\/\/arjenoticias.com.mx\/?p=17169#primaryimage"},"image":{"@id":"https:\/\/arjenoticias.com.mx\/?p=17169#primaryimage"},"thumbnailUrl":"","datePublished":"2026-08-16T13:08:58+00:00","description":"Las buenas pol\u00edticas p\u00fablicas no tienen partido. De hecho, deber\u00eda ser habitual que un gobierno reconozca una buena propuesta de la oposici\u00f3n,","breadcrumb":{"@id":"https:\/\/arjenoticias.com.mx\/?p=17169#breadcrumb"},"inLanguage":"es","potentialAction":[{"@type":"ReadAction","target":["https:\/\/arjenoticias.com.mx\/?p=17169"]}]},{"@type":"ImageObject","inLanguage":"es","@id":"https:\/\/arjenoticias.com.mx\/?p=17169#primaryimage","url":"","contentUrl":""},{"@type":"BreadcrumbList","@id":"https:\/\/arjenoticias.com.mx\/?p=17169#breadcrumb","itemListElement":[{"@type":"ListItem","position":1,"name":"Inicio","item":"https:\/\/arjenoticias.com.mx\/"},{"@type":"ListItem","position":2,"name":"Sheinbaum retoma iniciativa del PAN\u00a0"}]},{"@type":"WebSite","@id":"https:\/\/arjenoticias.com.mx\/#website","url":"https:\/\/arjenoticias.com.mx\/","name":"arjenoticias.com.mx","description":"","publisher":{"@id":"https:\/\/arjenoticias.com.mx\/#organization"},"potentialAction":[{"@type":"SearchAction","target":{"@type":"EntryPoint","urlTemplate":"https:\/\/arjenoticias.com.mx\/?s={search_term_string}"},"query-input":{"@type":"PropertyValueSpecification","valueRequired":true,"valueName":"search_term_string"}}],"inLanguage":"es"},{"@type":"Organization","@id":"https:\/\/arjenoticias.com.mx\/#organization","name":"Arj\u00e9 de M\u00e9xico Noticias","url":"https:\/\/arjenoticias.com.mx\/","logo":{"@type":"ImageObject","inLanguage":"es","@id":"https:\/\/arjenoticias.com.mx\/#\/schema\/logo\/image\/","url":"https:\/\/arjenoticias.com.mx\/wp-content\/uploads\/2025\/07\/cropped-logo-scaled-1.png","contentUrl":"https:\/\/arjenoticias.com.mx\/wp-content\/uploads\/2025\/07\/cropped-logo-scaled-1.png","width":2558,"height":558,"caption":"Arj\u00e9 de M\u00e9xico Noticias"},"image":{"@id":"https:\/\/arjenoticias.com.mx\/#\/schema\/logo\/image\/"}},{"@type":"Person","@id":"https:\/\/arjenoticias.com.mx\/#\/schema\/person\/f7abc9c511560e4c37dd66b74e9d8c18","name":"Marcos Per\u00e9z Esquer","image":{"@type":"ImageObject","inLanguage":"es","@id":"https:\/\/secure.gravatar.com\/avatar\/f9cc6166e9a6bc2d2cd1a0028bb1fbf67e9f8c63560b70ad1634e6ac6cf16faf?s=96&d=mm&r=g","url":"https:\/\/secure.gravatar.com\/avatar\/f9cc6166e9a6bc2d2cd1a0028bb1fbf67e9f8c63560b70ad1634e6ac6cf16faf?s=96&d=mm&r=g","contentUrl":"https:\/\/secure.gravatar.com\/avatar\/f9cc6166e9a6bc2d2cd1a0028bb1fbf67e9f8c63560b70ad1634e6ac6cf16faf?s=96&d=mm&r=g","caption":"Marcos Per\u00e9z Esquer"},"url":"https:\/\/arjenoticias.com.mx\/?author=99"}]}},"_links":{"self":[{"href":"https:\/\/arjenoticias.com.mx\/index.php?rest_route=\/wp\/v2\/posts\/17169","targetHints":{"allow":["GET"]}}],"collection":[{"href":"https:\/\/arjenoticias.com.mx\/index.php?rest_route=\/wp\/v2\/posts"}],"about":[{"href":"https:\/\/arjenoticias.com.mx\/index.php?rest_route=\/wp\/v2\/types\/post"}],"author":[{"embeddable":true,"href":"https:\/\/arjenoticias.com.mx\/index.php?rest_route=\/wp\/v2\/users\/99"}],"replies":[{"embeddable":true,"href":"https:\/\/arjenoticias.com.mx\/index.php?rest_route=%2Fwp%2Fv2%2Fcomments&post=17169"}],"version-history":[{"count":0,"href":"https:\/\/arjenoticias.com.mx\/index.php?rest_route=\/wp\/v2\/posts\/17169\/revisions"}],"wp:attachment":[{"href":"https:\/\/arjenoticias.com.mx\/index.php?rest_route=%2Fwp%2Fv2%2Fmedia&parent=17169"}],"wp:term":[{"taxonomy":"category","embeddable":true,"href":"https:\/\/arjenoticias.com.mx\/index.php?rest_route=%2Fwp%2Fv2%2Fcategories&post=17169"},{"taxonomy":"post_tag","embeddable":true,"href":"https:\/\/arjenoticias.com.mx\/index.php?rest_route=%2Fwp%2Fv2%2Ftags&post=17169"}],"curies":[{"name":"wp","href":"https:\/\/api.w.org\/{rel}","templated":true}]}}