{"id":17166,"date":"2026-08-16T07:02:57","date_gmt":"2026-08-16T13:02:57","guid":{"rendered":"https:\/\/arjenoticias.com\/?p=17166"},"modified":"2026-08-16T07:02:57","modified_gmt":"2026-08-16T13:02:57","slug":"produccion-y-productividad","status":"publish","type":"post","link":"https:\/\/arjenoticias.com.mx\/?p=17166","title":{"rendered":"Producci\u00f3n y productividad"},"content":{"rendered":"\n<p class=\"wp-block-paragraph\">M\u00e9xico es un pa\u00eds de talla media. En lo econ\u00f3mico su PIB se encuentra entre los 16 primeros pa\u00edses y en lo referente al valor de su comercio exterior entre los 10 primeros. Es el primer proveedor de los Estados Unidos, por lo que goza de buena posici\u00f3n comparado con otros pa\u00edses. Es una econom\u00eda abierta. Nuestro crecimiento, empero, es bajo con una expansi\u00f3n en 2025 de 0.8% en 2025 y un estimado del 1.5% para el cierre de 2026. Otras econom\u00edas registran tasas de crecimiento de doble d\u00edgitos, como Singapur (12.1%), Taiw\u00e1n (34.7%), Suiza (23.9%), China, (5.6%,) seguido por Estados Unidos con el (5.5%) y Alemania con (5.2 %). Estamo en el lugar 76 en PIB per c\u00e1pita.<\/p>\n\n\n\n<p class=\"wp-block-paragraph\">En cuanto al bienestar y calidad de vida, M\u00e9xico se sit\u00faa en los niveles m\u00e1s bajos de la OCDE. Solo el 78% de la poblaci\u00f3n cuenta con servicios b\u00e1sicos de salud. Canad\u00e1 ocupa el primer puesto en calidad de vida, seguido por Chile, Uruguay, Argentina y Estados Unidos.<\/p>\n\n\n\n<p class=\"wp-block-paragraph\">En el \u00edndice de desarrollo humano M\u00e9xico ocupa a nivel mundial el puesto 81 entre 183, por los desaf\u00edos de seguridad, el debilitamiento institucional. En presiones ambientales. Una parte importante del 70% del PIB lo aporta el comercio exterior. Con una poblaci\u00f3n laboral de 60 millones, su nivel de vida general es el m\u00e1s bajo de la OCDE . Nos falta ser m\u00e1s productivos.<\/p>\n\n\n\n<p class=\"wp-block-paragraph\">Se suele atribuir la baja producci\u00f3n de bienes y servicios a nuestro bajo \u00edndice de productividad. No es lo mismo producci\u00f3n que productividad. La diferencia consiste entre usar m\u00e1s o menos insumos para obtener una producci\u00f3n dada.<\/p>\n\n\n\n<p class=\"wp-block-paragraph\">Se dice que el problema de M\u00e9xico es su falta de productividad. Que si aumentamos la productividad se subir\u00eda la producci\u00f3n nacional. No es as\u00ed. Si empleamos menos tiempo e insumos para producir determinada cantidad de productos, no aumentamos la producci\u00f3n, sino s\u00f3lo recortamos el insumo (horas de empleo), para lograr lo mismo.<\/p>\n\n\n\n<p class=\"wp-block-paragraph\">Inducir mayor productividad reduciendo insumos o factor trabajo no crea empleos, incluso los reducen. La pol\u00edtica del gobierno debe estimular m\u00e1s la producci\u00f3n nacional con base a nuestros propios factores. Hay que aprovechar la reserva de empleo todav\u00eda informal, m\u00e1s del 50% de la fuerza laboral, para en ella crear los empleos formales que el desarrollo nacional requiere con urgencia.<\/p>\n\n\n\n<p class=\"wp-block-paragraph\">\u00bfQu\u00e9 queremos para dinamizar al pa\u00eds? \u00bfM\u00e1s producci\u00f3n o m\u00e1s empleo? \u00bfMayor producci\u00f3n o mayor rendimiento? Las dos. Adem\u00e1s, est\u00e1 la presencia de la ambiciosa IA.<\/p>\n\n\n\n<p class=\"wp-block-paragraph\">El camino es claro. Tenemos que producir m\u00e1s art\u00edculos y servicios para ocupar nuestro sub aprovechado potencial laboral. Satisfacer la demanda interna, ajustar las importaciones y seguir aumentando nuestra oferta de exportaci\u00f3n a todo mundo.<\/p>\n\n\n\n<p class=\"wp-block-paragraph\">Ya destinamos nada menos que el 83.3% de la exportaci\u00f3n mexicana a Estados Unidos donde con 15% de sus importaciones. Representamos el 2.55% del comercio mundial al igual que Canad\u00e1. Esta exportaci\u00f3n la debemos considerar s\u00f3lida. Con nuestra poblaci\u00f3n de m\u00e1s de 130 millones, ya pesamos en el escenario internacional. En el T MEC podemos aumentar nuestras ventas a Estados Unidos, mediante las estrategias que nuestra vecindad hace posible. Por otra parte, el no producir suficientes bienes y servicios para atender nuestra demanda interna significa generar m\u00e1s d\u00e9ficit en la balanza comercial general.<\/p>\n\n\n\n<p class=\"wp-block-paragraph\">Podemos surtir demandas en otros mercados como por ejemplo China con 17% de la poblaci\u00f3n y del comercio mundial. Corea del Sur, exporta 3% del comercio mundial y otros pa\u00edses con poblaciones muy inferiores a la nuestra como las europeas ocupan los primeros lugares mundiales.<\/p>\n\n\n\n<p class=\"wp-block-paragraph\">Hay otro aspecto de nuestra realidad socioecon\u00f3mica: el grueso de este \u00e9xito lo aporta un porcentaje menor de la poblaci\u00f3n laboral del pa\u00eds. El 90% de las importaciones industriales lo realizan grandes empresas o corporaciones de mayor\u00eda extranjera. S\u00f3lo una m\u00ednima parte de la fuerza informal participa indirectamente en cadenas de producci\u00f3n.<\/p>\n\n\n\n<p class=\"wp-block-paragraph\">Alrededor del 38-40% de nuestro PNB se debe a las exportaciones. El total de exportaciones e importaciones equivale a m\u00e1s del 70% de la actividad econ\u00f3mica del pa\u00eds, esto no quiere decir que la poblaci\u00f3n entera sino solo el dato estad\u00edstico del PNB.<\/p>\n\n\n\n<p class=\"wp-block-paragraph\">Las grandes empresas industriales mexicanas y multinacionales concentran aproximadamente el 80% a 85% del valor total de las exportaciones de M\u00e9xico empleando s\u00f3lo un m\u00ednimo del total de la poblaci\u00f3n laboral. Aunque las micro, peque\u00f1as y medianas empresas (MiPyMEs), representan la inmensa mayor\u00eda de las unidades econ\u00f3micas del pa\u00eds, el valor monetario de sus env\u00edos al extranjero est\u00e1 altamente centralizado en los grandes corporativos, especialmente dentro del sector automotriz y electr\u00f3nico.<\/p>\n\n\n\n<p class=\"wp-block-paragraph\">En cuanto a las exportaciones agr\u00edcolas y agroalimentarias consistente en frutas y legumbres, la mayor\u00eda se encausan a trav\u00e9s de grandes distribuidoras norteamericanas, mientras que pocas asociaciones agr\u00edcolas mexicanas encausan el grueso de las exportaciones. La exportaciones agr\u00edcolas la realizan unos 1.5 millones de individuos.<\/p>\n\n\n\n<p class=\"wp-block-paragraph\">Hay que corregir estas concentraciones a fin de acercarnos a una econom\u00eda realmente participativa.<\/p>\n\n\n\n<p class=\"wp-block-paragraph\">juliofelipefaesler@yahoo.com<\/p>\n\n\n\n<p class=\"wp-block-paragraph\">13 de agosto 2026<\/p>\n","protected":false},"excerpt":{"rendered":"<p>M\u00e9xico es un pa\u00eds de talla media. En lo econ\u00f3mico su PIB se encuentra entre&#8230;<\/p>\n","protected":false},"author":79,"featured_media":17167,"comment_status":"open","ping_status":"open","sticky":false,"template":"","format":"standard","meta":{"footnotes":""},"categories":[10],"tags":[2180],"class_list":["post-17166","post","type-post","status-publish","format-standard","has-post-thumbnail","hentry","category-negocios","tag-produccion-y-productividad"],"yoast_head":"<!-- This site is optimized with the Yoast SEO plugin v28.4 - https:\/\/yoast.com\/product\/yoast-seo-wordpress\/ -->\n<title>Producci\u00f3n y productividad -<\/title>\n<meta name=\"description\" content=\"En el \u00edndice de desarrollo humano M\u00e9xico ocupa a nivel mundial el puesto 81 entre 183, por los desaf\u00edos de seguridad, el debilitamiento institucional\" \/>\n<meta name=\"robots\" content=\"index, follow, max-snippet:-1, max-image-preview:large, max-video-preview:-1\" \/>\n<link rel=\"canonical\" href=\"https:\/\/arjenoticias.com.mx\/?p=17166\" \/>\n<meta property=\"og:locale\" content=\"es_MX\" \/>\n<meta property=\"og:type\" content=\"article\" \/>\n<meta property=\"og:title\" content=\"Producci\u00f3n y productividad -\" \/>\n<meta property=\"og:description\" content=\"En el \u00edndice de desarrollo humano M\u00e9xico ocupa a nivel mundial el puesto 81 entre 183, por los desaf\u00edos de seguridad, el debilitamiento institucional\" \/>\n<meta property=\"og:url\" content=\"https:\/\/arjenoticias.com.mx\/?p=17166\" \/>\n<meta property=\"article:published_time\" content=\"2026-08-16T13:02:57+00:00\" \/>\n<meta name=\"author\" content=\"Julio Faesler\" \/>\n<meta name=\"twitter:card\" content=\"summary_large_image\" \/>\n<meta name=\"twitter:label1\" content=\"Escrito por\" \/>\n\t<meta name=\"twitter:data1\" content=\"Julio Faesler\" \/>\n\t<meta name=\"twitter:label2\" content=\"Tiempo de lectura\" \/>\n\t<meta name=\"twitter:data2\" content=\"4 minutos\" \/>\n<script type=\"application\/ld+json\" class=\"yoast-schema-graph\">{\"@context\":\"https:\\\/\\\/schema.org\",\"@graph\":[{\"@type\":\"Article\",\"@id\":\"https:\\\/\\\/arjenoticias.com.mx\\\/?p=17166#article\",\"isPartOf\":{\"@id\":\"https:\\\/\\\/arjenoticias.com.mx\\\/?p=17166\"},\"author\":{\"name\":\"Julio Faesler\",\"@id\":\"https:\\\/\\\/arjenoticias.com.mx\\\/#\\\/schema\\\/person\\\/41e717815dd1bca42160e91964e92454\"},\"headline\":\"Producci\u00f3n y productividad\",\"datePublished\":\"2026-08-16T13:02:57+00:00\",\"mainEntityOfPage\":{\"@id\":\"https:\\\/\\\/arjenoticias.com.mx\\\/?p=17166\"},\"wordCount\":863,\"commentCount\":0,\"publisher\":{\"@id\":\"https:\\\/\\\/arjenoticias.com.mx\\\/#organization\"},\"image\":{\"@id\":\"https:\\\/\\\/arjenoticias.com.mx\\\/?p=17166#primaryimage\"},\"thumbnailUrl\":\"\",\"keywords\":[\"Producci\u00f3n y productividad\"],\"articleSection\":[\"Negocios\"],\"inLanguage\":\"es\",\"potentialAction\":[{\"@type\":\"CommentAction\",\"name\":\"Comment\",\"target\":[\"https:\\\/\\\/arjenoticias.com.mx\\\/?p=17166#respond\"]}]},{\"@type\":\"WebPage\",\"@id\":\"https:\\\/\\\/arjenoticias.com.mx\\\/?p=17166\",\"url\":\"https:\\\/\\\/arjenoticias.com.mx\\\/?p=17166\",\"name\":\"Producci\u00f3n y productividad -\",\"isPartOf\":{\"@id\":\"https:\\\/\\\/arjenoticias.com.mx\\\/#website\"},\"primaryImageOfPage\":{\"@id\":\"https:\\\/\\\/arjenoticias.com.mx\\\/?p=17166#primaryimage\"},\"image\":{\"@id\":\"https:\\\/\\\/arjenoticias.com.mx\\\/?p=17166#primaryimage\"},\"thumbnailUrl\":\"\",\"datePublished\":\"2026-08-16T13:02:57+00:00\",\"description\":\"En el \u00edndice de desarrollo humano M\u00e9xico ocupa a nivel mundial el puesto 81 entre 183, por los desaf\u00edos de seguridad, el debilitamiento institucional\",\"breadcrumb\":{\"@id\":\"https:\\\/\\\/arjenoticias.com.mx\\\/?p=17166#breadcrumb\"},\"inLanguage\":\"es\",\"potentialAction\":[{\"@type\":\"ReadAction\",\"target\":[\"https:\\\/\\\/arjenoticias.com.mx\\\/?p=17166\"]}]},{\"@type\":\"ImageObject\",\"inLanguage\":\"es\",\"@id\":\"https:\\\/\\\/arjenoticias.com.mx\\\/?p=17166#primaryimage\",\"url\":\"\",\"contentUrl\":\"\"},{\"@type\":\"BreadcrumbList\",\"@id\":\"https:\\\/\\\/arjenoticias.com.mx\\\/?p=17166#breadcrumb\",\"itemListElement\":[{\"@type\":\"ListItem\",\"position\":1,\"name\":\"Inicio\",\"item\":\"https:\\\/\\\/arjenoticias.com.mx\\\/\"},{\"@type\":\"ListItem\",\"position\":2,\"name\":\"Producci\u00f3n y productividad\"}]},{\"@type\":\"WebSite\",\"@id\":\"https:\\\/\\\/arjenoticias.com.mx\\\/#website\",\"url\":\"https:\\\/\\\/arjenoticias.com.mx\\\/\",\"name\":\"arjenoticias.com.mx\",\"description\":\"\",\"publisher\":{\"@id\":\"https:\\\/\\\/arjenoticias.com.mx\\\/#organization\"},\"potentialAction\":[{\"@type\":\"SearchAction\",\"target\":{\"@type\":\"EntryPoint\",\"urlTemplate\":\"https:\\\/\\\/arjenoticias.com.mx\\\/?s={search_term_string}\"},\"query-input\":{\"@type\":\"PropertyValueSpecification\",\"valueRequired\":true,\"valueName\":\"search_term_string\"}}],\"inLanguage\":\"es\"},{\"@type\":\"Organization\",\"@id\":\"https:\\\/\\\/arjenoticias.com.mx\\\/#organization\",\"name\":\"Arj\u00e9 de M\u00e9xico Noticias\",\"url\":\"https:\\\/\\\/arjenoticias.com.mx\\\/\",\"logo\":{\"@type\":\"ImageObject\",\"inLanguage\":\"es\",\"@id\":\"https:\\\/\\\/arjenoticias.com.mx\\\/#\\\/schema\\\/logo\\\/image\\\/\",\"url\":\"https:\\\/\\\/arjenoticias.com.mx\\\/wp-content\\\/uploads\\\/2025\\\/07\\\/cropped-logo-scaled-1.png\",\"contentUrl\":\"https:\\\/\\\/arjenoticias.com.mx\\\/wp-content\\\/uploads\\\/2025\\\/07\\\/cropped-logo-scaled-1.png\",\"width\":2558,\"height\":558,\"caption\":\"Arj\u00e9 de M\u00e9xico Noticias\"},\"image\":{\"@id\":\"https:\\\/\\\/arjenoticias.com.mx\\\/#\\\/schema\\\/logo\\\/image\\\/\"}},{\"@type\":\"Person\",\"@id\":\"https:\\\/\\\/arjenoticias.com.mx\\\/#\\\/schema\\\/person\\\/41e717815dd1bca42160e91964e92454\",\"name\":\"Julio Faesler\",\"image\":{\"@type\":\"ImageObject\",\"inLanguage\":\"es\",\"@id\":\"https:\\\/\\\/secure.gravatar.com\\\/avatar\\\/a5686dae9ebfd7bd8d71693f8eb6994941fdf8ef30b3464ddcb49aff80f6137c?s=96&d=mm&r=g\",\"url\":\"https:\\\/\\\/secure.gravatar.com\\\/avatar\\\/a5686dae9ebfd7bd8d71693f8eb6994941fdf8ef30b3464ddcb49aff80f6137c?s=96&d=mm&r=g\",\"contentUrl\":\"https:\\\/\\\/secure.gravatar.com\\\/avatar\\\/a5686dae9ebfd7bd8d71693f8eb6994941fdf8ef30b3464ddcb49aff80f6137c?s=96&d=mm&r=g\",\"caption\":\"Julio Faesler\"},\"url\":\"https:\\\/\\\/arjenoticias.com.mx\\\/?author=79\"}]}<\/script>\n<!-- \/ Yoast SEO plugin. -->","yoast_head_json":{"title":"Producci\u00f3n y productividad -","description":"En el \u00edndice de desarrollo humano M\u00e9xico ocupa a nivel mundial el puesto 81 entre 183, por los desaf\u00edos de seguridad, el debilitamiento institucional","robots":{"index":"index","follow":"follow","max-snippet":"max-snippet:-1","max-image-preview":"max-image-preview:large","max-video-preview":"max-video-preview:-1"},"canonical":"https:\/\/arjenoticias.com.mx\/?p=17166","og_locale":"es_MX","og_type":"article","og_title":"Producci\u00f3n y productividad -","og_description":"En el \u00edndice de desarrollo humano M\u00e9xico ocupa a nivel mundial el puesto 81 entre 183, por los desaf\u00edos de seguridad, el debilitamiento institucional","og_url":"https:\/\/arjenoticias.com.mx\/?p=17166","article_published_time":"2026-08-16T13:02:57+00:00","author":"Julio Faesler","twitter_card":"summary_large_image","twitter_misc":{"Escrito por":"Julio Faesler","Tiempo de lectura":"4 minutos"},"schema":{"@context":"https:\/\/schema.org","@graph":[{"@type":"Article","@id":"https:\/\/arjenoticias.com.mx\/?p=17166#article","isPartOf":{"@id":"https:\/\/arjenoticias.com.mx\/?p=17166"},"author":{"name":"Julio Faesler","@id":"https:\/\/arjenoticias.com.mx\/#\/schema\/person\/41e717815dd1bca42160e91964e92454"},"headline":"Producci\u00f3n y productividad","datePublished":"2026-08-16T13:02:57+00:00","mainEntityOfPage":{"@id":"https:\/\/arjenoticias.com.mx\/?p=17166"},"wordCount":863,"commentCount":0,"publisher":{"@id":"https:\/\/arjenoticias.com.mx\/#organization"},"image":{"@id":"https:\/\/arjenoticias.com.mx\/?p=17166#primaryimage"},"thumbnailUrl":"","keywords":["Producci\u00f3n y productividad"],"articleSection":["Negocios"],"inLanguage":"es","potentialAction":[{"@type":"CommentAction","name":"Comment","target":["https:\/\/arjenoticias.com.mx\/?p=17166#respond"]}]},{"@type":"WebPage","@id":"https:\/\/arjenoticias.com.mx\/?p=17166","url":"https:\/\/arjenoticias.com.mx\/?p=17166","name":"Producci\u00f3n y productividad -","isPartOf":{"@id":"https:\/\/arjenoticias.com.mx\/#website"},"primaryImageOfPage":{"@id":"https:\/\/arjenoticias.com.mx\/?p=17166#primaryimage"},"image":{"@id":"https:\/\/arjenoticias.com.mx\/?p=17166#primaryimage"},"thumbnailUrl":"","datePublished":"2026-08-16T13:02:57+00:00","description":"En el \u00edndice de desarrollo humano M\u00e9xico ocupa a nivel mundial el puesto 81 entre 183, por los desaf\u00edos de seguridad, el debilitamiento institucional","breadcrumb":{"@id":"https:\/\/arjenoticias.com.mx\/?p=17166#breadcrumb"},"inLanguage":"es","potentialAction":[{"@type":"ReadAction","target":["https:\/\/arjenoticias.com.mx\/?p=17166"]}]},{"@type":"ImageObject","inLanguage":"es","@id":"https:\/\/arjenoticias.com.mx\/?p=17166#primaryimage","url":"","contentUrl":""},{"@type":"BreadcrumbList","@id":"https:\/\/arjenoticias.com.mx\/?p=17166#breadcrumb","itemListElement":[{"@type":"ListItem","position":1,"name":"Inicio","item":"https:\/\/arjenoticias.com.mx\/"},{"@type":"ListItem","position":2,"name":"Producci\u00f3n y productividad"}]},{"@type":"WebSite","@id":"https:\/\/arjenoticias.com.mx\/#website","url":"https:\/\/arjenoticias.com.mx\/","name":"arjenoticias.com.mx","description":"","publisher":{"@id":"https:\/\/arjenoticias.com.mx\/#organization"},"potentialAction":[{"@type":"SearchAction","target":{"@type":"EntryPoint","urlTemplate":"https:\/\/arjenoticias.com.mx\/?s={search_term_string}"},"query-input":{"@type":"PropertyValueSpecification","valueRequired":true,"valueName":"search_term_string"}}],"inLanguage":"es"},{"@type":"Organization","@id":"https:\/\/arjenoticias.com.mx\/#organization","name":"Arj\u00e9 de M\u00e9xico Noticias","url":"https:\/\/arjenoticias.com.mx\/","logo":{"@type":"ImageObject","inLanguage":"es","@id":"https:\/\/arjenoticias.com.mx\/#\/schema\/logo\/image\/","url":"https:\/\/arjenoticias.com.mx\/wp-content\/uploads\/2025\/07\/cropped-logo-scaled-1.png","contentUrl":"https:\/\/arjenoticias.com.mx\/wp-content\/uploads\/2025\/07\/cropped-logo-scaled-1.png","width":2558,"height":558,"caption":"Arj\u00e9 de M\u00e9xico Noticias"},"image":{"@id":"https:\/\/arjenoticias.com.mx\/#\/schema\/logo\/image\/"}},{"@type":"Person","@id":"https:\/\/arjenoticias.com.mx\/#\/schema\/person\/41e717815dd1bca42160e91964e92454","name":"Julio Faesler","image":{"@type":"ImageObject","inLanguage":"es","@id":"https:\/\/secure.gravatar.com\/avatar\/a5686dae9ebfd7bd8d71693f8eb6994941fdf8ef30b3464ddcb49aff80f6137c?s=96&d=mm&r=g","url":"https:\/\/secure.gravatar.com\/avatar\/a5686dae9ebfd7bd8d71693f8eb6994941fdf8ef30b3464ddcb49aff80f6137c?s=96&d=mm&r=g","contentUrl":"https:\/\/secure.gravatar.com\/avatar\/a5686dae9ebfd7bd8d71693f8eb6994941fdf8ef30b3464ddcb49aff80f6137c?s=96&d=mm&r=g","caption":"Julio Faesler"},"url":"https:\/\/arjenoticias.com.mx\/?author=79"}]}},"_links":{"self":[{"href":"https:\/\/arjenoticias.com.mx\/index.php?rest_route=\/wp\/v2\/posts\/17166","targetHints":{"allow":["GET"]}}],"collection":[{"href":"https:\/\/arjenoticias.com.mx\/index.php?rest_route=\/wp\/v2\/posts"}],"about":[{"href":"https:\/\/arjenoticias.com.mx\/index.php?rest_route=\/wp\/v2\/types\/post"}],"author":[{"embeddable":true,"href":"https:\/\/arjenoticias.com.mx\/index.php?rest_route=\/wp\/v2\/users\/79"}],"replies":[{"embeddable":true,"href":"https:\/\/arjenoticias.com.mx\/index.php?rest_route=%2Fwp%2Fv2%2Fcomments&post=17166"}],"version-history":[{"count":0,"href":"https:\/\/arjenoticias.com.mx\/index.php?rest_route=\/wp\/v2\/posts\/17166\/revisions"}],"wp:attachment":[{"href":"https:\/\/arjenoticias.com.mx\/index.php?rest_route=%2Fwp%2Fv2%2Fmedia&parent=17166"}],"wp:term":[{"taxonomy":"category","embeddable":true,"href":"https:\/\/arjenoticias.com.mx\/index.php?rest_route=%2Fwp%2Fv2%2Fcategories&post=17166"},{"taxonomy":"post_tag","embeddable":true,"href":"https:\/\/arjenoticias.com.mx\/index.php?rest_route=%2Fwp%2Fv2%2Ftags&post=17166"}],"curies":[{"name":"wp","href":"https:\/\/api.w.org\/{rel}","templated":true}]}}