{"id":16787,"date":"2026-08-04T17:10:08","date_gmt":"2026-08-04T23:10:08","guid":{"rendered":"https:\/\/arjenoticias.com\/?p=16787"},"modified":"2026-08-04T17:10:11","modified_gmt":"2026-08-04T23:10:11","slug":"moralmente-derrotados","status":"publish","type":"post","link":"https:\/\/arjenoticias.com.mx\/lo-mas-relevante\/moralmente-derrotados\/","title":{"rendered":"Moralmente derrotados"},"content":{"rendered":"\n<p class=\"wp-block-paragraph\">Cuando Morena gan\u00f3 las elecciones en 2018, hubo grandes esperanzas que todo cambiar\u00eda para M\u00e9xico, que la corrupci\u00f3n se acabar\u00eda, que la inseguridad poco a poco iba a ceder porque con los apoyos sociales a los j\u00f3venes ya no tendr\u00edan necesidad de entrar a las filas del crimen organizado, que habr\u00eda orden, paz y justicia, provocando un gran desarrollo econ\u00f3mico para el pa\u00eds, que \u00edbamos a tener un sistema de salud mejor que el de Dinamarca, y un sinn\u00famero de beneficios para los mexicanos, que superar\u00edan todas las promesas realizadas por los partidos pol\u00edticos en toda la historia de M\u00e9xico.<\/p>\n\n\n\n<p class=\"wp-block-paragraph\">La gente con gran entusiasmo los apoy\u00f3; muchas personas con alta educaci\u00f3n universitaria, empresarios, profesionista, acad\u00e9micos y l\u00edderes sociales, as\u00ed como un gran n\u00famero de mujeres, principalmente amas de casa, no se diga las clases econ\u00f3micamente d\u00e9biles y gran parte de la clase media votaron por morena y sus aliados, con la fuerte esperanza de que sus promesas iban en serio y los resultados se dar\u00edan.<\/p>\n\n\n\n<p class=\"wp-block-paragraph\">Uno de los dichos propagados por morena y aliados para referirse a los partidos de oposici\u00f3n y a las personas que no votaron por ellos, fue el de que estaban \u201cmoralmente derrotados\u201d. Les confieso, que despu\u00e9s de presenciar la decadencia del Partido Acci\u00f3n Nacional, de haber experimentado la gran corrupci\u00f3n desplegada por el del PRI en el gobierno de Pe\u00f1a Nieto, la tibieza del PRD y la alcahueter\u00eda de Movimiento Ciudadano, me llegu\u00e9 a sentir avergonzado por ese gran triunfo del nuevo r\u00e9gimen y sent\u00ed esa derrota moral por no haber evitado el ingreso al PAN de tanto dirigente que se olvid\u00f3 del desarrollo del bien com\u00fan y se concentr\u00f3 en el desarrollo patrimonial y de poder de dichos dirigentes.<\/p>\n\n\n\n<p class=\"wp-block-paragraph\">Pero, ni para que hago un repaso mil veces hecho del gran fracaso de morena y sus aliados, que son el r\u00e9gimen que actualmente nos sojuzga, y as\u00ed lo digo clarito, no es un r\u00e9gimen que nos gobierne, sino uno que nos explota, roba y dilapida.<\/p>\n\n\n\n<p class=\"wp-block-paragraph\">Todo lo que morena y aliados prometieron resultaron ser meras falsedades, mentiras y promesas incumplidas, no porque hayan fallado, sino porque nunca tuvieron la intenci\u00f3n de cumplirlo.<\/p>\n\n\n\n<p class=\"wp-block-paragraph\">Morena domina, roba, expolia, explota y exprime a los mexicanos, eso se ha comprobado una y mil veces a trav\u00e9s de ver sus acciones perversas a lo largo del despliegue de su r\u00e9gimen. Ahora nos queda claro que se aliaron con el crimen organizado para tomar el poder, por eso nuestros vecinos del norte est\u00e1n viendo a M\u00e9xico como una gran amenaza, ya que como pintan las cosas, nada bueno se ve que sigue, sino lo que predecimos es que llegar\u00e1 una crisis econ\u00f3mica y la inseguridad se ir\u00e1 al tope, gener\u00e1ndose una gran inestabilidad pol\u00edtica que llevar\u00e1 a desestabilizar a toda Norteam\u00e9rica (M\u00e9xico, Estados Unidos y Canad\u00e1).<\/p>\n\n\n\n<p class=\"wp-block-paragraph\">La detenci\u00f3n ilegal y perversa del exgobernador de Baja California, Ernesto Ruffo Appel, es una muestra clara de lo que el r\u00e9gimen est\u00e1 dispuesto hacer para retener el poder reprimiendo, cuando se atreve a recriminar falsamente a una de las personas m\u00e1s respetadas de la oposici\u00f3n con una trayectoria intachable, aprovech\u00e1ndose del control absoluto de la Fiscal\u00eda y, sobre todo del Poder Judicial.<\/p>\n\n\n\n<p class=\"wp-block-paragraph\">Ahora me queda claro, que ellos, los del r\u00e9gimen (morena y aliados), no est\u00e1n \u201cmoralmente derrotados\u201d porque para ello antes necesitas haber tenido moral, cosa que nunca han tenido.<\/p>\n","protected":false},"excerpt":{"rendered":"<p>Cuando Morena gan\u00f3 las elecciones en 2018, hubo grandes esperanzas que todo cambiar\u00eda para M\u00e9xico,&#8230;<\/p>\n","protected":false},"author":17,"featured_media":16788,"comment_status":"open","ping_status":"open","sticky":false,"template":"","format":"standard","meta":{"footnotes":""},"categories":[605],"tags":[2687],"class_list":["post-16787","post","type-post","status-publish","format-standard","has-post-thumbnail","hentry","category-lo-mas-relevante","tag-morena-miente-roba-y-traiciona"],"yoast_head":"<!-- This site is optimized with the Yoast SEO plugin v28.4 - https:\/\/yoast.com\/product\/yoast-seo-wordpress\/ -->\n<title>Moralmente derrotados -<\/title>\n<meta name=\"description\" content=\"gran fracaso de morena y sus aliados, que son el r\u00e9gimen que actualmente nos sojuzga, y as\u00ed lo digo clarito, no es un r\u00e9gimen que nos gobierne, sino uno que nos explota, roba y dilapida.\" \/>\n<meta name=\"robots\" content=\"index, follow, max-snippet:-1, max-image-preview:large, max-video-preview:-1\" \/>\n<link rel=\"canonical\" href=\"https:\/\/arjenoticias.com.mx\/lo-mas-relevante\/moralmente-derrotados\/\" \/>\n<meta property=\"og:locale\" content=\"es_ES\" \/>\n<meta property=\"og:type\" content=\"article\" \/>\n<meta property=\"og:title\" content=\"Moralmente derrotados -\" \/>\n<meta property=\"og:description\" content=\"gran fracaso de morena y sus aliados, que son el r\u00e9gimen que actualmente nos sojuzga, y as\u00ed lo digo clarito, no es un r\u00e9gimen que nos gobierne, sino uno que nos explota, roba y dilapida.\" \/>\n<meta property=\"og:url\" content=\"https:\/\/arjenoticias.com.mx\/lo-mas-relevante\/moralmente-derrotados\/\" \/>\n<meta property=\"article:publisher\" content=\"https:\/\/www.facebook.com\/ArjeNoticiasMX\" \/>\n<meta property=\"article:published_time\" content=\"2026-08-04T23:10:08+00:00\" \/>\n<meta property=\"article:modified_time\" content=\"2026-08-04T23:10:11+00:00\" \/>\n<meta property=\"og:image\" content=\"https:\/\/arjenoticias.com.mx\/wp-content\/uploads\/2026\/08\/Carlos-Angulo-Parra.png\" \/>\n\t<meta property=\"og:image:width\" content=\"320\" \/>\n\t<meta property=\"og:image:height\" content=\"320\" \/>\n\t<meta property=\"og:image:type\" content=\"image\/png\" \/>\n<meta name=\"author\" content=\"Carlos Fernando Angulo Parra\" \/>\n<meta name=\"twitter:card\" content=\"summary_large_image\" \/>\n<meta name=\"twitter:creator\" content=\"@ArjeNoticias\" \/>\n<meta name=\"twitter:site\" content=\"@ArjeNoticias\" \/>\n<meta name=\"twitter:label1\" content=\"Escrito por\" \/>\n\t<meta name=\"twitter:data1\" content=\"Carlos Fernando Angulo Parra\" \/>\n\t<meta name=\"twitter:label2\" content=\"Tiempo de lectura\" \/>\n\t<meta name=\"twitter:data2\" content=\"3 minutos\" \/>\n<script type=\"application\/ld+json\" class=\"yoast-schema-graph\">{\"@context\":\"https:\\\/\\\/schema.org\",\"@graph\":[{\"@type\":\"Article\",\"@id\":\"https:\\\/\\\/arjenoticias.com.mx\\\/lo-mas-relevante\\\/moralmente-derrotados\\\/#article\",\"isPartOf\":{\"@id\":\"https:\\\/\\\/arjenoticias.com.mx\\\/lo-mas-relevante\\\/moralmente-derrotados\\\/\"},\"author\":{\"name\":\"Carlos Fernando Angulo Parra\",\"@id\":\"https:\\\/\\\/arjenoticias.com.mx\\\/#\\\/schema\\\/person\\\/712a8da4a87c2191f30802b596c87f12\"},\"headline\":\"Moralmente derrotados\",\"datePublished\":\"2026-08-04T23:10:08+00:00\",\"dateModified\":\"2026-08-04T23:10:11+00:00\",\"mainEntityOfPage\":{\"@id\":\"https:\\\/\\\/arjenoticias.com.mx\\\/lo-mas-relevante\\\/moralmente-derrotados\\\/\"},\"wordCount\":608,\"commentCount\":0,\"publisher\":{\"@id\":\"https:\\\/\\\/arjenoticias.com.mx\\\/#organization\"},\"image\":{\"@id\":\"https:\\\/\\\/arjenoticias.com.mx\\\/lo-mas-relevante\\\/moralmente-derrotados\\\/#primaryimage\"},\"thumbnailUrl\":\"https:\\\/\\\/arjenoticias.com.mx\\\/wp-content\\\/uploads\\\/2026\\\/08\\\/Carlos-Angulo-Parra.png\",\"keywords\":[\"Morena miente roba y traiciona\"],\"articleSection\":[\"Lo m\u00e1s relevante\"],\"inLanguage\":\"es\",\"potentialAction\":[{\"@type\":\"CommentAction\",\"name\":\"Comment\",\"target\":[\"https:\\\/\\\/arjenoticias.com.mx\\\/lo-mas-relevante\\\/moralmente-derrotados\\\/#respond\"]}]},{\"@type\":\"WebPage\",\"@id\":\"https:\\\/\\\/arjenoticias.com.mx\\\/lo-mas-relevante\\\/moralmente-derrotados\\\/\",\"url\":\"https:\\\/\\\/arjenoticias.com.mx\\\/lo-mas-relevante\\\/moralmente-derrotados\\\/\",\"name\":\"Moralmente derrotados -\",\"isPartOf\":{\"@id\":\"https:\\\/\\\/arjenoticias.com.mx\\\/#website\"},\"primaryImageOfPage\":{\"@id\":\"https:\\\/\\\/arjenoticias.com.mx\\\/lo-mas-relevante\\\/moralmente-derrotados\\\/#primaryimage\"},\"image\":{\"@id\":\"https:\\\/\\\/arjenoticias.com.mx\\\/lo-mas-relevante\\\/moralmente-derrotados\\\/#primaryimage\"},\"thumbnailUrl\":\"https:\\\/\\\/arjenoticias.com.mx\\\/wp-content\\\/uploads\\\/2026\\\/08\\\/Carlos-Angulo-Parra.png\",\"datePublished\":\"2026-08-04T23:10:08+00:00\",\"dateModified\":\"2026-08-04T23:10:11+00:00\",\"description\":\"gran fracaso de morena y sus aliados, que son el r\u00e9gimen que actualmente nos sojuzga, y as\u00ed lo digo clarito, no es un r\u00e9gimen que nos gobierne, sino uno que nos explota, roba y dilapida.\",\"breadcrumb\":{\"@id\":\"https:\\\/\\\/arjenoticias.com.mx\\\/lo-mas-relevante\\\/moralmente-derrotados\\\/#breadcrumb\"},\"inLanguage\":\"es\",\"potentialAction\":[{\"@type\":\"ReadAction\",\"target\":[\"https:\\\/\\\/arjenoticias.com.mx\\\/lo-mas-relevante\\\/moralmente-derrotados\\\/\"]}]},{\"@type\":\"ImageObject\",\"inLanguage\":\"es\",\"@id\":\"https:\\\/\\\/arjenoticias.com.mx\\\/lo-mas-relevante\\\/moralmente-derrotados\\\/#primaryimage\",\"url\":\"https:\\\/\\\/arjenoticias.com.mx\\\/wp-content\\\/uploads\\\/2026\\\/08\\\/Carlos-Angulo-Parra.png\",\"contentUrl\":\"https:\\\/\\\/arjenoticias.com.mx\\\/wp-content\\\/uploads\\\/2026\\\/08\\\/Carlos-Angulo-Parra.png\",\"width\":320,\"height\":320,\"caption\":\"Cuando Morena gan\u00f3 las elecciones en 2018, hubo grandes esperanzas que todo cambiar\u00eda para M\u00e9xico,\"},{\"@type\":\"BreadcrumbList\",\"@id\":\"https:\\\/\\\/arjenoticias.com.mx\\\/lo-mas-relevante\\\/moralmente-derrotados\\\/#breadcrumb\",\"itemListElement\":[{\"@type\":\"ListItem\",\"position\":1,\"name\":\"Portada\",\"item\":\"https:\\\/\\\/arjenoticias.com.mx\\\/\"},{\"@type\":\"ListItem\",\"position\":2,\"name\":\"Moralmente derrotados\"}]},{\"@type\":\"WebSite\",\"@id\":\"https:\\\/\\\/arjenoticias.com.mx\\\/#website\",\"url\":\"https:\\\/\\\/arjenoticias.com.mx\\\/\",\"name\":\"Arj\u00e9 M\u00e9xico\",\"description\":\"\",\"publisher\":{\"@id\":\"https:\\\/\\\/arjenoticias.com.mx\\\/#organization\"},\"potentialAction\":[{\"@type\":\"SearchAction\",\"target\":{\"@type\":\"EntryPoint\",\"urlTemplate\":\"https:\\\/\\\/arjenoticias.com.mx\\\/?s={search_term_string}\"},\"query-input\":{\"@type\":\"PropertyValueSpecification\",\"valueRequired\":true,\"valueName\":\"search_term_string\"}}],\"inLanguage\":\"es\"},{\"@type\":\"Organization\",\"@id\":\"https:\\\/\\\/arjenoticias.com.mx\\\/#organization\",\"name\":\"Arj\u00e9 M\u00e9xico\",\"url\":\"https:\\\/\\\/arjenoticias.com.mx\\\/\",\"logo\":{\"@type\":\"ImageObject\",\"inLanguage\":\"es\",\"@id\":\"https:\\\/\\\/arjenoticias.com.mx\\\/#\\\/schema\\\/logo\\\/image\\\/\",\"url\":\"https:\\\/\\\/arjenoticias.com\\\/wp-content\\\/uploads\\\/2026\\\/04\\\/cropped-cropped-logo-inverted-1-scaled-1.png\",\"contentUrl\":\"https:\\\/\\\/arjenoticias.com\\\/wp-content\\\/uploads\\\/2026\\\/04\\\/cropped-cropped-logo-inverted-1-scaled-1.png\",\"width\":2556,\"height\":549,\"caption\":\"Arj\u00e9 M\u00e9xico\"},\"image\":{\"@id\":\"https:\\\/\\\/arjenoticias.com.mx\\\/#\\\/schema\\\/logo\\\/image\\\/\"},\"sameAs\":[\"https:\\\/\\\/www.facebook.com\\\/ArjeNoticiasMX\",\"https:\\\/\\\/x.com\\\/ArjeNoticias\"]},{\"@type\":\"Person\",\"@id\":\"https:\\\/\\\/arjenoticias.com.mx\\\/#\\\/schema\\\/person\\\/712a8da4a87c2191f30802b596c87f12\",\"name\":\"Carlos Fernando Angulo Parra\",\"image\":{\"@type\":\"ImageObject\",\"inLanguage\":\"es\",\"@id\":\"https:\\\/\\\/arjenoticias.com\\\/wp-content\\\/uploads\\\/2026\\\/07\\\/Carlos-Angulo-Parra2-96x96.png\",\"url\":\"https:\\\/\\\/arjenoticias.com\\\/wp-content\\\/uploads\\\/2026\\\/07\\\/Carlos-Angulo-Parra2-96x96.png\",\"contentUrl\":\"https:\\\/\\\/arjenoticias.com\\\/wp-content\\\/uploads\\\/2026\\\/07\\\/Carlos-Angulo-Parra2-96x96.png\",\"caption\":\"Carlos Fernando Angulo Parra\"},\"url\":\"https:\\\/\\\/arjenoticias.com.mx\\\/author\\\/carlos-fernando-angulo-parra\\\/\"}]}<\/script>\n<!-- \/ Yoast SEO plugin. -->","yoast_head_json":{"title":"Moralmente derrotados -","description":"gran fracaso de morena y sus aliados, que son el r\u00e9gimen que actualmente nos sojuzga, y as\u00ed lo digo clarito, no es un r\u00e9gimen que nos gobierne, sino uno que nos explota, roba y dilapida.","robots":{"index":"index","follow":"follow","max-snippet":"max-snippet:-1","max-image-preview":"max-image-preview:large","max-video-preview":"max-video-preview:-1"},"canonical":"https:\/\/arjenoticias.com.mx\/lo-mas-relevante\/moralmente-derrotados\/","og_locale":"es_ES","og_type":"article","og_title":"Moralmente derrotados -","og_description":"gran fracaso de morena y sus aliados, que son el r\u00e9gimen que actualmente nos sojuzga, y as\u00ed lo digo clarito, no es un r\u00e9gimen que nos gobierne, sino uno que nos explota, roba y dilapida.","og_url":"https:\/\/arjenoticias.com.mx\/lo-mas-relevante\/moralmente-derrotados\/","article_publisher":"https:\/\/www.facebook.com\/ArjeNoticiasMX","article_published_time":"2026-08-04T23:10:08+00:00","article_modified_time":"2026-08-04T23:10:11+00:00","og_image":[{"width":320,"height":320,"url":"https:\/\/arjenoticias.com.mx\/wp-content\/uploads\/2026\/08\/Carlos-Angulo-Parra.png","type":"image\/png"}],"author":"Carlos Fernando Angulo Parra","twitter_card":"summary_large_image","twitter_creator":"@ArjeNoticias","twitter_site":"@ArjeNoticias","twitter_misc":{"Escrito por":"Carlos Fernando Angulo Parra","Tiempo de lectura":"3 minutos"},"schema":{"@context":"https:\/\/schema.org","@graph":[{"@type":"Article","@id":"https:\/\/arjenoticias.com.mx\/lo-mas-relevante\/moralmente-derrotados\/#article","isPartOf":{"@id":"https:\/\/arjenoticias.com.mx\/lo-mas-relevante\/moralmente-derrotados\/"},"author":{"name":"Carlos Fernando Angulo Parra","@id":"https:\/\/arjenoticias.com.mx\/#\/schema\/person\/712a8da4a87c2191f30802b596c87f12"},"headline":"Moralmente derrotados","datePublished":"2026-08-04T23:10:08+00:00","dateModified":"2026-08-04T23:10:11+00:00","mainEntityOfPage":{"@id":"https:\/\/arjenoticias.com.mx\/lo-mas-relevante\/moralmente-derrotados\/"},"wordCount":608,"commentCount":0,"publisher":{"@id":"https:\/\/arjenoticias.com.mx\/#organization"},"image":{"@id":"https:\/\/arjenoticias.com.mx\/lo-mas-relevante\/moralmente-derrotados\/#primaryimage"},"thumbnailUrl":"https:\/\/arjenoticias.com.mx\/wp-content\/uploads\/2026\/08\/Carlos-Angulo-Parra.png","keywords":["Morena miente roba y traiciona"],"articleSection":["Lo m\u00e1s relevante"],"inLanguage":"es","potentialAction":[{"@type":"CommentAction","name":"Comment","target":["https:\/\/arjenoticias.com.mx\/lo-mas-relevante\/moralmente-derrotados\/#respond"]}]},{"@type":"WebPage","@id":"https:\/\/arjenoticias.com.mx\/lo-mas-relevante\/moralmente-derrotados\/","url":"https:\/\/arjenoticias.com.mx\/lo-mas-relevante\/moralmente-derrotados\/","name":"Moralmente derrotados -","isPartOf":{"@id":"https:\/\/arjenoticias.com.mx\/#website"},"primaryImageOfPage":{"@id":"https:\/\/arjenoticias.com.mx\/lo-mas-relevante\/moralmente-derrotados\/#primaryimage"},"image":{"@id":"https:\/\/arjenoticias.com.mx\/lo-mas-relevante\/moralmente-derrotados\/#primaryimage"},"thumbnailUrl":"https:\/\/arjenoticias.com.mx\/wp-content\/uploads\/2026\/08\/Carlos-Angulo-Parra.png","datePublished":"2026-08-04T23:10:08+00:00","dateModified":"2026-08-04T23:10:11+00:00","description":"gran fracaso de morena y sus aliados, que son el r\u00e9gimen que actualmente nos sojuzga, y as\u00ed lo digo clarito, no es un r\u00e9gimen que nos gobierne, sino uno que nos explota, roba y dilapida.","breadcrumb":{"@id":"https:\/\/arjenoticias.com.mx\/lo-mas-relevante\/moralmente-derrotados\/#breadcrumb"},"inLanguage":"es","potentialAction":[{"@type":"ReadAction","target":["https:\/\/arjenoticias.com.mx\/lo-mas-relevante\/moralmente-derrotados\/"]}]},{"@type":"ImageObject","inLanguage":"es","@id":"https:\/\/arjenoticias.com.mx\/lo-mas-relevante\/moralmente-derrotados\/#primaryimage","url":"https:\/\/arjenoticias.com.mx\/wp-content\/uploads\/2026\/08\/Carlos-Angulo-Parra.png","contentUrl":"https:\/\/arjenoticias.com.mx\/wp-content\/uploads\/2026\/08\/Carlos-Angulo-Parra.png","width":320,"height":320,"caption":"Cuando Morena gan\u00f3 las elecciones en 2018, hubo grandes esperanzas que todo cambiar\u00eda para M\u00e9xico,"},{"@type":"BreadcrumbList","@id":"https:\/\/arjenoticias.com.mx\/lo-mas-relevante\/moralmente-derrotados\/#breadcrumb","itemListElement":[{"@type":"ListItem","position":1,"name":"Portada","item":"https:\/\/arjenoticias.com.mx\/"},{"@type":"ListItem","position":2,"name":"Moralmente derrotados"}]},{"@type":"WebSite","@id":"https:\/\/arjenoticias.com.mx\/#website","url":"https:\/\/arjenoticias.com.mx\/","name":"Arj\u00e9 M\u00e9xico","description":"","publisher":{"@id":"https:\/\/arjenoticias.com.mx\/#organization"},"potentialAction":[{"@type":"SearchAction","target":{"@type":"EntryPoint","urlTemplate":"https:\/\/arjenoticias.com.mx\/?s={search_term_string}"},"query-input":{"@type":"PropertyValueSpecification","valueRequired":true,"valueName":"search_term_string"}}],"inLanguage":"es"},{"@type":"Organization","@id":"https:\/\/arjenoticias.com.mx\/#organization","name":"Arj\u00e9 M\u00e9xico","url":"https:\/\/arjenoticias.com.mx\/","logo":{"@type":"ImageObject","inLanguage":"es","@id":"https:\/\/arjenoticias.com.mx\/#\/schema\/logo\/image\/","url":"https:\/\/arjenoticias.com\/wp-content\/uploads\/2026\/04\/cropped-cropped-logo-inverted-1-scaled-1.png","contentUrl":"https:\/\/arjenoticias.com\/wp-content\/uploads\/2026\/04\/cropped-cropped-logo-inverted-1-scaled-1.png","width":2556,"height":549,"caption":"Arj\u00e9 M\u00e9xico"},"image":{"@id":"https:\/\/arjenoticias.com.mx\/#\/schema\/logo\/image\/"},"sameAs":["https:\/\/www.facebook.com\/ArjeNoticiasMX","https:\/\/x.com\/ArjeNoticias"]},{"@type":"Person","@id":"https:\/\/arjenoticias.com.mx\/#\/schema\/person\/712a8da4a87c2191f30802b596c87f12","name":"Carlos Fernando Angulo Parra","image":{"@type":"ImageObject","inLanguage":"es","@id":"https:\/\/arjenoticias.com\/wp-content\/uploads\/2026\/07\/Carlos-Angulo-Parra2-96x96.png","url":"https:\/\/arjenoticias.com\/wp-content\/uploads\/2026\/07\/Carlos-Angulo-Parra2-96x96.png","contentUrl":"https:\/\/arjenoticias.com\/wp-content\/uploads\/2026\/07\/Carlos-Angulo-Parra2-96x96.png","caption":"Carlos Fernando Angulo Parra"},"url":"https:\/\/arjenoticias.com.mx\/author\/carlos-fernando-angulo-parra\/"}]}},"featured_image_urls":{"full":["https:\/\/arjenoticias.com.mx\/wp-content\/uploads\/2026\/08\/Carlos-Angulo-Parra.png",320,320,false],"thumbnail":["https:\/\/arjenoticias.com.mx\/wp-content\/uploads\/2026\/08\/Carlos-Angulo-Parra-150x150.png",150,150,true],"medium":["https:\/\/arjenoticias.com.mx\/wp-content\/uploads\/2026\/08\/Carlos-Angulo-Parra-300x300.png",300,300,true],"medium_large":["https:\/\/arjenoticias.com.mx\/wp-content\/uploads\/2026\/08\/Carlos-Angulo-Parra.png",320,320,false],"large":["https:\/\/arjenoticias.com.mx\/wp-content\/uploads\/2026\/08\/Carlos-Angulo-Parra.png",320,320,false],"1536x1536":["https:\/\/arjenoticias.com.mx\/wp-content\/uploads\/2026\/08\/Carlos-Angulo-Parra.png",320,320,false],"2048x2048":["https:\/\/arjenoticias.com.mx\/wp-content\/uploads\/2026\/08\/Carlos-Angulo-Parra.png",320,320,false],"covernews-featured":["https:\/\/arjenoticias.com.mx\/wp-content\/uploads\/2026\/08\/Carlos-Angulo-Parra.png",320,320,false],"covernews-medium":["https:\/\/arjenoticias.com.mx\/wp-content\/uploads\/2026\/08\/Carlos-Angulo-Parra.png",320,320,false]},"author_info":{"info":["Carlos Fernando Angulo Parra"]},"category_info":"<a href=\"https:\/\/arjenoticias.com.mx\/category\/lo-mas-relevante\/\" rel=\"category tag\">Lo m\u00e1s relevante<\/a>","tag_info":"Lo m\u00e1s relevante","comment_count":"0","_links":{"self":[{"href":"https:\/\/arjenoticias.com.mx\/wp-json\/wp\/v2\/posts\/16787","targetHints":{"allow":["GET"]}}],"collection":[{"href":"https:\/\/arjenoticias.com.mx\/wp-json\/wp\/v2\/posts"}],"about":[{"href":"https:\/\/arjenoticias.com.mx\/wp-json\/wp\/v2\/types\/post"}],"author":[{"embeddable":true,"href":"https:\/\/arjenoticias.com.mx\/wp-json\/wp\/v2\/users\/17"}],"replies":[{"embeddable":true,"href":"https:\/\/arjenoticias.com.mx\/wp-json\/wp\/v2\/comments?post=16787"}],"version-history":[{"count":1,"href":"https:\/\/arjenoticias.com.mx\/wp-json\/wp\/v2\/posts\/16787\/revisions"}],"predecessor-version":[{"id":16789,"href":"https:\/\/arjenoticias.com.mx\/wp-json\/wp\/v2\/posts\/16787\/revisions\/16789"}],"wp:featuredmedia":[{"embeddable":true,"href":"https:\/\/arjenoticias.com.mx\/wp-json\/wp\/v2\/media\/16788"}],"wp:attachment":[{"href":"https:\/\/arjenoticias.com.mx\/wp-json\/wp\/v2\/media?parent=16787"}],"wp:term":[{"taxonomy":"category","embeddable":true,"href":"https:\/\/arjenoticias.com.mx\/wp-json\/wp\/v2\/categories?post=16787"},{"taxonomy":"post_tag","embeddable":true,"href":"https:\/\/arjenoticias.com.mx\/wp-json\/wp\/v2\/tags?post=16787"}],"curies":[{"name":"wp","href":"https:\/\/api.w.org\/{rel}","templated":true}]}}