{"id":16766,"date":"2026-08-04T08:59:11","date_gmt":"2026-08-04T14:59:11","guid":{"rendered":"https:\/\/arjenoticias.com\/?p=16766"},"modified":"2026-08-04T08:59:13","modified_gmt":"2026-08-04T14:59:13","slug":"perdiendo-el-control-del-relato","status":"publish","type":"post","link":"https:\/\/arjenoticias.com.mx\/lo-mas-relevante\/perdiendo-el-control-del-relato\/","title":{"rendered":"Perdiendo el Control del Relato"},"content":{"rendered":"\n<p class=\"wp-block-paragraph\"><strong>Las alarmas se encendieron en Palacio Nacional.<\/strong> La avalancha de informaciones que vinculan al gobierno de la Cuarta Transformaci\u00f3n con el crimen organizado \u2014y con la protecci\u00f3n a figuras clave del partido\u2014 ha comenzado a fracturar la imagen p\u00fablica de Claudia Sheinbaum. El desgaste ya no es solo una percepci\u00f3n: se ha convertido en datos duros.<\/p>\n\n\n\n<p class=\"wp-block-paragraph\">Seg\u00fan <em>AtlasIntel<\/em> \u2014la encuestadora con mayor precisi\u00f3n en Am\u00e9rica Latina, en alianza con <em>Bloomberg<\/em>\u2014, la aprobaci\u00f3n de la presidenta atraviesa una ca\u00edda libre. En solo seis meses, la serie <em>LatAm Pulse<\/em> registr\u00f3 un desplome de <strong>13.9 puntos porcentuales<\/strong>: pas\u00f3 de un s\u00f3lido <strong>62.8% en enero<\/strong> a un <strong>48.9% a finales de junio<\/strong>. Por primera vez en lo que va del sexenio, Sheinbaum rompe la barrera psicol\u00f3gica del 50%.<\/p>\n\n\n\n<p class=\"wp-block-paragraph\"><strong>El diagn\u00f3stico dentro de Palacio es tajante:<\/strong> no ven una crisis de gesti\u00f3n, sino una p\u00e9rdida alarmante del control del relato. Para contener la sangr\u00eda, el c\u00edrculo presidencial ha identificado dos frentes de alto riesgo:<\/p>\n\n\n\n<p class=\"wp-block-paragraph\"><strong>1. El frente interno: TV Azteca.<\/strong><\/p>\n\n\n\n<p class=\"wp-block-paragraph\">En la lectura del Ejecutivo, los noticieros y espacios de an\u00e1lisis de la televisi\u00f3n y la radio mexicana, pero en particular los espacios de TV Azteca, han sido determinantes para perforar la narrativa oficial. La difusi\u00f3n sistem\u00e1tica de errores de gobierno, casos de corrupci\u00f3n y omisiones en materia de seguridad ha permeado masivamente en la ciudadan\u00eda, demoliendo el espejismo de estabilidad y control que se proyecta desde el p\u00falpito presidencial.<\/p>\n\n\n\n<p class=\"wp-block-paragraph\"><strong>2. El frente externo: la sombra de Washington<\/strong><\/p>\n\n\n\n<p class=\"wp-block-paragraph\">A\u00fan m\u00e1s t\u00f3xica para el discurso oficial es la presi\u00f3n que cruza la frontera norte. Investigaciones period\u00edsticas, acusaciones formales en Cortes Federales, declaraciones de altos funcionarios e incesantes filtraciones desde EU han dejado expuesta una sospecha devastadora: <strong>la tolerancia o complicidad de estructuras pol\u00edticas de la 4T con el narcotr\u00e1fico.<\/strong> Esta narrativa, amplificada a nivel global, ha dinamitado la credibilidad internacional del Gobierno de M\u00e9xico y reforzado la percepci\u00f3n de impunidad de la narco pol\u00edtica en nuestro territorio.<\/p>\n\n\n\n<p class=\"wp-block-paragraph\"><strong>La respuesta: \u00a1M\u00e1s control!<\/strong><\/p>\n\n\n\n<p class=\"wp-block-paragraph\">Frente a este escenario, la respuesta del Poder no ha sido enmendar el rumbo, sino intentar silenciar a los emisores. Desde Palacio Nacional se alista una embestida regulatoria para asfixiar la cobertura la TV y la radio, al limitar sus reglas de operaci\u00f3n y frenar el flujo de noticias desfavorables. La urgencia es el control total de la narrativa y&nbsp; <strong>evitar que el costo se traduzca en un desastre electoral en 2027 y comprometa la sucesi\u00f3n del 2030.<\/strong><\/p>\n\n\n\n<p class=\"wp-block-paragraph\">La maniobra no es nueva, se repite en los gobiernos de izquierda: Primero acceden al Poder Ejecutivo, despu\u00e9s toman el control del Congreso a trav\u00e9s de recursos ilegales; despu\u00e9s controlan el Poder Judicial; y al final, intentan controlar el cuarto poder censura al cuarto poder: los medios de comunicaci\u00f3n. El \u00fanico fin un gobierno autoritario es controlar todo para mantenerse en el poder, a\u00fan con elecciones simuladas.&nbsp;<\/p>\n\n\n\n<p class=\"wp-block-paragraph\">Sin embargo, la maniobra en M\u00e9xico encierra una paradoja peligrosa. En un entorno de escrutinio internacional in\u00e9dito, intentar censurar a la prensa no detendr\u00e1 la crisis; por el contrario, terminar\u00e1 por confirmar lo que se dice dentro y fuera del pa\u00eds: M\u00e9xico retrocede a la \u00e9poca de una dictadura de partido \u00fanico, con simulaci\u00f3n democr\u00e1tica.&nbsp;<\/p>\n\n\n\n<p class=\"wp-block-paragraph\">Los datos de <em>AtlasIntel<\/em> y la reacci\u00f3n nerviosa del Gobierno apuntan hacia la misma conclusi\u00f3n: <strong>la narrativa del control absoluto se desmorona<\/strong>, y Palacio ha optado por el mazo de la contenci\u00f3n medi\u00e1tica antes que por la autocr\u00edtica y la correcci\u00f3n de fondo.<\/p>\n","protected":false},"excerpt":{"rendered":"<p>Las alarmas se encendieron en Palacio Nacional. La avalancha de informaciones que vinculan al gobierno&#8230;<\/p>\n","protected":false},"author":55,"featured_media":16767,"comment_status":"open","ping_status":"open","sticky":false,"template":"","format":"standard","meta":{"footnotes":""},"categories":[605],"tags":[2683],"class_list":["post-16766","post","type-post","status-publish","format-standard","has-post-thumbnail","hentry","category-lo-mas-relevante","tag-sheinbaum-pierde-simpatias"],"yoast_head":"<!-- This site is optimized with the Yoast SEO plugin v28.4 - https:\/\/yoast.com\/product\/yoast-seo-wordpress\/ -->\n<title>Perdiendo el Control del Relato -<\/title>\n<meta name=\"description\" content=\"El diagn\u00f3stico dentro de Palacio es tajante: no ven una crisis de gesti\u00f3n, sino una p\u00e9rdida alarmante del control del relato.\" \/>\n<meta name=\"robots\" content=\"index, follow, max-snippet:-1, max-image-preview:large, max-video-preview:-1\" \/>\n<link rel=\"canonical\" href=\"https:\/\/arjenoticias.com.mx\/lo-mas-relevante\/perdiendo-el-control-del-relato\/\" \/>\n<meta property=\"og:locale\" content=\"es_ES\" \/>\n<meta property=\"og:type\" content=\"article\" \/>\n<meta property=\"og:title\" content=\"Perdiendo el Control del Relato -\" \/>\n<meta property=\"og:description\" content=\"El diagn\u00f3stico dentro de Palacio es tajante: no ven una crisis de gesti\u00f3n, sino una p\u00e9rdida alarmante del control del relato.\" \/>\n<meta property=\"og:url\" content=\"https:\/\/arjenoticias.com.mx\/lo-mas-relevante\/perdiendo-el-control-del-relato\/\" \/>\n<meta property=\"article:publisher\" content=\"https:\/\/www.facebook.com\/ArjeNoticiasMX\" \/>\n<meta property=\"article:published_time\" content=\"2026-08-04T14:59:11+00:00\" \/>\n<meta property=\"article:modified_time\" content=\"2026-08-04T14:59:13+00:00\" \/>\n<meta property=\"og:image\" content=\"https:\/\/arjenoticias.com.mx\/wp-content\/uploads\/2026\/08\/Dario-Mendoza-3.png\" \/>\n\t<meta property=\"og:image:width\" content=\"320\" \/>\n\t<meta property=\"og:image:height\" content=\"320\" \/>\n\t<meta property=\"og:image:type\" content=\"image\/png\" \/>\n<meta name=\"author\" content=\"Dar\u00edo Mendoza\" \/>\n<meta name=\"twitter:card\" content=\"summary_large_image\" \/>\n<meta name=\"twitter:creator\" content=\"@ArjeNoticias\" \/>\n<meta name=\"twitter:site\" content=\"@ArjeNoticias\" \/>\n<meta name=\"twitter:label1\" content=\"Escrito por\" \/>\n\t<meta name=\"twitter:data1\" content=\"Dar\u00edo Mendoza\" \/>\n\t<meta name=\"twitter:label2\" content=\"Tiempo de lectura\" \/>\n\t<meta name=\"twitter:data2\" content=\"3 minutos\" \/>\n<script type=\"application\/ld+json\" class=\"yoast-schema-graph\">{\"@context\":\"https:\\\/\\\/schema.org\",\"@graph\":[{\"@type\":\"Article\",\"@id\":\"https:\\\/\\\/arjenoticias.com.mx\\\/lo-mas-relevante\\\/perdiendo-el-control-del-relato\\\/#article\",\"isPartOf\":{\"@id\":\"https:\\\/\\\/arjenoticias.com.mx\\\/lo-mas-relevante\\\/perdiendo-el-control-del-relato\\\/\"},\"author\":{\"name\":\"Dar\u00edo Mendoza\",\"@id\":\"https:\\\/\\\/arjenoticias.com.mx\\\/#\\\/schema\\\/person\\\/2033a769a649433f7f72fe506db11690\"},\"headline\":\"Perdiendo el Control del Relato\",\"datePublished\":\"2026-08-04T14:59:11+00:00\",\"dateModified\":\"2026-08-04T14:59:13+00:00\",\"mainEntityOfPage\":{\"@id\":\"https:\\\/\\\/arjenoticias.com.mx\\\/lo-mas-relevante\\\/perdiendo-el-control-del-relato\\\/\"},\"wordCount\":621,\"commentCount\":0,\"publisher\":{\"@id\":\"https:\\\/\\\/arjenoticias.com.mx\\\/#organization\"},\"image\":{\"@id\":\"https:\\\/\\\/arjenoticias.com.mx\\\/lo-mas-relevante\\\/perdiendo-el-control-del-relato\\\/#primaryimage\"},\"thumbnailUrl\":\"https:\\\/\\\/arjenoticias.com.mx\\\/wp-content\\\/uploads\\\/2026\\\/08\\\/Dario-Mendoza-3.png\",\"keywords\":[\"Sheinbaum pierde simpatias\"],\"articleSection\":[\"Lo m\u00e1s relevante\"],\"inLanguage\":\"es\",\"potentialAction\":[{\"@type\":\"CommentAction\",\"name\":\"Comment\",\"target\":[\"https:\\\/\\\/arjenoticias.com.mx\\\/lo-mas-relevante\\\/perdiendo-el-control-del-relato\\\/#respond\"]}]},{\"@type\":\"WebPage\",\"@id\":\"https:\\\/\\\/arjenoticias.com.mx\\\/lo-mas-relevante\\\/perdiendo-el-control-del-relato\\\/\",\"url\":\"https:\\\/\\\/arjenoticias.com.mx\\\/lo-mas-relevante\\\/perdiendo-el-control-del-relato\\\/\",\"name\":\"Perdiendo el Control del Relato -\",\"isPartOf\":{\"@id\":\"https:\\\/\\\/arjenoticias.com.mx\\\/#website\"},\"primaryImageOfPage\":{\"@id\":\"https:\\\/\\\/arjenoticias.com.mx\\\/lo-mas-relevante\\\/perdiendo-el-control-del-relato\\\/#primaryimage\"},\"image\":{\"@id\":\"https:\\\/\\\/arjenoticias.com.mx\\\/lo-mas-relevante\\\/perdiendo-el-control-del-relato\\\/#primaryimage\"},\"thumbnailUrl\":\"https:\\\/\\\/arjenoticias.com.mx\\\/wp-content\\\/uploads\\\/2026\\\/08\\\/Dario-Mendoza-3.png\",\"datePublished\":\"2026-08-04T14:59:11+00:00\",\"dateModified\":\"2026-08-04T14:59:13+00:00\",\"description\":\"El diagn\u00f3stico dentro de Palacio es tajante: no ven una crisis de gesti\u00f3n, sino una p\u00e9rdida alarmante del control del relato.\",\"breadcrumb\":{\"@id\":\"https:\\\/\\\/arjenoticias.com.mx\\\/lo-mas-relevante\\\/perdiendo-el-control-del-relato\\\/#breadcrumb\"},\"inLanguage\":\"es\",\"potentialAction\":[{\"@type\":\"ReadAction\",\"target\":[\"https:\\\/\\\/arjenoticias.com.mx\\\/lo-mas-relevante\\\/perdiendo-el-control-del-relato\\\/\"]}]},{\"@type\":\"ImageObject\",\"inLanguage\":\"es\",\"@id\":\"https:\\\/\\\/arjenoticias.com.mx\\\/lo-mas-relevante\\\/perdiendo-el-control-del-relato\\\/#primaryimage\",\"url\":\"https:\\\/\\\/arjenoticias.com.mx\\\/wp-content\\\/uploads\\\/2026\\\/08\\\/Dario-Mendoza-3.png\",\"contentUrl\":\"https:\\\/\\\/arjenoticias.com.mx\\\/wp-content\\\/uploads\\\/2026\\\/08\\\/Dario-Mendoza-3.png\",\"width\":320,\"height\":320,\"caption\":\"La avalancha de informaciones que vinculan al gobierno de la Cuarta Transformaci\u00f3n con el crimen organizado \u2014y con la protecci\u00f3n a figuras clave del partido\u2014 ha comenzado a fracturar la imagen p\u00fablica de Claudia Sheinbaum.\"},{\"@type\":\"BreadcrumbList\",\"@id\":\"https:\\\/\\\/arjenoticias.com.mx\\\/lo-mas-relevante\\\/perdiendo-el-control-del-relato\\\/#breadcrumb\",\"itemListElement\":[{\"@type\":\"ListItem\",\"position\":1,\"name\":\"Portada\",\"item\":\"https:\\\/\\\/arjenoticias.com.mx\\\/\"},{\"@type\":\"ListItem\",\"position\":2,\"name\":\"Perdiendo el Control del Relato\"}]},{\"@type\":\"WebSite\",\"@id\":\"https:\\\/\\\/arjenoticias.com.mx\\\/#website\",\"url\":\"https:\\\/\\\/arjenoticias.com.mx\\\/\",\"name\":\"Arj\u00e9 M\u00e9xico\",\"description\":\"\",\"publisher\":{\"@id\":\"https:\\\/\\\/arjenoticias.com.mx\\\/#organization\"},\"potentialAction\":[{\"@type\":\"SearchAction\",\"target\":{\"@type\":\"EntryPoint\",\"urlTemplate\":\"https:\\\/\\\/arjenoticias.com.mx\\\/?s={search_term_string}\"},\"query-input\":{\"@type\":\"PropertyValueSpecification\",\"valueRequired\":true,\"valueName\":\"search_term_string\"}}],\"inLanguage\":\"es\"},{\"@type\":\"Organization\",\"@id\":\"https:\\\/\\\/arjenoticias.com.mx\\\/#organization\",\"name\":\"Arj\u00e9 M\u00e9xico\",\"url\":\"https:\\\/\\\/arjenoticias.com.mx\\\/\",\"logo\":{\"@type\":\"ImageObject\",\"inLanguage\":\"es\",\"@id\":\"https:\\\/\\\/arjenoticias.com.mx\\\/#\\\/schema\\\/logo\\\/image\\\/\",\"url\":\"https:\\\/\\\/arjenoticias.com\\\/wp-content\\\/uploads\\\/2026\\\/04\\\/cropped-cropped-logo-inverted-1-scaled-1.png\",\"contentUrl\":\"https:\\\/\\\/arjenoticias.com\\\/wp-content\\\/uploads\\\/2026\\\/04\\\/cropped-cropped-logo-inverted-1-scaled-1.png\",\"width\":2556,\"height\":549,\"caption\":\"Arj\u00e9 M\u00e9xico\"},\"image\":{\"@id\":\"https:\\\/\\\/arjenoticias.com.mx\\\/#\\\/schema\\\/logo\\\/image\\\/\"},\"sameAs\":[\"https:\\\/\\\/www.facebook.com\\\/ArjeNoticiasMX\",\"https:\\\/\\\/x.com\\\/ArjeNoticias\"]},{\"@type\":\"Person\",\"@id\":\"https:\\\/\\\/arjenoticias.com.mx\\\/#\\\/schema\\\/person\\\/2033a769a649433f7f72fe506db11690\",\"name\":\"Dar\u00edo Mendoza\",\"image\":{\"@type\":\"ImageObject\",\"inLanguage\":\"es\",\"@id\":\"https:\\\/\\\/arjenoticias.com\\\/wp-content\\\/uploads\\\/2026\\\/07\\\/Dario-Mendoza1-96x96.png\",\"url\":\"https:\\\/\\\/arjenoticias.com\\\/wp-content\\\/uploads\\\/2026\\\/07\\\/Dario-Mendoza1-96x96.png\",\"contentUrl\":\"https:\\\/\\\/arjenoticias.com\\\/wp-content\\\/uploads\\\/2026\\\/07\\\/Dario-Mendoza1-96x96.png\",\"caption\":\"Dar\u00edo Mendoza\"},\"description\":\"Dar\u00edo Mendoza Atriano es consultor en comunicaci\u00f3n pol\u00edtica y manejo de crisis. Asesora a l\u00edderes pol\u00edticos y del sector privado, en M\u00e9xico y Centro Am\u00e9rica.\",\"url\":\"https:\\\/\\\/arjenoticias.com.mx\\\/author\\\/dario-mendoza\\\/\"}]}<\/script>\n<!-- \/ Yoast SEO plugin. -->","yoast_head_json":{"title":"Perdiendo el Control del Relato -","description":"El diagn\u00f3stico dentro de Palacio es tajante: no ven una crisis de gesti\u00f3n, sino una p\u00e9rdida alarmante del control del relato.","robots":{"index":"index","follow":"follow","max-snippet":"max-snippet:-1","max-image-preview":"max-image-preview:large","max-video-preview":"max-video-preview:-1"},"canonical":"https:\/\/arjenoticias.com.mx\/lo-mas-relevante\/perdiendo-el-control-del-relato\/","og_locale":"es_ES","og_type":"article","og_title":"Perdiendo el Control del Relato -","og_description":"El diagn\u00f3stico dentro de Palacio es tajante: no ven una crisis de gesti\u00f3n, sino una p\u00e9rdida alarmante del control del relato.","og_url":"https:\/\/arjenoticias.com.mx\/lo-mas-relevante\/perdiendo-el-control-del-relato\/","article_publisher":"https:\/\/www.facebook.com\/ArjeNoticiasMX","article_published_time":"2026-08-04T14:59:11+00:00","article_modified_time":"2026-08-04T14:59:13+00:00","og_image":[{"width":320,"height":320,"url":"https:\/\/arjenoticias.com.mx\/wp-content\/uploads\/2026\/08\/Dario-Mendoza-3.png","type":"image\/png"}],"author":"Dar\u00edo Mendoza","twitter_card":"summary_large_image","twitter_creator":"@ArjeNoticias","twitter_site":"@ArjeNoticias","twitter_misc":{"Escrito por":"Dar\u00edo Mendoza","Tiempo de lectura":"3 minutos"},"schema":{"@context":"https:\/\/schema.org","@graph":[{"@type":"Article","@id":"https:\/\/arjenoticias.com.mx\/lo-mas-relevante\/perdiendo-el-control-del-relato\/#article","isPartOf":{"@id":"https:\/\/arjenoticias.com.mx\/lo-mas-relevante\/perdiendo-el-control-del-relato\/"},"author":{"name":"Dar\u00edo Mendoza","@id":"https:\/\/arjenoticias.com.mx\/#\/schema\/person\/2033a769a649433f7f72fe506db11690"},"headline":"Perdiendo el Control del Relato","datePublished":"2026-08-04T14:59:11+00:00","dateModified":"2026-08-04T14:59:13+00:00","mainEntityOfPage":{"@id":"https:\/\/arjenoticias.com.mx\/lo-mas-relevante\/perdiendo-el-control-del-relato\/"},"wordCount":621,"commentCount":0,"publisher":{"@id":"https:\/\/arjenoticias.com.mx\/#organization"},"image":{"@id":"https:\/\/arjenoticias.com.mx\/lo-mas-relevante\/perdiendo-el-control-del-relato\/#primaryimage"},"thumbnailUrl":"https:\/\/arjenoticias.com.mx\/wp-content\/uploads\/2026\/08\/Dario-Mendoza-3.png","keywords":["Sheinbaum pierde simpatias"],"articleSection":["Lo m\u00e1s relevante"],"inLanguage":"es","potentialAction":[{"@type":"CommentAction","name":"Comment","target":["https:\/\/arjenoticias.com.mx\/lo-mas-relevante\/perdiendo-el-control-del-relato\/#respond"]}]},{"@type":"WebPage","@id":"https:\/\/arjenoticias.com.mx\/lo-mas-relevante\/perdiendo-el-control-del-relato\/","url":"https:\/\/arjenoticias.com.mx\/lo-mas-relevante\/perdiendo-el-control-del-relato\/","name":"Perdiendo el Control del Relato -","isPartOf":{"@id":"https:\/\/arjenoticias.com.mx\/#website"},"primaryImageOfPage":{"@id":"https:\/\/arjenoticias.com.mx\/lo-mas-relevante\/perdiendo-el-control-del-relato\/#primaryimage"},"image":{"@id":"https:\/\/arjenoticias.com.mx\/lo-mas-relevante\/perdiendo-el-control-del-relato\/#primaryimage"},"thumbnailUrl":"https:\/\/arjenoticias.com.mx\/wp-content\/uploads\/2026\/08\/Dario-Mendoza-3.png","datePublished":"2026-08-04T14:59:11+00:00","dateModified":"2026-08-04T14:59:13+00:00","description":"El diagn\u00f3stico dentro de Palacio es tajante: no ven una crisis de gesti\u00f3n, sino una p\u00e9rdida alarmante del control del relato.","breadcrumb":{"@id":"https:\/\/arjenoticias.com.mx\/lo-mas-relevante\/perdiendo-el-control-del-relato\/#breadcrumb"},"inLanguage":"es","potentialAction":[{"@type":"ReadAction","target":["https:\/\/arjenoticias.com.mx\/lo-mas-relevante\/perdiendo-el-control-del-relato\/"]}]},{"@type":"ImageObject","inLanguage":"es","@id":"https:\/\/arjenoticias.com.mx\/lo-mas-relevante\/perdiendo-el-control-del-relato\/#primaryimage","url":"https:\/\/arjenoticias.com.mx\/wp-content\/uploads\/2026\/08\/Dario-Mendoza-3.png","contentUrl":"https:\/\/arjenoticias.com.mx\/wp-content\/uploads\/2026\/08\/Dario-Mendoza-3.png","width":320,"height":320,"caption":"La avalancha de informaciones que vinculan al gobierno de la Cuarta Transformaci\u00f3n con el crimen organizado \u2014y con la protecci\u00f3n a figuras clave del partido\u2014 ha comenzado a fracturar la imagen p\u00fablica de Claudia Sheinbaum."},{"@type":"BreadcrumbList","@id":"https:\/\/arjenoticias.com.mx\/lo-mas-relevante\/perdiendo-el-control-del-relato\/#breadcrumb","itemListElement":[{"@type":"ListItem","position":1,"name":"Portada","item":"https:\/\/arjenoticias.com.mx\/"},{"@type":"ListItem","position":2,"name":"Perdiendo el Control del Relato"}]},{"@type":"WebSite","@id":"https:\/\/arjenoticias.com.mx\/#website","url":"https:\/\/arjenoticias.com.mx\/","name":"Arj\u00e9 M\u00e9xico","description":"","publisher":{"@id":"https:\/\/arjenoticias.com.mx\/#organization"},"potentialAction":[{"@type":"SearchAction","target":{"@type":"EntryPoint","urlTemplate":"https:\/\/arjenoticias.com.mx\/?s={search_term_string}"},"query-input":{"@type":"PropertyValueSpecification","valueRequired":true,"valueName":"search_term_string"}}],"inLanguage":"es"},{"@type":"Organization","@id":"https:\/\/arjenoticias.com.mx\/#organization","name":"Arj\u00e9 M\u00e9xico","url":"https:\/\/arjenoticias.com.mx\/","logo":{"@type":"ImageObject","inLanguage":"es","@id":"https:\/\/arjenoticias.com.mx\/#\/schema\/logo\/image\/","url":"https:\/\/arjenoticias.com\/wp-content\/uploads\/2026\/04\/cropped-cropped-logo-inverted-1-scaled-1.png","contentUrl":"https:\/\/arjenoticias.com\/wp-content\/uploads\/2026\/04\/cropped-cropped-logo-inverted-1-scaled-1.png","width":2556,"height":549,"caption":"Arj\u00e9 M\u00e9xico"},"image":{"@id":"https:\/\/arjenoticias.com.mx\/#\/schema\/logo\/image\/"},"sameAs":["https:\/\/www.facebook.com\/ArjeNoticiasMX","https:\/\/x.com\/ArjeNoticias"]},{"@type":"Person","@id":"https:\/\/arjenoticias.com.mx\/#\/schema\/person\/2033a769a649433f7f72fe506db11690","name":"Dar\u00edo Mendoza","image":{"@type":"ImageObject","inLanguage":"es","@id":"https:\/\/arjenoticias.com\/wp-content\/uploads\/2026\/07\/Dario-Mendoza1-96x96.png","url":"https:\/\/arjenoticias.com\/wp-content\/uploads\/2026\/07\/Dario-Mendoza1-96x96.png","contentUrl":"https:\/\/arjenoticias.com\/wp-content\/uploads\/2026\/07\/Dario-Mendoza1-96x96.png","caption":"Dar\u00edo Mendoza"},"description":"Dar\u00edo Mendoza Atriano es consultor en comunicaci\u00f3n pol\u00edtica y manejo de crisis. Asesora a l\u00edderes pol\u00edticos y del sector privado, en M\u00e9xico y Centro Am\u00e9rica.","url":"https:\/\/arjenoticias.com.mx\/author\/dario-mendoza\/"}]}},"featured_image_urls":{"full":["https:\/\/arjenoticias.com.mx\/wp-content\/uploads\/2026\/08\/Dario-Mendoza-3.png",320,320,false],"thumbnail":["https:\/\/arjenoticias.com.mx\/wp-content\/uploads\/2026\/08\/Dario-Mendoza-3-150x150.png",150,150,true],"medium":["https:\/\/arjenoticias.com.mx\/wp-content\/uploads\/2026\/08\/Dario-Mendoza-3-300x300.png",300,300,true],"medium_large":["https:\/\/arjenoticias.com.mx\/wp-content\/uploads\/2026\/08\/Dario-Mendoza-3.png",320,320,false],"large":["https:\/\/arjenoticias.com.mx\/wp-content\/uploads\/2026\/08\/Dario-Mendoza-3.png",320,320,false],"1536x1536":["https:\/\/arjenoticias.com.mx\/wp-content\/uploads\/2026\/08\/Dario-Mendoza-3.png",320,320,false],"2048x2048":["https:\/\/arjenoticias.com.mx\/wp-content\/uploads\/2026\/08\/Dario-Mendoza-3.png",320,320,false],"covernews-featured":["https:\/\/arjenoticias.com.mx\/wp-content\/uploads\/2026\/08\/Dario-Mendoza-3.png",320,320,false],"covernews-medium":["https:\/\/arjenoticias.com.mx\/wp-content\/uploads\/2026\/08\/Dario-Mendoza-3.png",320,320,false]},"author_info":{"info":["Dar\u00edo Mendoza"]},"category_info":"<a href=\"https:\/\/arjenoticias.com.mx\/category\/lo-mas-relevante\/\" rel=\"category tag\">Lo m\u00e1s relevante<\/a>","tag_info":"Lo m\u00e1s relevante","comment_count":"0","_links":{"self":[{"href":"https:\/\/arjenoticias.com.mx\/wp-json\/wp\/v2\/posts\/16766","targetHints":{"allow":["GET"]}}],"collection":[{"href":"https:\/\/arjenoticias.com.mx\/wp-json\/wp\/v2\/posts"}],"about":[{"href":"https:\/\/arjenoticias.com.mx\/wp-json\/wp\/v2\/types\/post"}],"author":[{"embeddable":true,"href":"https:\/\/arjenoticias.com.mx\/wp-json\/wp\/v2\/users\/55"}],"replies":[{"embeddable":true,"href":"https:\/\/arjenoticias.com.mx\/wp-json\/wp\/v2\/comments?post=16766"}],"version-history":[{"count":1,"href":"https:\/\/arjenoticias.com.mx\/wp-json\/wp\/v2\/posts\/16766\/revisions"}],"predecessor-version":[{"id":16768,"href":"https:\/\/arjenoticias.com.mx\/wp-json\/wp\/v2\/posts\/16766\/revisions\/16768"}],"wp:featuredmedia":[{"embeddable":true,"href":"https:\/\/arjenoticias.com.mx\/wp-json\/wp\/v2\/media\/16767"}],"wp:attachment":[{"href":"https:\/\/arjenoticias.com.mx\/wp-json\/wp\/v2\/media?parent=16766"}],"wp:term":[{"taxonomy":"category","embeddable":true,"href":"https:\/\/arjenoticias.com.mx\/wp-json\/wp\/v2\/categories?post=16766"},{"taxonomy":"post_tag","embeddable":true,"href":"https:\/\/arjenoticias.com.mx\/wp-json\/wp\/v2\/tags?post=16766"}],"curies":[{"name":"wp","href":"https:\/\/api.w.org\/{rel}","templated":true}]}}