{"id":16478,"date":"2026-07-27T09:25:05","date_gmt":"2026-07-27T15:25:05","guid":{"rendered":"https:\/\/arjenoticias.com\/?p=16478"},"modified":"2026-07-27T09:25:06","modified_gmt":"2026-07-27T15:25:06","slug":"yo-acuso","status":"publish","type":"post","link":"https:\/\/arjenoticias.com.mx\/politica\/yo-acuso\/","title":{"rendered":"\u00a1Yo acuso!"},"content":{"rendered":"\n<h2 class=\"wp-block-heading\">Ernesto Ruffo Appel fue detenido el pasado 16 de julio y vinculado a proceso por delincuencia organizada, contrabando y delitos relacionados con huachicol fiscal. Su defensa niega que haya participado en operaciones il\u00edcitas y ha denunciado irregularidades en la detenci\u00f3n.<\/h2>\n\n\n\n<p class=\"wp-block-paragraph\">En enero de 1898, \u00c9mile Zola public\u00f3 en L\u2019Aurore una carta abierta al presidente franc\u00e9s F\u00e9lix Faure; la intitul\u00f3 \u201cJ\u2019accuse\u2026!\u201d.<\/p>\n\n\n\n<p class=\"wp-block-paragraph\">No era una pieza de ret\u00f3rica c\u00f3moda; era una denuncia frontal contra un Estado que hab\u00eda condenado por traici\u00f3n al capit\u00e1n Alfred Dreyfus sobre pruebas manipuladas, secretos militares y un antisemitismo que contamin\u00f3 a instituciones, prensa y opini\u00f3n p\u00fablica. Zola fue procesado y tuvo que exiliarse.<\/p>\n\n\n\n<p class=\"wp-block-paragraph\">Dreyfus fue rehabilitado hasta 1906. Zola muri\u00f3 cuatro a\u00f1os antes de ver confirmada p\u00fablicamente la verdad que defendi\u00f3.<\/p>\n\n\n\n<p class=\"wp-block-paragraph\">Una conversaci\u00f3n con don Gast\u00f3n Luken Aguilar me hizo volver a aquel episodio.<\/p>\n\n\n\n<p class=\"wp-block-paragraph\">No porque la Francia de finales del siglo XIX y el M\u00e9xico de hoy sean im\u00e1genes paralelas, sino porque ambos casos plantean la misma pregunta: \u00bfqu\u00e9 ocurre cuando el Estado necesita un culpable emblem\u00e1tico para cerrar pol\u00edticamente una historia que le involucra?<\/p>\n\n\n\n<p class=\"wp-block-paragraph\">Ernesto Ruffo Appel fue detenido el pasado 16 de julio y vinculado a proceso por delincuencia organizada, contrabando y delitos relacionados con huachicol fiscal. Permanece en prisi\u00f3n en el penal del Altiplano.<\/p>\n\n\n\n<p class=\"wp-block-paragraph\">Su defensa niega que haya participado en operaciones il\u00edcitas y ha denunciado irregularidades en la detenci\u00f3n, incomunicaci\u00f3n y obst\u00e1culos para acceder a documentos necesarios para defenderse.<\/p>\n\n\n\n<p class=\"wp-block-paragraph\">Una vinculaci\u00f3n a proceso no es una sentencia, una acusaci\u00f3n no sustituye a la prueba y una prisi\u00f3n de m\u00e1xima seguridad no puede convertirse en el escenario desde el cual el gobierno dicte, antes que los tribunales, una condena p\u00fablica.<\/p>\n\n\n\n<p class=\"wp-block-paragraph\">Por eso, \u00a1yo acuso!<\/p>\n\n\n\n<p class=\"wp-block-paragraph\">Acuso al Estado mexicano de intentar concentrar en un solo hombre la responsabilidad pol\u00edtica y penal de una operaci\u00f3n que, por su tama\u00f1o y complejidad, dif\u00edcilmente pudo atravesar aduanas, controles fiscales, redes de transporte, instalaciones estrat\u00e9gicas y empresas compradoras sin que existieran fallas o complicidades gubernamentales y pol\u00edticas.<\/p>\n\n\n\n<p class=\"wp-block-paragraph\">Acuso a la Fiscal\u00eda de construir un relato espectacular alrededor de un personaje reconocible, mientras la ciudadan\u00eda sigue sin conocer con la misma claridad qu\u00e9 servidores p\u00fablicos permitieron durante a\u00f1os el paso, almacenamiento y distribuci\u00f3n de millones de barriles de crudo y miles de millones de litros de combustible.<\/p>\n\n\n\n<p class=\"wp-block-paragraph\">Acuso al gobierno de utilizar la prisi\u00f3n preventiva como una forma de castigo anticipado.<\/p>\n\n\n\n<p class=\"wp-block-paragraph\">Si la comparecencia de Ruffo pod\u00eda garantizarse mediante medidas menos gravosas, enviarlo al penal del Altiplano no parece una decisi\u00f3n neutral; proyecta peligrosidad, culpabilidad y escarmiento antes de que exista sentencia; parece m\u00e1s bien un mensaje para la oposici\u00f3n, para quien piensa distinto, un mensaje inhibidor, disuasivo.<\/p>\n\n\n\n<p class=\"wp-block-paragraph\">Acuso tambi\u00e9n al poder pol\u00edtico de administrar selectivamente la indignaci\u00f3n. Combatir el contrabando de combustibles exige llegar hasta el \u00faltimo responsable, sea empresario, militar, funcionario, dirigente partidista o beneficiario electoral.<\/p>\n\n\n\n<p class=\"wp-block-paragraph\">Elegir solamente al adversario m\u00e1s rentable para la narrativa oficial no es justicia, es propaganda judicial.<\/p>\n\n\n\n<p class=\"wp-block-paragraph\">Ernesto Ruffo no es un ciudadano cualquiera en la historia democr\u00e1tica de M\u00e9xico.<\/p>\n\n\n\n<p class=\"wp-block-paragraph\">En 1989 se convirti\u00f3 en el primer gobernador de oposici\u00f3n que derrot\u00f3 al partido hegem\u00f3nico.<\/p>\n\n\n\n<p class=\"wp-block-paragraph\">Ese antecedente no lo coloca por encima de la ley, pero obliga a que la ley se aplique con pulcritud indiscutible, siguiendo las reglas del debido proceso, lo que, entre otras cuestiones, implica actuar con transparencia ante la ciudadan\u00eda.<\/p>\n\n\n\n<p class=\"wp-block-paragraph\">No afirmo que la historia ya haya dictado su veredicto; exijo que no lo dicte el gobierno.<\/p>\n\n\n\n<p class=\"wp-block-paragraph\">Que la Fiscal\u00eda pruebe cada imputaci\u00f3n, que la defensa tenga acceso pleno al expediente y a sus documentos, que se investigue la cadena institucional completa y que ning\u00fan cargo p\u00fablico quede protegido por conveniencia pol\u00edtica.<\/p>\n\n\n\n<p class=\"wp-block-paragraph\">La lecci\u00f3n del caso Dreyfus no es que todo acusado c\u00e9lebre sea inocente; es otra, m\u00e1s inc\u00f3moda: un Estado puede equivocarse, puede encubrir sus errores y puede fabricar consenso alrededor de una injusticia.<\/p>\n\n\n\n<p class=\"wp-block-paragraph\">Tambi\u00e9n ense\u00f1a que callar frente al abuso nos vuelve c\u00f3mplices.<\/p>\n\n\n\n<p class=\"wp-block-paragraph\">Defender hoy el debido proceso de Ernesto Ruffo Appel no significa absolverlo por anticipado; significa defender la presunci\u00f3n de inocencia, la igualdad ante la ley y el derecho de todos los mexicanos a no ser utilizados como piezas de una operaci\u00f3n pol\u00edtica.<\/p>\n\n\n\n<p class=\"wp-block-paragraph\">\u00a1S\u00ed! \u00a1Yo acuso! Acuso al Estado mexicano de querer convertir un proceso penal en una cortina de humo y acuso a quienes, desde el poder, pretenden que una figura de la transici\u00f3n democr\u00e1tica cargue por s\u00ed sola con una red que ning\u00fan individuo pudo construir ni operar sin complicidades gubernamentales y partidistas.<\/p>\n\n\n\n<p class=\"wp-block-paragraph\">La justicia debe investigar a todos por igual y bajo las mismas condiciones.<\/p>\n\n\n\n<p class=\"wp-block-paragraph\">La convivencia civilizada exige que no se condene a nadie antes de probarlo.<\/p>\n","protected":false},"excerpt":{"rendered":"<p>Ernesto Ruffo Appel fue detenido el pasado 16 de julio y vinculado a proceso por&#8230;<\/p>\n","protected":false},"author":24,"featured_media":16480,"comment_status":"open","ping_status":"open","sticky":false,"template":"","format":"standard","meta":{"footnotes":""},"categories":[7],"tags":[2538],"class_list":["post-16478","post","type-post","status-publish","format-standard","has-post-thumbnail","hentry","category-politica","tag-ernesto-ruffo"],"yoast_head":"<!-- This site is optimized with the Yoast SEO plugin v28.4 - https:\/\/yoast.com\/product\/yoast-seo-wordpress\/ -->\n<title>\u00a1Yo acuso! -<\/title>\n<meta name=\"description\" content=\"Acuso a la Fiscal\u00eda de construir un relato espectacular alrededor de un personaje reconocible, que se llama Ernesto Ruffo\" \/>\n<meta name=\"robots\" content=\"index, follow, max-snippet:-1, max-image-preview:large, max-video-preview:-1\" \/>\n<link rel=\"canonical\" href=\"https:\/\/arjenoticias.com.mx\/politica\/yo-acuso\/\" \/>\n<meta property=\"og:locale\" content=\"es_ES\" \/>\n<meta property=\"og:type\" content=\"article\" \/>\n<meta property=\"og:title\" content=\"\u00a1Yo acuso! -\" \/>\n<meta property=\"og:description\" content=\"Acuso a la Fiscal\u00eda de construir un relato espectacular alrededor de un personaje reconocible, que se llama Ernesto Ruffo\" \/>\n<meta property=\"og:url\" content=\"https:\/\/arjenoticias.com.mx\/politica\/yo-acuso\/\" \/>\n<meta property=\"article:publisher\" content=\"https:\/\/www.facebook.com\/ArjeNoticiasMX\" \/>\n<meta property=\"article:published_time\" content=\"2026-07-27T15:25:05+00:00\" \/>\n<meta property=\"article:modified_time\" content=\"2026-07-27T15:25:06+00:00\" \/>\n<meta property=\"og:image\" content=\"https:\/\/arjenoticias.com.mx\/wp-content\/uploads\/2026\/07\/Edmundo-Jacobo-Molina-21.png\" \/>\n\t<meta property=\"og:image:width\" content=\"320\" \/>\n\t<meta property=\"og:image:height\" content=\"320\" \/>\n\t<meta property=\"og:image:type\" content=\"image\/png\" \/>\n<meta name=\"author\" content=\"Edmundo Jacobo Molina\" \/>\n<meta name=\"twitter:card\" content=\"summary_large_image\" \/>\n<meta name=\"twitter:creator\" content=\"@ArjeNoticias\" \/>\n<meta name=\"twitter:site\" content=\"@ArjeNoticias\" \/>\n<meta name=\"twitter:label1\" content=\"Escrito por\" \/>\n\t<meta name=\"twitter:data1\" content=\"Edmundo Jacobo Molina\" \/>\n\t<meta name=\"twitter:label2\" content=\"Tiempo de lectura\" \/>\n\t<meta name=\"twitter:data2\" content=\"4 minutos\" \/>\n<script type=\"application\/ld+json\" class=\"yoast-schema-graph\">{\"@context\":\"https:\\\/\\\/schema.org\",\"@graph\":[{\"@type\":\"Article\",\"@id\":\"https:\\\/\\\/arjenoticias.com.mx\\\/politica\\\/yo-acuso\\\/#article\",\"isPartOf\":{\"@id\":\"https:\\\/\\\/arjenoticias.com.mx\\\/politica\\\/yo-acuso\\\/\"},\"author\":{\"name\":\"Edmundo Jacobo Molina\",\"@id\":\"https:\\\/\\\/arjenoticias.com.mx\\\/#\\\/schema\\\/person\\\/b9a1d832725e2f9c34c2a6303f9898e7\"},\"headline\":\"\u00a1Yo acuso!\",\"datePublished\":\"2026-07-27T15:25:05+00:00\",\"dateModified\":\"2026-07-27T15:25:06+00:00\",\"mainEntityOfPage\":{\"@id\":\"https:\\\/\\\/arjenoticias.com.mx\\\/politica\\\/yo-acuso\\\/\"},\"wordCount\":838,\"commentCount\":0,\"publisher\":{\"@id\":\"https:\\\/\\\/arjenoticias.com.mx\\\/#organization\"},\"image\":{\"@id\":\"https:\\\/\\\/arjenoticias.com.mx\\\/politica\\\/yo-acuso\\\/#primaryimage\"},\"thumbnailUrl\":\"https:\\\/\\\/arjenoticias.com.mx\\\/wp-content\\\/uploads\\\/2026\\\/07\\\/Edmundo-Jacobo-Molina-21.png\",\"keywords\":[\"Ernesto Ruffo\"],\"articleSection\":[\"Pol\u00edtica\"],\"inLanguage\":\"es\",\"potentialAction\":[{\"@type\":\"CommentAction\",\"name\":\"Comment\",\"target\":[\"https:\\\/\\\/arjenoticias.com.mx\\\/politica\\\/yo-acuso\\\/#respond\"]}]},{\"@type\":\"WebPage\",\"@id\":\"https:\\\/\\\/arjenoticias.com.mx\\\/politica\\\/yo-acuso\\\/\",\"url\":\"https:\\\/\\\/arjenoticias.com.mx\\\/politica\\\/yo-acuso\\\/\",\"name\":\"\u00a1Yo acuso! -\",\"isPartOf\":{\"@id\":\"https:\\\/\\\/arjenoticias.com.mx\\\/#website\"},\"primaryImageOfPage\":{\"@id\":\"https:\\\/\\\/arjenoticias.com.mx\\\/politica\\\/yo-acuso\\\/#primaryimage\"},\"image\":{\"@id\":\"https:\\\/\\\/arjenoticias.com.mx\\\/politica\\\/yo-acuso\\\/#primaryimage\"},\"thumbnailUrl\":\"https:\\\/\\\/arjenoticias.com.mx\\\/wp-content\\\/uploads\\\/2026\\\/07\\\/Edmundo-Jacobo-Molina-21.png\",\"datePublished\":\"2026-07-27T15:25:05+00:00\",\"dateModified\":\"2026-07-27T15:25:06+00:00\",\"description\":\"Acuso a la Fiscal\u00eda de construir un relato espectacular alrededor de un personaje reconocible, que se llama Ernesto Ruffo\",\"breadcrumb\":{\"@id\":\"https:\\\/\\\/arjenoticias.com.mx\\\/politica\\\/yo-acuso\\\/#breadcrumb\"},\"inLanguage\":\"es\",\"potentialAction\":[{\"@type\":\"ReadAction\",\"target\":[\"https:\\\/\\\/arjenoticias.com.mx\\\/politica\\\/yo-acuso\\\/\"]}]},{\"@type\":\"ImageObject\",\"inLanguage\":\"es\",\"@id\":\"https:\\\/\\\/arjenoticias.com.mx\\\/politica\\\/yo-acuso\\\/#primaryimage\",\"url\":\"https:\\\/\\\/arjenoticias.com.mx\\\/wp-content\\\/uploads\\\/2026\\\/07\\\/Edmundo-Jacobo-Molina-21.png\",\"contentUrl\":\"https:\\\/\\\/arjenoticias.com.mx\\\/wp-content\\\/uploads\\\/2026\\\/07\\\/Edmundo-Jacobo-Molina-21.png\",\"width\":320,\"height\":320},{\"@type\":\"BreadcrumbList\",\"@id\":\"https:\\\/\\\/arjenoticias.com.mx\\\/politica\\\/yo-acuso\\\/#breadcrumb\",\"itemListElement\":[{\"@type\":\"ListItem\",\"position\":1,\"name\":\"Portada\",\"item\":\"https:\\\/\\\/arjenoticias.com.mx\\\/\"},{\"@type\":\"ListItem\",\"position\":2,\"name\":\"\u00a1Yo acuso!\"}]},{\"@type\":\"WebSite\",\"@id\":\"https:\\\/\\\/arjenoticias.com.mx\\\/#website\",\"url\":\"https:\\\/\\\/arjenoticias.com.mx\\\/\",\"name\":\"Arj\u00e9 M\u00e9xico\",\"description\":\"\",\"publisher\":{\"@id\":\"https:\\\/\\\/arjenoticias.com.mx\\\/#organization\"},\"potentialAction\":[{\"@type\":\"SearchAction\",\"target\":{\"@type\":\"EntryPoint\",\"urlTemplate\":\"https:\\\/\\\/arjenoticias.com.mx\\\/?s={search_term_string}\"},\"query-input\":{\"@type\":\"PropertyValueSpecification\",\"valueRequired\":true,\"valueName\":\"search_term_string\"}}],\"inLanguage\":\"es\"},{\"@type\":\"Organization\",\"@id\":\"https:\\\/\\\/arjenoticias.com.mx\\\/#organization\",\"name\":\"Arj\u00e9 M\u00e9xico\",\"url\":\"https:\\\/\\\/arjenoticias.com.mx\\\/\",\"logo\":{\"@type\":\"ImageObject\",\"inLanguage\":\"es\",\"@id\":\"https:\\\/\\\/arjenoticias.com.mx\\\/#\\\/schema\\\/logo\\\/image\\\/\",\"url\":\"https:\\\/\\\/arjenoticias.com\\\/wp-content\\\/uploads\\\/2026\\\/04\\\/cropped-cropped-logo-inverted-1-scaled-1.png\",\"contentUrl\":\"https:\\\/\\\/arjenoticias.com\\\/wp-content\\\/uploads\\\/2026\\\/04\\\/cropped-cropped-logo-inverted-1-scaled-1.png\",\"width\":2556,\"height\":549,\"caption\":\"Arj\u00e9 M\u00e9xico\"},\"image\":{\"@id\":\"https:\\\/\\\/arjenoticias.com.mx\\\/#\\\/schema\\\/logo\\\/image\\\/\"},\"sameAs\":[\"https:\\\/\\\/www.facebook.com\\\/ArjeNoticiasMX\",\"https:\\\/\\\/x.com\\\/ArjeNoticias\"]},{\"@type\":\"Person\",\"@id\":\"https:\\\/\\\/arjenoticias.com.mx\\\/#\\\/schema\\\/person\\\/b9a1d832725e2f9c34c2a6303f9898e7\",\"name\":\"Edmundo Jacobo Molina\",\"image\":{\"@type\":\"ImageObject\",\"inLanguage\":\"es\",\"@id\":\"https:\\\/\\\/arjenoticias.com\\\/wp-content\\\/uploads\\\/2026\\\/04\\\/EDMUNDO-JACOBO-96x96.png\",\"url\":\"https:\\\/\\\/arjenoticias.com\\\/wp-content\\\/uploads\\\/2026\\\/04\\\/EDMUNDO-JACOBO-96x96.png\",\"contentUrl\":\"https:\\\/\\\/arjenoticias.com\\\/wp-content\\\/uploads\\\/2026\\\/04\\\/EDMUNDO-JACOBO-96x96.png\",\"caption\":\"Edmundo Jacobo Molina\"},\"description\":\"Editorialista, de la Filosof\u00eda a la pol\u00edtica. Exsecretario Ejecutivo del INE. Coordin\u00f3 m\u00e1s de 330 elecciones en el pa\u00eds.\",\"url\":\"https:\\\/\\\/arjenoticias.com.mx\\\/author\\\/edmundo-jacobo-molina\\\/\"}]}<\/script>\n<!-- \/ Yoast SEO plugin. -->","yoast_head_json":{"title":"\u00a1Yo acuso! -","description":"Acuso a la Fiscal\u00eda de construir un relato espectacular alrededor de un personaje reconocible, que se llama Ernesto Ruffo","robots":{"index":"index","follow":"follow","max-snippet":"max-snippet:-1","max-image-preview":"max-image-preview:large","max-video-preview":"max-video-preview:-1"},"canonical":"https:\/\/arjenoticias.com.mx\/politica\/yo-acuso\/","og_locale":"es_ES","og_type":"article","og_title":"\u00a1Yo acuso! -","og_description":"Acuso a la Fiscal\u00eda de construir un relato espectacular alrededor de un personaje reconocible, que se llama Ernesto Ruffo","og_url":"https:\/\/arjenoticias.com.mx\/politica\/yo-acuso\/","article_publisher":"https:\/\/www.facebook.com\/ArjeNoticiasMX","article_published_time":"2026-07-27T15:25:05+00:00","article_modified_time":"2026-07-27T15:25:06+00:00","og_image":[{"width":320,"height":320,"url":"https:\/\/arjenoticias.com.mx\/wp-content\/uploads\/2026\/07\/Edmundo-Jacobo-Molina-21.png","type":"image\/png"}],"author":"Edmundo Jacobo Molina","twitter_card":"summary_large_image","twitter_creator":"@ArjeNoticias","twitter_site":"@ArjeNoticias","twitter_misc":{"Escrito por":"Edmundo Jacobo Molina","Tiempo de lectura":"4 minutos"},"schema":{"@context":"https:\/\/schema.org","@graph":[{"@type":"Article","@id":"https:\/\/arjenoticias.com.mx\/politica\/yo-acuso\/#article","isPartOf":{"@id":"https:\/\/arjenoticias.com.mx\/politica\/yo-acuso\/"},"author":{"name":"Edmundo Jacobo Molina","@id":"https:\/\/arjenoticias.com.mx\/#\/schema\/person\/b9a1d832725e2f9c34c2a6303f9898e7"},"headline":"\u00a1Yo acuso!","datePublished":"2026-07-27T15:25:05+00:00","dateModified":"2026-07-27T15:25:06+00:00","mainEntityOfPage":{"@id":"https:\/\/arjenoticias.com.mx\/politica\/yo-acuso\/"},"wordCount":838,"commentCount":0,"publisher":{"@id":"https:\/\/arjenoticias.com.mx\/#organization"},"image":{"@id":"https:\/\/arjenoticias.com.mx\/politica\/yo-acuso\/#primaryimage"},"thumbnailUrl":"https:\/\/arjenoticias.com.mx\/wp-content\/uploads\/2026\/07\/Edmundo-Jacobo-Molina-21.png","keywords":["Ernesto Ruffo"],"articleSection":["Pol\u00edtica"],"inLanguage":"es","potentialAction":[{"@type":"CommentAction","name":"Comment","target":["https:\/\/arjenoticias.com.mx\/politica\/yo-acuso\/#respond"]}]},{"@type":"WebPage","@id":"https:\/\/arjenoticias.com.mx\/politica\/yo-acuso\/","url":"https:\/\/arjenoticias.com.mx\/politica\/yo-acuso\/","name":"\u00a1Yo acuso! -","isPartOf":{"@id":"https:\/\/arjenoticias.com.mx\/#website"},"primaryImageOfPage":{"@id":"https:\/\/arjenoticias.com.mx\/politica\/yo-acuso\/#primaryimage"},"image":{"@id":"https:\/\/arjenoticias.com.mx\/politica\/yo-acuso\/#primaryimage"},"thumbnailUrl":"https:\/\/arjenoticias.com.mx\/wp-content\/uploads\/2026\/07\/Edmundo-Jacobo-Molina-21.png","datePublished":"2026-07-27T15:25:05+00:00","dateModified":"2026-07-27T15:25:06+00:00","description":"Acuso a la Fiscal\u00eda de construir un relato espectacular alrededor de un personaje reconocible, que se llama Ernesto Ruffo","breadcrumb":{"@id":"https:\/\/arjenoticias.com.mx\/politica\/yo-acuso\/#breadcrumb"},"inLanguage":"es","potentialAction":[{"@type":"ReadAction","target":["https:\/\/arjenoticias.com.mx\/politica\/yo-acuso\/"]}]},{"@type":"ImageObject","inLanguage":"es","@id":"https:\/\/arjenoticias.com.mx\/politica\/yo-acuso\/#primaryimage","url":"https:\/\/arjenoticias.com.mx\/wp-content\/uploads\/2026\/07\/Edmundo-Jacobo-Molina-21.png","contentUrl":"https:\/\/arjenoticias.com.mx\/wp-content\/uploads\/2026\/07\/Edmundo-Jacobo-Molina-21.png","width":320,"height":320},{"@type":"BreadcrumbList","@id":"https:\/\/arjenoticias.com.mx\/politica\/yo-acuso\/#breadcrumb","itemListElement":[{"@type":"ListItem","position":1,"name":"Portada","item":"https:\/\/arjenoticias.com.mx\/"},{"@type":"ListItem","position":2,"name":"\u00a1Yo acuso!"}]},{"@type":"WebSite","@id":"https:\/\/arjenoticias.com.mx\/#website","url":"https:\/\/arjenoticias.com.mx\/","name":"Arj\u00e9 M\u00e9xico","description":"","publisher":{"@id":"https:\/\/arjenoticias.com.mx\/#organization"},"potentialAction":[{"@type":"SearchAction","target":{"@type":"EntryPoint","urlTemplate":"https:\/\/arjenoticias.com.mx\/?s={search_term_string}"},"query-input":{"@type":"PropertyValueSpecification","valueRequired":true,"valueName":"search_term_string"}}],"inLanguage":"es"},{"@type":"Organization","@id":"https:\/\/arjenoticias.com.mx\/#organization","name":"Arj\u00e9 M\u00e9xico","url":"https:\/\/arjenoticias.com.mx\/","logo":{"@type":"ImageObject","inLanguage":"es","@id":"https:\/\/arjenoticias.com.mx\/#\/schema\/logo\/image\/","url":"https:\/\/arjenoticias.com\/wp-content\/uploads\/2026\/04\/cropped-cropped-logo-inverted-1-scaled-1.png","contentUrl":"https:\/\/arjenoticias.com\/wp-content\/uploads\/2026\/04\/cropped-cropped-logo-inverted-1-scaled-1.png","width":2556,"height":549,"caption":"Arj\u00e9 M\u00e9xico"},"image":{"@id":"https:\/\/arjenoticias.com.mx\/#\/schema\/logo\/image\/"},"sameAs":["https:\/\/www.facebook.com\/ArjeNoticiasMX","https:\/\/x.com\/ArjeNoticias"]},{"@type":"Person","@id":"https:\/\/arjenoticias.com.mx\/#\/schema\/person\/b9a1d832725e2f9c34c2a6303f9898e7","name":"Edmundo Jacobo Molina","image":{"@type":"ImageObject","inLanguage":"es","@id":"https:\/\/arjenoticias.com\/wp-content\/uploads\/2026\/04\/EDMUNDO-JACOBO-96x96.png","url":"https:\/\/arjenoticias.com\/wp-content\/uploads\/2026\/04\/EDMUNDO-JACOBO-96x96.png","contentUrl":"https:\/\/arjenoticias.com\/wp-content\/uploads\/2026\/04\/EDMUNDO-JACOBO-96x96.png","caption":"Edmundo Jacobo Molina"},"description":"Editorialista, de la Filosof\u00eda a la pol\u00edtica. Exsecretario Ejecutivo del INE. Coordin\u00f3 m\u00e1s de 330 elecciones en el pa\u00eds.","url":"https:\/\/arjenoticias.com.mx\/author\/edmundo-jacobo-molina\/"}]}},"featured_image_urls":{"full":["https:\/\/arjenoticias.com.mx\/wp-content\/uploads\/2026\/07\/Edmundo-Jacobo-Molina-21.png",320,320,false],"thumbnail":["https:\/\/arjenoticias.com.mx\/wp-content\/uploads\/2026\/07\/Edmundo-Jacobo-Molina-21-150x150.png",150,150,true],"medium":["https:\/\/arjenoticias.com.mx\/wp-content\/uploads\/2026\/07\/Edmundo-Jacobo-Molina-21-300x300.png",300,300,true],"medium_large":["https:\/\/arjenoticias.com.mx\/wp-content\/uploads\/2026\/07\/Edmundo-Jacobo-Molina-21.png",320,320,false],"large":["https:\/\/arjenoticias.com.mx\/wp-content\/uploads\/2026\/07\/Edmundo-Jacobo-Molina-21.png",320,320,false],"1536x1536":["https:\/\/arjenoticias.com.mx\/wp-content\/uploads\/2026\/07\/Edmundo-Jacobo-Molina-21.png",320,320,false],"2048x2048":["https:\/\/arjenoticias.com.mx\/wp-content\/uploads\/2026\/07\/Edmundo-Jacobo-Molina-21.png",320,320,false],"covernews-featured":["https:\/\/arjenoticias.com.mx\/wp-content\/uploads\/2026\/07\/Edmundo-Jacobo-Molina-21.png",320,320,false],"covernews-medium":["https:\/\/arjenoticias.com.mx\/wp-content\/uploads\/2026\/07\/Edmundo-Jacobo-Molina-21.png",320,320,false]},"author_info":{"info":["Edmundo Jacobo Molina"]},"category_info":"<a href=\"https:\/\/arjenoticias.com.mx\/category\/politica\/\" rel=\"category tag\">Pol\u00edtica<\/a>","tag_info":"Pol\u00edtica","comment_count":"0","_links":{"self":[{"href":"https:\/\/arjenoticias.com.mx\/wp-json\/wp\/v2\/posts\/16478","targetHints":{"allow":["GET"]}}],"collection":[{"href":"https:\/\/arjenoticias.com.mx\/wp-json\/wp\/v2\/posts"}],"about":[{"href":"https:\/\/arjenoticias.com.mx\/wp-json\/wp\/v2\/types\/post"}],"author":[{"embeddable":true,"href":"https:\/\/arjenoticias.com.mx\/wp-json\/wp\/v2\/users\/24"}],"replies":[{"embeddable":true,"href":"https:\/\/arjenoticias.com.mx\/wp-json\/wp\/v2\/comments?post=16478"}],"version-history":[{"count":1,"href":"https:\/\/arjenoticias.com.mx\/wp-json\/wp\/v2\/posts\/16478\/revisions"}],"predecessor-version":[{"id":16481,"href":"https:\/\/arjenoticias.com.mx\/wp-json\/wp\/v2\/posts\/16478\/revisions\/16481"}],"wp:featuredmedia":[{"embeddable":true,"href":"https:\/\/arjenoticias.com.mx\/wp-json\/wp\/v2\/media\/16480"}],"wp:attachment":[{"href":"https:\/\/arjenoticias.com.mx\/wp-json\/wp\/v2\/media?parent=16478"}],"wp:term":[{"taxonomy":"category","embeddable":true,"href":"https:\/\/arjenoticias.com.mx\/wp-json\/wp\/v2\/categories?post=16478"},{"taxonomy":"post_tag","embeddable":true,"href":"https:\/\/arjenoticias.com.mx\/wp-json\/wp\/v2\/tags?post=16478"}],"curies":[{"name":"wp","href":"https:\/\/api.w.org\/{rel}","templated":true}]}}