{"id":16344,"date":"2026-07-23T19:35:40","date_gmt":"2026-07-24T01:35:40","guid":{"rendered":"https:\/\/arjenoticias.com\/?p=16344"},"modified":"2026-07-23T21:32:11","modified_gmt":"2026-07-24T03:32:11","slug":"andres-mijes-solicita-asf-fiscalizacion-obras-samuel-garcia","status":"publish","type":"post","link":"https:\/\/arjenoticias.com.mx\/lo-mas-relevante\/andres-mijes-solicita-asf-fiscalizacion-obras-samuel-garcia\/","title":{"rendered":"Mijes pide a la ASF auditar obras de Samuel Garc\u00eda"},"content":{"rendered":"\n<p class=\"wp-block-paragraph\">El alcalde con licencia de Escobedo, Andr\u00e9s Mijes, present\u00f3 una solicitud ante la Auditor\u00eda Superior de la Federaci\u00f3n (ASF) para que se lleve a cabo una fiscalizaci\u00f3n especial sobre diversos proyectos de infraestructura en Nuevo Le\u00f3n financiados con recursos federales y anunciados por el gobernador Samuel Garc\u00eda Sep\u00falveda.<\/p>\n\n\n\n<p class=\"wp-block-paragraph\">Durante su visita a la sede de la ASF, Mijes estuvo acompa\u00f1ado por el vicecoordinador de los diputados federales de Morena, Alfonso Ram\u00edrez Cu\u00e9llar. Ah\u00ed sostuvo que la transparencia y la rendici\u00f3n de cuentas deben prevalecer en el ejercicio del gobierno y lanz\u00f3 cr\u00edticas al mandatario estatal.<\/p>\n\n\n\n<p class=\"wp-block-paragraph\">\u201cLa confianza se gana dando la cara, no buscando protecci\u00f3n desde el poder. Lo digo fuerte y claro: Mentir desde el poder es cobard\u00eda. Gobernar con mentiras es traici\u00f3n.\n\n\u201cPedir cuentas no es ni perseguir ni faltar el respeto. Pedir cuentas es una exigencia democr\u00e1tica. La presidenta, la doctora Claudia Sheinbaum Pardo, ha sido clara: los gobiernos deben actuar con honestidad, transparencia y rendici\u00f3n de cuentas\u201d, dijo.<\/p>\n\n\n\n<p class=\"wp-block-paragraph\">Mijes se\u00f1al\u00f3 que su intenci\u00f3n es que sean las instituciones fiscalizadoras las que determinen si existieron o no irregularidades en el manejo del presupuesto federal, y afirm\u00f3 estar dispuesto a que tambi\u00e9n se revise su propia administraci\u00f3n.<\/p>\n\n\n\n<p class=\"wp-block-paragraph\">\u00abTengo las manos limpias y vengo a pedir que se revise mi gesti\u00f3n. Quiero que las instituciones hagan su trabajo y determinen lo que corresponda\u00bb, manifest\u00f3.<\/p>\n\n\n\n<p class=\"wp-block-paragraph\">La petici\u00f3n entregada a la ASF contempla la revisi\u00f3n del ejercicio de recursos federales asignados a proyectos como las obras del Metro de Monterrey, la infraestructura vinculada con el Mundial de Futbol, la Carretera Interserrana, proyectos hidr\u00e1ulicos y otras obras ejecutadas en Nuevo Le\u00f3n con financiamiento federal.<\/p>\n\n\n\n<p class=\"wp-block-paragraph\">El alcalde con licencia sostuvo que solicitar una auditor\u00eda no representa un acto de confrontaci\u00f3n pol\u00edtica, sino un mecanismo democr\u00e1tico para garantizar la transparencia y la correcta aplicaci\u00f3n de los recursos p\u00fablicos. Asimismo, hizo referencia al llamado de la presidenta Claudia Sheinbaum para que los gobiernos act\u00faen con honestidad y rindan cuentas a la ciudadan\u00eda.<\/p>\n\n\n\n<p class=\"wp-block-paragraph\">Esta gesti\u00f3n se suma a la solicitud presentada d\u00edas atr\u00e1s ante la Auditor\u00eda Superior del Estado de Nuevo Le\u00f3n, donde tambi\u00e9n pidi\u00f3 revisar el destino de los recursos p\u00fablicos ejercidos en diversos proyectos de la administraci\u00f3n estatal.<\/p>\n\n\n\n<figure class=\"wp-block-embed is-type-rich is-provider-x wp-block-embed-x\"><div class=\"wp-block-embed__wrapper\">\n<blockquote class=\"twitter-tweet\" data-width=\"550\" data-dnt=\"true\"><p lang=\"es\" dir=\"ltr\">Andr\u00e9s Mijes, quien busca coordinar la defensa de la 4T en <a href=\"https:\/\/x.com\/hashtag\/NuevoLe%C3%B3n?src=hash&amp;ref_src=twsrc%5Etfw\">#NuevoLe\u00f3n<\/a> lleva a Auditor\u00eda Superior de la Federaci\u00f3n petici\u00f3n para fiscalizar obras de <a href=\"https:\/\/x.com\/samuel_garcias?ref_src=twsrc%5Etfw\">@samuel_garcias<\/a>  . <a href=\"https:\/\/t.co\/Ylq8JImtZ1\">pic.twitter.com\/Ylq8JImtZ1<\/a><\/p>&mdash; Arj\u00e9 Noticias (@ArjeNoticias) <a href=\"https:\/\/x.com\/ArjeNoticias\/status\/2080495608838656062?ref_src=twsrc%5Etfw\">July 24, 2026<\/a><\/blockquote><script async src=\"https:\/\/platform.x.com\/widgets.js\" charset=\"utf-8\"><\/script>\n<\/div><\/figure>\n\n\n\n<p class=\"wp-block-paragraph\"><\/p>\n","protected":false},"excerpt":{"rendered":"<p>El alcalde con licencia de Escobedo, Andr\u00e9s Mijes, present\u00f3 una solicitud ante la Auditor\u00eda Superior&#8230;<\/p>\n","protected":false},"author":1,"featured_media":16345,"comment_status":"open","ping_status":"open","sticky":false,"template":"","format":"standard","meta":{"footnotes":""},"categories":[605],"tags":[2584,2585],"class_list":["post-16344","post","type-post","status-publish","format-standard","has-post-thumbnail","hentry","category-lo-mas-relevante","tag-andres-mijes-senala-a-samuel-garcia","tag-pide-mijes-auditar-obras-de-samuel"],"yoast_head":"<!-- This site is optimized with the Yoast SEO plugin v28.4 - https:\/\/yoast.com\/product\/yoast-seo-wordpress\/ -->\n<title>Mijes pide a la ASF auditar obras de Samuel Garc\u00eda -<\/title>\n<meta name=\"description\" content=\"Mijes solicit\u00f3 a la ASF una auditor\u00eda especial para revisar los recursos federales destinados a obras del gobierno de Samuel Garc\u00eda en NL.\" \/>\n<meta name=\"robots\" content=\"index, follow, max-snippet:-1, max-image-preview:large, max-video-preview:-1\" \/>\n<link rel=\"canonical\" href=\"https:\/\/arjenoticias.com.mx\/lo-mas-relevante\/andres-mijes-solicita-asf-fiscalizacion-obras-samuel-garcia\/\" \/>\n<meta property=\"og:locale\" content=\"es_ES\" \/>\n<meta property=\"og:type\" content=\"article\" \/>\n<meta property=\"og:title\" content=\"Mijes pide a la ASF auditar obras de Samuel Garc\u00eda -\" \/>\n<meta property=\"og:description\" content=\"Mijes solicit\u00f3 a la ASF una auditor\u00eda especial para revisar los recursos federales destinados a obras del gobierno de Samuel Garc\u00eda en NL.\" \/>\n<meta property=\"og:url\" content=\"https:\/\/arjenoticias.com.mx\/lo-mas-relevante\/andres-mijes-solicita-asf-fiscalizacion-obras-samuel-garcia\/\" \/>\n<meta property=\"article:publisher\" content=\"https:\/\/www.facebook.com\/ArjeNoticiasMX\" \/>\n<meta property=\"article:published_time\" content=\"2026-07-24T01:35:40+00:00\" \/>\n<meta property=\"article:modified_time\" content=\"2026-07-24T03:32:11+00:00\" \/>\n<meta property=\"og:image\" content=\"https:\/\/arjenoticias.com.mx\/wp-content\/uploads\/2026\/07\/HN8RtATXIAA7AUI.jpg\" \/>\n\t<meta property=\"og:image:width\" content=\"1024\" \/>\n\t<meta property=\"og:image:height\" content=\"683\" \/>\n\t<meta property=\"og:image:type\" content=\"image\/jpeg\" \/>\n<meta name=\"author\" content=\"Arj\u00e9 Noticias\" \/>\n<meta name=\"twitter:card\" content=\"summary_large_image\" \/>\n<meta name=\"twitter:creator\" content=\"@ArjeNoticias\" \/>\n<meta name=\"twitter:site\" content=\"@ArjeNoticias\" \/>\n<meta name=\"twitter:label1\" content=\"Escrito por\" \/>\n\t<meta name=\"twitter:data1\" content=\"Arj\u00e9 Noticias\" \/>\n\t<meta name=\"twitter:label2\" content=\"Tiempo de lectura\" \/>\n\t<meta name=\"twitter:data2\" content=\"2 minutos\" \/>\n<script type=\"application\/ld+json\" class=\"yoast-schema-graph\">{\"@context\":\"https:\\\/\\\/schema.org\",\"@graph\":[{\"@type\":\"Article\",\"@id\":\"https:\\\/\\\/arjenoticias.com.mx\\\/lo-mas-relevante\\\/andres-mijes-solicita-asf-fiscalizacion-obras-samuel-garcia\\\/#article\",\"isPartOf\":{\"@id\":\"https:\\\/\\\/arjenoticias.com.mx\\\/lo-mas-relevante\\\/andres-mijes-solicita-asf-fiscalizacion-obras-samuel-garcia\\\/\"},\"author\":{\"name\":\"Arj\u00e9 Noticias\",\"@id\":\"https:\\\/\\\/arjenoticias.com.mx\\\/#\\\/schema\\\/person\\\/1f8657b2ea5d2a202124d43971a97b85\"},\"headline\":\"Mijes pide a la ASF auditar obras de Samuel Garc\u00eda\",\"datePublished\":\"2026-07-24T01:35:40+00:00\",\"dateModified\":\"2026-07-24T03:32:11+00:00\",\"mainEntityOfPage\":{\"@id\":\"https:\\\/\\\/arjenoticias.com.mx\\\/lo-mas-relevante\\\/andres-mijes-solicita-asf-fiscalizacion-obras-samuel-garcia\\\/\"},\"wordCount\":423,\"commentCount\":0,\"publisher\":{\"@id\":\"https:\\\/\\\/arjenoticias.com.mx\\\/#organization\"},\"image\":{\"@id\":\"https:\\\/\\\/arjenoticias.com.mx\\\/lo-mas-relevante\\\/andres-mijes-solicita-asf-fiscalizacion-obras-samuel-garcia\\\/#primaryimage\"},\"thumbnailUrl\":\"https:\\\/\\\/arjenoticias.com.mx\\\/wp-content\\\/uploads\\\/2026\\\/07\\\/HN8RtATXIAA7AUI.jpg\",\"keywords\":[\"Andr\u00e9s Mijes se\u00f1ala a Samuel Garc\u00eda\",\"Pide Mijes auditar obras de Samuel\"],\"articleSection\":[\"Lo m\u00e1s relevante\"],\"inLanguage\":\"es\",\"potentialAction\":[{\"@type\":\"CommentAction\",\"name\":\"Comment\",\"target\":[\"https:\\\/\\\/arjenoticias.com.mx\\\/lo-mas-relevante\\\/andres-mijes-solicita-asf-fiscalizacion-obras-samuel-garcia\\\/#respond\"]}]},{\"@type\":\"WebPage\",\"@id\":\"https:\\\/\\\/arjenoticias.com.mx\\\/lo-mas-relevante\\\/andres-mijes-solicita-asf-fiscalizacion-obras-samuel-garcia\\\/\",\"url\":\"https:\\\/\\\/arjenoticias.com.mx\\\/lo-mas-relevante\\\/andres-mijes-solicita-asf-fiscalizacion-obras-samuel-garcia\\\/\",\"name\":\"Mijes pide a la ASF auditar obras de Samuel Garc\u00eda -\",\"isPartOf\":{\"@id\":\"https:\\\/\\\/arjenoticias.com.mx\\\/#website\"},\"primaryImageOfPage\":{\"@id\":\"https:\\\/\\\/arjenoticias.com.mx\\\/lo-mas-relevante\\\/andres-mijes-solicita-asf-fiscalizacion-obras-samuel-garcia\\\/#primaryimage\"},\"image\":{\"@id\":\"https:\\\/\\\/arjenoticias.com.mx\\\/lo-mas-relevante\\\/andres-mijes-solicita-asf-fiscalizacion-obras-samuel-garcia\\\/#primaryimage\"},\"thumbnailUrl\":\"https:\\\/\\\/arjenoticias.com.mx\\\/wp-content\\\/uploads\\\/2026\\\/07\\\/HN8RtATXIAA7AUI.jpg\",\"datePublished\":\"2026-07-24T01:35:40+00:00\",\"dateModified\":\"2026-07-24T03:32:11+00:00\",\"description\":\"Mijes solicit\u00f3 a la ASF una auditor\u00eda especial para revisar los recursos federales destinados a obras del gobierno de Samuel Garc\u00eda en NL.\",\"breadcrumb\":{\"@id\":\"https:\\\/\\\/arjenoticias.com.mx\\\/lo-mas-relevante\\\/andres-mijes-solicita-asf-fiscalizacion-obras-samuel-garcia\\\/#breadcrumb\"},\"inLanguage\":\"es\",\"potentialAction\":[{\"@type\":\"ReadAction\",\"target\":[\"https:\\\/\\\/arjenoticias.com.mx\\\/lo-mas-relevante\\\/andres-mijes-solicita-asf-fiscalizacion-obras-samuel-garcia\\\/\"]}]},{\"@type\":\"ImageObject\",\"inLanguage\":\"es\",\"@id\":\"https:\\\/\\\/arjenoticias.com.mx\\\/lo-mas-relevante\\\/andres-mijes-solicita-asf-fiscalizacion-obras-samuel-garcia\\\/#primaryimage\",\"url\":\"https:\\\/\\\/arjenoticias.com.mx\\\/wp-content\\\/uploads\\\/2026\\\/07\\\/HN8RtATXIAA7AUI.jpg\",\"contentUrl\":\"https:\\\/\\\/arjenoticias.com.mx\\\/wp-content\\\/uploads\\\/2026\\\/07\\\/HN8RtATXIAA7AUI.jpg\",\"width\":1024,\"height\":683,\"caption\":\"andres-mijes-solicita-asf-fiscalizacion-obras-samuel-garcia\"},{\"@type\":\"BreadcrumbList\",\"@id\":\"https:\\\/\\\/arjenoticias.com.mx\\\/lo-mas-relevante\\\/andres-mijes-solicita-asf-fiscalizacion-obras-samuel-garcia\\\/#breadcrumb\",\"itemListElement\":[{\"@type\":\"ListItem\",\"position\":1,\"name\":\"Portada\",\"item\":\"https:\\\/\\\/arjenoticias.com.mx\\\/\"},{\"@type\":\"ListItem\",\"position\":2,\"name\":\"Mijes pide a la ASF auditar obras de Samuel Garc\u00eda\"}]},{\"@type\":\"WebSite\",\"@id\":\"https:\\\/\\\/arjenoticias.com.mx\\\/#website\",\"url\":\"https:\\\/\\\/arjenoticias.com.mx\\\/\",\"name\":\"Arj\u00e9 M\u00e9xico\",\"description\":\"\",\"publisher\":{\"@id\":\"https:\\\/\\\/arjenoticias.com.mx\\\/#organization\"},\"potentialAction\":[{\"@type\":\"SearchAction\",\"target\":{\"@type\":\"EntryPoint\",\"urlTemplate\":\"https:\\\/\\\/arjenoticias.com.mx\\\/?s={search_term_string}\"},\"query-input\":{\"@type\":\"PropertyValueSpecification\",\"valueRequired\":true,\"valueName\":\"search_term_string\"}}],\"inLanguage\":\"es\"},{\"@type\":\"Organization\",\"@id\":\"https:\\\/\\\/arjenoticias.com.mx\\\/#organization\",\"name\":\"Arj\u00e9 M\u00e9xico\",\"url\":\"https:\\\/\\\/arjenoticias.com.mx\\\/\",\"logo\":{\"@type\":\"ImageObject\",\"inLanguage\":\"es\",\"@id\":\"https:\\\/\\\/arjenoticias.com.mx\\\/#\\\/schema\\\/logo\\\/image\\\/\",\"url\":\"https:\\\/\\\/arjenoticias.com\\\/wp-content\\\/uploads\\\/2026\\\/04\\\/cropped-cropped-logo-inverted-1-scaled-1.png\",\"contentUrl\":\"https:\\\/\\\/arjenoticias.com\\\/wp-content\\\/uploads\\\/2026\\\/04\\\/cropped-cropped-logo-inverted-1-scaled-1.png\",\"width\":2556,\"height\":549,\"caption\":\"Arj\u00e9 M\u00e9xico\"},\"image\":{\"@id\":\"https:\\\/\\\/arjenoticias.com.mx\\\/#\\\/schema\\\/logo\\\/image\\\/\"},\"sameAs\":[\"https:\\\/\\\/www.facebook.com\\\/ArjeNoticiasMX\",\"https:\\\/\\\/x.com\\\/ArjeNoticias\"]},{\"@type\":\"Person\",\"@id\":\"https:\\\/\\\/arjenoticias.com.mx\\\/#\\\/schema\\\/person\\\/1f8657b2ea5d2a202124d43971a97b85\",\"name\":\"Arj\u00e9 Noticias\",\"image\":{\"@type\":\"ImageObject\",\"inLanguage\":\"es\",\"@id\":\"https:\\\/\\\/arjenoticias.com\\\/wp-content\\\/uploads\\\/2026\\\/04\\\/Arje-Noticias-96x96.png\",\"url\":\"https:\\\/\\\/arjenoticias.com\\\/wp-content\\\/uploads\\\/2026\\\/04\\\/Arje-Noticias-96x96.png\",\"contentUrl\":\"https:\\\/\\\/arjenoticias.com\\\/wp-content\\\/uploads\\\/2026\\\/04\\\/Arje-Noticias-96x96.png\",\"caption\":\"Arj\u00e9 Noticias\"},\"sameAs\":[\"https:\\\/\\\/arjenoticias.com\"],\"url\":\"https:\\\/\\\/arjenoticias.com.mx\\\/author\\\/admin\\\/\"}]}<\/script>\n<!-- \/ Yoast SEO plugin. -->","yoast_head_json":{"title":"Mijes pide a la ASF auditar obras de Samuel Garc\u00eda -","description":"Mijes solicit\u00f3 a la ASF una auditor\u00eda especial para revisar los recursos federales destinados a obras del gobierno de Samuel Garc\u00eda en NL.","robots":{"index":"index","follow":"follow","max-snippet":"max-snippet:-1","max-image-preview":"max-image-preview:large","max-video-preview":"max-video-preview:-1"},"canonical":"https:\/\/arjenoticias.com.mx\/lo-mas-relevante\/andres-mijes-solicita-asf-fiscalizacion-obras-samuel-garcia\/","og_locale":"es_ES","og_type":"article","og_title":"Mijes pide a la ASF auditar obras de Samuel Garc\u00eda -","og_description":"Mijes solicit\u00f3 a la ASF una auditor\u00eda especial para revisar los recursos federales destinados a obras del gobierno de Samuel Garc\u00eda en NL.","og_url":"https:\/\/arjenoticias.com.mx\/lo-mas-relevante\/andres-mijes-solicita-asf-fiscalizacion-obras-samuel-garcia\/","article_publisher":"https:\/\/www.facebook.com\/ArjeNoticiasMX","article_published_time":"2026-07-24T01:35:40+00:00","article_modified_time":"2026-07-24T03:32:11+00:00","og_image":[{"width":1024,"height":683,"url":"https:\/\/arjenoticias.com.mx\/wp-content\/uploads\/2026\/07\/HN8RtATXIAA7AUI.jpg","type":"image\/jpeg"}],"author":"Arj\u00e9 Noticias","twitter_card":"summary_large_image","twitter_creator":"@ArjeNoticias","twitter_site":"@ArjeNoticias","twitter_misc":{"Escrito por":"Arj\u00e9 Noticias","Tiempo de lectura":"2 minutos"},"schema":{"@context":"https:\/\/schema.org","@graph":[{"@type":"Article","@id":"https:\/\/arjenoticias.com.mx\/lo-mas-relevante\/andres-mijes-solicita-asf-fiscalizacion-obras-samuel-garcia\/#article","isPartOf":{"@id":"https:\/\/arjenoticias.com.mx\/lo-mas-relevante\/andres-mijes-solicita-asf-fiscalizacion-obras-samuel-garcia\/"},"author":{"name":"Arj\u00e9 Noticias","@id":"https:\/\/arjenoticias.com.mx\/#\/schema\/person\/1f8657b2ea5d2a202124d43971a97b85"},"headline":"Mijes pide a la ASF auditar obras de Samuel Garc\u00eda","datePublished":"2026-07-24T01:35:40+00:00","dateModified":"2026-07-24T03:32:11+00:00","mainEntityOfPage":{"@id":"https:\/\/arjenoticias.com.mx\/lo-mas-relevante\/andres-mijes-solicita-asf-fiscalizacion-obras-samuel-garcia\/"},"wordCount":423,"commentCount":0,"publisher":{"@id":"https:\/\/arjenoticias.com.mx\/#organization"},"image":{"@id":"https:\/\/arjenoticias.com.mx\/lo-mas-relevante\/andres-mijes-solicita-asf-fiscalizacion-obras-samuel-garcia\/#primaryimage"},"thumbnailUrl":"https:\/\/arjenoticias.com.mx\/wp-content\/uploads\/2026\/07\/HN8RtATXIAA7AUI.jpg","keywords":["Andr\u00e9s Mijes se\u00f1ala a Samuel Garc\u00eda","Pide Mijes auditar obras de Samuel"],"articleSection":["Lo m\u00e1s relevante"],"inLanguage":"es","potentialAction":[{"@type":"CommentAction","name":"Comment","target":["https:\/\/arjenoticias.com.mx\/lo-mas-relevante\/andres-mijes-solicita-asf-fiscalizacion-obras-samuel-garcia\/#respond"]}]},{"@type":"WebPage","@id":"https:\/\/arjenoticias.com.mx\/lo-mas-relevante\/andres-mijes-solicita-asf-fiscalizacion-obras-samuel-garcia\/","url":"https:\/\/arjenoticias.com.mx\/lo-mas-relevante\/andres-mijes-solicita-asf-fiscalizacion-obras-samuel-garcia\/","name":"Mijes pide a la ASF auditar obras de Samuel Garc\u00eda -","isPartOf":{"@id":"https:\/\/arjenoticias.com.mx\/#website"},"primaryImageOfPage":{"@id":"https:\/\/arjenoticias.com.mx\/lo-mas-relevante\/andres-mijes-solicita-asf-fiscalizacion-obras-samuel-garcia\/#primaryimage"},"image":{"@id":"https:\/\/arjenoticias.com.mx\/lo-mas-relevante\/andres-mijes-solicita-asf-fiscalizacion-obras-samuel-garcia\/#primaryimage"},"thumbnailUrl":"https:\/\/arjenoticias.com.mx\/wp-content\/uploads\/2026\/07\/HN8RtATXIAA7AUI.jpg","datePublished":"2026-07-24T01:35:40+00:00","dateModified":"2026-07-24T03:32:11+00:00","description":"Mijes solicit\u00f3 a la ASF una auditor\u00eda especial para revisar los recursos federales destinados a obras del gobierno de Samuel Garc\u00eda en NL.","breadcrumb":{"@id":"https:\/\/arjenoticias.com.mx\/lo-mas-relevante\/andres-mijes-solicita-asf-fiscalizacion-obras-samuel-garcia\/#breadcrumb"},"inLanguage":"es","potentialAction":[{"@type":"ReadAction","target":["https:\/\/arjenoticias.com.mx\/lo-mas-relevante\/andres-mijes-solicita-asf-fiscalizacion-obras-samuel-garcia\/"]}]},{"@type":"ImageObject","inLanguage":"es","@id":"https:\/\/arjenoticias.com.mx\/lo-mas-relevante\/andres-mijes-solicita-asf-fiscalizacion-obras-samuel-garcia\/#primaryimage","url":"https:\/\/arjenoticias.com.mx\/wp-content\/uploads\/2026\/07\/HN8RtATXIAA7AUI.jpg","contentUrl":"https:\/\/arjenoticias.com.mx\/wp-content\/uploads\/2026\/07\/HN8RtATXIAA7AUI.jpg","width":1024,"height":683,"caption":"andres-mijes-solicita-asf-fiscalizacion-obras-samuel-garcia"},{"@type":"BreadcrumbList","@id":"https:\/\/arjenoticias.com.mx\/lo-mas-relevante\/andres-mijes-solicita-asf-fiscalizacion-obras-samuel-garcia\/#breadcrumb","itemListElement":[{"@type":"ListItem","position":1,"name":"Portada","item":"https:\/\/arjenoticias.com.mx\/"},{"@type":"ListItem","position":2,"name":"Mijes pide a la ASF auditar obras de Samuel Garc\u00eda"}]},{"@type":"WebSite","@id":"https:\/\/arjenoticias.com.mx\/#website","url":"https:\/\/arjenoticias.com.mx\/","name":"Arj\u00e9 M\u00e9xico","description":"","publisher":{"@id":"https:\/\/arjenoticias.com.mx\/#organization"},"potentialAction":[{"@type":"SearchAction","target":{"@type":"EntryPoint","urlTemplate":"https:\/\/arjenoticias.com.mx\/?s={search_term_string}"},"query-input":{"@type":"PropertyValueSpecification","valueRequired":true,"valueName":"search_term_string"}}],"inLanguage":"es"},{"@type":"Organization","@id":"https:\/\/arjenoticias.com.mx\/#organization","name":"Arj\u00e9 M\u00e9xico","url":"https:\/\/arjenoticias.com.mx\/","logo":{"@type":"ImageObject","inLanguage":"es","@id":"https:\/\/arjenoticias.com.mx\/#\/schema\/logo\/image\/","url":"https:\/\/arjenoticias.com\/wp-content\/uploads\/2026\/04\/cropped-cropped-logo-inverted-1-scaled-1.png","contentUrl":"https:\/\/arjenoticias.com\/wp-content\/uploads\/2026\/04\/cropped-cropped-logo-inverted-1-scaled-1.png","width":2556,"height":549,"caption":"Arj\u00e9 M\u00e9xico"},"image":{"@id":"https:\/\/arjenoticias.com.mx\/#\/schema\/logo\/image\/"},"sameAs":["https:\/\/www.facebook.com\/ArjeNoticiasMX","https:\/\/x.com\/ArjeNoticias"]},{"@type":"Person","@id":"https:\/\/arjenoticias.com.mx\/#\/schema\/person\/1f8657b2ea5d2a202124d43971a97b85","name":"Arj\u00e9 Noticias","image":{"@type":"ImageObject","inLanguage":"es","@id":"https:\/\/arjenoticias.com\/wp-content\/uploads\/2026\/04\/Arje-Noticias-96x96.png","url":"https:\/\/arjenoticias.com\/wp-content\/uploads\/2026\/04\/Arje-Noticias-96x96.png","contentUrl":"https:\/\/arjenoticias.com\/wp-content\/uploads\/2026\/04\/Arje-Noticias-96x96.png","caption":"Arj\u00e9 Noticias"},"sameAs":["https:\/\/arjenoticias.com"],"url":"https:\/\/arjenoticias.com.mx\/author\/admin\/"}]}},"featured_image_urls":{"full":["https:\/\/arjenoticias.com.mx\/wp-content\/uploads\/2026\/07\/HN8RtATXIAA7AUI.jpg",1024,683,false],"thumbnail":["https:\/\/arjenoticias.com.mx\/wp-content\/uploads\/2026\/07\/HN8RtATXIAA7AUI-150x150.jpg",150,150,true],"medium":["https:\/\/arjenoticias.com.mx\/wp-content\/uploads\/2026\/07\/HN8RtATXIAA7AUI-300x200.jpg",300,200,true],"medium_large":["https:\/\/arjenoticias.com.mx\/wp-content\/uploads\/2026\/07\/HN8RtATXIAA7AUI-768x512.jpg",640,427,true],"large":["https:\/\/arjenoticias.com.mx\/wp-content\/uploads\/2026\/07\/HN8RtATXIAA7AUI.jpg",640,427,false],"1536x1536":["https:\/\/arjenoticias.com.mx\/wp-content\/uploads\/2026\/07\/HN8RtATXIAA7AUI.jpg",1024,683,false],"2048x2048":["https:\/\/arjenoticias.com.mx\/wp-content\/uploads\/2026\/07\/HN8RtATXIAA7AUI.jpg",1024,683,false],"covernews-featured":["https:\/\/arjenoticias.com.mx\/wp-content\/uploads\/2026\/07\/HN8RtATXIAA7AUI.jpg",1024,683,false],"covernews-medium":["https:\/\/arjenoticias.com.mx\/wp-content\/uploads\/2026\/07\/HN8RtATXIAA7AUI-540x340.jpg",540,340,true]},"author_info":{"info":["Arj\u00e9 Noticias"]},"category_info":"<a href=\"https:\/\/arjenoticias.com.mx\/category\/lo-mas-relevante\/\" rel=\"category tag\">Lo m\u00e1s relevante<\/a>","tag_info":"Lo m\u00e1s relevante","comment_count":"0","_links":{"self":[{"href":"https:\/\/arjenoticias.com.mx\/wp-json\/wp\/v2\/posts\/16344","targetHints":{"allow":["GET"]}}],"collection":[{"href":"https:\/\/arjenoticias.com.mx\/wp-json\/wp\/v2\/posts"}],"about":[{"href":"https:\/\/arjenoticias.com.mx\/wp-json\/wp\/v2\/types\/post"}],"author":[{"embeddable":true,"href":"https:\/\/arjenoticias.com.mx\/wp-json\/wp\/v2\/users\/1"}],"replies":[{"embeddable":true,"href":"https:\/\/arjenoticias.com.mx\/wp-json\/wp\/v2\/comments?post=16344"}],"version-history":[{"count":3,"href":"https:\/\/arjenoticias.com.mx\/wp-json\/wp\/v2\/posts\/16344\/revisions"}],"predecessor-version":[{"id":16364,"href":"https:\/\/arjenoticias.com.mx\/wp-json\/wp\/v2\/posts\/16344\/revisions\/16364"}],"wp:featuredmedia":[{"embeddable":true,"href":"https:\/\/arjenoticias.com.mx\/wp-json\/wp\/v2\/media\/16345"}],"wp:attachment":[{"href":"https:\/\/arjenoticias.com.mx\/wp-json\/wp\/v2\/media?parent=16344"}],"wp:term":[{"taxonomy":"category","embeddable":true,"href":"https:\/\/arjenoticias.com.mx\/wp-json\/wp\/v2\/categories?post=16344"},{"taxonomy":"post_tag","embeddable":true,"href":"https:\/\/arjenoticias.com.mx\/wp-json\/wp\/v2\/tags?post=16344"}],"curies":[{"name":"wp","href":"https:\/\/api.w.org\/{rel}","templated":true}]}}