{"id":16197,"date":"2026-07-19T07:47:09","date_gmt":"2026-07-19T13:47:09","guid":{"rendered":"https:\/\/arjenoticias.com\/?p=16197"},"modified":"2026-07-19T07:47:09","modified_gmt":"2026-07-19T13:47:09","slug":"la-libertad-amenazada-por-ia","status":"publish","type":"post","link":"https:\/\/arjenoticias.com.mx\/?p=16197","title":{"rendered":"La libertad amenazada por IA"},"content":{"rendered":"\n<p class=\"wp-block-paragraph\">Le\u00f3n XIV se refiere en \u201cMagnifica Humanitas\u201d al efecto de la revoluci\u00f3n digital sobre la libertad humana, tambi\u00e9n. \u201cEs urgente promover un uso de las tecnolog\u00edas que refuerce la libertad interior: educaci\u00f3n en la sobriedad digital, protecci\u00f3n de los menores y lucha contra los modelos que prosperan a costa de la vulnerabilidad. Cuando cada gesto deja huellas -desplazamientos, compras, relaciones, preferencias- se crea un poder nuevo: el de perfilar, prever y orientar los comportamientos, a menudo sin que las personas tengan plena conciencia de ello. Si estos datos se utilizan para tomar decisiones que inciden en oportunidades concretas (acceso al cr\u00e9dito, selecci\u00f3n de personal, servicios), existe el riesgo de socavar la libertad y discriminar a los m\u00e1s vulnerables.<br>\u201cLa libertad, en la era digital, no es s\u00f3lo una cuesti\u00f3n interior; es tambi\u00e9n un asunto p\u00fablico, que exige normas claras, transparencia, v\u00edas de recurso y l\u00edmites proporcionados al uso de tecnolog\u00edas invasivas, para que la tecnolog\u00eda est\u00e9 al servicio de la persona y no se convierta en una forma de dominio de las conciencias.<br>\u201cUna parte significativa del funcionamiento de la econom\u00eda digital se sustenta en el trabajo silencioso de millones de seres humanos, empleados en actividades poco visibles pero esenciales: etiquetado de datos, moderaci\u00f3n de contenidos y entrenamiento de modelos. A este arduo trabajo se suma la tarea, a\u00fan m\u00e1s brutal, de la extracci\u00f3n de los recursos necesarios para la producci\u00f3n de los dispositivos y microprocesadores en los que se basa la IA. En algunas regiones del mundo, adolescentes y ni\u00f1os trabajan en condiciones peligrosas en la trituraci\u00f3n de los materiales de los que se obtienen las tierras raras. Cuerpos marcados, mutilados, consumidos para que el flujo de los c\u00e1lculos no se interrumpa. Las redes criminales utilizan plataformas en internet, sistemas de mensajer\u00eda, pagos an\u00f3nimos y t\u00e9cnicas de perfilado para reclutar, controlar y trasladar a v\u00edctimas de la trata, muchas veces menores de edad, convirtiendo a hombres y mujeres en \u201cdatos\u02ee que rastrear y \u201cpaquetes\u02ee para transferir dentro de los mismos circuitos digitales que sustentan gran parte de la econom\u00eda global\u201d. \u201cSi no queremos pedir perd\u00f3n en el futuro por no haber sido fieles al tesoro de la dignidad humana, hoy nos corresponde ser directos y firmes a la hora de denunciar la trata en sus m\u00faltiples manifestaciones y de apoyar, paso a paso, caminos reales de prevenci\u00f3n, protecci\u00f3n, liberaci\u00f3n y rehabilitaci\u00f3n\u201d, agrega Le\u00f3n XIV.<br>\u201cEl colonialismo actual no s\u00f3lo domina los cuerpos, sino que se apropia de los datos, transformando las vidas personales en informaci\u00f3n explotable. Territorios enteros se ven, en el presente, atravesados por una nueva l\u00f3gica de extracci\u00f3n: la de los flujos sanitarios, perfiles epidemiol\u00f3gicos, mapas gen\u00e9ticos y datos demogr\u00e1ficos. Estas son las nuevas \u201ctierras raras\u02ee del poder: informaciones vitales que pueden utilizarse para entrenar modelos predictivos, orientar estrategias de inversi\u00f3n, anticipar crisis y, seleccionar qui\u00e9n y qu\u00e9 importa. Quien posee los datos sanitarios de poblaciones enteras, posee en realidad una palanca estructural sobre el futuro: puede moldear las necesidades y los mercados.<br>\u201cEs necesario actuar en varios frentes: Primero, para exigir una mayor transparencia de las cadenas de suministro que sustentan la industria tecnol\u00f3gica y la econom\u00eda digital, de modo que ninguna ventaja competitiva se construya sobre la explotaci\u00f3n invisible. Segundo, que las empresas adopten criterios claros de verificaci\u00f3n \u00e9tica preventiva (due diligence, debida diligencica), incluyendo la protecci\u00f3n de los trabajadores, la lucha contra el trabajo forzoso y el impacto social de los modelos de negocio basados en datos. Y exigir a plataformas digitales que cooperen para impedir que las herramientas de comunicaci\u00f3n, pago y elaboraci\u00f3n de perfiles se conviertan en canales de captaci\u00f3n y control de las v\u00edctimas. Si la t\u00e9cnica se inscribe en un horizonte de sabidur\u00eda, puede convertirse en una oportunidad de crecimiento, justicia y fraternidad\u201d.<br>En el Cap. V, Le\u00f3n XIV se refiere a un \u00e1mbito m\u00e1s dram\u00e1tico: la guerra y la revoluci\u00f3n digital. Lo leeremos.<\/p>\n","protected":false},"excerpt":{"rendered":"<p>Le\u00f3n XIV se refiere en \u201cMagnifica Humanitas\u201d al efecto de la revoluci\u00f3n digital sobre la&#8230;<\/p>\n","protected":false},"author":76,"featured_media":16198,"comment_status":"open","ping_status":"open","sticky":false,"template":"","format":"standard","meta":{"footnotes":""},"categories":[15],"tags":[1412],"class_list":["post-16197","post","type-post","status-publish","format-standard","has-post-thumbnail","hentry","category-science","tag-la-ia-amenaza-la-libertad"],"yoast_head":"<!-- This site is optimized with the Yoast SEO plugin v28.4 - https:\/\/yoast.com\/product\/yoast-seo-wordpress\/ -->\n<title>La libertad amenazada por IA -<\/title>\n<meta name=\"description\" content=\"\u201cLa libertad, en la era digital, no es s\u00f3lo una cuesti\u00f3n interior; es tambi\u00e9n un asunto p\u00fablico, que exige normas claras, transparencia, v\u00edas de recurso y l\u00edmites proporcionados al uso de tecnolog\u00edas invasivas,\" \/>\n<meta name=\"robots\" content=\"index, follow, max-snippet:-1, max-image-preview:large, max-video-preview:-1\" \/>\n<link rel=\"canonical\" href=\"https:\/\/arjenoticias.com.mx\/?p=16197\" \/>\n<meta property=\"og:locale\" content=\"es_MX\" \/>\n<meta property=\"og:type\" content=\"article\" \/>\n<meta property=\"og:title\" content=\"La libertad amenazada por IA -\" \/>\n<meta property=\"og:description\" content=\"\u201cLa libertad, en la era digital, no es s\u00f3lo una cuesti\u00f3n interior; es tambi\u00e9n un asunto p\u00fablico, que exige normas claras, transparencia, v\u00edas de recurso y l\u00edmites proporcionados al uso de tecnolog\u00edas invasivas,\" \/>\n<meta property=\"og:url\" content=\"https:\/\/arjenoticias.com.mx\/?p=16197\" \/>\n<meta property=\"article:published_time\" content=\"2026-07-19T13:47:09+00:00\" \/>\n<meta name=\"author\" content=\"Juan Miguel Alc\u00e1ntara Soria\" \/>\n<meta name=\"twitter:card\" content=\"summary_large_image\" \/>\n<meta name=\"twitter:label1\" content=\"Escrito por\" \/>\n\t<meta name=\"twitter:data1\" content=\"Juan Miguel Alc\u00e1ntara Soria\" \/>\n\t<meta name=\"twitter:label2\" content=\"Tiempo de lectura\" \/>\n\t<meta name=\"twitter:data2\" content=\"4 minutos\" \/>\n<script type=\"application\/ld+json\" class=\"yoast-schema-graph\">{\"@context\":\"https:\\\/\\\/schema.org\",\"@graph\":[{\"@type\":\"Article\",\"@id\":\"https:\\\/\\\/arjenoticias.com.mx\\\/?p=16197#article\",\"isPartOf\":{\"@id\":\"https:\\\/\\\/arjenoticias.com.mx\\\/?p=16197\"},\"author\":{\"name\":\"Juan Miguel Alc\u00e1ntara Soria\",\"@id\":\"https:\\\/\\\/arjenoticias.com.mx\\\/#\\\/schema\\\/person\\\/9763e714fed8473c91a0408f9a21f71c\"},\"headline\":\"La libertad amenazada por IA\",\"datePublished\":\"2026-07-19T13:47:09+00:00\",\"mainEntityOfPage\":{\"@id\":\"https:\\\/\\\/arjenoticias.com.mx\\\/?p=16197\"},\"wordCount\":711,\"commentCount\":0,\"publisher\":{\"@id\":\"https:\\\/\\\/arjenoticias.com.mx\\\/#organization\"},\"image\":{\"@id\":\"https:\\\/\\\/arjenoticias.com.mx\\\/?p=16197#primaryimage\"},\"thumbnailUrl\":\"\",\"keywords\":[\"La IA amenaza la libertad\"],\"articleSection\":[\"Science\"],\"inLanguage\":\"es\",\"potentialAction\":[{\"@type\":\"CommentAction\",\"name\":\"Comment\",\"target\":[\"https:\\\/\\\/arjenoticias.com.mx\\\/?p=16197#respond\"]}]},{\"@type\":\"WebPage\",\"@id\":\"https:\\\/\\\/arjenoticias.com.mx\\\/?p=16197\",\"url\":\"https:\\\/\\\/arjenoticias.com.mx\\\/?p=16197\",\"name\":\"La libertad amenazada por IA -\",\"isPartOf\":{\"@id\":\"https:\\\/\\\/arjenoticias.com.mx\\\/#website\"},\"primaryImageOfPage\":{\"@id\":\"https:\\\/\\\/arjenoticias.com.mx\\\/?p=16197#primaryimage\"},\"image\":{\"@id\":\"https:\\\/\\\/arjenoticias.com.mx\\\/?p=16197#primaryimage\"},\"thumbnailUrl\":\"\",\"datePublished\":\"2026-07-19T13:47:09+00:00\",\"description\":\"\u201cLa libertad, en la era digital, no es s\u00f3lo una cuesti\u00f3n interior; es tambi\u00e9n un asunto p\u00fablico, que exige normas claras, transparencia, v\u00edas de recurso y l\u00edmites proporcionados al uso de tecnolog\u00edas invasivas,\",\"breadcrumb\":{\"@id\":\"https:\\\/\\\/arjenoticias.com.mx\\\/?p=16197#breadcrumb\"},\"inLanguage\":\"es\",\"potentialAction\":[{\"@type\":\"ReadAction\",\"target\":[\"https:\\\/\\\/arjenoticias.com.mx\\\/?p=16197\"]}]},{\"@type\":\"ImageObject\",\"inLanguage\":\"es\",\"@id\":\"https:\\\/\\\/arjenoticias.com.mx\\\/?p=16197#primaryimage\",\"url\":\"\",\"contentUrl\":\"\"},{\"@type\":\"BreadcrumbList\",\"@id\":\"https:\\\/\\\/arjenoticias.com.mx\\\/?p=16197#breadcrumb\",\"itemListElement\":[{\"@type\":\"ListItem\",\"position\":1,\"name\":\"Inicio\",\"item\":\"https:\\\/\\\/arjenoticias.com.mx\\\/\"},{\"@type\":\"ListItem\",\"position\":2,\"name\":\"La libertad amenazada por IA\"}]},{\"@type\":\"WebSite\",\"@id\":\"https:\\\/\\\/arjenoticias.com.mx\\\/#website\",\"url\":\"https:\\\/\\\/arjenoticias.com.mx\\\/\",\"name\":\"arjenoticias.com.mx\",\"description\":\"\",\"publisher\":{\"@id\":\"https:\\\/\\\/arjenoticias.com.mx\\\/#organization\"},\"potentialAction\":[{\"@type\":\"SearchAction\",\"target\":{\"@type\":\"EntryPoint\",\"urlTemplate\":\"https:\\\/\\\/arjenoticias.com.mx\\\/?s={search_term_string}\"},\"query-input\":{\"@type\":\"PropertyValueSpecification\",\"valueRequired\":true,\"valueName\":\"search_term_string\"}}],\"inLanguage\":\"es\"},{\"@type\":\"Organization\",\"@id\":\"https:\\\/\\\/arjenoticias.com.mx\\\/#organization\",\"name\":\"Arj\u00e9 de M\u00e9xico Noticias\",\"url\":\"https:\\\/\\\/arjenoticias.com.mx\\\/\",\"logo\":{\"@type\":\"ImageObject\",\"inLanguage\":\"es\",\"@id\":\"https:\\\/\\\/arjenoticias.com.mx\\\/#\\\/schema\\\/logo\\\/image\\\/\",\"url\":\"https:\\\/\\\/arjenoticias.com.mx\\\/wp-content\\\/uploads\\\/2025\\\/07\\\/cropped-logo-scaled-1.png\",\"contentUrl\":\"https:\\\/\\\/arjenoticias.com.mx\\\/wp-content\\\/uploads\\\/2025\\\/07\\\/cropped-logo-scaled-1.png\",\"width\":2558,\"height\":558,\"caption\":\"Arj\u00e9 de M\u00e9xico Noticias\"},\"image\":{\"@id\":\"https:\\\/\\\/arjenoticias.com.mx\\\/#\\\/schema\\\/logo\\\/image\\\/\"}},{\"@type\":\"Person\",\"@id\":\"https:\\\/\\\/arjenoticias.com.mx\\\/#\\\/schema\\\/person\\\/9763e714fed8473c91a0408f9a21f71c\",\"name\":\"Juan Miguel Alc\u00e1ntara Soria\",\"image\":{\"@type\":\"ImageObject\",\"inLanguage\":\"es\",\"@id\":\"https:\\\/\\\/secure.gravatar.com\\\/avatar\\\/89fc08d88a9f1d0bf9213b4274220a746b0561913e70599e6421b4a2e5834c55?s=96&d=mm&r=g\",\"url\":\"https:\\\/\\\/secure.gravatar.com\\\/avatar\\\/89fc08d88a9f1d0bf9213b4274220a746b0561913e70599e6421b4a2e5834c55?s=96&d=mm&r=g\",\"contentUrl\":\"https:\\\/\\\/secure.gravatar.com\\\/avatar\\\/89fc08d88a9f1d0bf9213b4274220a746b0561913e70599e6421b4a2e5834c55?s=96&d=mm&r=g\",\"caption\":\"Juan Miguel Alc\u00e1ntara Soria\"},\"url\":\"https:\\\/\\\/arjenoticias.com.mx\\\/?author=76\"}]}<\/script>\n<!-- \/ Yoast SEO plugin. -->","yoast_head_json":{"title":"La libertad amenazada por IA -","description":"\u201cLa libertad, en la era digital, no es s\u00f3lo una cuesti\u00f3n interior; es tambi\u00e9n un asunto p\u00fablico, que exige normas claras, transparencia, v\u00edas de recurso y l\u00edmites proporcionados al uso de tecnolog\u00edas invasivas,","robots":{"index":"index","follow":"follow","max-snippet":"max-snippet:-1","max-image-preview":"max-image-preview:large","max-video-preview":"max-video-preview:-1"},"canonical":"https:\/\/arjenoticias.com.mx\/?p=16197","og_locale":"es_MX","og_type":"article","og_title":"La libertad amenazada por IA -","og_description":"\u201cLa libertad, en la era digital, no es s\u00f3lo una cuesti\u00f3n interior; es tambi\u00e9n un asunto p\u00fablico, que exige normas claras, transparencia, v\u00edas de recurso y l\u00edmites proporcionados al uso de tecnolog\u00edas invasivas,","og_url":"https:\/\/arjenoticias.com.mx\/?p=16197","article_published_time":"2026-07-19T13:47:09+00:00","author":"Juan Miguel Alc\u00e1ntara Soria","twitter_card":"summary_large_image","twitter_misc":{"Escrito por":"Juan Miguel Alc\u00e1ntara Soria","Tiempo de lectura":"4 minutos"},"schema":{"@context":"https:\/\/schema.org","@graph":[{"@type":"Article","@id":"https:\/\/arjenoticias.com.mx\/?p=16197#article","isPartOf":{"@id":"https:\/\/arjenoticias.com.mx\/?p=16197"},"author":{"name":"Juan Miguel Alc\u00e1ntara Soria","@id":"https:\/\/arjenoticias.com.mx\/#\/schema\/person\/9763e714fed8473c91a0408f9a21f71c"},"headline":"La libertad amenazada por IA","datePublished":"2026-07-19T13:47:09+00:00","mainEntityOfPage":{"@id":"https:\/\/arjenoticias.com.mx\/?p=16197"},"wordCount":711,"commentCount":0,"publisher":{"@id":"https:\/\/arjenoticias.com.mx\/#organization"},"image":{"@id":"https:\/\/arjenoticias.com.mx\/?p=16197#primaryimage"},"thumbnailUrl":"","keywords":["La IA amenaza la libertad"],"articleSection":["Science"],"inLanguage":"es","potentialAction":[{"@type":"CommentAction","name":"Comment","target":["https:\/\/arjenoticias.com.mx\/?p=16197#respond"]}]},{"@type":"WebPage","@id":"https:\/\/arjenoticias.com.mx\/?p=16197","url":"https:\/\/arjenoticias.com.mx\/?p=16197","name":"La libertad amenazada por IA -","isPartOf":{"@id":"https:\/\/arjenoticias.com.mx\/#website"},"primaryImageOfPage":{"@id":"https:\/\/arjenoticias.com.mx\/?p=16197#primaryimage"},"image":{"@id":"https:\/\/arjenoticias.com.mx\/?p=16197#primaryimage"},"thumbnailUrl":"","datePublished":"2026-07-19T13:47:09+00:00","description":"\u201cLa libertad, en la era digital, no es s\u00f3lo una cuesti\u00f3n interior; es tambi\u00e9n un asunto p\u00fablico, que exige normas claras, transparencia, v\u00edas de recurso y l\u00edmites proporcionados al uso de tecnolog\u00edas invasivas,","breadcrumb":{"@id":"https:\/\/arjenoticias.com.mx\/?p=16197#breadcrumb"},"inLanguage":"es","potentialAction":[{"@type":"ReadAction","target":["https:\/\/arjenoticias.com.mx\/?p=16197"]}]},{"@type":"ImageObject","inLanguage":"es","@id":"https:\/\/arjenoticias.com.mx\/?p=16197#primaryimage","url":"","contentUrl":""},{"@type":"BreadcrumbList","@id":"https:\/\/arjenoticias.com.mx\/?p=16197#breadcrumb","itemListElement":[{"@type":"ListItem","position":1,"name":"Inicio","item":"https:\/\/arjenoticias.com.mx\/"},{"@type":"ListItem","position":2,"name":"La libertad amenazada por IA"}]},{"@type":"WebSite","@id":"https:\/\/arjenoticias.com.mx\/#website","url":"https:\/\/arjenoticias.com.mx\/","name":"arjenoticias.com.mx","description":"","publisher":{"@id":"https:\/\/arjenoticias.com.mx\/#organization"},"potentialAction":[{"@type":"SearchAction","target":{"@type":"EntryPoint","urlTemplate":"https:\/\/arjenoticias.com.mx\/?s={search_term_string}"},"query-input":{"@type":"PropertyValueSpecification","valueRequired":true,"valueName":"search_term_string"}}],"inLanguage":"es"},{"@type":"Organization","@id":"https:\/\/arjenoticias.com.mx\/#organization","name":"Arj\u00e9 de M\u00e9xico Noticias","url":"https:\/\/arjenoticias.com.mx\/","logo":{"@type":"ImageObject","inLanguage":"es","@id":"https:\/\/arjenoticias.com.mx\/#\/schema\/logo\/image\/","url":"https:\/\/arjenoticias.com.mx\/wp-content\/uploads\/2025\/07\/cropped-logo-scaled-1.png","contentUrl":"https:\/\/arjenoticias.com.mx\/wp-content\/uploads\/2025\/07\/cropped-logo-scaled-1.png","width":2558,"height":558,"caption":"Arj\u00e9 de M\u00e9xico Noticias"},"image":{"@id":"https:\/\/arjenoticias.com.mx\/#\/schema\/logo\/image\/"}},{"@type":"Person","@id":"https:\/\/arjenoticias.com.mx\/#\/schema\/person\/9763e714fed8473c91a0408f9a21f71c","name":"Juan Miguel Alc\u00e1ntara Soria","image":{"@type":"ImageObject","inLanguage":"es","@id":"https:\/\/secure.gravatar.com\/avatar\/89fc08d88a9f1d0bf9213b4274220a746b0561913e70599e6421b4a2e5834c55?s=96&d=mm&r=g","url":"https:\/\/secure.gravatar.com\/avatar\/89fc08d88a9f1d0bf9213b4274220a746b0561913e70599e6421b4a2e5834c55?s=96&d=mm&r=g","contentUrl":"https:\/\/secure.gravatar.com\/avatar\/89fc08d88a9f1d0bf9213b4274220a746b0561913e70599e6421b4a2e5834c55?s=96&d=mm&r=g","caption":"Juan Miguel Alc\u00e1ntara Soria"},"url":"https:\/\/arjenoticias.com.mx\/?author=76"}]}},"_links":{"self":[{"href":"https:\/\/arjenoticias.com.mx\/index.php?rest_route=\/wp\/v2\/posts\/16197","targetHints":{"allow":["GET"]}}],"collection":[{"href":"https:\/\/arjenoticias.com.mx\/index.php?rest_route=\/wp\/v2\/posts"}],"about":[{"href":"https:\/\/arjenoticias.com.mx\/index.php?rest_route=\/wp\/v2\/types\/post"}],"author":[{"embeddable":true,"href":"https:\/\/arjenoticias.com.mx\/index.php?rest_route=\/wp\/v2\/users\/76"}],"replies":[{"embeddable":true,"href":"https:\/\/arjenoticias.com.mx\/index.php?rest_route=%2Fwp%2Fv2%2Fcomments&post=16197"}],"version-history":[{"count":0,"href":"https:\/\/arjenoticias.com.mx\/index.php?rest_route=\/wp\/v2\/posts\/16197\/revisions"}],"wp:attachment":[{"href":"https:\/\/arjenoticias.com.mx\/index.php?rest_route=%2Fwp%2Fv2%2Fmedia&parent=16197"}],"wp:term":[{"taxonomy":"category","embeddable":true,"href":"https:\/\/arjenoticias.com.mx\/index.php?rest_route=%2Fwp%2Fv2%2Fcategories&post=16197"},{"taxonomy":"post_tag","embeddable":true,"href":"https:\/\/arjenoticias.com.mx\/index.php?rest_route=%2Fwp%2Fv2%2Ftags&post=16197"}],"curies":[{"name":"wp","href":"https:\/\/api.w.org\/{rel}","templated":true}]}}