{"id":16191,"date":"2026-07-18T10:59:20","date_gmt":"2026-07-18T16:59:20","guid":{"rendered":"https:\/\/arjenoticias.com\/?p=16191"},"modified":"2026-07-18T10:59:24","modified_gmt":"2026-07-18T16:59:24","slug":"embrollos-del-gobierno-de-la-presidente-sheinbaum-rafael-morgan","status":"publish","type":"post","link":"https:\/\/arjenoticias.com.mx\/opinion\/embrollos-del-gobierno-de-la-presidente-sheinbaum-rafael-morgan\/","title":{"rendered":"Embrollos del gobierno de la Presidente Sheinbaum: Rafael Morgan"},"content":{"rendered":"\n<p class=\"wp-block-paragraph\"><\/p>\n\n\n\n<p class=\"wp-block-paragraph\">Una somera revisi\u00f3n a las noticias de los \u00faltimos veinte d\u00edas nos muestra varios<\/p>\n\n\n\n<p class=\"wp-block-paragraph\">\u201cembrollos\u201d que se le han presentado o que ha provocado este gobierno de la 4T,<\/p>\n\n\n\n<p class=\"wp-block-paragraph\">mismos que indican las contradicciones entre lo que se dice, lo que se hace y lo que<\/p>\n\n\n\n<p class=\"wp-block-paragraph\">realmente est\u00e1 pasando.<\/p>\n\n\n\n<p class=\"wp-block-paragraph\">1. El \u00faltimo se\u00f1alamiento del jefe de la DEA, Terry Cole, acerca de que existe una<\/p>\n\n\n\n<p class=\"wp-block-paragraph\">\u201cmort\u00edfera conexi\u00f3n\u201d entre las redes de los c\u00e1rteles y el gobierno mexicano\u201d, que<\/p>\n\n\n\n<p class=\"wp-block-paragraph\">son \u201cuna y la misma cosa\u201d, lo que la Presidente rechaza mencionando las acciones<\/p>\n\n\n\n<p class=\"wp-block-paragraph\">del ej\u00e9rcito que ha destruido varios laboratorios de drogas y aprehendido y<\/p>\n\n\n\n<p class=\"wp-block-paragraph\">eliminado a l\u00edderes de los narcos, sin embargo EU no cede en sus exigencias.<\/p>\n\n\n\n<p class=\"wp-block-paragraph\">2. Sigue causando tensiones y desavenencias entre M\u00e9xico y EU el embrollo del<\/p>\n\n\n\n<p class=\"wp-block-paragraph\">secuestro y entrega de El Mayo Zambada al FBI, por el grupo de El Chapo Guzm\u00e1n<\/p>\n\n\n\n<p class=\"wp-block-paragraph\">a espaldas del gobierno mexicano.<\/p>\n\n\n\n<p class=\"wp-block-paragraph\">3. Se ha vuelto \u201cun embrollo\u201d el caso del piloto del avi\u00f3n, que, habi\u00e9ndose entregado<\/p>\n\n\n\n<p class=\"wp-block-paragraph\">a EU, fue extraditado a M\u00e9xico para investigaci\u00f3n, pero luego fue devuelto a EU, sin<\/p>\n\n\n\n<p class=\"wp-block-paragraph\">el correspondiente proceso jur\u00eddico. Las autoridades mexicanas no han podido<\/p>\n\n\n\n<p class=\"wp-block-paragraph\">explicar este ir y venir de un acusado.<\/p>\n\n\n\n<p class=\"wp-block-paragraph\">4. Las autoridades del Estado de Sinaloa no han podido explicar con claridad la<\/p>\n\n\n\n<p class=\"wp-block-paragraph\">\u201csupuesta reuni\u00f3n\u201d en Culiac\u00e1n de El Mayo, los Chapos y el ex rector de la UAS,<\/p>\n\n\n\n<p class=\"wp-block-paragraph\">H\u00e9ctor Melesio Cu\u00e9n quien fue asesinado, aunque luego la fiscal del Estado<\/p>\n\n\n\n<p class=\"wp-block-paragraph\">embroll\u00f3 m\u00e1s al simular el asesinato de Cuen en una gasolinera, lo que fue<\/p>\n\n\n\n<p class=\"wp-block-paragraph\">desmentido posteriormente por la Fiscal\u00eda General de la Rep\u00fablica. La fiscal, por<\/p>\n\n\n\n<p class=\"wp-block-paragraph\">cierto, ha desaparecido de la faz p\u00fablica.<\/p>\n\n\n\n<p class=\"wp-block-paragraph\">5. El gobierno norteamericano sigue insistiendo se aprehenda al Gobernador Rocha<\/p>\n\n\n\n<p class=\"wp-block-paragraph\">Moya y otros nueve funcionarios, a lo que se ha opuesto el gobierno mexicano,<\/p>\n\n\n\n<p class=\"wp-block-paragraph\">exigiendo se entreguen pruebas, mientras tanto, dos de los implicados se han<\/p>\n\n\n\n<p class=\"wp-block-paragraph\">entregado a las autoridades de EU y est\u00e1n buscando acuerdos de condenas<\/p>\n\n\n\n<p class=\"wp-block-paragraph\">benignas a cambio de informaci\u00f3n.<\/p>\n\n\n\n<p class=\"wp-block-paragraph\">6. La defensa de la Presidente de M\u00e9xico ha sido de acusar a EU de haber violado<\/p>\n\n\n\n<p class=\"wp-block-paragraph\">la soberan\u00eda de M\u00e9xico con su \u201cintervenci\u00f3n\u201d en el secuestro y traslado de El Mayo;<\/p>\n\n\n\n<p class=\"wp-block-paragraph\">tambi\u00e9n ha acusado al ex embajador, Ken Salazar de mentir al negar la participaci\u00f3n<\/p>\n\n\n\n<p class=\"wp-block-paragraph\">de EU en ese acto y hasta acusa tambi\u00e9n a EU de \u201cpropiciar\u201d la ruptura del Cartel<\/p>\n\n\n\n<p class=\"wp-block-paragraph\">de Sinaloa y con ello la crisis de violencia y asesinatos en Sinaloa.<\/p>\n\n\n\n<p class=\"wp-block-paragraph\">7. Otro frente que se ha abierto a nivel internacional es el de la intervenci\u00f3n de la<\/p>\n\n\n\n<p class=\"wp-block-paragraph\">ONU en diversos des\u00f3rdenes socio pol\u00edticos, como son: las madres de desaparecidos, cuyas organizaciones han denunciado la incapacidad y lenidad de las autoridades mexicanas por falta de recursos legales, presupuestales y de personal.<\/p>\n\n\n\n<p class=\"wp-block-paragraph\">La denuncia del Alto Comisionado de las Naciones Unidas para los Derechos Humanos en M\u00e9xico por el asesinato de periodistas, los \u00faltimos: Roxana Guzm\u00e1n en Veracruz y Alex Serna en Guerrero.<\/p>\n\n\n\n<p class=\"wp-block-paragraph\">Otro caso que ha llamado la atenci\u00f3n de la ONU es el caso de la planta de amoniaco en Topolobampo, Sin., a la que se oponen pueblos ind\u00edgenas y organismos de defensa ecol\u00f3gica. Mientras tanto, ya se realiz\u00f3 una buena parte de la inversi\u00f3n por millones de d\u00f3lares y el gobierno insiste en proteger esa inversi\u00f3n extranjera.<\/p>\n\n\n\n<p class=\"wp-block-paragraph\">8. Otro embrollo que no acaba de terminarse es el caso del asesinato de los 43 estudiantes en Ayotzinapa, pues ahora la Suprema Corte pretende revisar la sentencia que cre\u00f3 la Comisi\u00f3n para la Investigaci\u00f3n y la Verdad del Caso Iguala, que se supon\u00eda \u201ccasa juzgada\u201d; determin\u00f3 la participaci\u00f3n del ej\u00e9rcito, por lo cual hay tres o cuatro soldados presos y esta semana \u201cun tribunal federal vincul\u00f3 a proceso a un marino\u201d, por su participaci\u00f3n en la tortura de uno de los acusados por la desaparici\u00f3n de los 43 normalistas.<\/p>\n\n\n\n<p class=\"wp-block-paragraph\">Se agrega a este desorden la resoluci\u00f3n de la CNDH dirigida por Rosario Piedra, \u201cexonerando\u201d al ej\u00e9rcito de toda culpa en este caso, lo que no aclara por qu\u00e9 hay militares detenidos.<\/p>\n\n\n\n<p class=\"wp-block-paragraph\">9. En estos d\u00edas ha saltado a la prensa el caso de la Gobernadora de Baja California, Marina del Pilar \u00c1vila, puesta en evidencia por el columnista H\u00e9ctor de Maule\u00f3n quien reproduce una llamada en la que la gobernadora ofrece colaborar con el FBI revelando informaci\u00f3n de las reuniones sobre seguridad, a cambio de que no la acusen como a Rocha Moya.<\/p>\n\n\n\n<p class=\"wp-block-paragraph\">10. El asesor para Comercio y Manufactura del Presidente Trump acusa a M\u00e9xico que los autos ligeros que exporta a EU llevan cantidad de componentes chinos, violando el TMEC, lo que puede provocar m\u00e1s aranceles o revisi\u00f3n del tratado.<\/p>\n\n\n\n<p class=\"wp-block-paragraph\">En fin, no solo la Presidente Sheinbaum est\u00e1 en dificultades, tambi\u00e9n lo est\u00e1 todo M\u00e9xico.<\/p>\n","protected":false},"excerpt":{"rendered":"<p>Una somera revisi\u00f3n a las noticias de los \u00faltimos veinte d\u00edas nos muestra varios \u201cembrollos\u201d&#8230;<\/p>\n","protected":false},"author":31,"featured_media":16192,"comment_status":"open","ping_status":"open","sticky":false,"template":"","format":"standard","meta":{"footnotes":""},"categories":[59],"tags":[2543],"class_list":["post-16191","post","type-post","status-publish","format-standard","has-post-thumbnail","hentry","category-opinion","tag-embrollos-de-sheinbaum-afectan-a-los-mexicanos"],"yoast_head":"<!-- This site is optimized with the Yoast SEO plugin v28.4 - https:\/\/yoast.com\/product\/yoast-seo-wordpress\/ -->\n<title>Embrollos del gobierno de la Presidente Sheinbaum: Rafael Morgan -<\/title>\n<meta name=\"description\" content=\"\u00faltimos veinte d\u00edas nos muestra varios\u201cembrollos\u201d que se le han presentado o que ha provocado este gobierno de la 4T,\" \/>\n<meta name=\"robots\" content=\"index, follow, max-snippet:-1, max-image-preview:large, max-video-preview:-1\" \/>\n<link rel=\"canonical\" href=\"https:\/\/arjenoticias.com.mx\/opinion\/embrollos-del-gobierno-de-la-presidente-sheinbaum-rafael-morgan\/\" \/>\n<meta property=\"og:locale\" content=\"es_ES\" \/>\n<meta property=\"og:type\" content=\"article\" \/>\n<meta property=\"og:title\" content=\"Embrollos del gobierno de la Presidente Sheinbaum: Rafael Morgan -\" \/>\n<meta property=\"og:description\" content=\"\u00faltimos veinte d\u00edas nos muestra varios\u201cembrollos\u201d que se le han presentado o que ha provocado este gobierno de la 4T,\" \/>\n<meta property=\"og:url\" content=\"https:\/\/arjenoticias.com.mx\/opinion\/embrollos-del-gobierno-de-la-presidente-sheinbaum-rafael-morgan\/\" \/>\n<meta property=\"article:publisher\" content=\"https:\/\/www.facebook.com\/ArjeNoticiasMX\" \/>\n<meta property=\"article:published_time\" content=\"2026-07-18T16:59:20+00:00\" \/>\n<meta property=\"article:modified_time\" content=\"2026-07-18T16:59:24+00:00\" \/>\n<meta property=\"og:image\" content=\"https:\/\/arjenoticias.com.mx\/wp-content\/uploads\/2026\/07\/Rafael-Morgan-14.png\" \/>\n\t<meta property=\"og:image:width\" content=\"600\" \/>\n\t<meta property=\"og:image:height\" content=\"400\" \/>\n\t<meta property=\"og:image:type\" content=\"image\/png\" \/>\n<meta name=\"author\" content=\"Rafael Morgan Rios\" \/>\n<meta name=\"twitter:card\" content=\"summary_large_image\" \/>\n<meta name=\"twitter:creator\" content=\"@ArjeNoticias\" \/>\n<meta name=\"twitter:site\" content=\"@ArjeNoticias\" \/>\n<meta name=\"twitter:label1\" content=\"Escrito por\" \/>\n\t<meta name=\"twitter:data1\" content=\"Rafael Morgan Rios\" \/>\n\t<meta name=\"twitter:label2\" content=\"Tiempo de lectura\" \/>\n\t<meta name=\"twitter:data2\" content=\"4 minutos\" \/>\n<script type=\"application\/ld+json\" class=\"yoast-schema-graph\">{\"@context\":\"https:\\\/\\\/schema.org\",\"@graph\":[{\"@type\":\"Article\",\"@id\":\"https:\\\/\\\/arjenoticias.com.mx\\\/opinion\\\/embrollos-del-gobierno-de-la-presidente-sheinbaum-rafael-morgan\\\/#article\",\"isPartOf\":{\"@id\":\"https:\\\/\\\/arjenoticias.com.mx\\\/opinion\\\/embrollos-del-gobierno-de-la-presidente-sheinbaum-rafael-morgan\\\/\"},\"author\":{\"name\":\"Rafael Morgan Rios\",\"@id\":\"https:\\\/\\\/arjenoticias.com.mx\\\/#\\\/schema\\\/person\\\/47659c07793a364cec9bb577b933c169\"},\"headline\":\"Embrollos del gobierno de la Presidente Sheinbaum: Rafael Morgan\",\"datePublished\":\"2026-07-18T16:59:20+00:00\",\"dateModified\":\"2026-07-18T16:59:24+00:00\",\"mainEntityOfPage\":{\"@id\":\"https:\\\/\\\/arjenoticias.com.mx\\\/opinion\\\/embrollos-del-gobierno-de-la-presidente-sheinbaum-rafael-morgan\\\/\"},\"wordCount\":839,\"commentCount\":0,\"publisher\":{\"@id\":\"https:\\\/\\\/arjenoticias.com.mx\\\/#organization\"},\"image\":{\"@id\":\"https:\\\/\\\/arjenoticias.com.mx\\\/opinion\\\/embrollos-del-gobierno-de-la-presidente-sheinbaum-rafael-morgan\\\/#primaryimage\"},\"thumbnailUrl\":\"https:\\\/\\\/arjenoticias.com.mx\\\/wp-content\\\/uploads\\\/2026\\\/07\\\/Rafael-Morgan-14.png\",\"keywords\":[\"Embrollos de Sheinbaum afectan a los mexicanos\"],\"articleSection\":[\"Opini\u00f3n\"],\"inLanguage\":\"es\",\"potentialAction\":[{\"@type\":\"CommentAction\",\"name\":\"Comment\",\"target\":[\"https:\\\/\\\/arjenoticias.com.mx\\\/opinion\\\/embrollos-del-gobierno-de-la-presidente-sheinbaum-rafael-morgan\\\/#respond\"]}]},{\"@type\":\"WebPage\",\"@id\":\"https:\\\/\\\/arjenoticias.com.mx\\\/opinion\\\/embrollos-del-gobierno-de-la-presidente-sheinbaum-rafael-morgan\\\/\",\"url\":\"https:\\\/\\\/arjenoticias.com.mx\\\/opinion\\\/embrollos-del-gobierno-de-la-presidente-sheinbaum-rafael-morgan\\\/\",\"name\":\"Embrollos del gobierno de la Presidente Sheinbaum: Rafael Morgan -\",\"isPartOf\":{\"@id\":\"https:\\\/\\\/arjenoticias.com.mx\\\/#website\"},\"primaryImageOfPage\":{\"@id\":\"https:\\\/\\\/arjenoticias.com.mx\\\/opinion\\\/embrollos-del-gobierno-de-la-presidente-sheinbaum-rafael-morgan\\\/#primaryimage\"},\"image\":{\"@id\":\"https:\\\/\\\/arjenoticias.com.mx\\\/opinion\\\/embrollos-del-gobierno-de-la-presidente-sheinbaum-rafael-morgan\\\/#primaryimage\"},\"thumbnailUrl\":\"https:\\\/\\\/arjenoticias.com.mx\\\/wp-content\\\/uploads\\\/2026\\\/07\\\/Rafael-Morgan-14.png\",\"datePublished\":\"2026-07-18T16:59:20+00:00\",\"dateModified\":\"2026-07-18T16:59:24+00:00\",\"description\":\"\u00faltimos veinte d\u00edas nos muestra varios\u201cembrollos\u201d que se le han presentado o que ha provocado este gobierno de la 4T,\",\"breadcrumb\":{\"@id\":\"https:\\\/\\\/arjenoticias.com.mx\\\/opinion\\\/embrollos-del-gobierno-de-la-presidente-sheinbaum-rafael-morgan\\\/#breadcrumb\"},\"inLanguage\":\"es\",\"potentialAction\":[{\"@type\":\"ReadAction\",\"target\":[\"https:\\\/\\\/arjenoticias.com.mx\\\/opinion\\\/embrollos-del-gobierno-de-la-presidente-sheinbaum-rafael-morgan\\\/\"]}]},{\"@type\":\"ImageObject\",\"inLanguage\":\"es\",\"@id\":\"https:\\\/\\\/arjenoticias.com.mx\\\/opinion\\\/embrollos-del-gobierno-de-la-presidente-sheinbaum-rafael-morgan\\\/#primaryimage\",\"url\":\"https:\\\/\\\/arjenoticias.com.mx\\\/wp-content\\\/uploads\\\/2026\\\/07\\\/Rafael-Morgan-14.png\",\"contentUrl\":\"https:\\\/\\\/arjenoticias.com.mx\\\/wp-content\\\/uploads\\\/2026\\\/07\\\/Rafael-Morgan-14.png\",\"width\":600,\"height\":400,\"caption\":\"Loe embrollos de Sheinbaum afectan a todo el pais\"},{\"@type\":\"BreadcrumbList\",\"@id\":\"https:\\\/\\\/arjenoticias.com.mx\\\/opinion\\\/embrollos-del-gobierno-de-la-presidente-sheinbaum-rafael-morgan\\\/#breadcrumb\",\"itemListElement\":[{\"@type\":\"ListItem\",\"position\":1,\"name\":\"Portada\",\"item\":\"https:\\\/\\\/arjenoticias.com.mx\\\/\"},{\"@type\":\"ListItem\",\"position\":2,\"name\":\"Embrollos del gobierno de la Presidente Sheinbaum: Rafael Morgan\"}]},{\"@type\":\"WebSite\",\"@id\":\"https:\\\/\\\/arjenoticias.com.mx\\\/#website\",\"url\":\"https:\\\/\\\/arjenoticias.com.mx\\\/\",\"name\":\"Arj\u00e9 M\u00e9xico\",\"description\":\"\",\"publisher\":{\"@id\":\"https:\\\/\\\/arjenoticias.com.mx\\\/#organization\"},\"potentialAction\":[{\"@type\":\"SearchAction\",\"target\":{\"@type\":\"EntryPoint\",\"urlTemplate\":\"https:\\\/\\\/arjenoticias.com.mx\\\/?s={search_term_string}\"},\"query-input\":{\"@type\":\"PropertyValueSpecification\",\"valueRequired\":true,\"valueName\":\"search_term_string\"}}],\"inLanguage\":\"es\"},{\"@type\":\"Organization\",\"@id\":\"https:\\\/\\\/arjenoticias.com.mx\\\/#organization\",\"name\":\"Arj\u00e9 M\u00e9xico\",\"url\":\"https:\\\/\\\/arjenoticias.com.mx\\\/\",\"logo\":{\"@type\":\"ImageObject\",\"inLanguage\":\"es\",\"@id\":\"https:\\\/\\\/arjenoticias.com.mx\\\/#\\\/schema\\\/logo\\\/image\\\/\",\"url\":\"https:\\\/\\\/arjenoticias.com\\\/wp-content\\\/uploads\\\/2026\\\/04\\\/cropped-cropped-logo-inverted-1-scaled-1.png\",\"contentUrl\":\"https:\\\/\\\/arjenoticias.com\\\/wp-content\\\/uploads\\\/2026\\\/04\\\/cropped-cropped-logo-inverted-1-scaled-1.png\",\"width\":2556,\"height\":549,\"caption\":\"Arj\u00e9 M\u00e9xico\"},\"image\":{\"@id\":\"https:\\\/\\\/arjenoticias.com.mx\\\/#\\\/schema\\\/logo\\\/image\\\/\"},\"sameAs\":[\"https:\\\/\\\/www.facebook.com\\\/ArjeNoticiasMX\",\"https:\\\/\\\/x.com\\\/ArjeNoticias\"]},{\"@type\":\"Person\",\"@id\":\"https:\\\/\\\/arjenoticias.com.mx\\\/#\\\/schema\\\/person\\\/47659c07793a364cec9bb577b933c169\",\"name\":\"Rafael Morgan Rios\",\"image\":{\"@type\":\"ImageObject\",\"inLanguage\":\"es\",\"@id\":\"https:\\\/\\\/arjenoticias.com\\\/wp-content\\\/uploads\\\/2026\\\/04\\\/Rafael-Morgan-2-96x96.png\",\"url\":\"https:\\\/\\\/arjenoticias.com\\\/wp-content\\\/uploads\\\/2026\\\/04\\\/Rafael-Morgan-2-96x96.png\",\"contentUrl\":\"https:\\\/\\\/arjenoticias.com\\\/wp-content\\\/uploads\\\/2026\\\/04\\\/Rafael-Morgan-2-96x96.png\",\"caption\":\"Rafael Morgan Rios\"},\"url\":\"https:\\\/\\\/arjenoticias.com.mx\\\/author\\\/rafael-morgan-rios\\\/\"}]}<\/script>\n<!-- \/ Yoast SEO plugin. -->","yoast_head_json":{"title":"Embrollos del gobierno de la Presidente Sheinbaum: Rafael Morgan -","description":"\u00faltimos veinte d\u00edas nos muestra varios\u201cembrollos\u201d que se le han presentado o que ha provocado este gobierno de la 4T,","robots":{"index":"index","follow":"follow","max-snippet":"max-snippet:-1","max-image-preview":"max-image-preview:large","max-video-preview":"max-video-preview:-1"},"canonical":"https:\/\/arjenoticias.com.mx\/opinion\/embrollos-del-gobierno-de-la-presidente-sheinbaum-rafael-morgan\/","og_locale":"es_ES","og_type":"article","og_title":"Embrollos del gobierno de la Presidente Sheinbaum: Rafael Morgan -","og_description":"\u00faltimos veinte d\u00edas nos muestra varios\u201cembrollos\u201d que se le han presentado o que ha provocado este gobierno de la 4T,","og_url":"https:\/\/arjenoticias.com.mx\/opinion\/embrollos-del-gobierno-de-la-presidente-sheinbaum-rafael-morgan\/","article_publisher":"https:\/\/www.facebook.com\/ArjeNoticiasMX","article_published_time":"2026-07-18T16:59:20+00:00","article_modified_time":"2026-07-18T16:59:24+00:00","og_image":[{"width":600,"height":400,"url":"https:\/\/arjenoticias.com.mx\/wp-content\/uploads\/2026\/07\/Rafael-Morgan-14.png","type":"image\/png"}],"author":"Rafael Morgan Rios","twitter_card":"summary_large_image","twitter_creator":"@ArjeNoticias","twitter_site":"@ArjeNoticias","twitter_misc":{"Escrito por":"Rafael Morgan Rios","Tiempo de lectura":"4 minutos"},"schema":{"@context":"https:\/\/schema.org","@graph":[{"@type":"Article","@id":"https:\/\/arjenoticias.com.mx\/opinion\/embrollos-del-gobierno-de-la-presidente-sheinbaum-rafael-morgan\/#article","isPartOf":{"@id":"https:\/\/arjenoticias.com.mx\/opinion\/embrollos-del-gobierno-de-la-presidente-sheinbaum-rafael-morgan\/"},"author":{"name":"Rafael Morgan Rios","@id":"https:\/\/arjenoticias.com.mx\/#\/schema\/person\/47659c07793a364cec9bb577b933c169"},"headline":"Embrollos del gobierno de la Presidente Sheinbaum: Rafael Morgan","datePublished":"2026-07-18T16:59:20+00:00","dateModified":"2026-07-18T16:59:24+00:00","mainEntityOfPage":{"@id":"https:\/\/arjenoticias.com.mx\/opinion\/embrollos-del-gobierno-de-la-presidente-sheinbaum-rafael-morgan\/"},"wordCount":839,"commentCount":0,"publisher":{"@id":"https:\/\/arjenoticias.com.mx\/#organization"},"image":{"@id":"https:\/\/arjenoticias.com.mx\/opinion\/embrollos-del-gobierno-de-la-presidente-sheinbaum-rafael-morgan\/#primaryimage"},"thumbnailUrl":"https:\/\/arjenoticias.com.mx\/wp-content\/uploads\/2026\/07\/Rafael-Morgan-14.png","keywords":["Embrollos de Sheinbaum afectan a los mexicanos"],"articleSection":["Opini\u00f3n"],"inLanguage":"es","potentialAction":[{"@type":"CommentAction","name":"Comment","target":["https:\/\/arjenoticias.com.mx\/opinion\/embrollos-del-gobierno-de-la-presidente-sheinbaum-rafael-morgan\/#respond"]}]},{"@type":"WebPage","@id":"https:\/\/arjenoticias.com.mx\/opinion\/embrollos-del-gobierno-de-la-presidente-sheinbaum-rafael-morgan\/","url":"https:\/\/arjenoticias.com.mx\/opinion\/embrollos-del-gobierno-de-la-presidente-sheinbaum-rafael-morgan\/","name":"Embrollos del gobierno de la Presidente Sheinbaum: Rafael Morgan -","isPartOf":{"@id":"https:\/\/arjenoticias.com.mx\/#website"},"primaryImageOfPage":{"@id":"https:\/\/arjenoticias.com.mx\/opinion\/embrollos-del-gobierno-de-la-presidente-sheinbaum-rafael-morgan\/#primaryimage"},"image":{"@id":"https:\/\/arjenoticias.com.mx\/opinion\/embrollos-del-gobierno-de-la-presidente-sheinbaum-rafael-morgan\/#primaryimage"},"thumbnailUrl":"https:\/\/arjenoticias.com.mx\/wp-content\/uploads\/2026\/07\/Rafael-Morgan-14.png","datePublished":"2026-07-18T16:59:20+00:00","dateModified":"2026-07-18T16:59:24+00:00","description":"\u00faltimos veinte d\u00edas nos muestra varios\u201cembrollos\u201d que se le han presentado o que ha provocado este gobierno de la 4T,","breadcrumb":{"@id":"https:\/\/arjenoticias.com.mx\/opinion\/embrollos-del-gobierno-de-la-presidente-sheinbaum-rafael-morgan\/#breadcrumb"},"inLanguage":"es","potentialAction":[{"@type":"ReadAction","target":["https:\/\/arjenoticias.com.mx\/opinion\/embrollos-del-gobierno-de-la-presidente-sheinbaum-rafael-morgan\/"]}]},{"@type":"ImageObject","inLanguage":"es","@id":"https:\/\/arjenoticias.com.mx\/opinion\/embrollos-del-gobierno-de-la-presidente-sheinbaum-rafael-morgan\/#primaryimage","url":"https:\/\/arjenoticias.com.mx\/wp-content\/uploads\/2026\/07\/Rafael-Morgan-14.png","contentUrl":"https:\/\/arjenoticias.com.mx\/wp-content\/uploads\/2026\/07\/Rafael-Morgan-14.png","width":600,"height":400,"caption":"Loe embrollos de Sheinbaum afectan a todo el pais"},{"@type":"BreadcrumbList","@id":"https:\/\/arjenoticias.com.mx\/opinion\/embrollos-del-gobierno-de-la-presidente-sheinbaum-rafael-morgan\/#breadcrumb","itemListElement":[{"@type":"ListItem","position":1,"name":"Portada","item":"https:\/\/arjenoticias.com.mx\/"},{"@type":"ListItem","position":2,"name":"Embrollos del gobierno de la Presidente Sheinbaum: Rafael Morgan"}]},{"@type":"WebSite","@id":"https:\/\/arjenoticias.com.mx\/#website","url":"https:\/\/arjenoticias.com.mx\/","name":"Arj\u00e9 M\u00e9xico","description":"","publisher":{"@id":"https:\/\/arjenoticias.com.mx\/#organization"},"potentialAction":[{"@type":"SearchAction","target":{"@type":"EntryPoint","urlTemplate":"https:\/\/arjenoticias.com.mx\/?s={search_term_string}"},"query-input":{"@type":"PropertyValueSpecification","valueRequired":true,"valueName":"search_term_string"}}],"inLanguage":"es"},{"@type":"Organization","@id":"https:\/\/arjenoticias.com.mx\/#organization","name":"Arj\u00e9 M\u00e9xico","url":"https:\/\/arjenoticias.com.mx\/","logo":{"@type":"ImageObject","inLanguage":"es","@id":"https:\/\/arjenoticias.com.mx\/#\/schema\/logo\/image\/","url":"https:\/\/arjenoticias.com\/wp-content\/uploads\/2026\/04\/cropped-cropped-logo-inverted-1-scaled-1.png","contentUrl":"https:\/\/arjenoticias.com\/wp-content\/uploads\/2026\/04\/cropped-cropped-logo-inverted-1-scaled-1.png","width":2556,"height":549,"caption":"Arj\u00e9 M\u00e9xico"},"image":{"@id":"https:\/\/arjenoticias.com.mx\/#\/schema\/logo\/image\/"},"sameAs":["https:\/\/www.facebook.com\/ArjeNoticiasMX","https:\/\/x.com\/ArjeNoticias"]},{"@type":"Person","@id":"https:\/\/arjenoticias.com.mx\/#\/schema\/person\/47659c07793a364cec9bb577b933c169","name":"Rafael Morgan Rios","image":{"@type":"ImageObject","inLanguage":"es","@id":"https:\/\/arjenoticias.com\/wp-content\/uploads\/2026\/04\/Rafael-Morgan-2-96x96.png","url":"https:\/\/arjenoticias.com\/wp-content\/uploads\/2026\/04\/Rafael-Morgan-2-96x96.png","contentUrl":"https:\/\/arjenoticias.com\/wp-content\/uploads\/2026\/04\/Rafael-Morgan-2-96x96.png","caption":"Rafael Morgan Rios"},"url":"https:\/\/arjenoticias.com.mx\/author\/rafael-morgan-rios\/"}]}},"featured_image_urls":{"full":["https:\/\/arjenoticias.com.mx\/wp-content\/uploads\/2026\/07\/Rafael-Morgan-14.png",600,400,false],"thumbnail":["https:\/\/arjenoticias.com.mx\/wp-content\/uploads\/2026\/07\/Rafael-Morgan-14-150x150.png",150,150,true],"medium":["https:\/\/arjenoticias.com.mx\/wp-content\/uploads\/2026\/07\/Rafael-Morgan-14-300x200.png",300,200,true],"medium_large":["https:\/\/arjenoticias.com.mx\/wp-content\/uploads\/2026\/07\/Rafael-Morgan-14.png",600,400,false],"large":["https:\/\/arjenoticias.com.mx\/wp-content\/uploads\/2026\/07\/Rafael-Morgan-14.png",600,400,false],"1536x1536":["https:\/\/arjenoticias.com.mx\/wp-content\/uploads\/2026\/07\/Rafael-Morgan-14.png",600,400,false],"2048x2048":["https:\/\/arjenoticias.com.mx\/wp-content\/uploads\/2026\/07\/Rafael-Morgan-14.png",600,400,false],"covernews-featured":["https:\/\/arjenoticias.com.mx\/wp-content\/uploads\/2026\/07\/Rafael-Morgan-14.png",600,400,false],"covernews-medium":["https:\/\/arjenoticias.com.mx\/wp-content\/uploads\/2026\/07\/Rafael-Morgan-14-540x340.png",540,340,true]},"author_info":{"info":["Rafael Morgan Rios"]},"category_info":"<a href=\"https:\/\/arjenoticias.com.mx\/category\/opinion\/\" rel=\"category tag\">Opini\u00f3n<\/a>","tag_info":"Opini\u00f3n","comment_count":"0","_links":{"self":[{"href":"https:\/\/arjenoticias.com.mx\/wp-json\/wp\/v2\/posts\/16191","targetHints":{"allow":["GET"]}}],"collection":[{"href":"https:\/\/arjenoticias.com.mx\/wp-json\/wp\/v2\/posts"}],"about":[{"href":"https:\/\/arjenoticias.com.mx\/wp-json\/wp\/v2\/types\/post"}],"author":[{"embeddable":true,"href":"https:\/\/arjenoticias.com.mx\/wp-json\/wp\/v2\/users\/31"}],"replies":[{"embeddable":true,"href":"https:\/\/arjenoticias.com.mx\/wp-json\/wp\/v2\/comments?post=16191"}],"version-history":[{"count":1,"href":"https:\/\/arjenoticias.com.mx\/wp-json\/wp\/v2\/posts\/16191\/revisions"}],"predecessor-version":[{"id":16193,"href":"https:\/\/arjenoticias.com.mx\/wp-json\/wp\/v2\/posts\/16191\/revisions\/16193"}],"wp:featuredmedia":[{"embeddable":true,"href":"https:\/\/arjenoticias.com.mx\/wp-json\/wp\/v2\/media\/16192"}],"wp:attachment":[{"href":"https:\/\/arjenoticias.com.mx\/wp-json\/wp\/v2\/media?parent=16191"}],"wp:term":[{"taxonomy":"category","embeddable":true,"href":"https:\/\/arjenoticias.com.mx\/wp-json\/wp\/v2\/categories?post=16191"},{"taxonomy":"post_tag","embeddable":true,"href":"https:\/\/arjenoticias.com.mx\/wp-json\/wp\/v2\/tags?post=16191"}],"curies":[{"name":"wp","href":"https:\/\/api.w.org\/{rel}","templated":true}]}}