{"id":16187,"date":"2026-07-18T10:39:51","date_gmt":"2026-07-18T16:39:51","guid":{"rendered":"https:\/\/arjenoticias.com\/?p=16187"},"modified":"2026-07-18T10:39:51","modified_gmt":"2026-07-18T16:39:51","slug":"la-orfandad-de-lo-publicovidal-garza-cantu","status":"publish","type":"post","link":"https:\/\/arjenoticias.com.mx\/?p=16187","title":{"rendered":"La orfandad de lo p\u00fablico"},"content":{"rendered":"\n<p class=\"wp-block-paragraph\">Publicado en EL NORTE el s\u00e1bado 18 de julio de 2026<\/p>\n\n\n\n<h2 class=\"wp-block-heading\">Hay una pregunta que no deja de inquietarme: \u00bfen qu\u00e9 momento los ciudadanos dejamos de sentir que lo p\u00fablico tambi\u00e9n era nuestro?<\/h2>\n\n\n\n<p class=\"wp-block-paragraph\">Cada quincena pagamos impuestos. Cada vez que cargamos gasolina, compramos un producto o cobramos un salario, financiamos carreteras, escuelas, hospitales, parques, seguridad y justicia. Es decir, financiamos bienes que pertenecen a todos. Sin embargo, cuando esos bienes son saqueados, deteriorados o utilizados con fines pol\u00edticos, reaccionamos con resignaci\u00f3n, como si alguien m\u00e1s hubiera perdido algo y no nosotros.<br>Ese es el gran drama de M\u00e9xico: la orfandad de lo p\u00fablico. La economista y Premio Nobel Elinor Ostrom demostr\u00f3 que los bienes comunes no fracasan porque pertenezcan a todos, sino porque nadie se siente responsable de cuidarlos. Cuando desaparecen las reglas, la vigilancia y la participaci\u00f3n ciudadana, aparecen los oportunistas. Adicionalmente, Mancur Olson explic\u00f3 que cada individuo espera que otros defiendan el inter\u00e9s com\u00fan mientras \u00e9l disfruta de sus beneficios. El resultado es una ciudadan\u00eda ausente y una clase pol\u00edtica demasiado c\u00f3moda administrando recursos que no siente propios.<\/p>\n\n\n\n<p class=\"wp-block-paragraph\">El problema no es \u00fanicamente econ\u00f3mico; es moral.<\/p>\n\n\n\n<p class=\"wp-block-paragraph\">Porque el funcionario corrupto no roba \u00fanicamente dinero. Roba confianza. Roba oportunidades. Roba tiempo. Roba el futuro de miles de personas que jam\u00e1s conocer\u00e1. Lo peor es que el sistema suele premiar esas conductas: quien endeuda irresponsablemente aspira al siguiente cargo; quien utiliza programas p\u00fablicos para construir clientelas gana poder; quien fracasa rara vez enfrenta consecuencias. Mientras tanto, el ciudadano que financia todo ese aparato apenas encuentra tiempo para trabajar, sacar adelante a su familia y sobrevivir a la rutina diaria.<\/p>\n\n\n\n<p class=\"wp-block-paragraph\">As\u00ed, los pol\u00edticos terminan apropi\u00e1ndose de un patrimonio que nunca les perteneci\u00f3.<\/p>\n\n\n\n<p class=\"wp-block-paragraph\">Nuevo Le\u00f3n ilustra esta paradoja. Es uno de los Estados m\u00e1s productivos del Pa\u00eds, pero durante a\u00f1os ha padecido Gobiernos y Congresos enfrentados, presupuestos retrasados, obras detenidas y una creciente polarizaci\u00f3n pol\u00edtica. A ello se suma una deuda p\u00fablica que asciende a decenas de miles de millones de pesos y que compromete recursos de futuras generaciones. Cada peso destinado al pago de intereses o impuestos verdes inventados deja de invertirse en movilidad, seguridad, agua, salud o educaci\u00f3n.<\/p>\n\n\n\n<p class=\"wp-block-paragraph\">Pero la deuda financiera no es la m\u00e1s grave. Existe una deuda c\u00edvica. Hemos permitido que el espacio p\u00fablico quede en manos casi exclusivas de los partidos pol\u00edticos. Ellos ocupan un lugar que la sociedad abandon\u00f3.<\/p>\n\n\n\n<p class=\"wp-block-paragraph\">El fil\u00f3sofo Michael Sandel sostiene que una democracia saludable requiere ciudadanos comprometidos con el bien com\u00fan y no simples consumidores de servicios gubernamentales. Esa idea parece haberse perdido. Hoy discutimos con pasi\u00f3n sobre candidatos, pero muy poco sobre instituciones; defendemos colores partidistas con m\u00e1s entusiasmo que la calidad del aire, los espacios p\u00fablicos, la independencia de los \u00f3rganos de control o la transparencia.<\/p>\n\n\n\n<p class=\"wp-block-paragraph\">Nos hemos acostumbrado a pensar que el Gobierno pertenece al partido que gan\u00f3 la elecci\u00f3n. No es cierto. Pertenece a todos.<\/p>\n\n\n\n<p class=\"wp-block-paragraph\">As\u00ed, recuperar lo p\u00fablico exige cambiar incentivos y tambi\u00e9n cultura.<\/p>\n\n\n\n<p class=\"wp-block-paragraph\">Necesitamos consejos ciudadanos con facultades reales para supervisar las grandes obras, presupuestos completamente transparentes y auditor\u00edas independientes que eval\u00faen resultados, no discursos. Debemos establecer responsabilidades patrimoniales para quienes administren con negligencia o corrupci\u00f3n los recursos p\u00fablicos. Y, sobre todo, ense\u00f1ar desde la escuela que una plaza, una carretera o un hospital tambi\u00e9n son patrimonio de cada ciudadano.<\/p>\n\n\n\n<p class=\"wp-block-paragraph\">Los Gobiernos son pasajeros; los bienes p\u00fablicos permanecen. Los pol\u00edticos son administradores temporales, no propietarios del Gobierno.<\/p>\n\n\n\n<p class=\"wp-block-paragraph\">La mayor amenaza para M\u00e9xico no es s\u00f3lo la corrupci\u00f3n. Es que los ciudadanos hayamos renunciado a defender aquello que ya era nuestro. Porque cuando la sociedad abandona lo p\u00fablico, siempre aparece alguien dispuesto a convertirlo en su bot\u00edn.<\/p>\n\n\n\n<p class=\"wp-block-paragraph\">vidalgarza@yahoo.com<\/p>\n","protected":false},"excerpt":{"rendered":"<p>Publicado en EL NORTE el s\u00e1bado 18 de julio de 2026 Hay una pregunta que&#8230;<\/p>\n","protected":false},"author":88,"featured_media":16188,"comment_status":"open","ping_status":"open","sticky":false,"template":"","format":"standard","meta":{"footnotes":""},"categories":[13],"tags":[1687],"class_list":["post-16187","post","type-post","status-publish","format-standard","has-post-thumbnail","hentry","category-politica","tag-mexicanos-no-tienen-interes-en-lo-publico"],"yoast_head":"<!-- This site is optimized with the Yoast SEO plugin v28.4 - https:\/\/yoast.com\/product\/yoast-seo-wordpress\/ -->\n<title>La orfandad de lo p\u00fablico -<\/title>\n<meta name=\"description\" content=\"Ese es el gran drama de M\u00e9xico: la orfandad de lo p\u00fablico\" \/>\n<meta name=\"robots\" content=\"index, follow, max-snippet:-1, max-image-preview:large, max-video-preview:-1\" \/>\n<link rel=\"canonical\" href=\"https:\/\/arjenoticias.com.mx\/?p=16187\" \/>\n<meta property=\"og:locale\" content=\"es_MX\" \/>\n<meta property=\"og:type\" content=\"article\" \/>\n<meta property=\"og:title\" content=\"La orfandad de lo p\u00fablico -\" \/>\n<meta property=\"og:description\" content=\"Ese es el gran drama de M\u00e9xico: la orfandad de lo p\u00fablico\" \/>\n<meta property=\"og:url\" content=\"https:\/\/arjenoticias.com.mx\/?p=16187\" \/>\n<meta property=\"article:published_time\" content=\"2026-07-18T16:39:51+00:00\" \/>\n<meta name=\"author\" content=\"Vidal Garza\" \/>\n<meta name=\"twitter:card\" content=\"summary_large_image\" \/>\n<meta name=\"twitter:label1\" content=\"Escrito por\" \/>\n\t<meta name=\"twitter:data1\" content=\"Vidal Garza\" \/>\n\t<meta name=\"twitter:label2\" content=\"Tiempo de lectura\" \/>\n\t<meta name=\"twitter:data2\" content=\"3 minutos\" \/>\n<script type=\"application\/ld+json\" class=\"yoast-schema-graph\">{\"@context\":\"https:\\\/\\\/schema.org\",\"@graph\":[{\"@type\":\"Article\",\"@id\":\"https:\\\/\\\/arjenoticias.com.mx\\\/?p=16187#article\",\"isPartOf\":{\"@id\":\"https:\\\/\\\/arjenoticias.com.mx\\\/?p=16187\"},\"author\":{\"name\":\"Vidal Garza\",\"@id\":\"https:\\\/\\\/arjenoticias.com.mx\\\/#\\\/schema\\\/person\\\/1666ea681856e13ae7815025d0adbf41\"},\"headline\":\"La orfandad de lo p\u00fablico\",\"datePublished\":\"2026-07-18T16:39:51+00:00\",\"mainEntityOfPage\":{\"@id\":\"https:\\\/\\\/arjenoticias.com.mx\\\/?p=16187\"},\"wordCount\":660,\"commentCount\":0,\"publisher\":{\"@id\":\"https:\\\/\\\/arjenoticias.com.mx\\\/#organization\"},\"image\":{\"@id\":\"https:\\\/\\\/arjenoticias.com.mx\\\/?p=16187#primaryimage\"},\"thumbnailUrl\":\"\",\"keywords\":[\"Mexicanos no tienen inter\u00e9s en lo publico\"],\"articleSection\":[\"Pol\u00edtica\"],\"inLanguage\":\"es\",\"potentialAction\":[{\"@type\":\"CommentAction\",\"name\":\"Comment\",\"target\":[\"https:\\\/\\\/arjenoticias.com.mx\\\/?p=16187#respond\"]}]},{\"@type\":\"WebPage\",\"@id\":\"https:\\\/\\\/arjenoticias.com.mx\\\/?p=16187\",\"url\":\"https:\\\/\\\/arjenoticias.com.mx\\\/?p=16187\",\"name\":\"La orfandad de lo p\u00fablico -\",\"isPartOf\":{\"@id\":\"https:\\\/\\\/arjenoticias.com.mx\\\/#website\"},\"primaryImageOfPage\":{\"@id\":\"https:\\\/\\\/arjenoticias.com.mx\\\/?p=16187#primaryimage\"},\"image\":{\"@id\":\"https:\\\/\\\/arjenoticias.com.mx\\\/?p=16187#primaryimage\"},\"thumbnailUrl\":\"\",\"datePublished\":\"2026-07-18T16:39:51+00:00\",\"description\":\"Ese es el gran drama de M\u00e9xico: la orfandad de lo p\u00fablico\",\"breadcrumb\":{\"@id\":\"https:\\\/\\\/arjenoticias.com.mx\\\/?p=16187#breadcrumb\"},\"inLanguage\":\"es\",\"potentialAction\":[{\"@type\":\"ReadAction\",\"target\":[\"https:\\\/\\\/arjenoticias.com.mx\\\/?p=16187\"]}]},{\"@type\":\"ImageObject\",\"inLanguage\":\"es\",\"@id\":\"https:\\\/\\\/arjenoticias.com.mx\\\/?p=16187#primaryimage\",\"url\":\"\",\"contentUrl\":\"\"},{\"@type\":\"BreadcrumbList\",\"@id\":\"https:\\\/\\\/arjenoticias.com.mx\\\/?p=16187#breadcrumb\",\"itemListElement\":[{\"@type\":\"ListItem\",\"position\":1,\"name\":\"Inicio\",\"item\":\"https:\\\/\\\/arjenoticias.com.mx\\\/\"},{\"@type\":\"ListItem\",\"position\":2,\"name\":\"La orfandad de lo p\u00fablico\"}]},{\"@type\":\"WebSite\",\"@id\":\"https:\\\/\\\/arjenoticias.com.mx\\\/#website\",\"url\":\"https:\\\/\\\/arjenoticias.com.mx\\\/\",\"name\":\"arjenoticias.com.mx\",\"description\":\"\",\"publisher\":{\"@id\":\"https:\\\/\\\/arjenoticias.com.mx\\\/#organization\"},\"potentialAction\":[{\"@type\":\"SearchAction\",\"target\":{\"@type\":\"EntryPoint\",\"urlTemplate\":\"https:\\\/\\\/arjenoticias.com.mx\\\/?s={search_term_string}\"},\"query-input\":{\"@type\":\"PropertyValueSpecification\",\"valueRequired\":true,\"valueName\":\"search_term_string\"}}],\"inLanguage\":\"es\"},{\"@type\":\"Organization\",\"@id\":\"https:\\\/\\\/arjenoticias.com.mx\\\/#organization\",\"name\":\"Arj\u00e9 de M\u00e9xico Noticias\",\"url\":\"https:\\\/\\\/arjenoticias.com.mx\\\/\",\"logo\":{\"@type\":\"ImageObject\",\"inLanguage\":\"es\",\"@id\":\"https:\\\/\\\/arjenoticias.com.mx\\\/#\\\/schema\\\/logo\\\/image\\\/\",\"url\":\"https:\\\/\\\/arjenoticias.com.mx\\\/wp-content\\\/uploads\\\/2025\\\/07\\\/cropped-logo-scaled-1.png\",\"contentUrl\":\"https:\\\/\\\/arjenoticias.com.mx\\\/wp-content\\\/uploads\\\/2025\\\/07\\\/cropped-logo-scaled-1.png\",\"width\":2558,\"height\":558,\"caption\":\"Arj\u00e9 de M\u00e9xico Noticias\"},\"image\":{\"@id\":\"https:\\\/\\\/arjenoticias.com.mx\\\/#\\\/schema\\\/logo\\\/image\\\/\"}},{\"@type\":\"Person\",\"@id\":\"https:\\\/\\\/arjenoticias.com.mx\\\/#\\\/schema\\\/person\\\/1666ea681856e13ae7815025d0adbf41\",\"name\":\"Vidal Garza\",\"image\":{\"@type\":\"ImageObject\",\"inLanguage\":\"es\",\"@id\":\"https:\\\/\\\/secure.gravatar.com\\\/avatar\\\/ebf0076c48c85ad1c492bbb39ddef590de83f93b56cc08dd6c2c901d3c6742ab?s=96&d=mm&r=g\",\"url\":\"https:\\\/\\\/secure.gravatar.com\\\/avatar\\\/ebf0076c48c85ad1c492bbb39ddef590de83f93b56cc08dd6c2c901d3c6742ab?s=96&d=mm&r=g\",\"contentUrl\":\"https:\\\/\\\/secure.gravatar.com\\\/avatar\\\/ebf0076c48c85ad1c492bbb39ddef590de83f93b56cc08dd6c2c901d3c6742ab?s=96&d=mm&r=g\",\"caption\":\"Vidal Garza\"},\"url\":\"https:\\\/\\\/arjenoticias.com.mx\\\/?author=88\"}]}<\/script>\n<!-- \/ Yoast SEO plugin. -->","yoast_head_json":{"title":"La orfandad de lo p\u00fablico -","description":"Ese es el gran drama de M\u00e9xico: la orfandad de lo p\u00fablico","robots":{"index":"index","follow":"follow","max-snippet":"max-snippet:-1","max-image-preview":"max-image-preview:large","max-video-preview":"max-video-preview:-1"},"canonical":"https:\/\/arjenoticias.com.mx\/?p=16187","og_locale":"es_MX","og_type":"article","og_title":"La orfandad de lo p\u00fablico -","og_description":"Ese es el gran drama de M\u00e9xico: la orfandad de lo p\u00fablico","og_url":"https:\/\/arjenoticias.com.mx\/?p=16187","article_published_time":"2026-07-18T16:39:51+00:00","author":"Vidal Garza","twitter_card":"summary_large_image","twitter_misc":{"Escrito por":"Vidal Garza","Tiempo de lectura":"3 minutos"},"schema":{"@context":"https:\/\/schema.org","@graph":[{"@type":"Article","@id":"https:\/\/arjenoticias.com.mx\/?p=16187#article","isPartOf":{"@id":"https:\/\/arjenoticias.com.mx\/?p=16187"},"author":{"name":"Vidal Garza","@id":"https:\/\/arjenoticias.com.mx\/#\/schema\/person\/1666ea681856e13ae7815025d0adbf41"},"headline":"La orfandad de lo p\u00fablico","datePublished":"2026-07-18T16:39:51+00:00","mainEntityOfPage":{"@id":"https:\/\/arjenoticias.com.mx\/?p=16187"},"wordCount":660,"commentCount":0,"publisher":{"@id":"https:\/\/arjenoticias.com.mx\/#organization"},"image":{"@id":"https:\/\/arjenoticias.com.mx\/?p=16187#primaryimage"},"thumbnailUrl":"","keywords":["Mexicanos no tienen inter\u00e9s en lo publico"],"articleSection":["Pol\u00edtica"],"inLanguage":"es","potentialAction":[{"@type":"CommentAction","name":"Comment","target":["https:\/\/arjenoticias.com.mx\/?p=16187#respond"]}]},{"@type":"WebPage","@id":"https:\/\/arjenoticias.com.mx\/?p=16187","url":"https:\/\/arjenoticias.com.mx\/?p=16187","name":"La orfandad de lo p\u00fablico -","isPartOf":{"@id":"https:\/\/arjenoticias.com.mx\/#website"},"primaryImageOfPage":{"@id":"https:\/\/arjenoticias.com.mx\/?p=16187#primaryimage"},"image":{"@id":"https:\/\/arjenoticias.com.mx\/?p=16187#primaryimage"},"thumbnailUrl":"","datePublished":"2026-07-18T16:39:51+00:00","description":"Ese es el gran drama de M\u00e9xico: la orfandad de lo p\u00fablico","breadcrumb":{"@id":"https:\/\/arjenoticias.com.mx\/?p=16187#breadcrumb"},"inLanguage":"es","potentialAction":[{"@type":"ReadAction","target":["https:\/\/arjenoticias.com.mx\/?p=16187"]}]},{"@type":"ImageObject","inLanguage":"es","@id":"https:\/\/arjenoticias.com.mx\/?p=16187#primaryimage","url":"","contentUrl":""},{"@type":"BreadcrumbList","@id":"https:\/\/arjenoticias.com.mx\/?p=16187#breadcrumb","itemListElement":[{"@type":"ListItem","position":1,"name":"Inicio","item":"https:\/\/arjenoticias.com.mx\/"},{"@type":"ListItem","position":2,"name":"La orfandad de lo p\u00fablico"}]},{"@type":"WebSite","@id":"https:\/\/arjenoticias.com.mx\/#website","url":"https:\/\/arjenoticias.com.mx\/","name":"arjenoticias.com.mx","description":"","publisher":{"@id":"https:\/\/arjenoticias.com.mx\/#organization"},"potentialAction":[{"@type":"SearchAction","target":{"@type":"EntryPoint","urlTemplate":"https:\/\/arjenoticias.com.mx\/?s={search_term_string}"},"query-input":{"@type":"PropertyValueSpecification","valueRequired":true,"valueName":"search_term_string"}}],"inLanguage":"es"},{"@type":"Organization","@id":"https:\/\/arjenoticias.com.mx\/#organization","name":"Arj\u00e9 de M\u00e9xico Noticias","url":"https:\/\/arjenoticias.com.mx\/","logo":{"@type":"ImageObject","inLanguage":"es","@id":"https:\/\/arjenoticias.com.mx\/#\/schema\/logo\/image\/","url":"https:\/\/arjenoticias.com.mx\/wp-content\/uploads\/2025\/07\/cropped-logo-scaled-1.png","contentUrl":"https:\/\/arjenoticias.com.mx\/wp-content\/uploads\/2025\/07\/cropped-logo-scaled-1.png","width":2558,"height":558,"caption":"Arj\u00e9 de M\u00e9xico Noticias"},"image":{"@id":"https:\/\/arjenoticias.com.mx\/#\/schema\/logo\/image\/"}},{"@type":"Person","@id":"https:\/\/arjenoticias.com.mx\/#\/schema\/person\/1666ea681856e13ae7815025d0adbf41","name":"Vidal Garza","image":{"@type":"ImageObject","inLanguage":"es","@id":"https:\/\/secure.gravatar.com\/avatar\/ebf0076c48c85ad1c492bbb39ddef590de83f93b56cc08dd6c2c901d3c6742ab?s=96&d=mm&r=g","url":"https:\/\/secure.gravatar.com\/avatar\/ebf0076c48c85ad1c492bbb39ddef590de83f93b56cc08dd6c2c901d3c6742ab?s=96&d=mm&r=g","contentUrl":"https:\/\/secure.gravatar.com\/avatar\/ebf0076c48c85ad1c492bbb39ddef590de83f93b56cc08dd6c2c901d3c6742ab?s=96&d=mm&r=g","caption":"Vidal Garza"},"url":"https:\/\/arjenoticias.com.mx\/?author=88"}]}},"_links":{"self":[{"href":"https:\/\/arjenoticias.com.mx\/index.php?rest_route=\/wp\/v2\/posts\/16187","targetHints":{"allow":["GET"]}}],"collection":[{"href":"https:\/\/arjenoticias.com.mx\/index.php?rest_route=\/wp\/v2\/posts"}],"about":[{"href":"https:\/\/arjenoticias.com.mx\/index.php?rest_route=\/wp\/v2\/types\/post"}],"author":[{"embeddable":true,"href":"https:\/\/arjenoticias.com.mx\/index.php?rest_route=\/wp\/v2\/users\/88"}],"replies":[{"embeddable":true,"href":"https:\/\/arjenoticias.com.mx\/index.php?rest_route=%2Fwp%2Fv2%2Fcomments&post=16187"}],"version-history":[{"count":0,"href":"https:\/\/arjenoticias.com.mx\/index.php?rest_route=\/wp\/v2\/posts\/16187\/revisions"}],"wp:attachment":[{"href":"https:\/\/arjenoticias.com.mx\/index.php?rest_route=%2Fwp%2Fv2%2Fmedia&parent=16187"}],"wp:term":[{"taxonomy":"category","embeddable":true,"href":"https:\/\/arjenoticias.com.mx\/index.php?rest_route=%2Fwp%2Fv2%2Fcategories&post=16187"},{"taxonomy":"post_tag","embeddable":true,"href":"https:\/\/arjenoticias.com.mx\/index.php?rest_route=%2Fwp%2Fv2%2Ftags&post=16187"}],"curies":[{"name":"wp","href":"https:\/\/api.w.org\/{rel}","templated":true}]}}