{"id":16168,"date":"2026-07-17T12:44:24","date_gmt":"2026-07-17T18:44:24","guid":{"rendered":"https:\/\/arjenoticias.com\/?p=16168"},"modified":"2026-07-17T12:44:24","modified_gmt":"2026-07-17T18:44:24","slug":"somos-mexico-denuncia-detencion-arbitraria-de-ernesto-ruffo","status":"publish","type":"post","link":"https:\/\/arjenoticias.com.mx\/?p=16168","title":{"rendered":"Somos M\u00e9xico denuncia detenci\u00f3n arbitraria de Ernesto Ruffo y acusa cortina de humo"},"content":{"rendered":"\n<p class=\"wp-block-paragraph\"><strong>Ciudad de M\u00e9xico, 16 de julio de 2026.<\/strong> El movimiento pol\u00edtico <em>Somos M\u00e9xico<\/em> exigi\u00f3 la liberaci\u00f3n inmediata e incondicional de Ernesto Ruffo Appel, exgobernador de Baja California, tras su detenci\u00f3n por parte de la Fiscal\u00eda General de la Rep\u00fablica (FGR). La organizaci\u00f3n calific\u00f3 el hecho como un \u201catropello inaudito\u201d y acus\u00f3 al gobierno federal de utilizar el caso como una cortina de humo para desviar la atenci\u00f3n de esc\u00e1ndalos de corrupci\u00f3n que involucran a gobernadores y funcionarios vinculados con el crimen organizado.<\/p>\n\n\n\n<h3 class=\"wp-block-heading\">Acusaciones contra la FGR y autoridades federales<\/h3>\n\n\n\n<p class=\"wp-block-paragraph\">En sus comunicados, <em>Somos M\u00e9xico<\/em> se\u00f1al\u00f3 directamente a la fiscal Ernestina Godoy y a la Secretar\u00eda de Marina, a quienes responsabiliz\u00f3 de solapar el fraude fiscal m\u00e1s grande de la historia del pa\u00eds, relacionado con el tr\u00e1fico ilegal de combustibles. La agrupaci\u00f3n sostuvo que mientras se arremete contra Ruffo, se ignoran las evidencias que apuntan a gobernadores morenistas en funciones.<\/p>\n\n\n\n<h3 class=\"wp-block-heading\">Contexto en Baja California<\/h3>\n\n\n\n<p class=\"wp-block-paragraph\">La organizaci\u00f3n tambi\u00e9n record\u00f3 las grabaciones que involucran a la gobernadora Marina del Pilar en negociaciones con agentes extranjeros, lo que calific\u00f3 como un atentado contra la soberan\u00eda nacional. Adem\u00e1s, mencion\u00f3 al gobernador de Sinaloa, Rub\u00e9n Rocha Moya, acusado p\u00fablicamente de v\u00ednculos con el crimen organizado y protegido desde el m\u00e1s alto nivel del gobierno federal.<\/p>\n\n\n\n<h3 class=\"wp-block-heading\">Defensa de Ruffo Appel<\/h3>\n\n\n\n<p class=\"wp-block-paragraph\"><em>Somos M\u00e9xico<\/em> subray\u00f3 que las acusaciones contra Ruffo carecen de sustento, pues sus operaciones con hidrocarburos han sido avaladas por el SAT y la Secretar\u00eda de Energ\u00eda. El exgobernador ha se\u00f1alado que la Agencia Nacional de Aduanas de M\u00e9xico (ANAM) es la instancia responsable de certificar los productos que ingresan al pa\u00eds y de impedir el tr\u00e1fico de huachicol.<\/p>\n\n\n\n<h3 class=\"wp-block-heading\">Se\u00f1alamientos de corrupci\u00f3n<\/h3>\n\n\n\n<p class=\"wp-block-paragraph\">La agrupaci\u00f3n concluy\u00f3 que los verdaderos responsables del desfalco de m\u00e1s de 600 mil millones de pesos siguen operando y financiando campa\u00f1as ilegales de Morena y sus aliados, mientras se criminaliza a la oposici\u00f3n y al sector empresarial.<\/p>\n","protected":false},"excerpt":{"rendered":"<p>Ciudad de M\u00e9xico, 16 de julio de 2026. El movimiento pol\u00edtico Somos M\u00e9xico exigi\u00f3 la&#8230;<\/p>\n","protected":false},"author":67,"featured_media":16169,"comment_status":"open","ping_status":"open","sticky":false,"template":"","format":"standard","meta":{"footnotes":""},"categories":[13],"tags":[885,1213,2563],"class_list":["post-16168","post","type-post","status-publish","format-standard","has-post-thumbnail","hentry","category-politica","tag-ernesto-ruffo","tag-huachicol-fiscal","tag-somos-mexico"],"yoast_head":"<!-- This site is optimized with the Yoast SEO plugin v28.4 - https:\/\/yoast.com\/product\/yoast-seo-wordpress\/ -->\n<title>Somos M\u00e9xico denuncia detenci\u00f3n arbitraria de Ernesto Ruffo y acusa cortina de humo -<\/title>\n<meta name=\"description\" content=\"FGR usa el caso como cortina de humo para encubrir esc\u00e1ndalos de corrupci\u00f3n y v\u00ednculos con el crimen, afirma Somos M\u00e9xico.\" \/>\n<meta name=\"robots\" content=\"index, follow, max-snippet:-1, max-image-preview:large, max-video-preview:-1\" \/>\n<link rel=\"canonical\" href=\"https:\/\/arjenoticias.com.mx\/?p=16168\" \/>\n<meta property=\"og:locale\" content=\"es_MX\" \/>\n<meta property=\"og:type\" content=\"article\" \/>\n<meta property=\"og:title\" content=\"Somos M\u00e9xico denuncia detenci\u00f3n arbitraria de Ernesto Ruffo y acusa cortina de humo -\" \/>\n<meta property=\"og:description\" content=\"FGR usa el caso como cortina de humo para encubrir esc\u00e1ndalos de corrupci\u00f3n y v\u00ednculos con el crimen, afirma Somos M\u00e9xico.\" \/>\n<meta property=\"og:url\" content=\"https:\/\/arjenoticias.com.mx\/?p=16168\" \/>\n<meta property=\"article:published_time\" content=\"2026-07-17T18:44:24+00:00\" \/>\n<meta name=\"author\" content=\"Teresa Sep\u00falveda Elizondo\" \/>\n<meta name=\"twitter:card\" content=\"summary_large_image\" \/>\n<meta name=\"twitter:label1\" content=\"Escrito por\" \/>\n\t<meta name=\"twitter:data1\" content=\"Teresa Sep\u00falveda Elizondo\" \/>\n\t<meta name=\"twitter:label2\" content=\"Tiempo de lectura\" \/>\n\t<meta name=\"twitter:data2\" content=\"2 minutos\" \/>\n<script type=\"application\/ld+json\" class=\"yoast-schema-graph\">{\"@context\":\"https:\\\/\\\/schema.org\",\"@graph\":[{\"@type\":\"Article\",\"@id\":\"https:\\\/\\\/arjenoticias.com.mx\\\/?p=16168#article\",\"isPartOf\":{\"@id\":\"https:\\\/\\\/arjenoticias.com.mx\\\/?p=16168\"},\"author\":{\"name\":\"Teresa Sep\u00falveda Elizondo\",\"@id\":\"https:\\\/\\\/arjenoticias.com.mx\\\/#\\\/schema\\\/person\\\/da5b96cdb3d0ca850682c4c74f9888d1\"},\"headline\":\"Somos M\u00e9xico denuncia detenci\u00f3n arbitraria de Ernesto Ruffo y acusa cortina de humo\",\"datePublished\":\"2026-07-17T18:44:24+00:00\",\"mainEntityOfPage\":{\"@id\":\"https:\\\/\\\/arjenoticias.com.mx\\\/?p=16168\"},\"wordCount\":364,\"commentCount\":0,\"publisher\":{\"@id\":\"https:\\\/\\\/arjenoticias.com.mx\\\/#organization\"},\"image\":{\"@id\":\"https:\\\/\\\/arjenoticias.com.mx\\\/?p=16168#primaryimage\"},\"thumbnailUrl\":\"\",\"keywords\":[\"Ernesto Ruffo\",\"Huachicol Fiscal\",\"Somos M\u00e9xico\"],\"articleSection\":[\"Pol\u00edtica\"],\"inLanguage\":\"es\",\"potentialAction\":[{\"@type\":\"CommentAction\",\"name\":\"Comment\",\"target\":[\"https:\\\/\\\/arjenoticias.com.mx\\\/?p=16168#respond\"]}]},{\"@type\":\"WebPage\",\"@id\":\"https:\\\/\\\/arjenoticias.com.mx\\\/?p=16168\",\"url\":\"https:\\\/\\\/arjenoticias.com.mx\\\/?p=16168\",\"name\":\"Somos M\u00e9xico denuncia detenci\u00f3n arbitraria de Ernesto Ruffo y acusa cortina de humo -\",\"isPartOf\":{\"@id\":\"https:\\\/\\\/arjenoticias.com.mx\\\/#website\"},\"primaryImageOfPage\":{\"@id\":\"https:\\\/\\\/arjenoticias.com.mx\\\/?p=16168#primaryimage\"},\"image\":{\"@id\":\"https:\\\/\\\/arjenoticias.com.mx\\\/?p=16168#primaryimage\"},\"thumbnailUrl\":\"\",\"datePublished\":\"2026-07-17T18:44:24+00:00\",\"description\":\"FGR usa el caso como cortina de humo para encubrir esc\u00e1ndalos de corrupci\u00f3n y v\u00ednculos con el crimen, afirma Somos M\u00e9xico.\",\"breadcrumb\":{\"@id\":\"https:\\\/\\\/arjenoticias.com.mx\\\/?p=16168#breadcrumb\"},\"inLanguage\":\"es\",\"potentialAction\":[{\"@type\":\"ReadAction\",\"target\":[\"https:\\\/\\\/arjenoticias.com.mx\\\/?p=16168\"]}]},{\"@type\":\"ImageObject\",\"inLanguage\":\"es\",\"@id\":\"https:\\\/\\\/arjenoticias.com.mx\\\/?p=16168#primaryimage\",\"url\":\"\",\"contentUrl\":\"\"},{\"@type\":\"BreadcrumbList\",\"@id\":\"https:\\\/\\\/arjenoticias.com.mx\\\/?p=16168#breadcrumb\",\"itemListElement\":[{\"@type\":\"ListItem\",\"position\":1,\"name\":\"Inicio\",\"item\":\"https:\\\/\\\/arjenoticias.com.mx\\\/\"},{\"@type\":\"ListItem\",\"position\":2,\"name\":\"Somos M\u00e9xico denuncia detenci\u00f3n arbitraria de Ernesto Ruffo y acusa cortina de humo\"}]},{\"@type\":\"WebSite\",\"@id\":\"https:\\\/\\\/arjenoticias.com.mx\\\/#website\",\"url\":\"https:\\\/\\\/arjenoticias.com.mx\\\/\",\"name\":\"arjenoticias.com.mx\",\"description\":\"\",\"publisher\":{\"@id\":\"https:\\\/\\\/arjenoticias.com.mx\\\/#organization\"},\"potentialAction\":[{\"@type\":\"SearchAction\",\"target\":{\"@type\":\"EntryPoint\",\"urlTemplate\":\"https:\\\/\\\/arjenoticias.com.mx\\\/?s={search_term_string}\"},\"query-input\":{\"@type\":\"PropertyValueSpecification\",\"valueRequired\":true,\"valueName\":\"search_term_string\"}}],\"inLanguage\":\"es\"},{\"@type\":\"Organization\",\"@id\":\"https:\\\/\\\/arjenoticias.com.mx\\\/#organization\",\"name\":\"Arj\u00e9 de M\u00e9xico Noticias\",\"url\":\"https:\\\/\\\/arjenoticias.com.mx\\\/\",\"logo\":{\"@type\":\"ImageObject\",\"inLanguage\":\"es\",\"@id\":\"https:\\\/\\\/arjenoticias.com.mx\\\/#\\\/schema\\\/logo\\\/image\\\/\",\"url\":\"https:\\\/\\\/arjenoticias.com.mx\\\/wp-content\\\/uploads\\\/2025\\\/07\\\/cropped-logo-scaled-1.png\",\"contentUrl\":\"https:\\\/\\\/arjenoticias.com.mx\\\/wp-content\\\/uploads\\\/2025\\\/07\\\/cropped-logo-scaled-1.png\",\"width\":2558,\"height\":558,\"caption\":\"Arj\u00e9 de M\u00e9xico Noticias\"},\"image\":{\"@id\":\"https:\\\/\\\/arjenoticias.com.mx\\\/#\\\/schema\\\/logo\\\/image\\\/\"}},{\"@type\":\"Person\",\"@id\":\"https:\\\/\\\/arjenoticias.com.mx\\\/#\\\/schema\\\/person\\\/da5b96cdb3d0ca850682c4c74f9888d1\",\"name\":\"Teresa Sep\u00falveda Elizondo\",\"image\":{\"@type\":\"ImageObject\",\"inLanguage\":\"es\",\"@id\":\"https:\\\/\\\/secure.gravatar.com\\\/avatar\\\/d028fefd8eb201705a23e8ddfe978fbf484e56c5190e4b37aa46229a4d471d39?s=96&d=mm&r=g\",\"url\":\"https:\\\/\\\/secure.gravatar.com\\\/avatar\\\/d028fefd8eb201705a23e8ddfe978fbf484e56c5190e4b37aa46229a4d471d39?s=96&d=mm&r=g\",\"contentUrl\":\"https:\\\/\\\/secure.gravatar.com\\\/avatar\\\/d028fefd8eb201705a23e8ddfe978fbf484e56c5190e4b37aa46229a4d471d39?s=96&d=mm&r=g\",\"caption\":\"Teresa Sep\u00falveda Elizondo\"},\"url\":\"https:\\\/\\\/arjenoticias.com.mx\\\/?author=67\"}]}<\/script>\n<!-- \/ Yoast SEO plugin. -->","yoast_head_json":{"title":"Somos M\u00e9xico denuncia detenci\u00f3n arbitraria de Ernesto Ruffo y acusa cortina de humo -","description":"FGR usa el caso como cortina de humo para encubrir esc\u00e1ndalos de corrupci\u00f3n y v\u00ednculos con el crimen, afirma Somos M\u00e9xico.","robots":{"index":"index","follow":"follow","max-snippet":"max-snippet:-1","max-image-preview":"max-image-preview:large","max-video-preview":"max-video-preview:-1"},"canonical":"https:\/\/arjenoticias.com.mx\/?p=16168","og_locale":"es_MX","og_type":"article","og_title":"Somos M\u00e9xico denuncia detenci\u00f3n arbitraria de Ernesto Ruffo y acusa cortina de humo -","og_description":"FGR usa el caso como cortina de humo para encubrir esc\u00e1ndalos de corrupci\u00f3n y v\u00ednculos con el crimen, afirma Somos M\u00e9xico.","og_url":"https:\/\/arjenoticias.com.mx\/?p=16168","article_published_time":"2026-07-17T18:44:24+00:00","author":"Teresa Sep\u00falveda Elizondo","twitter_card":"summary_large_image","twitter_misc":{"Escrito por":"Teresa Sep\u00falveda Elizondo","Tiempo de lectura":"2 minutos"},"schema":{"@context":"https:\/\/schema.org","@graph":[{"@type":"Article","@id":"https:\/\/arjenoticias.com.mx\/?p=16168#article","isPartOf":{"@id":"https:\/\/arjenoticias.com.mx\/?p=16168"},"author":{"name":"Teresa Sep\u00falveda Elizondo","@id":"https:\/\/arjenoticias.com.mx\/#\/schema\/person\/da5b96cdb3d0ca850682c4c74f9888d1"},"headline":"Somos M\u00e9xico denuncia detenci\u00f3n arbitraria de Ernesto Ruffo y acusa cortina de humo","datePublished":"2026-07-17T18:44:24+00:00","mainEntityOfPage":{"@id":"https:\/\/arjenoticias.com.mx\/?p=16168"},"wordCount":364,"commentCount":0,"publisher":{"@id":"https:\/\/arjenoticias.com.mx\/#organization"},"image":{"@id":"https:\/\/arjenoticias.com.mx\/?p=16168#primaryimage"},"thumbnailUrl":"","keywords":["Ernesto Ruffo","Huachicol Fiscal","Somos M\u00e9xico"],"articleSection":["Pol\u00edtica"],"inLanguage":"es","potentialAction":[{"@type":"CommentAction","name":"Comment","target":["https:\/\/arjenoticias.com.mx\/?p=16168#respond"]}]},{"@type":"WebPage","@id":"https:\/\/arjenoticias.com.mx\/?p=16168","url":"https:\/\/arjenoticias.com.mx\/?p=16168","name":"Somos M\u00e9xico denuncia detenci\u00f3n arbitraria de Ernesto Ruffo y acusa cortina de humo -","isPartOf":{"@id":"https:\/\/arjenoticias.com.mx\/#website"},"primaryImageOfPage":{"@id":"https:\/\/arjenoticias.com.mx\/?p=16168#primaryimage"},"image":{"@id":"https:\/\/arjenoticias.com.mx\/?p=16168#primaryimage"},"thumbnailUrl":"","datePublished":"2026-07-17T18:44:24+00:00","description":"FGR usa el caso como cortina de humo para encubrir esc\u00e1ndalos de corrupci\u00f3n y v\u00ednculos con el crimen, afirma Somos M\u00e9xico.","breadcrumb":{"@id":"https:\/\/arjenoticias.com.mx\/?p=16168#breadcrumb"},"inLanguage":"es","potentialAction":[{"@type":"ReadAction","target":["https:\/\/arjenoticias.com.mx\/?p=16168"]}]},{"@type":"ImageObject","inLanguage":"es","@id":"https:\/\/arjenoticias.com.mx\/?p=16168#primaryimage","url":"","contentUrl":""},{"@type":"BreadcrumbList","@id":"https:\/\/arjenoticias.com.mx\/?p=16168#breadcrumb","itemListElement":[{"@type":"ListItem","position":1,"name":"Inicio","item":"https:\/\/arjenoticias.com.mx\/"},{"@type":"ListItem","position":2,"name":"Somos M\u00e9xico denuncia detenci\u00f3n arbitraria de Ernesto Ruffo y acusa cortina de humo"}]},{"@type":"WebSite","@id":"https:\/\/arjenoticias.com.mx\/#website","url":"https:\/\/arjenoticias.com.mx\/","name":"arjenoticias.com.mx","description":"","publisher":{"@id":"https:\/\/arjenoticias.com.mx\/#organization"},"potentialAction":[{"@type":"SearchAction","target":{"@type":"EntryPoint","urlTemplate":"https:\/\/arjenoticias.com.mx\/?s={search_term_string}"},"query-input":{"@type":"PropertyValueSpecification","valueRequired":true,"valueName":"search_term_string"}}],"inLanguage":"es"},{"@type":"Organization","@id":"https:\/\/arjenoticias.com.mx\/#organization","name":"Arj\u00e9 de M\u00e9xico Noticias","url":"https:\/\/arjenoticias.com.mx\/","logo":{"@type":"ImageObject","inLanguage":"es","@id":"https:\/\/arjenoticias.com.mx\/#\/schema\/logo\/image\/","url":"https:\/\/arjenoticias.com.mx\/wp-content\/uploads\/2025\/07\/cropped-logo-scaled-1.png","contentUrl":"https:\/\/arjenoticias.com.mx\/wp-content\/uploads\/2025\/07\/cropped-logo-scaled-1.png","width":2558,"height":558,"caption":"Arj\u00e9 de M\u00e9xico Noticias"},"image":{"@id":"https:\/\/arjenoticias.com.mx\/#\/schema\/logo\/image\/"}},{"@type":"Person","@id":"https:\/\/arjenoticias.com.mx\/#\/schema\/person\/da5b96cdb3d0ca850682c4c74f9888d1","name":"Teresa Sep\u00falveda Elizondo","image":{"@type":"ImageObject","inLanguage":"es","@id":"https:\/\/secure.gravatar.com\/avatar\/d028fefd8eb201705a23e8ddfe978fbf484e56c5190e4b37aa46229a4d471d39?s=96&d=mm&r=g","url":"https:\/\/secure.gravatar.com\/avatar\/d028fefd8eb201705a23e8ddfe978fbf484e56c5190e4b37aa46229a4d471d39?s=96&d=mm&r=g","contentUrl":"https:\/\/secure.gravatar.com\/avatar\/d028fefd8eb201705a23e8ddfe978fbf484e56c5190e4b37aa46229a4d471d39?s=96&d=mm&r=g","caption":"Teresa Sep\u00falveda Elizondo"},"url":"https:\/\/arjenoticias.com.mx\/?author=67"}]}},"_links":{"self":[{"href":"https:\/\/arjenoticias.com.mx\/index.php?rest_route=\/wp\/v2\/posts\/16168","targetHints":{"allow":["GET"]}}],"collection":[{"href":"https:\/\/arjenoticias.com.mx\/index.php?rest_route=\/wp\/v2\/posts"}],"about":[{"href":"https:\/\/arjenoticias.com.mx\/index.php?rest_route=\/wp\/v2\/types\/post"}],"author":[{"embeddable":true,"href":"https:\/\/arjenoticias.com.mx\/index.php?rest_route=\/wp\/v2\/users\/67"}],"replies":[{"embeddable":true,"href":"https:\/\/arjenoticias.com.mx\/index.php?rest_route=%2Fwp%2Fv2%2Fcomments&post=16168"}],"version-history":[{"count":0,"href":"https:\/\/arjenoticias.com.mx\/index.php?rest_route=\/wp\/v2\/posts\/16168\/revisions"}],"wp:attachment":[{"href":"https:\/\/arjenoticias.com.mx\/index.php?rest_route=%2Fwp%2Fv2%2Fmedia&parent=16168"}],"wp:term":[{"taxonomy":"category","embeddable":true,"href":"https:\/\/arjenoticias.com.mx\/index.php?rest_route=%2Fwp%2Fv2%2Fcategories&post=16168"},{"taxonomy":"post_tag","embeddable":true,"href":"https:\/\/arjenoticias.com.mx\/index.php?rest_route=%2Fwp%2Fv2%2Ftags&post=16168"}],"curies":[{"name":"wp","href":"https:\/\/api.w.org\/{rel}","templated":true}]}}