{"id":16155,"date":"2026-07-17T09:24:02","date_gmt":"2026-07-17T15:24:02","guid":{"rendered":"https:\/\/arjenoticias.com\/?p=16155"},"modified":"2026-07-17T09:24:04","modified_gmt":"2026-07-17T15:24:04","slug":"criticar-no-basta-proponer-es-el-camino-gustavo-vicencio","status":"publish","type":"post","link":"https:\/\/arjenoticias.com.mx\/opinion\/criticar-no-basta-proponer-es-el-camino-gustavo-vicencio\/","title":{"rendered":"Criticar no basta: proponer es el camino: Gustavo Vicencio"},"content":{"rendered":"\n<p class=\"wp-block-paragraph\"><strong><em>\u00abQue el prop\u00f3sito com\u00fan nos una en la labor conjunta,&nbsp;<\/em><\/strong><\/p>\n\n\n\n<p class=\"wp-block-paragraph\"><strong><em>infinitamente superior a los motivos personales de separaci\u00f3n o discrepancia<\/em><\/strong><strong><em>\u00bb&nbsp;<\/em><\/strong><\/p>\n\n\n\n<p class=\"wp-block-paragraph\"><strong><em>Manuel G\u00f3mez Morin<\/em><\/strong><\/p>\n\n\n\n<p class=\"wp-block-paragraph\">&nbsp; &nbsp; &nbsp; Durante a\u00f1os la oposici\u00f3n mexicana ha vivido confortable en el terreno de la denuncia. Se\u00f1alar los excesos del morenismo \u2014la corrupci\u00f3n, la militarizaci\u00f3n sin resultados, el desabasto de medicinas, el huachicol fiscal, la captura de las instituciones\u2014 es necesario y, la mayor\u00eda de las veces, justo. Pero la cr\u00edtica, sin una propuesta que la acompa\u00f1e, se agota en s\u00ed misma. Se convierte en ruido de fondo que el gobierno en turno aprende a ignorar y que la ciudadan\u00eda, cansada, deja de escuchar. Si la oposici\u00f3n aspira a algo m\u00e1s que administrar la indignaci\u00f3n, tiene que dar el siguiente paso: decir qu\u00e9 har\u00eda distinto.<\/p>\n\n\n\n<p class=\"wp-block-paragraph\">&nbsp; &nbsp; &nbsp; Por eso vale la pena detenerse en un hecho reciente que, m\u00e1s all\u00e1 de las filias partidistas, merece reconocimiento: la presentaci\u00f3n por parte del PAN de las \u00ab111 Soluciones para M\u00e9xico\u00bb, un paquete de propuestas concretas en materia de seguridad, salud, econom\u00eda, combate a la corrupci\u00f3n y fortalecimiento institucional. No se trata de un documento te\u00f3rico redactado desde un escritorio, sino de un ejercicio que recoge, seg\u00fan sus propios dirigentes, experiencias ya aplicadas en gobiernos panistas y aportaciones de militantes y ciudadanos. Entre las propuestas destacan algunas que merecen subrayarse. En seguridad, plantea el uso de tecnolog\u00eda y patrullajes con drones, la integraci\u00f3n de c\u00e1maras de videovigilancia particulares al sistema C5, y penas de cadena perpetua para funcionarios coludidos con el crimen organizado. En salud, retoma la idea de un esquema tipo Seguro Popular para garantizar cobertura a quienes carecen de seguridad social. En materia econ\u00f3mica propone reducir el IVA del 16 al 10 por ciento, bajar el IEPS a los combustibles y exentar del ISR a los aguinaldos y salarios menores. Tambi\u00e9n plantea sanear las finanzas de Pemex mediante la venta de la refiner\u00eda de Dos Bocas, as\u00ed como duplicar en seis a\u00f1os el n\u00famero de polic\u00edas locales y devolver gradualmente a las Fuerzas Armadas a sus tareas originales.<\/p>\n\n\n\n<p class=\"wp-block-paragraph\">&nbsp; &nbsp; &nbsp; Se puede coincidir o no con cada punto. Algunas propuestas generar\u00e1n debate leg\u00edtimo, incluso dentro de las filas panistas. Pero ese no es el punto central. Lo relevante es el mensaje de fondo, expresado con claridad por los propios l\u00edderes del partido: M\u00e9xico no necesita solamente una oposici\u00f3n que critique, sino una alternativa que ofrezca soluciones concretas y viables. Ese giro discursivo, de la queja permanente a la propuesta articulada, es exactamente lo que la ciudadan\u00eda ha reclamado durante a\u00f1os.<\/p>\n\n\n\n<p class=\"wp-block-paragraph\">&nbsp; &nbsp; &nbsp; Aqu\u00ed conviene insistir en algo inc\u00f3modo pero cierto. Sabemos que los partidos pol\u00edticos cargan con una p\u00e9sima reputaci\u00f3n. La desconfianza est\u00e1 m\u00e1s que justificada por a\u00f1os de simulaci\u00f3n, de intereses particulares disfrazados de causas nobles, de siglas que compiten m\u00e1s por el poder que por las ideas. Sin embargo, nos guste o no, en una democracia el poder se conquista, se limita y se sustituye a trav\u00e9s de la participaci\u00f3n pol\u00edtica, y esa participaci\u00f3n pasa, inevitablemente, por los partidos. No existe otra v\u00eda institucional para llegar al poder y transformarlo desde adentro. Quien renuncia a esa cancha por desprecio, no derrota a los partidos: simplemente deja el terreno libre para que lo ocupen otros.<\/p>\n\n\n\n<p class=\"wp-block-paragraph\">Las \u00ab111 Soluciones\u00bb no son perfectas ni definitivas. Son, eso s\u00ed, un primer avance necesario: una oposici\u00f3n que empieza a construir narrativa propia en lugar de limitarse a reaccionar ante la agenda del oficialismo. Ese esfuerzo merece valorarse, no como propaganda partidista, sino como una se\u00f1al de que al menos una parte de la oposici\u00f3n entendi\u00f3 la lecci\u00f3n: gobernar no se demuestra criticando, se demuestra proponiendo.<\/p>\n\n\n\n<p class=\"wp-block-paragraph\">&nbsp;Ahora corresponde al PAN predicar con el ejemplo: regresar a su vida democr\u00e1tica, a luchar internamente contra la simulaci\u00f3n y el grupismo, a escuchar todas las voces, en particular las m\u00e1s inc\u00f3modas y cr\u00edticas. Solo as\u00ed tendr\u00e1 la autoridad moral para presentarse ante la ciudadan\u00eda otra vez como una opci\u00f3n cre\u00edble, confiable, que ha aprendido de sus errores y que tiene visi\u00f3n de futuro. El reto de a la ciudadan\u00eda ser\u00e1 exigir que esas propuestas se sostengan, se enriquezcan y se cumplan, pero sobre todo, irse involucrando m\u00e1s y m\u00e1s en la pol\u00edtica a fin de que los espacios que ahora tienen los \u201cindeseables\u201d los ocupen l\u00edderes y personas de bien que buscan verdaderamente el bien de M\u00e9xico. Est\u00e1 interesante el reto de la simbiosis partidos-ciudadanos. \u00a1A darle!<\/p>\n","protected":false},"excerpt":{"rendered":"<p>\u00abQue el prop\u00f3sito com\u00fan nos una en la labor conjunta,&nbsp; infinitamente superior a los motivos&#8230;<\/p>\n","protected":false},"author":75,"featured_media":16156,"comment_status":"open","ping_status":"open","sticky":false,"template":"","format":"standard","meta":{"footnotes":""},"categories":[59],"tags":[2534],"class_list":["post-16155","post","type-post","status-publish","format-standard","has-post-thumbnail","hentry","category-opinion","tag-111-soluciones-para-mexico"],"yoast_head":"<!-- This site is optimized with the Yoast SEO plugin v28.4 - https:\/\/yoast.com\/product\/yoast-seo-wordpress\/ -->\n<title>Criticar no basta: proponer es el camino: Gustavo Vicencio -<\/title>\n<meta name=\"description\" content=\"la presentaci\u00f3n por parte del PAN de las &quot;111 Soluciones para M\u00e9xico&quot;, un paquete de propuestas concretas en materia de seguridad, salud, econom\u00eda, combate a la corrupci\u00f3n y fortalecimiento institucional.\" \/>\n<meta name=\"robots\" content=\"index, follow, max-snippet:-1, max-image-preview:large, max-video-preview:-1\" \/>\n<link rel=\"canonical\" href=\"https:\/\/arjenoticias.com.mx\/opinion\/criticar-no-basta-proponer-es-el-camino-gustavo-vicencio\/\" \/>\n<meta property=\"og:locale\" content=\"es_ES\" \/>\n<meta property=\"og:type\" content=\"article\" \/>\n<meta property=\"og:title\" content=\"Criticar no basta: proponer es el camino: Gustavo Vicencio -\" \/>\n<meta property=\"og:description\" content=\"la presentaci\u00f3n por parte del PAN de las &quot;111 Soluciones para M\u00e9xico&quot;, un paquete de propuestas concretas en materia de seguridad, salud, econom\u00eda, combate a la corrupci\u00f3n y fortalecimiento institucional.\" \/>\n<meta property=\"og:url\" content=\"https:\/\/arjenoticias.com.mx\/opinion\/criticar-no-basta-proponer-es-el-camino-gustavo-vicencio\/\" \/>\n<meta property=\"article:publisher\" content=\"https:\/\/www.facebook.com\/ArjeNoticiasMX\" \/>\n<meta property=\"article:published_time\" content=\"2026-07-17T15:24:02+00:00\" \/>\n<meta property=\"article:modified_time\" content=\"2026-07-17T15:24:04+00:00\" \/>\n<meta property=\"og:image\" content=\"https:\/\/arjenoticias.com.mx\/wp-content\/uploads\/2026\/07\/images-1-2.jpeg\" \/>\n\t<meta property=\"og:image:width\" content=\"390\" \/>\n\t<meta property=\"og:image:height\" content=\"512\" \/>\n\t<meta property=\"og:image:type\" content=\"image\/jpeg\" \/>\n<meta name=\"author\" content=\"Gustavo Vicencio Acevedo\" \/>\n<meta name=\"twitter:card\" content=\"summary_large_image\" \/>\n<meta name=\"twitter:creator\" content=\"@ArjeNoticias\" \/>\n<meta name=\"twitter:site\" content=\"@ArjeNoticias\" \/>\n<meta name=\"twitter:label1\" content=\"Escrito por\" \/>\n\t<meta name=\"twitter:data1\" content=\"Gustavo Vicencio Acevedo\" \/>\n\t<meta name=\"twitter:label2\" content=\"Tiempo de lectura\" \/>\n\t<meta name=\"twitter:data2\" content=\"4 minutos\" \/>\n<script type=\"application\/ld+json\" class=\"yoast-schema-graph\">{\"@context\":\"https:\\\/\\\/schema.org\",\"@graph\":[{\"@type\":\"Article\",\"@id\":\"https:\\\/\\\/arjenoticias.com.mx\\\/opinion\\\/criticar-no-basta-proponer-es-el-camino-gustavo-vicencio\\\/#article\",\"isPartOf\":{\"@id\":\"https:\\\/\\\/arjenoticias.com.mx\\\/opinion\\\/criticar-no-basta-proponer-es-el-camino-gustavo-vicencio\\\/\"},\"author\":{\"name\":\"Gustavo Vicencio Acevedo\",\"@id\":\"https:\\\/\\\/arjenoticias.com.mx\\\/#\\\/schema\\\/person\\\/7635fba642dff6312e7e28162b04b81c\"},\"headline\":\"Criticar no basta: proponer es el camino: Gustavo Vicencio\",\"datePublished\":\"2026-07-17T15:24:02+00:00\",\"dateModified\":\"2026-07-17T15:24:04+00:00\",\"mainEntityOfPage\":{\"@id\":\"https:\\\/\\\/arjenoticias.com.mx\\\/opinion\\\/criticar-no-basta-proponer-es-el-camino-gustavo-vicencio\\\/\"},\"wordCount\":816,\"commentCount\":0,\"publisher\":{\"@id\":\"https:\\\/\\\/arjenoticias.com.mx\\\/#organization\"},\"image\":{\"@id\":\"https:\\\/\\\/arjenoticias.com.mx\\\/opinion\\\/criticar-no-basta-proponer-es-el-camino-gustavo-vicencio\\\/#primaryimage\"},\"thumbnailUrl\":\"https:\\\/\\\/arjenoticias.com.mx\\\/wp-content\\\/uploads\\\/2026\\\/07\\\/images-1-2.jpeg\",\"keywords\":[\"111 soluciones para M\u00e9xico\"],\"articleSection\":[\"Opini\u00f3n\"],\"inLanguage\":\"es\",\"potentialAction\":[{\"@type\":\"CommentAction\",\"name\":\"Comment\",\"target\":[\"https:\\\/\\\/arjenoticias.com.mx\\\/opinion\\\/criticar-no-basta-proponer-es-el-camino-gustavo-vicencio\\\/#respond\"]}]},{\"@type\":\"WebPage\",\"@id\":\"https:\\\/\\\/arjenoticias.com.mx\\\/opinion\\\/criticar-no-basta-proponer-es-el-camino-gustavo-vicencio\\\/\",\"url\":\"https:\\\/\\\/arjenoticias.com.mx\\\/opinion\\\/criticar-no-basta-proponer-es-el-camino-gustavo-vicencio\\\/\",\"name\":\"Criticar no basta: proponer es el camino: Gustavo Vicencio -\",\"isPartOf\":{\"@id\":\"https:\\\/\\\/arjenoticias.com.mx\\\/#website\"},\"primaryImageOfPage\":{\"@id\":\"https:\\\/\\\/arjenoticias.com.mx\\\/opinion\\\/criticar-no-basta-proponer-es-el-camino-gustavo-vicencio\\\/#primaryimage\"},\"image\":{\"@id\":\"https:\\\/\\\/arjenoticias.com.mx\\\/opinion\\\/criticar-no-basta-proponer-es-el-camino-gustavo-vicencio\\\/#primaryimage\"},\"thumbnailUrl\":\"https:\\\/\\\/arjenoticias.com.mx\\\/wp-content\\\/uploads\\\/2026\\\/07\\\/images-1-2.jpeg\",\"datePublished\":\"2026-07-17T15:24:02+00:00\",\"dateModified\":\"2026-07-17T15:24:04+00:00\",\"description\":\"la presentaci\u00f3n por parte del PAN de las \\\"111 Soluciones para M\u00e9xico\\\", un paquete de propuestas concretas en materia de seguridad, salud, econom\u00eda, combate a la corrupci\u00f3n y fortalecimiento institucional.\",\"breadcrumb\":{\"@id\":\"https:\\\/\\\/arjenoticias.com.mx\\\/opinion\\\/criticar-no-basta-proponer-es-el-camino-gustavo-vicencio\\\/#breadcrumb\"},\"inLanguage\":\"es\",\"potentialAction\":[{\"@type\":\"ReadAction\",\"target\":[\"https:\\\/\\\/arjenoticias.com.mx\\\/opinion\\\/criticar-no-basta-proponer-es-el-camino-gustavo-vicencio\\\/\"]}]},{\"@type\":\"ImageObject\",\"inLanguage\":\"es\",\"@id\":\"https:\\\/\\\/arjenoticias.com.mx\\\/opinion\\\/criticar-no-basta-proponer-es-el-camino-gustavo-vicencio\\\/#primaryimage\",\"url\":\"https:\\\/\\\/arjenoticias.com.mx\\\/wp-content\\\/uploads\\\/2026\\\/07\\\/images-1-2.jpeg\",\"contentUrl\":\"https:\\\/\\\/arjenoticias.com.mx\\\/wp-content\\\/uploads\\\/2026\\\/07\\\/images-1-2.jpeg\",\"width\":390,\"height\":512,\"caption\":\"Durante a\u00f1os la oposici\u00f3n mexicana ha vivido confortable en el terreno de la denuncia\"},{\"@type\":\"BreadcrumbList\",\"@id\":\"https:\\\/\\\/arjenoticias.com.mx\\\/opinion\\\/criticar-no-basta-proponer-es-el-camino-gustavo-vicencio\\\/#breadcrumb\",\"itemListElement\":[{\"@type\":\"ListItem\",\"position\":1,\"name\":\"Portada\",\"item\":\"https:\\\/\\\/arjenoticias.com.mx\\\/\"},{\"@type\":\"ListItem\",\"position\":2,\"name\":\"Criticar no basta: proponer es el camino: Gustavo Vicencio\"}]},{\"@type\":\"WebSite\",\"@id\":\"https:\\\/\\\/arjenoticias.com.mx\\\/#website\",\"url\":\"https:\\\/\\\/arjenoticias.com.mx\\\/\",\"name\":\"Arj\u00e9 M\u00e9xico\",\"description\":\"\",\"publisher\":{\"@id\":\"https:\\\/\\\/arjenoticias.com.mx\\\/#organization\"},\"potentialAction\":[{\"@type\":\"SearchAction\",\"target\":{\"@type\":\"EntryPoint\",\"urlTemplate\":\"https:\\\/\\\/arjenoticias.com.mx\\\/?s={search_term_string}\"},\"query-input\":{\"@type\":\"PropertyValueSpecification\",\"valueRequired\":true,\"valueName\":\"search_term_string\"}}],\"inLanguage\":\"es\"},{\"@type\":\"Organization\",\"@id\":\"https:\\\/\\\/arjenoticias.com.mx\\\/#organization\",\"name\":\"Arj\u00e9 M\u00e9xico\",\"url\":\"https:\\\/\\\/arjenoticias.com.mx\\\/\",\"logo\":{\"@type\":\"ImageObject\",\"inLanguage\":\"es\",\"@id\":\"https:\\\/\\\/arjenoticias.com.mx\\\/#\\\/schema\\\/logo\\\/image\\\/\",\"url\":\"https:\\\/\\\/arjenoticias.com\\\/wp-content\\\/uploads\\\/2026\\\/04\\\/cropped-cropped-logo-inverted-1-scaled-1.png\",\"contentUrl\":\"https:\\\/\\\/arjenoticias.com\\\/wp-content\\\/uploads\\\/2026\\\/04\\\/cropped-cropped-logo-inverted-1-scaled-1.png\",\"width\":2556,\"height\":549,\"caption\":\"Arj\u00e9 M\u00e9xico\"},\"image\":{\"@id\":\"https:\\\/\\\/arjenoticias.com.mx\\\/#\\\/schema\\\/logo\\\/image\\\/\"},\"sameAs\":[\"https:\\\/\\\/www.facebook.com\\\/ArjeNoticiasMX\",\"https:\\\/\\\/x.com\\\/ArjeNoticias\"]},{\"@type\":\"Person\",\"@id\":\"https:\\\/\\\/arjenoticias.com.mx\\\/#\\\/schema\\\/person\\\/7635fba642dff6312e7e28162b04b81c\",\"name\":\"Gustavo Vicencio Acevedo\",\"image\":{\"@type\":\"ImageObject\",\"inLanguage\":\"es\",\"@id\":\"https:\\\/\\\/secure.gravatar.com\\\/avatar\\\/caf0aaf7e8e74de37b81a4fc58bdc767534035ec8d0ce53a5fb082713004c3e0?s=96&d=mm&r=g\",\"url\":\"https:\\\/\\\/secure.gravatar.com\\\/avatar\\\/caf0aaf7e8e74de37b81a4fc58bdc767534035ec8d0ce53a5fb082713004c3e0?s=96&d=mm&r=g\",\"contentUrl\":\"https:\\\/\\\/secure.gravatar.com\\\/avatar\\\/caf0aaf7e8e74de37b81a4fc58bdc767534035ec8d0ce53a5fb082713004c3e0?s=96&d=mm&r=g\",\"caption\":\"Gustavo Vicencio Acevedo\"},\"url\":\"https:\\\/\\\/arjenoticias.com.mx\\\/author\\\/gustavo\\\/\"}]}<\/script>\n<!-- \/ Yoast SEO plugin. -->","yoast_head_json":{"title":"Criticar no basta: proponer es el camino: Gustavo Vicencio -","description":"la presentaci\u00f3n por parte del PAN de las \"111 Soluciones para M\u00e9xico\", un paquete de propuestas concretas en materia de seguridad, salud, econom\u00eda, combate a la corrupci\u00f3n y fortalecimiento institucional.","robots":{"index":"index","follow":"follow","max-snippet":"max-snippet:-1","max-image-preview":"max-image-preview:large","max-video-preview":"max-video-preview:-1"},"canonical":"https:\/\/arjenoticias.com.mx\/opinion\/criticar-no-basta-proponer-es-el-camino-gustavo-vicencio\/","og_locale":"es_ES","og_type":"article","og_title":"Criticar no basta: proponer es el camino: Gustavo Vicencio -","og_description":"la presentaci\u00f3n por parte del PAN de las \"111 Soluciones para M\u00e9xico\", un paquete de propuestas concretas en materia de seguridad, salud, econom\u00eda, combate a la corrupci\u00f3n y fortalecimiento institucional.","og_url":"https:\/\/arjenoticias.com.mx\/opinion\/criticar-no-basta-proponer-es-el-camino-gustavo-vicencio\/","article_publisher":"https:\/\/www.facebook.com\/ArjeNoticiasMX","article_published_time":"2026-07-17T15:24:02+00:00","article_modified_time":"2026-07-17T15:24:04+00:00","og_image":[{"width":390,"height":512,"url":"https:\/\/arjenoticias.com.mx\/wp-content\/uploads\/2026\/07\/images-1-2.jpeg","type":"image\/jpeg"}],"author":"Gustavo Vicencio Acevedo","twitter_card":"summary_large_image","twitter_creator":"@ArjeNoticias","twitter_site":"@ArjeNoticias","twitter_misc":{"Escrito por":"Gustavo Vicencio Acevedo","Tiempo de lectura":"4 minutos"},"schema":{"@context":"https:\/\/schema.org","@graph":[{"@type":"Article","@id":"https:\/\/arjenoticias.com.mx\/opinion\/criticar-no-basta-proponer-es-el-camino-gustavo-vicencio\/#article","isPartOf":{"@id":"https:\/\/arjenoticias.com.mx\/opinion\/criticar-no-basta-proponer-es-el-camino-gustavo-vicencio\/"},"author":{"name":"Gustavo Vicencio Acevedo","@id":"https:\/\/arjenoticias.com.mx\/#\/schema\/person\/7635fba642dff6312e7e28162b04b81c"},"headline":"Criticar no basta: proponer es el camino: Gustavo Vicencio","datePublished":"2026-07-17T15:24:02+00:00","dateModified":"2026-07-17T15:24:04+00:00","mainEntityOfPage":{"@id":"https:\/\/arjenoticias.com.mx\/opinion\/criticar-no-basta-proponer-es-el-camino-gustavo-vicencio\/"},"wordCount":816,"commentCount":0,"publisher":{"@id":"https:\/\/arjenoticias.com.mx\/#organization"},"image":{"@id":"https:\/\/arjenoticias.com.mx\/opinion\/criticar-no-basta-proponer-es-el-camino-gustavo-vicencio\/#primaryimage"},"thumbnailUrl":"https:\/\/arjenoticias.com.mx\/wp-content\/uploads\/2026\/07\/images-1-2.jpeg","keywords":["111 soluciones para M\u00e9xico"],"articleSection":["Opini\u00f3n"],"inLanguage":"es","potentialAction":[{"@type":"CommentAction","name":"Comment","target":["https:\/\/arjenoticias.com.mx\/opinion\/criticar-no-basta-proponer-es-el-camino-gustavo-vicencio\/#respond"]}]},{"@type":"WebPage","@id":"https:\/\/arjenoticias.com.mx\/opinion\/criticar-no-basta-proponer-es-el-camino-gustavo-vicencio\/","url":"https:\/\/arjenoticias.com.mx\/opinion\/criticar-no-basta-proponer-es-el-camino-gustavo-vicencio\/","name":"Criticar no basta: proponer es el camino: Gustavo Vicencio -","isPartOf":{"@id":"https:\/\/arjenoticias.com.mx\/#website"},"primaryImageOfPage":{"@id":"https:\/\/arjenoticias.com.mx\/opinion\/criticar-no-basta-proponer-es-el-camino-gustavo-vicencio\/#primaryimage"},"image":{"@id":"https:\/\/arjenoticias.com.mx\/opinion\/criticar-no-basta-proponer-es-el-camino-gustavo-vicencio\/#primaryimage"},"thumbnailUrl":"https:\/\/arjenoticias.com.mx\/wp-content\/uploads\/2026\/07\/images-1-2.jpeg","datePublished":"2026-07-17T15:24:02+00:00","dateModified":"2026-07-17T15:24:04+00:00","description":"la presentaci\u00f3n por parte del PAN de las \"111 Soluciones para M\u00e9xico\", un paquete de propuestas concretas en materia de seguridad, salud, econom\u00eda, combate a la corrupci\u00f3n y fortalecimiento institucional.","breadcrumb":{"@id":"https:\/\/arjenoticias.com.mx\/opinion\/criticar-no-basta-proponer-es-el-camino-gustavo-vicencio\/#breadcrumb"},"inLanguage":"es","potentialAction":[{"@type":"ReadAction","target":["https:\/\/arjenoticias.com.mx\/opinion\/criticar-no-basta-proponer-es-el-camino-gustavo-vicencio\/"]}]},{"@type":"ImageObject","inLanguage":"es","@id":"https:\/\/arjenoticias.com.mx\/opinion\/criticar-no-basta-proponer-es-el-camino-gustavo-vicencio\/#primaryimage","url":"https:\/\/arjenoticias.com.mx\/wp-content\/uploads\/2026\/07\/images-1-2.jpeg","contentUrl":"https:\/\/arjenoticias.com.mx\/wp-content\/uploads\/2026\/07\/images-1-2.jpeg","width":390,"height":512,"caption":"Durante a\u00f1os la oposici\u00f3n mexicana ha vivido confortable en el terreno de la denuncia"},{"@type":"BreadcrumbList","@id":"https:\/\/arjenoticias.com.mx\/opinion\/criticar-no-basta-proponer-es-el-camino-gustavo-vicencio\/#breadcrumb","itemListElement":[{"@type":"ListItem","position":1,"name":"Portada","item":"https:\/\/arjenoticias.com.mx\/"},{"@type":"ListItem","position":2,"name":"Criticar no basta: proponer es el camino: Gustavo Vicencio"}]},{"@type":"WebSite","@id":"https:\/\/arjenoticias.com.mx\/#website","url":"https:\/\/arjenoticias.com.mx\/","name":"Arj\u00e9 M\u00e9xico","description":"","publisher":{"@id":"https:\/\/arjenoticias.com.mx\/#organization"},"potentialAction":[{"@type":"SearchAction","target":{"@type":"EntryPoint","urlTemplate":"https:\/\/arjenoticias.com.mx\/?s={search_term_string}"},"query-input":{"@type":"PropertyValueSpecification","valueRequired":true,"valueName":"search_term_string"}}],"inLanguage":"es"},{"@type":"Organization","@id":"https:\/\/arjenoticias.com.mx\/#organization","name":"Arj\u00e9 M\u00e9xico","url":"https:\/\/arjenoticias.com.mx\/","logo":{"@type":"ImageObject","inLanguage":"es","@id":"https:\/\/arjenoticias.com.mx\/#\/schema\/logo\/image\/","url":"https:\/\/arjenoticias.com\/wp-content\/uploads\/2026\/04\/cropped-cropped-logo-inverted-1-scaled-1.png","contentUrl":"https:\/\/arjenoticias.com\/wp-content\/uploads\/2026\/04\/cropped-cropped-logo-inverted-1-scaled-1.png","width":2556,"height":549,"caption":"Arj\u00e9 M\u00e9xico"},"image":{"@id":"https:\/\/arjenoticias.com.mx\/#\/schema\/logo\/image\/"},"sameAs":["https:\/\/www.facebook.com\/ArjeNoticiasMX","https:\/\/x.com\/ArjeNoticias"]},{"@type":"Person","@id":"https:\/\/arjenoticias.com.mx\/#\/schema\/person\/7635fba642dff6312e7e28162b04b81c","name":"Gustavo Vicencio Acevedo","image":{"@type":"ImageObject","inLanguage":"es","@id":"https:\/\/secure.gravatar.com\/avatar\/caf0aaf7e8e74de37b81a4fc58bdc767534035ec8d0ce53a5fb082713004c3e0?s=96&d=mm&r=g","url":"https:\/\/secure.gravatar.com\/avatar\/caf0aaf7e8e74de37b81a4fc58bdc767534035ec8d0ce53a5fb082713004c3e0?s=96&d=mm&r=g","contentUrl":"https:\/\/secure.gravatar.com\/avatar\/caf0aaf7e8e74de37b81a4fc58bdc767534035ec8d0ce53a5fb082713004c3e0?s=96&d=mm&r=g","caption":"Gustavo Vicencio Acevedo"},"url":"https:\/\/arjenoticias.com.mx\/author\/gustavo\/"}]}},"featured_image_urls":{"full":["https:\/\/arjenoticias.com.mx\/wp-content\/uploads\/2026\/07\/images-1-2.jpeg",390,512,false],"thumbnail":["https:\/\/arjenoticias.com.mx\/wp-content\/uploads\/2026\/07\/images-1-2-150x150.jpeg",150,150,true],"medium":["https:\/\/arjenoticias.com.mx\/wp-content\/uploads\/2026\/07\/images-1-2-229x300.jpeg",229,300,true],"medium_large":["https:\/\/arjenoticias.com.mx\/wp-content\/uploads\/2026\/07\/images-1-2.jpeg",390,512,false],"large":["https:\/\/arjenoticias.com.mx\/wp-content\/uploads\/2026\/07\/images-1-2.jpeg",390,512,false],"1536x1536":["https:\/\/arjenoticias.com.mx\/wp-content\/uploads\/2026\/07\/images-1-2.jpeg",390,512,false],"2048x2048":["https:\/\/arjenoticias.com.mx\/wp-content\/uploads\/2026\/07\/images-1-2.jpeg",390,512,false],"covernews-featured":["https:\/\/arjenoticias.com.mx\/wp-content\/uploads\/2026\/07\/images-1-2.jpeg",390,512,false],"covernews-medium":["https:\/\/arjenoticias.com.mx\/wp-content\/uploads\/2026\/07\/images-1-2-390x340.jpeg",390,340,true]},"author_info":{"info":["Gustavo Vicencio Acevedo"]},"category_info":"<a href=\"https:\/\/arjenoticias.com.mx\/category\/opinion\/\" rel=\"category tag\">Opini\u00f3n<\/a>","tag_info":"Opini\u00f3n","comment_count":"0","_links":{"self":[{"href":"https:\/\/arjenoticias.com.mx\/wp-json\/wp\/v2\/posts\/16155","targetHints":{"allow":["GET"]}}],"collection":[{"href":"https:\/\/arjenoticias.com.mx\/wp-json\/wp\/v2\/posts"}],"about":[{"href":"https:\/\/arjenoticias.com.mx\/wp-json\/wp\/v2\/types\/post"}],"author":[{"embeddable":true,"href":"https:\/\/arjenoticias.com.mx\/wp-json\/wp\/v2\/users\/75"}],"replies":[{"embeddable":true,"href":"https:\/\/arjenoticias.com.mx\/wp-json\/wp\/v2\/comments?post=16155"}],"version-history":[{"count":1,"href":"https:\/\/arjenoticias.com.mx\/wp-json\/wp\/v2\/posts\/16155\/revisions"}],"predecessor-version":[{"id":16157,"href":"https:\/\/arjenoticias.com.mx\/wp-json\/wp\/v2\/posts\/16155\/revisions\/16157"}],"wp:featuredmedia":[{"embeddable":true,"href":"https:\/\/arjenoticias.com.mx\/wp-json\/wp\/v2\/media\/16156"}],"wp:attachment":[{"href":"https:\/\/arjenoticias.com.mx\/wp-json\/wp\/v2\/media?parent=16155"}],"wp:term":[{"taxonomy":"category","embeddable":true,"href":"https:\/\/arjenoticias.com.mx\/wp-json\/wp\/v2\/categories?post=16155"},{"taxonomy":"post_tag","embeddable":true,"href":"https:\/\/arjenoticias.com.mx\/wp-json\/wp\/v2\/tags?post=16155"}],"curies":[{"name":"wp","href":"https:\/\/api.w.org\/{rel}","templated":true}]}}