{"id":16146,"date":"2026-07-17T06:37:34","date_gmt":"2026-07-17T12:37:34","guid":{"rendered":"https:\/\/arjenoticias.com\/?p=16146"},"modified":"2026-07-17T06:37:34","modified_gmt":"2026-07-17T12:37:34","slug":"la-probable-proxima-reforma-sera-la-fiscal","status":"publish","type":"post","link":"https:\/\/arjenoticias.com.mx\/?p=16146","title":{"rendered":"La probable pr\u00f3xima reforma ser\u00e1 la fiscal"},"content":{"rendered":"\n<h2 class=\"wp-block-heading\">Lo que la presidenta quiso decir de manera rotunda, categ\u00f3rica, para intentar ser cre\u00edble, fue que el gobierno que encabeza no tiene contemplado establecer un impuesto a las herencias, cuando en realidad s\u00ed lo tiene o al menos lo ha considerado.<\/h2>\n\n\n\n<p class=\"wp-block-paragraph\">La ministra de la Suprema Corte Lenia Batres Guadarrama, quien se autonombra \u201cla ministra del pueblo\u201d, y quiz\u00e1 por ello cuenta con un pesado cuerpo de asesores integrado nada menos que por 96 personas (incre\u00edble exceso, si se compara con la media docena de que dispon\u00eda la anterior presidenta de la Corte, Norma Pi\u00f1a), propuso en d\u00edas pasados \u2014Batres\u2014 que se graven con Impuesto sobre la Renta tanto las Afores como las herencias.<\/p>\n\n\n\n<p class=\"wp-block-paragraph\">Cuestionada en la siguiente conferencia ma\u00f1anera sobre el punto, la titular del Ejecutivo, Claudia Sheinbaum, se apresur\u00f3 a declarar que no est\u00e1 de acuerdo con la propuesta de Batres. \u201cEs opini\u00f3n \u2014dijo\u2014 de la ministra y tiene todo el derecho de tener una opini\u00f3n. En nuestro caso no creemos que deban gravarse las herencias, que \u2013explic\u00f3\u2014 se gravan en pr\u00e1cticamente todos los pa\u00edses del mundo, por cierto, [de donde se desprende que] no es algo extra\u00f1o\u201d. Esta \u00faltima parte de la explicaci\u00f3n de por qu\u00e9 se rechaza gravar las herencias, m\u00e1s que un argumento en contra de la propuesta de la \u201cministra del pueblo\u201d, son\u00f3 m\u00e1s bien como un argumento a favor de la misma.<\/p>\n\n\n\n<p class=\"wp-block-paragraph\">Id\u00e9ntica interpretaci\u00f3n o alcance se puede dar tambi\u00e9n, v\u00e1lidamente, a la explicaci\u00f3n adicional dada por Sheinbaum Pardo sobre esta cuesti\u00f3n: \u201cpor lo pronto \u2013dijo\u2014 no lo tenemos planteado; (y) si llegara a plantearse, ya se explicar\u00eda, pero por el momento no lo tenemos planteado\u201d.<\/p>\n\n\n\n<p class=\"wp-block-paragraph\">A veces suele suceder, como en este caso, que cuando alguien trata de ser convincente sobre un asunto y ofrece para ello datos adicionales, el lenguaje lo traiciona. Como en esta ocasi\u00f3n, lo que la presidenta quiso decir de manera rotunda, categ\u00f3rica, para intentar ser cre\u00edble, fue que el gobierno que encabeza no tiene contemplado establecer un impuesto a las herencias, cuando en realidad s\u00ed lo tiene o al menos lo ha considerado. Por eso, se le sali\u00f3 decir que no \u201cpor lo pronto\u201d, no \u201cpor el momento\u201d. \u00bfEntonces?<\/p>\n\n\n\n<p class=\"wp-block-paragraph\">Sobre el tema de una reforma fiscal \u201ca fondo\u201d, conforme al perfil del actual gobierno y del inmediato anterior, es decir, reforma que a nadie sorprender\u00eda sea de corte francamente confiscatorio por parte del actual grupo en el poder, se identifican claramente dos pistas:<\/p>\n\n\n\n<p class=\"wp-block-paragraph\">La primera, como seguramente recordar\u00e1 el lector memorioso, en 2018, antes de tomar posesi\u00f3n de la Presidencia de la Rep\u00fablica, a pregunta expresa L\u00f3pez Obrador contest\u00f3 que no ten\u00eda entre sus proyectos inmediatos presentar alguna iniciativa de reforma fiscal, sino hasta la segunda mitad de su sexenio.<\/p>\n\n\n\n<p class=\"wp-block-paragraph\">\u00bfPor qu\u00e9 hasta entonces? Aunque AMLO no lo aclar\u00f3, la raz\u00f3n era obvia: esperaba durante los primeros tres a\u00f1os de su gobierno desaparecer o al menos anular varias de las figuras e instituciones establecidas por el orden constitucional para frenar o servir de contrapeso al desbordamiento del Ejecutivo, porque bien sab\u00eda L\u00f3pez Obrador que una reforma fiscal confiscatoria le pod\u00eda generar grandes turbulencias. En fin, como durante la primera parte de su gobierno tal prop\u00f3sito de desmantelamiento institucional lo logr\u00f3 s\u00f3lo parcialmente, prefiri\u00f3 mejor no arriesgarse.<\/p>\n\n\n\n<p class=\"wp-block-paragraph\">Segunda pista: En lo que AMLO ten\u00eda mayores esperanzas era en obtener un arrollador triunfo en las elecciones intermedias para diputados federales, las de 2021, que no s\u00f3lo le diera una c\u00f3moda mayor\u00eda absoluta en la integraci\u00f3n de la nueva Legislatura de la C\u00e1mara de Diputados, sino incluso la mayor\u00eda calificada, que en la primera parte de su gobierno no tuvo, lo que le permitir\u00eda manipular a su antojo el texto de la Constituci\u00f3n y hacer frente con esa aplastante mayor\u00eda a cualquier inestabilidad que pudiera generarle una reforma fiscal agresiva.<\/p>\n\n\n\n<p class=\"wp-block-paragraph\">Ocurri\u00f3, sin embargo, que tal mayor\u00eda legislativa calificada no lleg\u00f3 con las elecciones intermedias de 2021. Seguramente este resultado debi\u00f3 enfurecer en grado extremo a L\u00f3pez Obrador. Por eso, cuando ya obtuvo esa mayor\u00eda calificada en 2024, prefiri\u00f3 ir primero por el Poder Judicial, lo que consigui\u00f3 un mes y medio antes de marcharse, para despu\u00e9s, ya con m\u00e1s tranquilidad, dar el siguiente paso.<\/p>\n\n\n\n<p class=\"wp-block-paragraph\">Que es muy probablemente lo que ocurrir\u00e1. Cuando las finanzas ya de plano no den para continuar con los llamados programas sociales (que en realidad son claramente clientelares), \u00e9stos ser\u00e1n la coartada para justificar tal reforma, con el argumento de que no pueden suspenderse porque es la Constituci\u00f3n la que los ordena. \u00bfM\u00e1s claro?<\/p>\n","protected":false},"excerpt":{"rendered":"<p>Lo que la presidenta quiso decir de manera rotunda, categ\u00f3rica, para intentar ser cre\u00edble, fue&#8230;<\/p>\n","protected":false},"author":81,"featured_media":16147,"comment_status":"open","ping_status":"open","sticky":false,"template":"","format":"standard","meta":{"footnotes":""},"categories":[10],"tags":[2263],"class_list":["post-16146","post","type-post","status-publish","format-standard","has-post-thumbnail","hentry","category-negocios","tag-reforma-fiscal-pendiente"],"yoast_head":"<!-- This site is optimized with the Yoast SEO plugin v28.4 - https:\/\/yoast.com\/product\/yoast-seo-wordpress\/ -->\n<title>La probable pr\u00f3xima reforma ser\u00e1 la fiscal -<\/title>\n<meta name=\"description\" content=\"Una reforma fiscal se dar\u00e1 cuando las finanzas ya de plano no den para continuar con los llamados programas sociales (que en realidad son claramente clientelares), \u00e9stos ser\u00e1n la coartada para justificar tal reforma,\" \/>\n<meta name=\"robots\" content=\"index, follow, max-snippet:-1, max-image-preview:large, max-video-preview:-1\" \/>\n<link rel=\"canonical\" href=\"https:\/\/arjenoticias.com.mx\/?p=16146\" \/>\n<meta property=\"og:locale\" content=\"es_MX\" \/>\n<meta property=\"og:type\" content=\"article\" \/>\n<meta property=\"og:title\" content=\"La probable pr\u00f3xima reforma ser\u00e1 la fiscal -\" \/>\n<meta property=\"og:description\" content=\"Una reforma fiscal se dar\u00e1 cuando las finanzas ya de plano no den para continuar con los llamados programas sociales (que en realidad son claramente clientelares), \u00e9stos ser\u00e1n la coartada para justificar tal reforma,\" \/>\n<meta property=\"og:url\" content=\"https:\/\/arjenoticias.com.mx\/?p=16146\" \/>\n<meta property=\"article:published_time\" content=\"2026-07-17T12:37:34+00:00\" \/>\n<meta name=\"author\" content=\"Juan Antonio Garc\u00eda Villa\" \/>\n<meta name=\"twitter:card\" content=\"summary_large_image\" \/>\n<meta name=\"twitter:label1\" content=\"Escrito por\" \/>\n\t<meta name=\"twitter:data1\" content=\"Juan Antonio Garc\u00eda Villa\" \/>\n\t<meta name=\"twitter:label2\" content=\"Tiempo de lectura\" \/>\n\t<meta name=\"twitter:data2\" content=\"4 minutos\" \/>\n<script type=\"application\/ld+json\" class=\"yoast-schema-graph\">{\"@context\":\"https:\\\/\\\/schema.org\",\"@graph\":[{\"@type\":\"Article\",\"@id\":\"https:\\\/\\\/arjenoticias.com.mx\\\/?p=16146#article\",\"isPartOf\":{\"@id\":\"https:\\\/\\\/arjenoticias.com.mx\\\/?p=16146\"},\"author\":{\"name\":\"Juan Antonio Garc\u00eda Villa\",\"@id\":\"https:\\\/\\\/arjenoticias.com.mx\\\/#\\\/schema\\\/person\\\/9bba64a438cc6ce78705a4e927ad99b5\"},\"headline\":\"La probable pr\u00f3xima reforma ser\u00e1 la fiscal\",\"datePublished\":\"2026-07-17T12:37:34+00:00\",\"mainEntityOfPage\":{\"@id\":\"https:\\\/\\\/arjenoticias.com.mx\\\/?p=16146\"},\"wordCount\":806,\"commentCount\":0,\"publisher\":{\"@id\":\"https:\\\/\\\/arjenoticias.com.mx\\\/#organization\"},\"image\":{\"@id\":\"https:\\\/\\\/arjenoticias.com.mx\\\/?p=16146#primaryimage\"},\"thumbnailUrl\":\"\",\"keywords\":[\"Reforma Fiscal pendiente\"],\"articleSection\":[\"Negocios\"],\"inLanguage\":\"es\",\"potentialAction\":[{\"@type\":\"CommentAction\",\"name\":\"Comment\",\"target\":[\"https:\\\/\\\/arjenoticias.com.mx\\\/?p=16146#respond\"]}]},{\"@type\":\"WebPage\",\"@id\":\"https:\\\/\\\/arjenoticias.com.mx\\\/?p=16146\",\"url\":\"https:\\\/\\\/arjenoticias.com.mx\\\/?p=16146\",\"name\":\"La probable pr\u00f3xima reforma ser\u00e1 la fiscal -\",\"isPartOf\":{\"@id\":\"https:\\\/\\\/arjenoticias.com.mx\\\/#website\"},\"primaryImageOfPage\":{\"@id\":\"https:\\\/\\\/arjenoticias.com.mx\\\/?p=16146#primaryimage\"},\"image\":{\"@id\":\"https:\\\/\\\/arjenoticias.com.mx\\\/?p=16146#primaryimage\"},\"thumbnailUrl\":\"\",\"datePublished\":\"2026-07-17T12:37:34+00:00\",\"description\":\"Una reforma fiscal se dar\u00e1 cuando las finanzas ya de plano no den para continuar con los llamados programas sociales (que en realidad son claramente clientelares), \u00e9stos ser\u00e1n la coartada para justificar tal reforma,\",\"breadcrumb\":{\"@id\":\"https:\\\/\\\/arjenoticias.com.mx\\\/?p=16146#breadcrumb\"},\"inLanguage\":\"es\",\"potentialAction\":[{\"@type\":\"ReadAction\",\"target\":[\"https:\\\/\\\/arjenoticias.com.mx\\\/?p=16146\"]}]},{\"@type\":\"ImageObject\",\"inLanguage\":\"es\",\"@id\":\"https:\\\/\\\/arjenoticias.com.mx\\\/?p=16146#primaryimage\",\"url\":\"\",\"contentUrl\":\"\"},{\"@type\":\"BreadcrumbList\",\"@id\":\"https:\\\/\\\/arjenoticias.com.mx\\\/?p=16146#breadcrumb\",\"itemListElement\":[{\"@type\":\"ListItem\",\"position\":1,\"name\":\"Inicio\",\"item\":\"https:\\\/\\\/arjenoticias.com.mx\\\/\"},{\"@type\":\"ListItem\",\"position\":2,\"name\":\"La probable pr\u00f3xima reforma ser\u00e1 la fiscal\"}]},{\"@type\":\"WebSite\",\"@id\":\"https:\\\/\\\/arjenoticias.com.mx\\\/#website\",\"url\":\"https:\\\/\\\/arjenoticias.com.mx\\\/\",\"name\":\"arjenoticias.com.mx\",\"description\":\"\",\"publisher\":{\"@id\":\"https:\\\/\\\/arjenoticias.com.mx\\\/#organization\"},\"potentialAction\":[{\"@type\":\"SearchAction\",\"target\":{\"@type\":\"EntryPoint\",\"urlTemplate\":\"https:\\\/\\\/arjenoticias.com.mx\\\/?s={search_term_string}\"},\"query-input\":{\"@type\":\"PropertyValueSpecification\",\"valueRequired\":true,\"valueName\":\"search_term_string\"}}],\"inLanguage\":\"es\"},{\"@type\":\"Organization\",\"@id\":\"https:\\\/\\\/arjenoticias.com.mx\\\/#organization\",\"name\":\"Arj\u00e9 de M\u00e9xico Noticias\",\"url\":\"https:\\\/\\\/arjenoticias.com.mx\\\/\",\"logo\":{\"@type\":\"ImageObject\",\"inLanguage\":\"es\",\"@id\":\"https:\\\/\\\/arjenoticias.com.mx\\\/#\\\/schema\\\/logo\\\/image\\\/\",\"url\":\"https:\\\/\\\/arjenoticias.com.mx\\\/wp-content\\\/uploads\\\/2025\\\/07\\\/cropped-logo-scaled-1.png\",\"contentUrl\":\"https:\\\/\\\/arjenoticias.com.mx\\\/wp-content\\\/uploads\\\/2025\\\/07\\\/cropped-logo-scaled-1.png\",\"width\":2558,\"height\":558,\"caption\":\"Arj\u00e9 de M\u00e9xico Noticias\"},\"image\":{\"@id\":\"https:\\\/\\\/arjenoticias.com.mx\\\/#\\\/schema\\\/logo\\\/image\\\/\"}},{\"@type\":\"Person\",\"@id\":\"https:\\\/\\\/arjenoticias.com.mx\\\/#\\\/schema\\\/person\\\/9bba64a438cc6ce78705a4e927ad99b5\",\"name\":\"Juan Antonio Garc\u00eda Villa\",\"image\":{\"@type\":\"ImageObject\",\"inLanguage\":\"es\",\"@id\":\"https:\\\/\\\/secure.gravatar.com\\\/avatar\\\/22312b1875b7717cb6400cef14b8760032d991e9325bb0b5db0814f09c233330?s=96&d=mm&r=g\",\"url\":\"https:\\\/\\\/secure.gravatar.com\\\/avatar\\\/22312b1875b7717cb6400cef14b8760032d991e9325bb0b5db0814f09c233330?s=96&d=mm&r=g\",\"contentUrl\":\"https:\\\/\\\/secure.gravatar.com\\\/avatar\\\/22312b1875b7717cb6400cef14b8760032d991e9325bb0b5db0814f09c233330?s=96&d=mm&r=g\",\"caption\":\"Juan Antonio Garc\u00eda Villa\"},\"url\":\"https:\\\/\\\/arjenoticias.com.mx\\\/?author=81\"}]}<\/script>\n<!-- \/ Yoast SEO plugin. -->","yoast_head_json":{"title":"La probable pr\u00f3xima reforma ser\u00e1 la fiscal -","description":"Una reforma fiscal se dar\u00e1 cuando las finanzas ya de plano no den para continuar con los llamados programas sociales (que en realidad son claramente clientelares), \u00e9stos ser\u00e1n la coartada para justificar tal reforma,","robots":{"index":"index","follow":"follow","max-snippet":"max-snippet:-1","max-image-preview":"max-image-preview:large","max-video-preview":"max-video-preview:-1"},"canonical":"https:\/\/arjenoticias.com.mx\/?p=16146","og_locale":"es_MX","og_type":"article","og_title":"La probable pr\u00f3xima reforma ser\u00e1 la fiscal -","og_description":"Una reforma fiscal se dar\u00e1 cuando las finanzas ya de plano no den para continuar con los llamados programas sociales (que en realidad son claramente clientelares), \u00e9stos ser\u00e1n la coartada para justificar tal reforma,","og_url":"https:\/\/arjenoticias.com.mx\/?p=16146","article_published_time":"2026-07-17T12:37:34+00:00","author":"Juan Antonio Garc\u00eda Villa","twitter_card":"summary_large_image","twitter_misc":{"Escrito por":"Juan Antonio Garc\u00eda Villa","Tiempo de lectura":"4 minutos"},"schema":{"@context":"https:\/\/schema.org","@graph":[{"@type":"Article","@id":"https:\/\/arjenoticias.com.mx\/?p=16146#article","isPartOf":{"@id":"https:\/\/arjenoticias.com.mx\/?p=16146"},"author":{"name":"Juan Antonio Garc\u00eda Villa","@id":"https:\/\/arjenoticias.com.mx\/#\/schema\/person\/9bba64a438cc6ce78705a4e927ad99b5"},"headline":"La probable pr\u00f3xima reforma ser\u00e1 la fiscal","datePublished":"2026-07-17T12:37:34+00:00","mainEntityOfPage":{"@id":"https:\/\/arjenoticias.com.mx\/?p=16146"},"wordCount":806,"commentCount":0,"publisher":{"@id":"https:\/\/arjenoticias.com.mx\/#organization"},"image":{"@id":"https:\/\/arjenoticias.com.mx\/?p=16146#primaryimage"},"thumbnailUrl":"","keywords":["Reforma Fiscal pendiente"],"articleSection":["Negocios"],"inLanguage":"es","potentialAction":[{"@type":"CommentAction","name":"Comment","target":["https:\/\/arjenoticias.com.mx\/?p=16146#respond"]}]},{"@type":"WebPage","@id":"https:\/\/arjenoticias.com.mx\/?p=16146","url":"https:\/\/arjenoticias.com.mx\/?p=16146","name":"La probable pr\u00f3xima reforma ser\u00e1 la fiscal -","isPartOf":{"@id":"https:\/\/arjenoticias.com.mx\/#website"},"primaryImageOfPage":{"@id":"https:\/\/arjenoticias.com.mx\/?p=16146#primaryimage"},"image":{"@id":"https:\/\/arjenoticias.com.mx\/?p=16146#primaryimage"},"thumbnailUrl":"","datePublished":"2026-07-17T12:37:34+00:00","description":"Una reforma fiscal se dar\u00e1 cuando las finanzas ya de plano no den para continuar con los llamados programas sociales (que en realidad son claramente clientelares), \u00e9stos ser\u00e1n la coartada para justificar tal reforma,","breadcrumb":{"@id":"https:\/\/arjenoticias.com.mx\/?p=16146#breadcrumb"},"inLanguage":"es","potentialAction":[{"@type":"ReadAction","target":["https:\/\/arjenoticias.com.mx\/?p=16146"]}]},{"@type":"ImageObject","inLanguage":"es","@id":"https:\/\/arjenoticias.com.mx\/?p=16146#primaryimage","url":"","contentUrl":""},{"@type":"BreadcrumbList","@id":"https:\/\/arjenoticias.com.mx\/?p=16146#breadcrumb","itemListElement":[{"@type":"ListItem","position":1,"name":"Inicio","item":"https:\/\/arjenoticias.com.mx\/"},{"@type":"ListItem","position":2,"name":"La probable pr\u00f3xima reforma ser\u00e1 la fiscal"}]},{"@type":"WebSite","@id":"https:\/\/arjenoticias.com.mx\/#website","url":"https:\/\/arjenoticias.com.mx\/","name":"arjenoticias.com.mx","description":"","publisher":{"@id":"https:\/\/arjenoticias.com.mx\/#organization"},"potentialAction":[{"@type":"SearchAction","target":{"@type":"EntryPoint","urlTemplate":"https:\/\/arjenoticias.com.mx\/?s={search_term_string}"},"query-input":{"@type":"PropertyValueSpecification","valueRequired":true,"valueName":"search_term_string"}}],"inLanguage":"es"},{"@type":"Organization","@id":"https:\/\/arjenoticias.com.mx\/#organization","name":"Arj\u00e9 de M\u00e9xico Noticias","url":"https:\/\/arjenoticias.com.mx\/","logo":{"@type":"ImageObject","inLanguage":"es","@id":"https:\/\/arjenoticias.com.mx\/#\/schema\/logo\/image\/","url":"https:\/\/arjenoticias.com.mx\/wp-content\/uploads\/2025\/07\/cropped-logo-scaled-1.png","contentUrl":"https:\/\/arjenoticias.com.mx\/wp-content\/uploads\/2025\/07\/cropped-logo-scaled-1.png","width":2558,"height":558,"caption":"Arj\u00e9 de M\u00e9xico Noticias"},"image":{"@id":"https:\/\/arjenoticias.com.mx\/#\/schema\/logo\/image\/"}},{"@type":"Person","@id":"https:\/\/arjenoticias.com.mx\/#\/schema\/person\/9bba64a438cc6ce78705a4e927ad99b5","name":"Juan Antonio Garc\u00eda Villa","image":{"@type":"ImageObject","inLanguage":"es","@id":"https:\/\/secure.gravatar.com\/avatar\/22312b1875b7717cb6400cef14b8760032d991e9325bb0b5db0814f09c233330?s=96&d=mm&r=g","url":"https:\/\/secure.gravatar.com\/avatar\/22312b1875b7717cb6400cef14b8760032d991e9325bb0b5db0814f09c233330?s=96&d=mm&r=g","contentUrl":"https:\/\/secure.gravatar.com\/avatar\/22312b1875b7717cb6400cef14b8760032d991e9325bb0b5db0814f09c233330?s=96&d=mm&r=g","caption":"Juan Antonio Garc\u00eda Villa"},"url":"https:\/\/arjenoticias.com.mx\/?author=81"}]}},"_links":{"self":[{"href":"https:\/\/arjenoticias.com.mx\/index.php?rest_route=\/wp\/v2\/posts\/16146","targetHints":{"allow":["GET"]}}],"collection":[{"href":"https:\/\/arjenoticias.com.mx\/index.php?rest_route=\/wp\/v2\/posts"}],"about":[{"href":"https:\/\/arjenoticias.com.mx\/index.php?rest_route=\/wp\/v2\/types\/post"}],"author":[{"embeddable":true,"href":"https:\/\/arjenoticias.com.mx\/index.php?rest_route=\/wp\/v2\/users\/81"}],"replies":[{"embeddable":true,"href":"https:\/\/arjenoticias.com.mx\/index.php?rest_route=%2Fwp%2Fv2%2Fcomments&post=16146"}],"version-history":[{"count":0,"href":"https:\/\/arjenoticias.com.mx\/index.php?rest_route=\/wp\/v2\/posts\/16146\/revisions"}],"wp:attachment":[{"href":"https:\/\/arjenoticias.com.mx\/index.php?rest_route=%2Fwp%2Fv2%2Fmedia&parent=16146"}],"wp:term":[{"taxonomy":"category","embeddable":true,"href":"https:\/\/arjenoticias.com.mx\/index.php?rest_route=%2Fwp%2Fv2%2Fcategories&post=16146"},{"taxonomy":"post_tag","embeddable":true,"href":"https:\/\/arjenoticias.com.mx\/index.php?rest_route=%2Fwp%2Fv2%2Ftags&post=16146"}],"curies":[{"name":"wp","href":"https:\/\/api.w.org\/{rel}","templated":true}]}}