{"id":15988,"date":"2026-07-13T10:23:23","date_gmt":"2026-07-13T16:23:23","guid":{"rendered":"https:\/\/arjenoticias.com\/?p=15988"},"modified":"2026-07-13T10:23:23","modified_gmt":"2026-07-13T16:23:23","slug":"la-campana-empezo-el-arbitro-observa","status":"publish","type":"post","link":"https:\/\/arjenoticias.com.mx\/?p=15988","title":{"rendered":"La campa\u00f1a empez\u00f3, el \u00e1rbitro observa"},"content":{"rendered":"\n<h2 class=\"wp-block-heading\">El problema m\u00e1s grave no est\u00e1 \u00fanicamente en los partidos. Est\u00e1 en la autoridad que observa c\u00f3mo la realidad se le adelanta.<\/h2>\n\n\n\n<p class=\"wp-block-paragraph\">Hace tres semanas advertimos en este espacio que los partidos hab\u00edan decidido adelantar el reloj electoral.<\/p>\n\n\n\n<p class=\"wp-block-paragraph\">Hoy ya no estamos ante una advertencia; la campa\u00f1a de 2027 inici\u00f3 en los hechos, aunque la ley se\u00f1ale otra cosa.<\/p>\n\n\n\n<p class=\"wp-block-paragraph\">El registro de aspirantes de Morena a las 17 gubernaturas fue apenas el detonador. La disputa se extendi\u00f3 r\u00e1pidamente hacia presidencias municipales, diputaciones federales y congresos locales.<\/p>\n\n\n\n<p class=\"wp-block-paragraph\">Los nombres empiezan a poblar espectaculares y bardas; las giras se multiplican; los actos p\u00fablicos se parecen cada vez m\u00e1s a m\u00edtines, aunque se les disfrace de asambleas, informes, encuentros o recorridos territoriales.<\/p>\n\n\n\n<p class=\"wp-block-paragraph\">Morena marca el ritmo porque gobierna, concentra reflectores y dispone de recursos p\u00fablicos y de una estructura pol\u00edtica que ha reforzado al amparo de los mismos.<\/p>\n\n\n\n<p class=\"wp-block-paragraph\">Pero ser\u00eda c\u00f3modo atribuirle toda la responsabilidad; los partidos de oposici\u00f3n, temerosos de conceder ventaja, han optado por imitar aquello que denuncian.<\/p>\n\n\n\n<p class=\"wp-block-paragraph\">Quiz\u00e1 lo hacen con menos estridencia y menor capacidad de movilizaci\u00f3n, pero participan de la misma l\u00f3gica: si el adversario viola los tiempos, nosotros tambi\u00e9n; si la autoridad no act\u00faa, nadie quiere llegar tarde.<\/p>\n\n\n\n<p class=\"wp-block-paragraph\">Esa carrera convierte la ilegalidad en un incentivo colectivo. Cada transgresi\u00f3n justifica la siguiente y la norma deja de ser el l\u00edmite para convertirse en un obst\u00e1culo que todos buscan rodear.<\/p>\n\n\n\n<p class=\"wp-block-paragraph\">As\u00ed, la equidad electoral ya no se rompe solamente por la diferencia de recursos, sino por la certeza de que incumplir sale m\u00e1s barato que respetar.<\/p>\n\n\n\n<p class=\"wp-block-paragraph\">Pero el problema m\u00e1s grave no est\u00e1 \u00fanicamente en los partidos. Est\u00e1 en la autoridad que observa c\u00f3mo la realidad se le adelanta y parece resignarse a levantar actas cuando el da\u00f1o ya est\u00e1 hecho.<\/p>\n\n\n\n<p class=\"wp-block-paragraph\">El INE y los organismos locales no pueden asumir el papel de cronistas de una contienda anticipada. Su responsabilidad no consiste en describir el atropello, sino en impedir que la excepci\u00f3n se vuelva regla.<\/p>\n\n\n\n<p class=\"wp-block-paragraph\">La permisividad tiene consecuencias. Una autoridad que tolera hoy propaganda encubierta, promoci\u00f3n personalizada, movilizaciones y el eventual uso electoral de recursos p\u00fablicos tendr\u00e1 menos fuerza para exigir ma\u00f1ana el cumplimiento de topes de gasto, fiscalizar campa\u00f1as o sancionar conductas m\u00e1s graves.<\/p>\n\n\n\n<p class=\"wp-block-paragraph\">La autoridad electoral no pierde legitimidad de golpe; la va cediendo cada vez que renuncia a ejercerla.<\/p>\n\n\n\n<p class=\"wp-block-paragraph\">El Tribunal Electoral tampoco puede ignorar su parte. Las interpretaciones excesivamente flexibles han abierto un port\u00f3n por el que ahora pretenden pasar todos.<\/p>\n\n\n\n<p class=\"wp-block-paragraph\">Cuando cada mitin puede llamarse \u201cencuentro ciudadano\u201d, cada promoci\u00f3n \u201cejercicio informativo\u201d y cada aspirante \u201ccoordinador\u201d o \u201cdefensor\u201d de alguna causa, la ley permanece escrita, pero queda vaciada de contenido.<\/p>\n\n\n\n<p class=\"wp-block-paragraph\">Mientras tanto, la discusi\u00f3n p\u00fablica se empobrece. En lugar de diagn\u00f3sticos sobre inseguridad, servicios p\u00fablicos, crecimiento econ\u00f3mico, salud, educaci\u00f3n o Estado de derecho, se instala una competencia de popularidad.<\/p>\n\n\n\n<p class=\"wp-block-paragraph\">Abundan las fotograf\u00edas, las porras, las gorras, las promesas y las d\u00e1divas; pr\u00e1cticamente son inexistentes las propuestas viables y evaluables, en torno a las cuales definir pol\u00edticas p\u00fablicas y darles seguimiento.<\/p>\n\n\n\n<p class=\"wp-block-paragraph\">La contradicci\u00f3n es profunda: quienes hoy aspiran a representar y gobernar ma\u00f1ana protestar\u00e1n cumplir y hacer cumplir la Constituci\u00f3n y las leyes.<\/p>\n\n\n\n<p class=\"wp-block-paragraph\">\u00bfCon qu\u00e9 autoridad podr\u00e1n hacerlo si su camino al poder comenz\u00f3 pisoteando las reglas de acceso al cargo?<\/p>\n\n\n\n<p class=\"wp-block-paragraph\">Si las normas electorales son impracticables o contrarias a la naturaleza de la competencia pol\u00edtica, deben revisarse.<\/p>\n\n\n\n<p class=\"wp-block-paragraph\">Pero mientras est\u00e9n vigentes, no pueden ser optativas. Una democracia no puede sostenerse cuando su primera lecci\u00f3n para quienes buscan el poder es que la ley solo obliga a quien decide respetarla.<\/p>\n\n\n\n<p class=\"wp-block-paragraph\">Ya no estamos solamente ante actos anticipados de campa\u00f1a. Estamos ante un ensayo general de impunidad electoral.<\/p>\n\n\n\n<p class=\"wp-block-paragraph\">Una elecci\u00f3n que comienza burlando las reglas dif\u00edcilmente podr\u00e1 ofrecer legitimidad.<\/p>\n\n\n\n<p class=\"wp-block-paragraph\">POSDATA: Hoy a las 13:00 SOMOS M\u00c9XICO tomar\u00e1 su lugar en la Mesa del Consejo General del INE, espacio ganado gracias a la confianza ciudadana.<\/p>\n\n\n\n<p class=\"wp-block-paragraph\">Viene ahora lo m\u00e1s complejo: enriquecer el debate, pasar de la denuncia a la propuesta fundada y llenar el espacio p\u00fablico de la diversidad ciudadana.<\/p>\n","protected":false},"excerpt":{"rendered":"<p>El problema m\u00e1s grave no est\u00e1 \u00fanicamente en los partidos. Est\u00e1 en la autoridad que&#8230;<\/p>\n","protected":false},"author":92,"featured_media":15989,"comment_status":"open","ping_status":"open","sticky":false,"template":"","format":"standard","meta":{"footnotes":""},"categories":[13],"tags":[317],"class_list":["post-15988","post","type-post","status-publish","format-standard","has-post-thumbnail","hentry","category-politica","tag-campanas-electorales-anticipadas"],"yoast_head":"<!-- This site is optimized with the Yoast SEO plugin v28.4 - https:\/\/yoast.com\/product\/yoast-seo-wordpress\/ -->\n<title>La campa\u00f1a empez\u00f3, el \u00e1rbitro observa -<\/title>\n<meta name=\"description\" content=\"Hoy ya no estamos ante una advertencia; la campa\u00f1a de 2027 inici\u00f3 en los hechos, aunque la ley se\u00f1ale otra cosa.\" \/>\n<meta name=\"robots\" content=\"index, follow, max-snippet:-1, max-image-preview:large, max-video-preview:-1\" \/>\n<link rel=\"canonical\" href=\"https:\/\/arjenoticias.com.mx\/?p=15988\" \/>\n<meta property=\"og:locale\" content=\"es_MX\" \/>\n<meta property=\"og:type\" content=\"article\" \/>\n<meta property=\"og:title\" content=\"La campa\u00f1a empez\u00f3, el \u00e1rbitro observa -\" \/>\n<meta property=\"og:description\" content=\"Hoy ya no estamos ante una advertencia; la campa\u00f1a de 2027 inici\u00f3 en los hechos, aunque la ley se\u00f1ale otra cosa.\" \/>\n<meta property=\"og:url\" content=\"https:\/\/arjenoticias.com.mx\/?p=15988\" \/>\n<meta property=\"article:published_time\" content=\"2026-07-13T16:23:23+00:00\" \/>\n<meta name=\"author\" content=\"Edmundo Jacobo Molina\" \/>\n<meta name=\"twitter:card\" content=\"summary_large_image\" \/>\n<meta name=\"twitter:label1\" content=\"Escrito por\" \/>\n\t<meta name=\"twitter:data1\" content=\"Edmundo Jacobo Molina\" \/>\n\t<meta name=\"twitter:label2\" content=\"Tiempo de lectura\" \/>\n\t<meta name=\"twitter:data2\" content=\"4 minutos\" \/>\n<script type=\"application\/ld+json\" class=\"yoast-schema-graph\">{\"@context\":\"https:\\\/\\\/schema.org\",\"@graph\":[{\"@type\":\"Article\",\"@id\":\"https:\\\/\\\/arjenoticias.com.mx\\\/?p=15988#article\",\"isPartOf\":{\"@id\":\"https:\\\/\\\/arjenoticias.com.mx\\\/?p=15988\"},\"author\":{\"name\":\"Edmundo Jacobo Molina\",\"@id\":\"https:\\\/\\\/arjenoticias.com.mx\\\/#\\\/schema\\\/person\\\/1a41465c296e9e3df18e71b7dee74397\"},\"headline\":\"La campa\u00f1a empez\u00f3, el \u00e1rbitro observa\",\"datePublished\":\"2026-07-13T16:23:23+00:00\",\"mainEntityOfPage\":{\"@id\":\"https:\\\/\\\/arjenoticias.com.mx\\\/?p=15988\"},\"wordCount\":726,\"commentCount\":0,\"publisher\":{\"@id\":\"https:\\\/\\\/arjenoticias.com.mx\\\/#organization\"},\"image\":{\"@id\":\"https:\\\/\\\/arjenoticias.com.mx\\\/?p=15988#primaryimage\"},\"thumbnailUrl\":\"\",\"keywords\":[\"Campa\u00f1as electorales anticipadas\"],\"articleSection\":[\"Pol\u00edtica\"],\"inLanguage\":\"es\",\"potentialAction\":[{\"@type\":\"CommentAction\",\"name\":\"Comment\",\"target\":[\"https:\\\/\\\/arjenoticias.com.mx\\\/?p=15988#respond\"]}]},{\"@type\":\"WebPage\",\"@id\":\"https:\\\/\\\/arjenoticias.com.mx\\\/?p=15988\",\"url\":\"https:\\\/\\\/arjenoticias.com.mx\\\/?p=15988\",\"name\":\"La campa\u00f1a empez\u00f3, el \u00e1rbitro observa -\",\"isPartOf\":{\"@id\":\"https:\\\/\\\/arjenoticias.com.mx\\\/#website\"},\"primaryImageOfPage\":{\"@id\":\"https:\\\/\\\/arjenoticias.com.mx\\\/?p=15988#primaryimage\"},\"image\":{\"@id\":\"https:\\\/\\\/arjenoticias.com.mx\\\/?p=15988#primaryimage\"},\"thumbnailUrl\":\"\",\"datePublished\":\"2026-07-13T16:23:23+00:00\",\"description\":\"Hoy ya no estamos ante una advertencia; la campa\u00f1a de 2027 inici\u00f3 en los hechos, aunque la ley se\u00f1ale otra cosa.\",\"breadcrumb\":{\"@id\":\"https:\\\/\\\/arjenoticias.com.mx\\\/?p=15988#breadcrumb\"},\"inLanguage\":\"es\",\"potentialAction\":[{\"@type\":\"ReadAction\",\"target\":[\"https:\\\/\\\/arjenoticias.com.mx\\\/?p=15988\"]}]},{\"@type\":\"ImageObject\",\"inLanguage\":\"es\",\"@id\":\"https:\\\/\\\/arjenoticias.com.mx\\\/?p=15988#primaryimage\",\"url\":\"\",\"contentUrl\":\"\"},{\"@type\":\"BreadcrumbList\",\"@id\":\"https:\\\/\\\/arjenoticias.com.mx\\\/?p=15988#breadcrumb\",\"itemListElement\":[{\"@type\":\"ListItem\",\"position\":1,\"name\":\"Inicio\",\"item\":\"https:\\\/\\\/arjenoticias.com.mx\\\/\"},{\"@type\":\"ListItem\",\"position\":2,\"name\":\"La campa\u00f1a empez\u00f3, el \u00e1rbitro observa\"}]},{\"@type\":\"WebSite\",\"@id\":\"https:\\\/\\\/arjenoticias.com.mx\\\/#website\",\"url\":\"https:\\\/\\\/arjenoticias.com.mx\\\/\",\"name\":\"arjenoticias.com.mx\",\"description\":\"\",\"publisher\":{\"@id\":\"https:\\\/\\\/arjenoticias.com.mx\\\/#organization\"},\"potentialAction\":[{\"@type\":\"SearchAction\",\"target\":{\"@type\":\"EntryPoint\",\"urlTemplate\":\"https:\\\/\\\/arjenoticias.com.mx\\\/?s={search_term_string}\"},\"query-input\":{\"@type\":\"PropertyValueSpecification\",\"valueRequired\":true,\"valueName\":\"search_term_string\"}}],\"inLanguage\":\"es\"},{\"@type\":\"Organization\",\"@id\":\"https:\\\/\\\/arjenoticias.com.mx\\\/#organization\",\"name\":\"Arj\u00e9 de M\u00e9xico Noticias\",\"url\":\"https:\\\/\\\/arjenoticias.com.mx\\\/\",\"logo\":{\"@type\":\"ImageObject\",\"inLanguage\":\"es\",\"@id\":\"https:\\\/\\\/arjenoticias.com.mx\\\/#\\\/schema\\\/logo\\\/image\\\/\",\"url\":\"https:\\\/\\\/arjenoticias.com.mx\\\/wp-content\\\/uploads\\\/2025\\\/07\\\/cropped-logo-scaled-1.png\",\"contentUrl\":\"https:\\\/\\\/arjenoticias.com.mx\\\/wp-content\\\/uploads\\\/2025\\\/07\\\/cropped-logo-scaled-1.png\",\"width\":2558,\"height\":558,\"caption\":\"Arj\u00e9 de M\u00e9xico Noticias\"},\"image\":{\"@id\":\"https:\\\/\\\/arjenoticias.com.mx\\\/#\\\/schema\\\/logo\\\/image\\\/\"}},{\"@type\":\"Person\",\"@id\":\"https:\\\/\\\/arjenoticias.com.mx\\\/#\\\/schema\\\/person\\\/1a41465c296e9e3df18e71b7dee74397\",\"name\":\"Edmundo Jacobo Molina\",\"image\":{\"@type\":\"ImageObject\",\"inLanguage\":\"es\",\"@id\":\"https:\\\/\\\/secure.gravatar.com\\\/avatar\\\/f2461446ec50fd3e1cde6a8b1c088e4507436d93ef72d758a4f583b3dcb40f56?s=96&d=mm&r=g\",\"url\":\"https:\\\/\\\/secure.gravatar.com\\\/avatar\\\/f2461446ec50fd3e1cde6a8b1c088e4507436d93ef72d758a4f583b3dcb40f56?s=96&d=mm&r=g\",\"contentUrl\":\"https:\\\/\\\/secure.gravatar.com\\\/avatar\\\/f2461446ec50fd3e1cde6a8b1c088e4507436d93ef72d758a4f583b3dcb40f56?s=96&d=mm&r=g\",\"caption\":\"Edmundo Jacobo Molina\"},\"url\":\"https:\\\/\\\/arjenoticias.com.mx\\\/?author=92\"}]}<\/script>\n<!-- \/ Yoast SEO plugin. -->","yoast_head_json":{"title":"La campa\u00f1a empez\u00f3, el \u00e1rbitro observa -","description":"Hoy ya no estamos ante una advertencia; la campa\u00f1a de 2027 inici\u00f3 en los hechos, aunque la ley se\u00f1ale otra cosa.","robots":{"index":"index","follow":"follow","max-snippet":"max-snippet:-1","max-image-preview":"max-image-preview:large","max-video-preview":"max-video-preview:-1"},"canonical":"https:\/\/arjenoticias.com.mx\/?p=15988","og_locale":"es_MX","og_type":"article","og_title":"La campa\u00f1a empez\u00f3, el \u00e1rbitro observa -","og_description":"Hoy ya no estamos ante una advertencia; la campa\u00f1a de 2027 inici\u00f3 en los hechos, aunque la ley se\u00f1ale otra cosa.","og_url":"https:\/\/arjenoticias.com.mx\/?p=15988","article_published_time":"2026-07-13T16:23:23+00:00","author":"Edmundo Jacobo Molina","twitter_card":"summary_large_image","twitter_misc":{"Escrito por":"Edmundo Jacobo Molina","Tiempo de lectura":"4 minutos"},"schema":{"@context":"https:\/\/schema.org","@graph":[{"@type":"Article","@id":"https:\/\/arjenoticias.com.mx\/?p=15988#article","isPartOf":{"@id":"https:\/\/arjenoticias.com.mx\/?p=15988"},"author":{"name":"Edmundo Jacobo Molina","@id":"https:\/\/arjenoticias.com.mx\/#\/schema\/person\/1a41465c296e9e3df18e71b7dee74397"},"headline":"La campa\u00f1a empez\u00f3, el \u00e1rbitro observa","datePublished":"2026-07-13T16:23:23+00:00","mainEntityOfPage":{"@id":"https:\/\/arjenoticias.com.mx\/?p=15988"},"wordCount":726,"commentCount":0,"publisher":{"@id":"https:\/\/arjenoticias.com.mx\/#organization"},"image":{"@id":"https:\/\/arjenoticias.com.mx\/?p=15988#primaryimage"},"thumbnailUrl":"","keywords":["Campa\u00f1as electorales anticipadas"],"articleSection":["Pol\u00edtica"],"inLanguage":"es","potentialAction":[{"@type":"CommentAction","name":"Comment","target":["https:\/\/arjenoticias.com.mx\/?p=15988#respond"]}]},{"@type":"WebPage","@id":"https:\/\/arjenoticias.com.mx\/?p=15988","url":"https:\/\/arjenoticias.com.mx\/?p=15988","name":"La campa\u00f1a empez\u00f3, el \u00e1rbitro observa -","isPartOf":{"@id":"https:\/\/arjenoticias.com.mx\/#website"},"primaryImageOfPage":{"@id":"https:\/\/arjenoticias.com.mx\/?p=15988#primaryimage"},"image":{"@id":"https:\/\/arjenoticias.com.mx\/?p=15988#primaryimage"},"thumbnailUrl":"","datePublished":"2026-07-13T16:23:23+00:00","description":"Hoy ya no estamos ante una advertencia; la campa\u00f1a de 2027 inici\u00f3 en los hechos, aunque la ley se\u00f1ale otra cosa.","breadcrumb":{"@id":"https:\/\/arjenoticias.com.mx\/?p=15988#breadcrumb"},"inLanguage":"es","potentialAction":[{"@type":"ReadAction","target":["https:\/\/arjenoticias.com.mx\/?p=15988"]}]},{"@type":"ImageObject","inLanguage":"es","@id":"https:\/\/arjenoticias.com.mx\/?p=15988#primaryimage","url":"","contentUrl":""},{"@type":"BreadcrumbList","@id":"https:\/\/arjenoticias.com.mx\/?p=15988#breadcrumb","itemListElement":[{"@type":"ListItem","position":1,"name":"Inicio","item":"https:\/\/arjenoticias.com.mx\/"},{"@type":"ListItem","position":2,"name":"La campa\u00f1a empez\u00f3, el \u00e1rbitro observa"}]},{"@type":"WebSite","@id":"https:\/\/arjenoticias.com.mx\/#website","url":"https:\/\/arjenoticias.com.mx\/","name":"arjenoticias.com.mx","description":"","publisher":{"@id":"https:\/\/arjenoticias.com.mx\/#organization"},"potentialAction":[{"@type":"SearchAction","target":{"@type":"EntryPoint","urlTemplate":"https:\/\/arjenoticias.com.mx\/?s={search_term_string}"},"query-input":{"@type":"PropertyValueSpecification","valueRequired":true,"valueName":"search_term_string"}}],"inLanguage":"es"},{"@type":"Organization","@id":"https:\/\/arjenoticias.com.mx\/#organization","name":"Arj\u00e9 de M\u00e9xico Noticias","url":"https:\/\/arjenoticias.com.mx\/","logo":{"@type":"ImageObject","inLanguage":"es","@id":"https:\/\/arjenoticias.com.mx\/#\/schema\/logo\/image\/","url":"https:\/\/arjenoticias.com.mx\/wp-content\/uploads\/2025\/07\/cropped-logo-scaled-1.png","contentUrl":"https:\/\/arjenoticias.com.mx\/wp-content\/uploads\/2025\/07\/cropped-logo-scaled-1.png","width":2558,"height":558,"caption":"Arj\u00e9 de M\u00e9xico Noticias"},"image":{"@id":"https:\/\/arjenoticias.com.mx\/#\/schema\/logo\/image\/"}},{"@type":"Person","@id":"https:\/\/arjenoticias.com.mx\/#\/schema\/person\/1a41465c296e9e3df18e71b7dee74397","name":"Edmundo Jacobo Molina","image":{"@type":"ImageObject","inLanguage":"es","@id":"https:\/\/secure.gravatar.com\/avatar\/f2461446ec50fd3e1cde6a8b1c088e4507436d93ef72d758a4f583b3dcb40f56?s=96&d=mm&r=g","url":"https:\/\/secure.gravatar.com\/avatar\/f2461446ec50fd3e1cde6a8b1c088e4507436d93ef72d758a4f583b3dcb40f56?s=96&d=mm&r=g","contentUrl":"https:\/\/secure.gravatar.com\/avatar\/f2461446ec50fd3e1cde6a8b1c088e4507436d93ef72d758a4f583b3dcb40f56?s=96&d=mm&r=g","caption":"Edmundo Jacobo Molina"},"url":"https:\/\/arjenoticias.com.mx\/?author=92"}]}},"_links":{"self":[{"href":"https:\/\/arjenoticias.com.mx\/index.php?rest_route=\/wp\/v2\/posts\/15988","targetHints":{"allow":["GET"]}}],"collection":[{"href":"https:\/\/arjenoticias.com.mx\/index.php?rest_route=\/wp\/v2\/posts"}],"about":[{"href":"https:\/\/arjenoticias.com.mx\/index.php?rest_route=\/wp\/v2\/types\/post"}],"author":[{"embeddable":true,"href":"https:\/\/arjenoticias.com.mx\/index.php?rest_route=\/wp\/v2\/users\/92"}],"replies":[{"embeddable":true,"href":"https:\/\/arjenoticias.com.mx\/index.php?rest_route=%2Fwp%2Fv2%2Fcomments&post=15988"}],"version-history":[{"count":0,"href":"https:\/\/arjenoticias.com.mx\/index.php?rest_route=\/wp\/v2\/posts\/15988\/revisions"}],"wp:attachment":[{"href":"https:\/\/arjenoticias.com.mx\/index.php?rest_route=%2Fwp%2Fv2%2Fmedia&parent=15988"}],"wp:term":[{"taxonomy":"category","embeddable":true,"href":"https:\/\/arjenoticias.com.mx\/index.php?rest_route=%2Fwp%2Fv2%2Fcategories&post=15988"},{"taxonomy":"post_tag","embeddable":true,"href":"https:\/\/arjenoticias.com.mx\/index.php?rest_route=%2Fwp%2Fv2%2Ftags&post=15988"}],"curies":[{"name":"wp","href":"https:\/\/api.w.org\/{rel}","templated":true}]}}