{"id":15938,"date":"2026-07-11T07:12:06","date_gmt":"2026-07-11T13:12:06","guid":{"rendered":"https:\/\/arjenoticias.com\/?p=15938"},"modified":"2026-07-11T07:12:06","modified_gmt":"2026-07-11T13:12:06","slug":"convencer-a-los-educados-que-votan-por-populismos","status":"publish","type":"post","link":"https:\/\/arjenoticias.com.mx\/?p=15938","title":{"rendered":"Convencer a los educados que votan por populismos"},"content":{"rendered":"\n<p class=\"wp-block-paragraph\">Un gran ejemplo hist\u00f3rico de que personas educadas, instruidas, apoyen a dictadores, a fan\u00e1ticos, a populistas, a pesar de que su maldad es m\u00e1s que evidente, es la ciudadan\u00eda alemana que apoy\u00f3 a Adolf Hitler. Que otros pueblos con mucho menor nivel de educaci\u00f3n formal, digamos elemental, cuya pobreza s\u00f3lo les permita apoyar pol\u00edticamente a quien les tira algunas migajas, parece ser m\u00e1s comprensible.<\/p>\n\n\n\n<p class=\"wp-block-paragraph\">\u00bfPOR QU\u00c9 VOTAN AS\u00cd?<\/p>\n\n\n\n<p class=\"wp-block-paragraph\">Y en M\u00e9xico se sigue tratando de entender por quienes s\u00ed ven la tragedia del pa\u00eds pr\u00e1cticamente en todo, el por qu\u00e9 gente con buen nivel educativo, millones de ellos, han votado por Morena, y siguen apoyando a ese partido y a sus l\u00edderes, a pesar del evidente fracaso en todos los frentes de sus gobiernos, federal y locales.<\/p>\n\n\n\n<p class=\"wp-block-paragraph\">Y eso no solamente pasa en M\u00e9xico, en otros pa\u00edses la ciudadan\u00eda en suficiente mayor\u00eda vota y apoya a los dictadores y populistas con gobiernos fracasados. As\u00ed sucedi\u00f3 por muchos a\u00f1os que un pa\u00eds con buen nivel educativo como es Argentina apoyara a quienes destru\u00edan a su patria. Y qu\u00e9 decir de Venezuela con Ch\u00e1vez y luego Maduro, acabando con la econom\u00eda, con la democracia y la libertad, pero con millones de votos favorables en las urnas. Los nicarag\u00fcenses votaron por Ortega y pagan las consecuencias.<\/p>\n\n\n\n<p class=\"wp-block-paragraph\">ESPA\u00d1A VOTA POR POPULISMO<\/p>\n\n\n\n<p class=\"wp-block-paragraph\">Y hay otro caso que veo pat\u00e9tico: Espa\u00f1a. El PSOE gana suficientes millones de votos para conservar el poder de la presidencia del gobierno, por demasiado tiempo, en manos de Pedro S\u00e1nchez P\u00e9rez-Castej\u00f3n (desde 2018) y antes de Jos\u00e9 Luis Rodr\u00edguez Zapatero (2004 &#8211; 2011). Gobiernos socialistas dedicados obsesivamente a tratar de destruir el cristianismo espa\u00f1ol, entre otras cosas. Y tambi\u00e9n aqu\u00ed no se trata de gente pobre, sin educaci\u00f3n, f\u00e1cil de enga\u00f1ar con regalitos y dinero. No, pues hay de todo, pero el m\u00ednimo nivel escolar espa\u00f1ol es suficientemente bueno para que la gente se acostumbre a informarse y razonar.<\/p>\n\n\n\n<p class=\"wp-block-paragraph\">M\u00c9XICO TRAS EPN<\/p>\n\n\n\n<p class=\"wp-block-paragraph\">Y as\u00ed regresamos a Morena en M\u00e9xico. Los errores del gobierno de Enrique Pe\u00f1a Nieto (EPN) y sus escandalosos casos de corrupci\u00f3n permitieron que millones de ciudadanos creyeran en las promesas hechas (por tercera vez) de Andr\u00e9s Manuel L\u00f3pez Obrador (Amlo). Y mucha gente que se dej\u00f3 llevar por ese canto de sirenas de que todo iba a estar bien y se acabar\u00eda la corrupci\u00f3n del priismo de EPN le entreg\u00f3 el triunfo no solo a Amlo sino a muchos de los candidatos de Morena.<\/p>\n\n\n\n<p class=\"wp-block-paragraph\">Hasta all\u00ed el enga\u00f1o, y mucho porque como se dice que los pueblos no tienen buena memoria, y por tanto los votantes pro-Morena de 2018 no tomaron en cuenta los fallos de la administraci\u00f3n de Amlo en el (entonces) Distrito Federal (2000-2005).<\/p>\n\n\n\n<p class=\"wp-block-paragraph\">Pero cuando Amlo y su gobierno empezaron a causar destrozos en el pa\u00eds, hab\u00eda suficientes razones para que la ciudadan\u00eda pensante no volviera a votar por Morena en el 2021. Pero lo hicieron y tras m\u00e1s errores de gobierno, inversiones absurdas en los que se ven como los elefantes blancos de ese gobierno, el derroche y la abierta y flagrante corrupci\u00f3n, la enorme falta de transparencia y el libertinaje para la delincuencia organizada (\u201cabrazos, no balazos\u201d), vuelven a tener millones de votos en 2024.<\/p>\n\n\n\n<p class=\"wp-block-paragraph\">Se supon\u00eda que millones de ciudadanos de la clase media educada pensar\u00edan su voto y se lo negar\u00edan a Morena, pero no fue as\u00ed. Y a pesar del enorme fracaso del gobierno de Amlo, Morena gan\u00f3 abrumadoramente muchas votaciones legislativas, estatales y municipales. Y as\u00ed viene la pregunta: \u00bfqu\u00e9 no vieron el desastre creado en M\u00e9xico, en la destrucci\u00f3n de instituciones clave para la democracia, el derroche de las obras fara\u00f3nicas con alt\u00edsimos niveles de corrupci\u00f3n? No, no lo vieron y regalaron el voto a Morena.<\/p>\n\n\n\n<p class=\"wp-block-paragraph\">LA ESTUPIDEZ HUMANA: NEGARSE A PENSAR<\/p>\n\n\n\n<p class=\"wp-block-paragraph\">En tiempos de la Segunda Guerra Mundial, en la Alemania nazi, un pastor luterano preso, Dietrich Bonhoeffer, escribi\u00f3 en la c\u00e1rcel la explicaci\u00f3n del irracional apoyo a Hitler y su gobierno nazi. Se trataba de lo que conceb\u00eda como la estupidez humana.<\/p>\n\n\n\n<p class=\"wp-block-paragraph\">Y considerar est\u00fapidos a millones de alemanes en plena guerra y dictadura nazi no era un insulto. En la visi\u00f3n de Bonhoeffer la estupidez es la negativa a pensar por uno mismo, dejarse seducir por el pensamiento de otros a quienes se admira. Y eso pasa siempre que personas con suficiente educaci\u00f3n se dejan subyugar por charlatanes convincentes y les aceptan sus ideas sin ponerlas en duda.<\/p>\n\n\n\n<p class=\"wp-block-paragraph\">Y as\u00ed, en el mundo los educados, los que se supone aprendieron a razonar, se ciegan a hacerlo cuando han sido seducidos por ideolog\u00edas ajenas. As\u00ed, el l\u00edder populista es como Dios, no se equivoca, y para esas personas el s\u00f3lo pensar, razonar si el l\u00edder populista pudiera estar equivocado es pecado mortal. Ni siquiera en la mente pueden dudar de \u00e9l y sus ideas, de su actuar, con una fidelidad completamente irracional.<\/p>\n\n\n\n<p class=\"wp-block-paragraph\">REFLEXIONANDO EL POR QU\u00c9<\/p>\n\n\n\n<p class=\"wp-block-paragraph\">Con estas reflexiones podemos pensar algunas cosas, la primera es entender el por qu\u00e9 ciudadanos educados se dejan llevar por charlatanes populistas, por dictadores, por falsos l\u00edderes. Y as\u00ed entender que cuando una o millones de personas deciden no razonar, simplemente las verdades, las evidencias y hasta los n\u00fameros son materia a ignorar. La raz\u00f3n ya no cuenta.<\/p>\n\n\n\n<p class=\"wp-block-paragraph\">Y convencer a los fanatizados (los est\u00fapidos en el lenguaje utilizado por Bonhoeffer) es casi misi\u00f3n imposible. Pero no lo es totalmente. Tras la guerra y con su pa\u00eds destrozado y millones de muertos, los alemanes finalmente aprendieron la raz\u00f3n.<\/p>\n\n\n\n<p class=\"wp-block-paragraph\">EMOTIVIDAD Y RAZONAMIENTO<\/p>\n\n\n\n<p class=\"wp-block-paragraph\">Ahora bien, si el no razonar ante el desastre evidente es realmente uno de origen emocional, entonces se puede, en algunos casos, recurrir a argumentos emocionales para que las mentes cerradas a la raz\u00f3n ante la pol\u00edtica se vayan abriendo. La verdad es que gracias a Dios, hay siempre mentes que de pronto descubren, ante evidencias, que hab\u00edan sido enga\u00f1ados, y cambian de parecer. As\u00ed como la manipulaci\u00f3n emocional sirve para subyugar, para embobar y ganar adeptos, la emocionalidad ayuda a abrir mentes y voluntades.<\/p>\n\n\n\n<p class=\"wp-block-paragraph\">Para evitar que en 2027 Morena vuelva a ganar mayoritariamente en la votaciones federales intermedias y en las locales, con 17 gubernaturas en juego, quienes se preocupan por el futuro inmediato y mediato de M\u00e9xico debemos recurrir a todo tipo de intento de convencimiento para que la ciudadan\u00eda abra los ojos a la realidad.<\/p>\n\n\n\n<p class=\"wp-block-paragraph\">FANATISMO NACIONALISTA<\/p>\n\n\n\n<p class=\"wp-block-paragraph\">Veamos el caso del Eje Berl\u00edn-Roma-Tokio. Los ciudadanos alemanes no solamente aceptaron por ceguera social el terror y las masacres de sus conciudadanos y hasta de pa\u00edses vecinos, se dejaron seducir por el supuesto derecho de conquistar y someter Europa a Alemania. Y tambi\u00e9n los s\u00fabditos japoneses pelearon convencidos del destino divino de someter a Oriente al imperio japon\u00e9s, y todos lo pagaron muy caro. En cambio los italianos fueron a la guerra obligados por su gobierno, no ten\u00edan intenciones de pelear contra sus vecinos, y finalmente tumbaron al r\u00e9gimen fascista en plena guerra. En los dos primeros fue el enga\u00f1o subido al nivel del fanatismo nacionalista ciego.<\/p>\n\n\n\n<p class=\"wp-block-paragraph\">ALEMANIA, JAP\u00d3N Y VENEZUELA APRENDIERON<\/p>\n\n\n\n<p class=\"wp-block-paragraph\">Como sucedi\u00f3 en Alemania, en Jap\u00f3n y en Venezuela, muchas mentes que no reflexionaron finalmente lo hicieron. Siempre habr\u00e1 muchas que ante evidencia aplastante abran los ojos y ya no se dejen enga\u00f1ar. Los da\u00f1os a nuestro M\u00e9xico en estos siete a\u00f1os son m\u00e1s que evidentes, y hay que presentarlos a la ciudadan\u00eda de forma clara y convincente.<\/p>\n\n\n\n<p class=\"wp-block-paragraph\">En Sudam\u00e9rica muchos ciudadanos han reaccionado lo suficiente para evitar que los populistas que han da\u00f1ado a sus pa\u00edses ganaran elecciones recientes. Elecciones muy apretadas a veces, pero bastantes que quitar a los da\u00f1inos populistas. Y al parecer lo mismo se espera en Brasil.<\/p>\n\n\n\n<p class=\"wp-block-paragraph\">ALTERNATIVAS AL POPULISMO<\/p>\n\n\n\n<p class=\"wp-block-paragraph\">Est\u00e1 bien convencer, desenga\u00f1ar a los enga\u00f1ados por el populismo, pero eso no basta, pues la pregunta es: \u00bfpor ellos (Morena, en el caso) no, por qui\u00e9nes s\u00ed? La oposici\u00f3n debe ofrecer alternativas confiables, dem\u00f3cratas, honestas, capaces y con buenos programas de gobierno. Y convencer a los abstencionistas de que ejerzan su derecho y obligaci\u00f3n del voto.<\/p>\n","protected":false},"excerpt":{"rendered":"<p>Un gran ejemplo hist\u00f3rico de que personas educadas, instruidas, apoyen a dictadores, a fan\u00e1ticos, a&#8230;<\/p>\n","protected":false},"author":73,"featured_media":15939,"comment_status":"open","ping_status":"open","sticky":false,"template":"","format":"standard","meta":{"footnotes":""},"categories":[12],"tags":[2741],"class_list":["post-15938","post","type-post","status-publish","format-standard","has-post-thumbnail","hentry","category-opinion","tag-vencer-al-populismo"],"yoast_head":"<!-- This site is optimized with the Yoast SEO plugin v28.4 - https:\/\/yoast.com\/product\/yoast-seo-wordpress\/ -->\n<title>Convencer a los educados que votan por populismos -<\/title>\n<meta name=\"description\" content=\"Otros pueblos cuya pobreza s\u00f3lo les permita apoyar pol\u00edticamente a quien les tira algunas migajas, parece ser m\u00e1s comprensible.\" \/>\n<meta name=\"robots\" content=\"index, follow, max-snippet:-1, max-image-preview:large, max-video-preview:-1\" \/>\n<link rel=\"canonical\" href=\"https:\/\/arjenoticias.com.mx\/?p=15938\" \/>\n<meta property=\"og:locale\" content=\"es_MX\" \/>\n<meta property=\"og:type\" content=\"article\" \/>\n<meta property=\"og:title\" content=\"Convencer a los educados que votan por populismos -\" \/>\n<meta property=\"og:description\" content=\"Otros pueblos cuya pobreza s\u00f3lo les permita apoyar pol\u00edticamente a quien les tira algunas migajas, parece ser m\u00e1s comprensible.\" \/>\n<meta property=\"og:url\" content=\"https:\/\/arjenoticias.com.mx\/?p=15938\" \/>\n<meta property=\"article:published_time\" content=\"2026-07-11T13:12:06+00:00\" \/>\n<meta name=\"author\" content=\"Salvador I. Reding Vida\u00f1a\" \/>\n<meta name=\"twitter:card\" content=\"summary_large_image\" \/>\n<meta name=\"twitter:label1\" content=\"Escrito por\" \/>\n\t<meta name=\"twitter:data1\" content=\"Salvador I. Reding Vida\u00f1a\" \/>\n\t<meta name=\"twitter:label2\" content=\"Tiempo de lectura\" \/>\n\t<meta name=\"twitter:data2\" content=\"7 minutos\" \/>\n<script type=\"application\/ld+json\" class=\"yoast-schema-graph\">{\"@context\":\"https:\\\/\\\/schema.org\",\"@graph\":[{\"@type\":\"Article\",\"@id\":\"https:\\\/\\\/arjenoticias.com.mx\\\/?p=15938#article\",\"isPartOf\":{\"@id\":\"https:\\\/\\\/arjenoticias.com.mx\\\/?p=15938\"},\"author\":{\"name\":\"Salvador I. Reding Vida\u00f1a\",\"@id\":\"https:\\\/\\\/arjenoticias.com.mx\\\/#\\\/schema\\\/person\\\/880d2723d0a1d9a423b3508e994ecc0a\"},\"headline\":\"Convencer a los educados que votan por populismos\",\"datePublished\":\"2026-07-11T13:12:06+00:00\",\"mainEntityOfPage\":{\"@id\":\"https:\\\/\\\/arjenoticias.com.mx\\\/?p=15938\"},\"wordCount\":1436,\"commentCount\":0,\"publisher\":{\"@id\":\"https:\\\/\\\/arjenoticias.com.mx\\\/#organization\"},\"image\":{\"@id\":\"https:\\\/\\\/arjenoticias.com.mx\\\/?p=15938#primaryimage\"},\"thumbnailUrl\":\"\",\"keywords\":[\"Vencer al Populismo\"],\"articleSection\":[\"Opini\u00f3n\"],\"inLanguage\":\"es\",\"potentialAction\":[{\"@type\":\"CommentAction\",\"name\":\"Comment\",\"target\":[\"https:\\\/\\\/arjenoticias.com.mx\\\/?p=15938#respond\"]}]},{\"@type\":\"WebPage\",\"@id\":\"https:\\\/\\\/arjenoticias.com.mx\\\/?p=15938\",\"url\":\"https:\\\/\\\/arjenoticias.com.mx\\\/?p=15938\",\"name\":\"Convencer a los educados que votan por populismos -\",\"isPartOf\":{\"@id\":\"https:\\\/\\\/arjenoticias.com.mx\\\/#website\"},\"primaryImageOfPage\":{\"@id\":\"https:\\\/\\\/arjenoticias.com.mx\\\/?p=15938#primaryimage\"},\"image\":{\"@id\":\"https:\\\/\\\/arjenoticias.com.mx\\\/?p=15938#primaryimage\"},\"thumbnailUrl\":\"\",\"datePublished\":\"2026-07-11T13:12:06+00:00\",\"description\":\"Otros pueblos cuya pobreza s\u00f3lo les permita apoyar pol\u00edticamente a quien les tira algunas migajas, parece ser m\u00e1s comprensible.\",\"breadcrumb\":{\"@id\":\"https:\\\/\\\/arjenoticias.com.mx\\\/?p=15938#breadcrumb\"},\"inLanguage\":\"es\",\"potentialAction\":[{\"@type\":\"ReadAction\",\"target\":[\"https:\\\/\\\/arjenoticias.com.mx\\\/?p=15938\"]}]},{\"@type\":\"ImageObject\",\"inLanguage\":\"es\",\"@id\":\"https:\\\/\\\/arjenoticias.com.mx\\\/?p=15938#primaryimage\",\"url\":\"\",\"contentUrl\":\"\"},{\"@type\":\"BreadcrumbList\",\"@id\":\"https:\\\/\\\/arjenoticias.com.mx\\\/?p=15938#breadcrumb\",\"itemListElement\":[{\"@type\":\"ListItem\",\"position\":1,\"name\":\"Inicio\",\"item\":\"https:\\\/\\\/arjenoticias.com.mx\\\/\"},{\"@type\":\"ListItem\",\"position\":2,\"name\":\"Convencer a los educados que votan por populismos\"}]},{\"@type\":\"WebSite\",\"@id\":\"https:\\\/\\\/arjenoticias.com.mx\\\/#website\",\"url\":\"https:\\\/\\\/arjenoticias.com.mx\\\/\",\"name\":\"arjenoticias.com.mx\",\"description\":\"\",\"publisher\":{\"@id\":\"https:\\\/\\\/arjenoticias.com.mx\\\/#organization\"},\"potentialAction\":[{\"@type\":\"SearchAction\",\"target\":{\"@type\":\"EntryPoint\",\"urlTemplate\":\"https:\\\/\\\/arjenoticias.com.mx\\\/?s={search_term_string}\"},\"query-input\":{\"@type\":\"PropertyValueSpecification\",\"valueRequired\":true,\"valueName\":\"search_term_string\"}}],\"inLanguage\":\"es\"},{\"@type\":\"Organization\",\"@id\":\"https:\\\/\\\/arjenoticias.com.mx\\\/#organization\",\"name\":\"Arj\u00e9 de M\u00e9xico Noticias\",\"url\":\"https:\\\/\\\/arjenoticias.com.mx\\\/\",\"logo\":{\"@type\":\"ImageObject\",\"inLanguage\":\"es\",\"@id\":\"https:\\\/\\\/arjenoticias.com.mx\\\/#\\\/schema\\\/logo\\\/image\\\/\",\"url\":\"https:\\\/\\\/arjenoticias.com.mx\\\/wp-content\\\/uploads\\\/2025\\\/07\\\/cropped-logo-scaled-1.png\",\"contentUrl\":\"https:\\\/\\\/arjenoticias.com.mx\\\/wp-content\\\/uploads\\\/2025\\\/07\\\/cropped-logo-scaled-1.png\",\"width\":2558,\"height\":558,\"caption\":\"Arj\u00e9 de M\u00e9xico Noticias\"},\"image\":{\"@id\":\"https:\\\/\\\/arjenoticias.com.mx\\\/#\\\/schema\\\/logo\\\/image\\\/\"}},{\"@type\":\"Person\",\"@id\":\"https:\\\/\\\/arjenoticias.com.mx\\\/#\\\/schema\\\/person\\\/880d2723d0a1d9a423b3508e994ecc0a\",\"name\":\"Salvador I. Reding Vida\u00f1a\",\"image\":{\"@type\":\"ImageObject\",\"inLanguage\":\"es\",\"@id\":\"https:\\\/\\\/secure.gravatar.com\\\/avatar\\\/5d50a133fa926121c1b0c9ea74327086b88f3048a538f056e2ec3833ae0215dd?s=96&d=mm&r=g\",\"url\":\"https:\\\/\\\/secure.gravatar.com\\\/avatar\\\/5d50a133fa926121c1b0c9ea74327086b88f3048a538f056e2ec3833ae0215dd?s=96&d=mm&r=g\",\"contentUrl\":\"https:\\\/\\\/secure.gravatar.com\\\/avatar\\\/5d50a133fa926121c1b0c9ea74327086b88f3048a538f056e2ec3833ae0215dd?s=96&d=mm&r=g\",\"caption\":\"Salvador I. Reding Vida\u00f1a\"},\"url\":\"https:\\\/\\\/arjenoticias.com.mx\\\/?author=73\"}]}<\/script>\n<!-- \/ Yoast SEO plugin. -->","yoast_head_json":{"title":"Convencer a los educados que votan por populismos -","description":"Otros pueblos cuya pobreza s\u00f3lo les permita apoyar pol\u00edticamente a quien les tira algunas migajas, parece ser m\u00e1s comprensible.","robots":{"index":"index","follow":"follow","max-snippet":"max-snippet:-1","max-image-preview":"max-image-preview:large","max-video-preview":"max-video-preview:-1"},"canonical":"https:\/\/arjenoticias.com.mx\/?p=15938","og_locale":"es_MX","og_type":"article","og_title":"Convencer a los educados que votan por populismos -","og_description":"Otros pueblos cuya pobreza s\u00f3lo les permita apoyar pol\u00edticamente a quien les tira algunas migajas, parece ser m\u00e1s comprensible.","og_url":"https:\/\/arjenoticias.com.mx\/?p=15938","article_published_time":"2026-07-11T13:12:06+00:00","author":"Salvador I. Reding Vida\u00f1a","twitter_card":"summary_large_image","twitter_misc":{"Escrito por":"Salvador I. Reding Vida\u00f1a","Tiempo de lectura":"7 minutos"},"schema":{"@context":"https:\/\/schema.org","@graph":[{"@type":"Article","@id":"https:\/\/arjenoticias.com.mx\/?p=15938#article","isPartOf":{"@id":"https:\/\/arjenoticias.com.mx\/?p=15938"},"author":{"name":"Salvador I. Reding Vida\u00f1a","@id":"https:\/\/arjenoticias.com.mx\/#\/schema\/person\/880d2723d0a1d9a423b3508e994ecc0a"},"headline":"Convencer a los educados que votan por populismos","datePublished":"2026-07-11T13:12:06+00:00","mainEntityOfPage":{"@id":"https:\/\/arjenoticias.com.mx\/?p=15938"},"wordCount":1436,"commentCount":0,"publisher":{"@id":"https:\/\/arjenoticias.com.mx\/#organization"},"image":{"@id":"https:\/\/arjenoticias.com.mx\/?p=15938#primaryimage"},"thumbnailUrl":"","keywords":["Vencer al Populismo"],"articleSection":["Opini\u00f3n"],"inLanguage":"es","potentialAction":[{"@type":"CommentAction","name":"Comment","target":["https:\/\/arjenoticias.com.mx\/?p=15938#respond"]}]},{"@type":"WebPage","@id":"https:\/\/arjenoticias.com.mx\/?p=15938","url":"https:\/\/arjenoticias.com.mx\/?p=15938","name":"Convencer a los educados que votan por populismos -","isPartOf":{"@id":"https:\/\/arjenoticias.com.mx\/#website"},"primaryImageOfPage":{"@id":"https:\/\/arjenoticias.com.mx\/?p=15938#primaryimage"},"image":{"@id":"https:\/\/arjenoticias.com.mx\/?p=15938#primaryimage"},"thumbnailUrl":"","datePublished":"2026-07-11T13:12:06+00:00","description":"Otros pueblos cuya pobreza s\u00f3lo les permita apoyar pol\u00edticamente a quien les tira algunas migajas, parece ser m\u00e1s comprensible.","breadcrumb":{"@id":"https:\/\/arjenoticias.com.mx\/?p=15938#breadcrumb"},"inLanguage":"es","potentialAction":[{"@type":"ReadAction","target":["https:\/\/arjenoticias.com.mx\/?p=15938"]}]},{"@type":"ImageObject","inLanguage":"es","@id":"https:\/\/arjenoticias.com.mx\/?p=15938#primaryimage","url":"","contentUrl":""},{"@type":"BreadcrumbList","@id":"https:\/\/arjenoticias.com.mx\/?p=15938#breadcrumb","itemListElement":[{"@type":"ListItem","position":1,"name":"Inicio","item":"https:\/\/arjenoticias.com.mx\/"},{"@type":"ListItem","position":2,"name":"Convencer a los educados que votan por populismos"}]},{"@type":"WebSite","@id":"https:\/\/arjenoticias.com.mx\/#website","url":"https:\/\/arjenoticias.com.mx\/","name":"arjenoticias.com.mx","description":"","publisher":{"@id":"https:\/\/arjenoticias.com.mx\/#organization"},"potentialAction":[{"@type":"SearchAction","target":{"@type":"EntryPoint","urlTemplate":"https:\/\/arjenoticias.com.mx\/?s={search_term_string}"},"query-input":{"@type":"PropertyValueSpecification","valueRequired":true,"valueName":"search_term_string"}}],"inLanguage":"es"},{"@type":"Organization","@id":"https:\/\/arjenoticias.com.mx\/#organization","name":"Arj\u00e9 de M\u00e9xico Noticias","url":"https:\/\/arjenoticias.com.mx\/","logo":{"@type":"ImageObject","inLanguage":"es","@id":"https:\/\/arjenoticias.com.mx\/#\/schema\/logo\/image\/","url":"https:\/\/arjenoticias.com.mx\/wp-content\/uploads\/2025\/07\/cropped-logo-scaled-1.png","contentUrl":"https:\/\/arjenoticias.com.mx\/wp-content\/uploads\/2025\/07\/cropped-logo-scaled-1.png","width":2558,"height":558,"caption":"Arj\u00e9 de M\u00e9xico Noticias"},"image":{"@id":"https:\/\/arjenoticias.com.mx\/#\/schema\/logo\/image\/"}},{"@type":"Person","@id":"https:\/\/arjenoticias.com.mx\/#\/schema\/person\/880d2723d0a1d9a423b3508e994ecc0a","name":"Salvador I. Reding Vida\u00f1a","image":{"@type":"ImageObject","inLanguage":"es","@id":"https:\/\/secure.gravatar.com\/avatar\/5d50a133fa926121c1b0c9ea74327086b88f3048a538f056e2ec3833ae0215dd?s=96&d=mm&r=g","url":"https:\/\/secure.gravatar.com\/avatar\/5d50a133fa926121c1b0c9ea74327086b88f3048a538f056e2ec3833ae0215dd?s=96&d=mm&r=g","contentUrl":"https:\/\/secure.gravatar.com\/avatar\/5d50a133fa926121c1b0c9ea74327086b88f3048a538f056e2ec3833ae0215dd?s=96&d=mm&r=g","caption":"Salvador I. Reding Vida\u00f1a"},"url":"https:\/\/arjenoticias.com.mx\/?author=73"}]}},"_links":{"self":[{"href":"https:\/\/arjenoticias.com.mx\/index.php?rest_route=\/wp\/v2\/posts\/15938","targetHints":{"allow":["GET"]}}],"collection":[{"href":"https:\/\/arjenoticias.com.mx\/index.php?rest_route=\/wp\/v2\/posts"}],"about":[{"href":"https:\/\/arjenoticias.com.mx\/index.php?rest_route=\/wp\/v2\/types\/post"}],"author":[{"embeddable":true,"href":"https:\/\/arjenoticias.com.mx\/index.php?rest_route=\/wp\/v2\/users\/73"}],"replies":[{"embeddable":true,"href":"https:\/\/arjenoticias.com.mx\/index.php?rest_route=%2Fwp%2Fv2%2Fcomments&post=15938"}],"version-history":[{"count":0,"href":"https:\/\/arjenoticias.com.mx\/index.php?rest_route=\/wp\/v2\/posts\/15938\/revisions"}],"wp:attachment":[{"href":"https:\/\/arjenoticias.com.mx\/index.php?rest_route=%2Fwp%2Fv2%2Fmedia&parent=15938"}],"wp:term":[{"taxonomy":"category","embeddable":true,"href":"https:\/\/arjenoticias.com.mx\/index.php?rest_route=%2Fwp%2Fv2%2Fcategories&post=15938"},{"taxonomy":"post_tag","embeddable":true,"href":"https:\/\/arjenoticias.com.mx\/index.php?rest_route=%2Fwp%2Fv2%2Ftags&post=15938"}],"curies":[{"name":"wp","href":"https:\/\/api.w.org\/{rel}","templated":true}]}}