{"id":15821,"date":"2026-07-05T10:13:13","date_gmt":"2026-07-05T16:13:13","guid":{"rendered":"https:\/\/arjenoticias.com\/?p=15821"},"modified":"2026-07-05T10:13:17","modified_gmt":"2026-07-05T16:13:17","slug":"instala-somosmx-su-comite-en-cdmx","status":"publish","type":"post","link":"https:\/\/arjenoticias.com.mx\/politica\/instala-somosmx-su-comite-en-cdmx\/","title":{"rendered":"Instala SomosMX su comit\u00e9 en CDMX"},"content":{"rendered":"\n<figure class=\"wp-block-image size-large is-resized\"><img fetchpriority=\"high\" decoding=\"async\" width=\"1024\" height=\"682\" src=\"https:\/\/arjenoticias.com\/wp-content\/uploads\/2026\/07\/PHOTO-2026-07-05-10-05-59-1-1024x682.jpg\" alt=\"\" class=\"wp-image-15823\" style=\"width:255px;height:auto\" srcset=\"https:\/\/arjenoticias.com.mx\/wp-content\/uploads\/2026\/07\/PHOTO-2026-07-05-10-05-59-1-1024x682.jpg 1024w, https:\/\/arjenoticias.com.mx\/wp-content\/uploads\/2026\/07\/PHOTO-2026-07-05-10-05-59-1-300x200.jpg 300w, https:\/\/arjenoticias.com.mx\/wp-content\/uploads\/2026\/07\/PHOTO-2026-07-05-10-05-59-1-768x511.jpg 768w, https:\/\/arjenoticias.com.mx\/wp-content\/uploads\/2026\/07\/PHOTO-2026-07-05-10-05-59-1.jpg 1280w\" sizes=\"(max-width: 1024px) 100vw, 1024px\" \/><\/figure>\n\n\n\n<p class=\"wp-block-paragraph\">\u201cQueremos construir un pa\u00eds, un M\u00e9xico, donde quepan no solo nuestros sue\u00f1os, sino de todos y todas. El nombre de Somos M\u00e9xico se pens\u00f3 justo en eso: en un espacio de encuentro para reencontrarnos, para superar la polarizaci\u00f3n; para superar lo que ha hecho el gobierno de lucrar pol\u00edtica y electoralmente con la polarizaci\u00f3n\u201d, dijo e indic\u00f3 que ser\u00e1 un espacio para quienes no se sienten representados en las actuales opciones pol\u00edticas, sino sobre todo para los j\u00f3venes que no encuentran espacios de expresi\u00f3n electoral. \u201cTenemos que hacernos cargo de que lo que hicimos fue casi \u00e9pico. La fuerza de la ciudadan\u00eda fue arrolladora\u201d, coment\u00f3 y llam\u00f3 a aprovechar la val\u00eda de quienes participaron en la Marea Rosa y de la experiencia de quienes tienen trayectoria de lucha democr\u00e1tica.&nbsp;<\/p>\n\n\n\n<figure class=\"wp-block-image size-large is-resized\"><img decoding=\"async\" width=\"1024\" height=\"768\" src=\"https:\/\/arjenoticias.com\/wp-content\/uploads\/2026\/07\/PHOTO-2026-07-05-10-07-04-1024x768.jpg\" alt=\"\" class=\"wp-image-15824\" style=\"width:388px;height:auto\" srcset=\"https:\/\/arjenoticias.com.mx\/wp-content\/uploads\/2026\/07\/PHOTO-2026-07-05-10-07-04-1024x768.jpg 1024w, https:\/\/arjenoticias.com.mx\/wp-content\/uploads\/2026\/07\/PHOTO-2026-07-05-10-07-04-300x225.jpg 300w, https:\/\/arjenoticias.com.mx\/wp-content\/uploads\/2026\/07\/PHOTO-2026-07-05-10-07-04-768x576.jpg 768w, https:\/\/arjenoticias.com.mx\/wp-content\/uploads\/2026\/07\/PHOTO-2026-07-05-10-07-04.jpg 1280w\" sizes=\"(max-width: 1024px) 100vw, 1024px\" \/><\/figure>\n\n\n\n<p class=\"wp-block-paragraph\">El presidente de Somos M\u00e9xico, <strong>Guadalupe Acosta Naranjo<\/strong>, aplaudi\u00f3 la participaci\u00f3n de la ciudadan\u00eda en la construcci\u00f3n de la fuerza pol\u00edtica que va a cambiar al pa\u00eds, y record\u00f3 que apenas el mi\u00e9rcoles pasado el Instituto Nacional Electoral (INE) entreg\u00f3 a Somos MX la constancia como Partido Pol\u00edtico Nacional. \u00bfNo que no se pod\u00eda?, pregunt\u00f3 a la Asamblea cuyos asistentes respondieron con j\u00fabilo y enjundia, \u00a1S\u00ed se pudo! \u00a1S\u00ed se pudo! \u00a1S\u00ed se pudo! \u00a1S\u00ed se pudo! El grito se repiti\u00f3 con m\u00e1s fuerza, cuando Acosta Naranjo mencion\u00f3 que Somos MX estar\u00e1 en las boletas electorales del 2027.&nbsp;<\/p>\n\n\n\n<p class=\"wp-block-paragraph\">Record\u00f3 que las organizaciones y personas que avanzaron en el proceso de integraci\u00f3n del Frente C\u00edvico Nacional (FCN) y despu\u00e9s en Somos M\u00e9xico, decidieron el nombre con el cual solicitaron el registro ante el INE hace 18 meses y sorprende que ahora, pasado ese tiempo la autoridad electoral ordene cambio de nombre, lema y colores, por lo cual reiter\u00f3 que Somos MX ya present\u00f3 el recurso de impugnaci\u00f3n ante el Tribunal Electoral del Poder Judicial de la Federaci\u00f3n (TEPJF) el cual con anterioridad le dio la raz\u00f3n a Somos MX, ante una impugnaci\u00f3n previa.<\/p>\n\n\n\n<p class=\"wp-block-paragraph\">\u201cDec\u00eda Emilio \u00c1lvarez Icaza que es como cuando t\u00fa y tu pareja, hombre o mujer, tienen un hijo, discuten mucho, le pones el nombre y la juez dice: `No, yo no quiero ese nombre\u00b4. Oye, pues si el ni\u00f1o no es tuyo, pues si el partido es nuestro, \u00bfc\u00f3mo que no quieres t\u00fa, la que registra? T\u00fa ponle ah\u00ed como nosotros decidimos. Dicen: `Es que te est\u00e1s apropiando del nombre del pa\u00eds\u00b4. A ver, primero, el ni\u00f1o es m\u00edo, no me apropio de nada. Ese es nuestro. Y segundo, que digamos que Somos M\u00e9xico no es m\u00e1s que una verdad absoluta. Ustedes, yo, ellos, todos somos M\u00e9xico. M\u00e1s bien es al rev\u00e9s, afirm\u00f3.<\/p>\n\n\n\n<p class=\"wp-block-paragraph\">\u201cQuieren secuestrar a la naci\u00f3n, quieren secuestrar su nombre y no quieren que lo use nadie m\u00e1s, s\u00f3lo quien ellos decidan. \u00a1Nosotros somos orgullosamente, Somos M\u00e9xico! \u00a1Y no decimos ninguna mentira!\u201d, precis\u00f3 Acosta Naranjo.<\/p>\n\n\n\n<p class=\"wp-block-paragraph\">Critic\u00f3 el talante antidemocr\u00e1tico del r\u00e9gimen y adelant\u00f3 que si por alguna cosa el TEPJF resuelve de manera distinta, de inmediato se buscar\u00e1n opciones \u201ctratando de guardar la mayor similitud, el esp\u00edritu de lo que hoy hemos venido construyendo\u201d para avanzar como fuerza pol\u00edtica de oposici\u00f3n para sacar a Morena del gobierno, que por la v\u00eda del entramado jur\u00eddico y la destrucci\u00f3n de las instituciones de la democracia pretender eternizarse en el poder vinculados con la delincuencia organizada.&nbsp;<\/p>\n\n\n\n<p class=\"wp-block-paragraph\">\u201cHan cometido una barbaridad con M\u00e9xico. No reciben a v\u00edctimas de violencia, menosprecian a madres buscadoras, ignoran a ecologistas, terminaron con el poder judicial. Han hecho tanto da\u00f1o que claro que yo estoy de acuerdo con que el partido tiene que ser un partido de oposici\u00f3n firme, en\u00e9rgico y luchar porque salgan de Palacio Nacional\u201d.<\/p>\n\n\n\n<p class=\"wp-block-paragraph\">El presidente de Somos MX estableci\u00f3 que no basta con derrotar a Morena, sino construir pol\u00edticas p\u00fablicas no clientelares y eficaces para atender los problemas de salud, educaci\u00f3n, vivienda, abasto de medicamentos, entre otras, y en su formulaci\u00f3n avanzar\u00e1 el Consejo Nacional y el Consejo Consultivo Ciudadano que se reunir\u00e1n el 25 de julio en la CDMX.&nbsp;<\/p>\n\n\n\n<p class=\"wp-block-paragraph\">\u201cTenemos que tener una pol\u00edtica integral, porque a m\u00ed no me mueve odio el con Morena. A m\u00ed lo que me mueve es la responsabilidad de que se salgan de ah\u00ed porque est\u00e1n destruyendo el pa\u00eds. Y por eso, si no es odio, debemos de construir ideas, esperanzas, alternativas. Y Somos M\u00e9xico tiene que ser no el partido del odio, sino el partido de la alegr\u00eda y el partido de la esperanza, porque a eso venimos, a volver a reconstruir el tejido social, a volver a unir\u201d.<\/p>\n\n\n\n<p class=\"wp-block-paragraph\">Acosta Naranjo llam\u00f3 a la ciudadan\u00eda a mantenerse vigilante de que Somos MX sea estrictamente congruente entre lo que dice y lo que hace para evitar los vicios que generan el hartazgo de la gente, por lo cual tambi\u00e9n llam\u00f3 la atenci\u00f3n de que para sacar a Morena en el 2030 se hace necesaria la unidad, \u201cporque aqu\u00ed s\u00ed le vamos a abrir el espacio a la ciudadan\u00eda, porque es correcto abrirle el espacio a movimientos sociales, a expertos, a gente con causas que representen. Por eso terminamos haciendo nuestro registro.Y no andamos en b\u00fasqueda ni de un caudillo o caudilla, ni de un mes\u00edas. Decidimos la construcci\u00f3n de una instituci\u00f3n democr\u00e1tica, que eso es Somos M\u00e9xico, seremos partido y seremos una instituci\u00f3n democr\u00e1tica. No andamos en b\u00fasqueda de un caudillo pa que pelee con L\u00f3pez Obrador, de un mes\u00edas pa que pelee con otro mes\u00edas, sino queremos construir democracia\u201d.<\/p>\n\n\n\n<p class=\"wp-block-paragraph\">La Asamblea eligi\u00f3 a <strong>Juan Manuel Orozco Carmona<\/strong> como presidente de Somos MX en la CDMX, as\u00ed como a integrantes del Comit\u00e9. En su primera intervenci\u00f3n, lament\u00f3 que la pluralidad y la grandeza de la capital, el coraz\u00f3n del pa\u00eds, est\u00e9 siendo aplastada por un grupo que ha secuestrado al gobierno de la Ciudad y cree ser due\u00f1o del presente y futuro, rob\u00e1ndose la tranquilidad.<\/p>\n\n\n\n<p class=\"wp-block-paragraph\">\u201cNo hay gobierno, no hay libertad de expresi\u00f3n. Los hospitales est\u00e1n colapsados. La violencia se vive en las calles y los fundamentales son ignorados. Somos v\u00edctimas de la inseguridad y los abusos causan miedo, enojo y tristeza diaria\u201d, y record\u00f3 que Morena que se dice \u201cdefensora\u201d del pueblo se niega a recibir a las Madres Buscadoras que en su exigencia de justicia son encapsuladas y violentadas.<\/p>\n\n\n\n<p class=\"wp-block-paragraph\">Orozco Carmona dijo que el gobierno de Clara Brugada reprime las luchas nobles y justas. \u201cQuien levanta la voz en esta ciudad es perseguido\u201d, indic\u00f3 y convoc\u00f3 a la lucha ciudadana para construir con honestidad y humildad el cambio para quitar al mal gobierno. Llam\u00f3 a trabajar con \u00e1nimo y sin discriminaci\u00f3n para sumar a todas las personas creyentes de que la capital del pa\u00eds debe recuperar la democracia y los derechos y libertades a trav\u00e9s de el instrumento ciudadano que es y ser\u00e1 Somos M\u00e9xico.<\/p>\n\n\n\n<p class=\"wp-block-paragraph\">Previamente, Emilio \u00c1lvarez Icaza y Concepci\u00f3n Castro, tomaron la votaci\u00f3n y protesta del Comit\u00e9 de Somos MX en la Cdmx, que qued\u00f3 de la siguiente manera: Presidencia Juan Manuel Orozco; Secretar\u00eda General, Rosario Guerra D\u00edaz; Secretar\u00eda de Organizaci\u00f3n y Desarrollo Institucional, Montserrat Quintanilla Zamora; Secretar\u00eda de Operaci\u00f3n Electoral y Alianzas, Rafael Hern\u00e1ndez Soriano; Secretar\u00eda de Comunicaci\u00f3n, Carlos Ibarra Hern\u00e1ndez; Sentar\u00eda de Finanzas, Jos\u00e9 Manuel G\u00f3mez Palestino; Secretar\u00eda de Equidad, Aracely Barbosa; Secretar\u00eda de Juventudes, Daniel Hern\u00e1ndez Trejo; Secretar\u00eda del Campo, Miguel Sosa Gonz\u00e1lez; Secretar\u00eda del Medio Ambiente y Cambio Clim\u00e1tico, Sara Tzin Tzun; Secretar\u00eda de Inclusi\u00f3n, Mariana Vega Haro; Secretar\u00eda de Sectores Productivos, Sarah\u00ed Zamudio Sarmina.<\/p>\n\n\n\n<p class=\"wp-block-paragraph\">Entre otros cargos, la Asamblea tambi\u00e9n eligi\u00f3 a Fernando Belaunzar\u00e1n M\u00e9ndez como representante de Somos MX, ante el IECM, y a Marisol Ortiz G\u00f3mez Palestino y C\u00e9sar Garc\u00eda Gallegos, como Consejera y Consejero Nacional.<\/p>\n","protected":false},"excerpt":{"rendered":"<p>\u201cQueremos construir un pa\u00eds, un M\u00e9xico, donde quepan no solo nuestros sue\u00f1os, sino de todos&#8230;<\/p>\n","protected":false},"author":1,"featured_media":15822,"comment_status":"open","ping_status":"open","sticky":false,"template":"","format":"standard","meta":{"footnotes":""},"categories":[7],"tags":[2457],"class_list":["post-15821","post","type-post","status-publish","format-standard","has-post-thumbnail","hentry","category-politica","tag-somosmx-en-cdmx"],"yoast_head":"<!-- This site is optimized with the Yoast SEO plugin v28.4 - https:\/\/yoast.com\/product\/yoast-seo-wordpress\/ -->\n<title>Instala SomosMX su comit\u00e9 en CDMX -<\/title>\n<meta name=\"description\" content=\"La Asamblea eligi\u00f3 a Juan Manuel Orozco Carmona como presidente de Somos MX en la CDMX, as\u00ed como a integrantes del Comit\u00e9.\" \/>\n<meta name=\"robots\" content=\"index, follow, max-snippet:-1, max-image-preview:large, max-video-preview:-1\" \/>\n<link rel=\"canonical\" href=\"https:\/\/arjenoticias.com.mx\/politica\/instala-somosmx-su-comite-en-cdmx\/\" \/>\n<meta property=\"og:locale\" content=\"es_ES\" \/>\n<meta property=\"og:type\" content=\"article\" \/>\n<meta property=\"og:title\" content=\"Instala SomosMX su comit\u00e9 en CDMX -\" \/>\n<meta property=\"og:description\" content=\"La Asamblea eligi\u00f3 a Juan Manuel Orozco Carmona como presidente de Somos MX en la CDMX, as\u00ed como a integrantes del Comit\u00e9.\" \/>\n<meta property=\"og:url\" content=\"https:\/\/arjenoticias.com.mx\/politica\/instala-somosmx-su-comite-en-cdmx\/\" \/>\n<meta property=\"article:publisher\" content=\"https:\/\/www.facebook.com\/ArjeNoticiasMX\" \/>\n<meta property=\"article:published_time\" content=\"2026-07-05T16:13:13+00:00\" \/>\n<meta property=\"article:modified_time\" content=\"2026-07-05T16:13:17+00:00\" \/>\n<meta property=\"og:image\" content=\"https:\/\/arjenoticias.com.mx\/wp-content\/uploads\/2026\/07\/PHOTO-2026-07-05-10-05-59.jpg\" \/>\n\t<meta property=\"og:image:width\" content=\"1280\" \/>\n\t<meta property=\"og:image:height\" content=\"852\" \/>\n\t<meta property=\"og:image:type\" content=\"image\/jpeg\" \/>\n<meta name=\"author\" content=\"Arj\u00e9 Noticias\" \/>\n<meta name=\"twitter:card\" content=\"summary_large_image\" \/>\n<meta name=\"twitter:creator\" content=\"@ArjeNoticias\" \/>\n<meta name=\"twitter:site\" content=\"@ArjeNoticias\" \/>\n<meta name=\"twitter:label1\" content=\"Escrito por\" \/>\n\t<meta name=\"twitter:data1\" content=\"Arj\u00e9 Noticias\" \/>\n\t<meta name=\"twitter:label2\" content=\"Tiempo de lectura\" \/>\n\t<meta name=\"twitter:data2\" content=\"7 minutos\" \/>\n<script type=\"application\/ld+json\" class=\"yoast-schema-graph\">{\"@context\":\"https:\\\/\\\/schema.org\",\"@graph\":[{\"@type\":\"Article\",\"@id\":\"https:\\\/\\\/arjenoticias.com.mx\\\/politica\\\/instala-somosmx-su-comite-en-cdmx\\\/#article\",\"isPartOf\":{\"@id\":\"https:\\\/\\\/arjenoticias.com.mx\\\/politica\\\/instala-somosmx-su-comite-en-cdmx\\\/\"},\"author\":{\"name\":\"Arj\u00e9 Noticias\",\"@id\":\"https:\\\/\\\/arjenoticias.com.mx\\\/#\\\/schema\\\/person\\\/1f8657b2ea5d2a202124d43971a97b85\"},\"headline\":\"Instala SomosMX su comit\u00e9 en CDMX\",\"datePublished\":\"2026-07-05T16:13:13+00:00\",\"dateModified\":\"2026-07-05T16:13:17+00:00\",\"mainEntityOfPage\":{\"@id\":\"https:\\\/\\\/arjenoticias.com.mx\\\/politica\\\/instala-somosmx-su-comite-en-cdmx\\\/\"},\"wordCount\":1389,\"commentCount\":0,\"publisher\":{\"@id\":\"https:\\\/\\\/arjenoticias.com.mx\\\/#organization\"},\"image\":{\"@id\":\"https:\\\/\\\/arjenoticias.com.mx\\\/politica\\\/instala-somosmx-su-comite-en-cdmx\\\/#primaryimage\"},\"thumbnailUrl\":\"https:\\\/\\\/arjenoticias.com.mx\\\/wp-content\\\/uploads\\\/2026\\\/07\\\/PHOTO-2026-07-05-10-05-59.jpg\",\"keywords\":[\"SomosMX en CDMX\"],\"articleSection\":[\"Pol\u00edtica\"],\"inLanguage\":\"es\",\"potentialAction\":[{\"@type\":\"CommentAction\",\"name\":\"Comment\",\"target\":[\"https:\\\/\\\/arjenoticias.com.mx\\\/politica\\\/instala-somosmx-su-comite-en-cdmx\\\/#respond\"]}]},{\"@type\":\"WebPage\",\"@id\":\"https:\\\/\\\/arjenoticias.com.mx\\\/politica\\\/instala-somosmx-su-comite-en-cdmx\\\/\",\"url\":\"https:\\\/\\\/arjenoticias.com.mx\\\/politica\\\/instala-somosmx-su-comite-en-cdmx\\\/\",\"name\":\"Instala SomosMX su comit\u00e9 en CDMX -\",\"isPartOf\":{\"@id\":\"https:\\\/\\\/arjenoticias.com.mx\\\/#website\"},\"primaryImageOfPage\":{\"@id\":\"https:\\\/\\\/arjenoticias.com.mx\\\/politica\\\/instala-somosmx-su-comite-en-cdmx\\\/#primaryimage\"},\"image\":{\"@id\":\"https:\\\/\\\/arjenoticias.com.mx\\\/politica\\\/instala-somosmx-su-comite-en-cdmx\\\/#primaryimage\"},\"thumbnailUrl\":\"https:\\\/\\\/arjenoticias.com.mx\\\/wp-content\\\/uploads\\\/2026\\\/07\\\/PHOTO-2026-07-05-10-05-59.jpg\",\"datePublished\":\"2026-07-05T16:13:13+00:00\",\"dateModified\":\"2026-07-05T16:13:17+00:00\",\"description\":\"La Asamblea eligi\u00f3 a Juan Manuel Orozco Carmona como presidente de Somos MX en la CDMX, as\u00ed como a integrantes del Comit\u00e9.\",\"breadcrumb\":{\"@id\":\"https:\\\/\\\/arjenoticias.com.mx\\\/politica\\\/instala-somosmx-su-comite-en-cdmx\\\/#breadcrumb\"},\"inLanguage\":\"es\",\"potentialAction\":[{\"@type\":\"ReadAction\",\"target\":[\"https:\\\/\\\/arjenoticias.com.mx\\\/politica\\\/instala-somosmx-su-comite-en-cdmx\\\/\"]}]},{\"@type\":\"ImageObject\",\"inLanguage\":\"es\",\"@id\":\"https:\\\/\\\/arjenoticias.com.mx\\\/politica\\\/instala-somosmx-su-comite-en-cdmx\\\/#primaryimage\",\"url\":\"https:\\\/\\\/arjenoticias.com.mx\\\/wp-content\\\/uploads\\\/2026\\\/07\\\/PHOTO-2026-07-05-10-05-59.jpg\",\"contentUrl\":\"https:\\\/\\\/arjenoticias.com.mx\\\/wp-content\\\/uploads\\\/2026\\\/07\\\/PHOTO-2026-07-05-10-05-59.jpg\",\"width\":1280,\"height\":852,\"caption\":\"SomosMX ya tiene comit\u00e9 en CDMX\"},{\"@type\":\"BreadcrumbList\",\"@id\":\"https:\\\/\\\/arjenoticias.com.mx\\\/politica\\\/instala-somosmx-su-comite-en-cdmx\\\/#breadcrumb\",\"itemListElement\":[{\"@type\":\"ListItem\",\"position\":1,\"name\":\"Portada\",\"item\":\"https:\\\/\\\/arjenoticias.com.mx\\\/\"},{\"@type\":\"ListItem\",\"position\":2,\"name\":\"Instala SomosMX su comit\u00e9 en CDMX\"}]},{\"@type\":\"WebSite\",\"@id\":\"https:\\\/\\\/arjenoticias.com.mx\\\/#website\",\"url\":\"https:\\\/\\\/arjenoticias.com.mx\\\/\",\"name\":\"Arj\u00e9 M\u00e9xico\",\"description\":\"\",\"publisher\":{\"@id\":\"https:\\\/\\\/arjenoticias.com.mx\\\/#organization\"},\"potentialAction\":[{\"@type\":\"SearchAction\",\"target\":{\"@type\":\"EntryPoint\",\"urlTemplate\":\"https:\\\/\\\/arjenoticias.com.mx\\\/?s={search_term_string}\"},\"query-input\":{\"@type\":\"PropertyValueSpecification\",\"valueRequired\":true,\"valueName\":\"search_term_string\"}}],\"inLanguage\":\"es\"},{\"@type\":\"Organization\",\"@id\":\"https:\\\/\\\/arjenoticias.com.mx\\\/#organization\",\"name\":\"Arj\u00e9 M\u00e9xico\",\"url\":\"https:\\\/\\\/arjenoticias.com.mx\\\/\",\"logo\":{\"@type\":\"ImageObject\",\"inLanguage\":\"es\",\"@id\":\"https:\\\/\\\/arjenoticias.com.mx\\\/#\\\/schema\\\/logo\\\/image\\\/\",\"url\":\"https:\\\/\\\/arjenoticias.com\\\/wp-content\\\/uploads\\\/2026\\\/04\\\/cropped-cropped-logo-inverted-1-scaled-1.png\",\"contentUrl\":\"https:\\\/\\\/arjenoticias.com\\\/wp-content\\\/uploads\\\/2026\\\/04\\\/cropped-cropped-logo-inverted-1-scaled-1.png\",\"width\":2556,\"height\":549,\"caption\":\"Arj\u00e9 M\u00e9xico\"},\"image\":{\"@id\":\"https:\\\/\\\/arjenoticias.com.mx\\\/#\\\/schema\\\/logo\\\/image\\\/\"},\"sameAs\":[\"https:\\\/\\\/www.facebook.com\\\/ArjeNoticiasMX\",\"https:\\\/\\\/x.com\\\/ArjeNoticias\"]},{\"@type\":\"Person\",\"@id\":\"https:\\\/\\\/arjenoticias.com.mx\\\/#\\\/schema\\\/person\\\/1f8657b2ea5d2a202124d43971a97b85\",\"name\":\"Arj\u00e9 Noticias\",\"image\":{\"@type\":\"ImageObject\",\"inLanguage\":\"es\",\"@id\":\"https:\\\/\\\/arjenoticias.com\\\/wp-content\\\/uploads\\\/2026\\\/04\\\/Arje-Noticias-96x96.png\",\"url\":\"https:\\\/\\\/arjenoticias.com\\\/wp-content\\\/uploads\\\/2026\\\/04\\\/Arje-Noticias-96x96.png\",\"contentUrl\":\"https:\\\/\\\/arjenoticias.com\\\/wp-content\\\/uploads\\\/2026\\\/04\\\/Arje-Noticias-96x96.png\",\"caption\":\"Arj\u00e9 Noticias\"},\"sameAs\":[\"https:\\\/\\\/arjenoticias.com\"],\"url\":\"https:\\\/\\\/arjenoticias.com.mx\\\/author\\\/admin\\\/\"}]}<\/script>\n<!-- \/ Yoast SEO plugin. -->","yoast_head_json":{"title":"Instala SomosMX su comit\u00e9 en CDMX -","description":"La Asamblea eligi\u00f3 a Juan Manuel Orozco Carmona como presidente de Somos MX en la CDMX, as\u00ed como a integrantes del Comit\u00e9.","robots":{"index":"index","follow":"follow","max-snippet":"max-snippet:-1","max-image-preview":"max-image-preview:large","max-video-preview":"max-video-preview:-1"},"canonical":"https:\/\/arjenoticias.com.mx\/politica\/instala-somosmx-su-comite-en-cdmx\/","og_locale":"es_ES","og_type":"article","og_title":"Instala SomosMX su comit\u00e9 en CDMX -","og_description":"La Asamblea eligi\u00f3 a Juan Manuel Orozco Carmona como presidente de Somos MX en la CDMX, as\u00ed como a integrantes del Comit\u00e9.","og_url":"https:\/\/arjenoticias.com.mx\/politica\/instala-somosmx-su-comite-en-cdmx\/","article_publisher":"https:\/\/www.facebook.com\/ArjeNoticiasMX","article_published_time":"2026-07-05T16:13:13+00:00","article_modified_time":"2026-07-05T16:13:17+00:00","og_image":[{"width":1280,"height":852,"url":"https:\/\/arjenoticias.com.mx\/wp-content\/uploads\/2026\/07\/PHOTO-2026-07-05-10-05-59.jpg","type":"image\/jpeg"}],"author":"Arj\u00e9 Noticias","twitter_card":"summary_large_image","twitter_creator":"@ArjeNoticias","twitter_site":"@ArjeNoticias","twitter_misc":{"Escrito por":"Arj\u00e9 Noticias","Tiempo de lectura":"7 minutos"},"schema":{"@context":"https:\/\/schema.org","@graph":[{"@type":"Article","@id":"https:\/\/arjenoticias.com.mx\/politica\/instala-somosmx-su-comite-en-cdmx\/#article","isPartOf":{"@id":"https:\/\/arjenoticias.com.mx\/politica\/instala-somosmx-su-comite-en-cdmx\/"},"author":{"name":"Arj\u00e9 Noticias","@id":"https:\/\/arjenoticias.com.mx\/#\/schema\/person\/1f8657b2ea5d2a202124d43971a97b85"},"headline":"Instala SomosMX su comit\u00e9 en CDMX","datePublished":"2026-07-05T16:13:13+00:00","dateModified":"2026-07-05T16:13:17+00:00","mainEntityOfPage":{"@id":"https:\/\/arjenoticias.com.mx\/politica\/instala-somosmx-su-comite-en-cdmx\/"},"wordCount":1389,"commentCount":0,"publisher":{"@id":"https:\/\/arjenoticias.com.mx\/#organization"},"image":{"@id":"https:\/\/arjenoticias.com.mx\/politica\/instala-somosmx-su-comite-en-cdmx\/#primaryimage"},"thumbnailUrl":"https:\/\/arjenoticias.com.mx\/wp-content\/uploads\/2026\/07\/PHOTO-2026-07-05-10-05-59.jpg","keywords":["SomosMX en CDMX"],"articleSection":["Pol\u00edtica"],"inLanguage":"es","potentialAction":[{"@type":"CommentAction","name":"Comment","target":["https:\/\/arjenoticias.com.mx\/politica\/instala-somosmx-su-comite-en-cdmx\/#respond"]}]},{"@type":"WebPage","@id":"https:\/\/arjenoticias.com.mx\/politica\/instala-somosmx-su-comite-en-cdmx\/","url":"https:\/\/arjenoticias.com.mx\/politica\/instala-somosmx-su-comite-en-cdmx\/","name":"Instala SomosMX su comit\u00e9 en CDMX -","isPartOf":{"@id":"https:\/\/arjenoticias.com.mx\/#website"},"primaryImageOfPage":{"@id":"https:\/\/arjenoticias.com.mx\/politica\/instala-somosmx-su-comite-en-cdmx\/#primaryimage"},"image":{"@id":"https:\/\/arjenoticias.com.mx\/politica\/instala-somosmx-su-comite-en-cdmx\/#primaryimage"},"thumbnailUrl":"https:\/\/arjenoticias.com.mx\/wp-content\/uploads\/2026\/07\/PHOTO-2026-07-05-10-05-59.jpg","datePublished":"2026-07-05T16:13:13+00:00","dateModified":"2026-07-05T16:13:17+00:00","description":"La Asamblea eligi\u00f3 a Juan Manuel Orozco Carmona como presidente de Somos MX en la CDMX, as\u00ed como a integrantes del Comit\u00e9.","breadcrumb":{"@id":"https:\/\/arjenoticias.com.mx\/politica\/instala-somosmx-su-comite-en-cdmx\/#breadcrumb"},"inLanguage":"es","potentialAction":[{"@type":"ReadAction","target":["https:\/\/arjenoticias.com.mx\/politica\/instala-somosmx-su-comite-en-cdmx\/"]}]},{"@type":"ImageObject","inLanguage":"es","@id":"https:\/\/arjenoticias.com.mx\/politica\/instala-somosmx-su-comite-en-cdmx\/#primaryimage","url":"https:\/\/arjenoticias.com.mx\/wp-content\/uploads\/2026\/07\/PHOTO-2026-07-05-10-05-59.jpg","contentUrl":"https:\/\/arjenoticias.com.mx\/wp-content\/uploads\/2026\/07\/PHOTO-2026-07-05-10-05-59.jpg","width":1280,"height":852,"caption":"SomosMX ya tiene comit\u00e9 en CDMX"},{"@type":"BreadcrumbList","@id":"https:\/\/arjenoticias.com.mx\/politica\/instala-somosmx-su-comite-en-cdmx\/#breadcrumb","itemListElement":[{"@type":"ListItem","position":1,"name":"Portada","item":"https:\/\/arjenoticias.com.mx\/"},{"@type":"ListItem","position":2,"name":"Instala SomosMX su comit\u00e9 en CDMX"}]},{"@type":"WebSite","@id":"https:\/\/arjenoticias.com.mx\/#website","url":"https:\/\/arjenoticias.com.mx\/","name":"Arj\u00e9 M\u00e9xico","description":"","publisher":{"@id":"https:\/\/arjenoticias.com.mx\/#organization"},"potentialAction":[{"@type":"SearchAction","target":{"@type":"EntryPoint","urlTemplate":"https:\/\/arjenoticias.com.mx\/?s={search_term_string}"},"query-input":{"@type":"PropertyValueSpecification","valueRequired":true,"valueName":"search_term_string"}}],"inLanguage":"es"},{"@type":"Organization","@id":"https:\/\/arjenoticias.com.mx\/#organization","name":"Arj\u00e9 M\u00e9xico","url":"https:\/\/arjenoticias.com.mx\/","logo":{"@type":"ImageObject","inLanguage":"es","@id":"https:\/\/arjenoticias.com.mx\/#\/schema\/logo\/image\/","url":"https:\/\/arjenoticias.com\/wp-content\/uploads\/2026\/04\/cropped-cropped-logo-inverted-1-scaled-1.png","contentUrl":"https:\/\/arjenoticias.com\/wp-content\/uploads\/2026\/04\/cropped-cropped-logo-inverted-1-scaled-1.png","width":2556,"height":549,"caption":"Arj\u00e9 M\u00e9xico"},"image":{"@id":"https:\/\/arjenoticias.com.mx\/#\/schema\/logo\/image\/"},"sameAs":["https:\/\/www.facebook.com\/ArjeNoticiasMX","https:\/\/x.com\/ArjeNoticias"]},{"@type":"Person","@id":"https:\/\/arjenoticias.com.mx\/#\/schema\/person\/1f8657b2ea5d2a202124d43971a97b85","name":"Arj\u00e9 Noticias","image":{"@type":"ImageObject","inLanguage":"es","@id":"https:\/\/arjenoticias.com\/wp-content\/uploads\/2026\/04\/Arje-Noticias-96x96.png","url":"https:\/\/arjenoticias.com\/wp-content\/uploads\/2026\/04\/Arje-Noticias-96x96.png","contentUrl":"https:\/\/arjenoticias.com\/wp-content\/uploads\/2026\/04\/Arje-Noticias-96x96.png","caption":"Arj\u00e9 Noticias"},"sameAs":["https:\/\/arjenoticias.com"],"url":"https:\/\/arjenoticias.com.mx\/author\/admin\/"}]}},"featured_image_urls":{"full":["https:\/\/arjenoticias.com.mx\/wp-content\/uploads\/2026\/07\/PHOTO-2026-07-05-10-05-59.jpg",1280,852,false],"thumbnail":["https:\/\/arjenoticias.com.mx\/wp-content\/uploads\/2026\/07\/PHOTO-2026-07-05-10-05-59-150x150.jpg",150,150,true],"medium":["https:\/\/arjenoticias.com.mx\/wp-content\/uploads\/2026\/07\/PHOTO-2026-07-05-10-05-59-300x200.jpg",300,200,true],"medium_large":["https:\/\/arjenoticias.com.mx\/wp-content\/uploads\/2026\/07\/PHOTO-2026-07-05-10-05-59-768x511.jpg",640,426,true],"large":["https:\/\/arjenoticias.com.mx\/wp-content\/uploads\/2026\/07\/PHOTO-2026-07-05-10-05-59-1024x682.jpg",640,426,true],"1536x1536":["https:\/\/arjenoticias.com.mx\/wp-content\/uploads\/2026\/07\/PHOTO-2026-07-05-10-05-59.jpg",1280,852,false],"2048x2048":["https:\/\/arjenoticias.com.mx\/wp-content\/uploads\/2026\/07\/PHOTO-2026-07-05-10-05-59.jpg",1280,852,false],"covernews-featured":["https:\/\/arjenoticias.com.mx\/wp-content\/uploads\/2026\/07\/PHOTO-2026-07-05-10-05-59-1024x682.jpg",1024,682,true],"covernews-medium":["https:\/\/arjenoticias.com.mx\/wp-content\/uploads\/2026\/07\/PHOTO-2026-07-05-10-05-59-540x340.jpg",540,340,true]},"author_info":{"info":["Arj\u00e9 Noticias"]},"category_info":"<a href=\"https:\/\/arjenoticias.com.mx\/category\/politica\/\" rel=\"category tag\">Pol\u00edtica<\/a>","tag_info":"Pol\u00edtica","comment_count":"0","_links":{"self":[{"href":"https:\/\/arjenoticias.com.mx\/wp-json\/wp\/v2\/posts\/15821","targetHints":{"allow":["GET"]}}],"collection":[{"href":"https:\/\/arjenoticias.com.mx\/wp-json\/wp\/v2\/posts"}],"about":[{"href":"https:\/\/arjenoticias.com.mx\/wp-json\/wp\/v2\/types\/post"}],"author":[{"embeddable":true,"href":"https:\/\/arjenoticias.com.mx\/wp-json\/wp\/v2\/users\/1"}],"replies":[{"embeddable":true,"href":"https:\/\/arjenoticias.com.mx\/wp-json\/wp\/v2\/comments?post=15821"}],"version-history":[{"count":1,"href":"https:\/\/arjenoticias.com.mx\/wp-json\/wp\/v2\/posts\/15821\/revisions"}],"predecessor-version":[{"id":15825,"href":"https:\/\/arjenoticias.com.mx\/wp-json\/wp\/v2\/posts\/15821\/revisions\/15825"}],"wp:featuredmedia":[{"embeddable":true,"href":"https:\/\/arjenoticias.com.mx\/wp-json\/wp\/v2\/media\/15822"}],"wp:attachment":[{"href":"https:\/\/arjenoticias.com.mx\/wp-json\/wp\/v2\/media?parent=15821"}],"wp:term":[{"taxonomy":"category","embeddable":true,"href":"https:\/\/arjenoticias.com.mx\/wp-json\/wp\/v2\/categories?post=15821"},{"taxonomy":"post_tag","embeddable":true,"href":"https:\/\/arjenoticias.com.mx\/wp-json\/wp\/v2\/tags?post=15821"}],"curies":[{"name":"wp","href":"https:\/\/api.w.org\/{rel}","templated":true}]}}