{"id":15166,"date":"2026-06-12T14:15:15","date_gmt":"2026-06-12T20:15:15","guid":{"rendered":"https:\/\/arjenoticias.com\/?p=15166"},"modified":"2026-06-12T14:15:18","modified_gmt":"2026-06-12T20:15:18","slug":"hoy-las-emociones-sustituyen-la-ideologia-dr-isidro-h-cisneros","status":"publish","type":"post","link":"https:\/\/arjenoticias.com.mx\/politica\/hoy-las-emociones-sustituyen-la-ideologia-dr-isidro-h-cisneros\/","title":{"rendered":"Hoy las emociones sustituyen la ideolog\u00eda: Dr Isidro H Cisneros"},"content":{"rendered":"\n<figure class=\"wp-block-embed is-type-video is-provider-youtube wp-block-embed-youtube wp-embed-aspect-16-9 wp-has-aspect-ratio\"><div class=\"wp-block-embed__wrapper\">\n<iframe title=\"Hoy las emociones sustituyen la ideolog\u00eda: Dr Isidro H Cisneros\" width=\"640\" height=\"360\" src=\"https:\/\/www.youtube.com\/embed\/33ulqAX1cks?feature=oembed\" frameborder=\"0\" allow=\"accelerometer; autoplay; clipboard-write; encrypted-media; gyroscope; picture-in-picture; web-share\" referrerpolicy=\"strict-origin-when-cross-origin\" allowfullscreen><\/iframe>\n<\/div><\/figure>\n\n\n\n<p class=\"wp-block-paragraph\">Dr Cisneros platica y describe que la sociedad mexicana esta hu\u00e9rfana de pol\u00edtica e ideolog\u00eda. La 4T llego en 2018, lleva 8 a\u00f1os en el gobierno y es tiempo que aun no define su contenido ideol\u00f3gico, tan es as\u00ed, que los principales problemas estructurales siguen vigentes y sin soluci\u00f3n, por ello el ciudadano se siente en la orfandad, pues la autoridad no da se\u00f1ales de poner orden. El pueblo acepta y aplica que \u00abno me digan que la ley, es la ley\u00bb<\/p>\n\n\n\n<p class=\"wp-block-paragraph\">La oposici\u00f3n esta enfrascadas en restablecer el orden pol\u00edtico, constitucional y social que hab\u00eda en el neoliberalismo, sin embargo, el ciudadano no cree en esa v\u00eda, pero tampoco en la propuesta de la 4T, ya que sus lideres no han podido comunicar cual es su ideolog\u00eda, ya que transitan en caminos sinuosos, confusos, pues no son de izquierda, no son de derecha, su discurso es cambiante, tal es el caso de la atenci\u00f3n a demandas de las madres buscadoras, de los pensionados de CFE, PEMEX, ISSTE, a los transportistas, agricultores y muchos mas colectivos, que no escuchan propuestas concretas de soluci\u00f3n, sino de negaci\u00f3n o posposici\u00f3n del problema. <\/p>\n\n\n\n<p class=\"wp-block-paragraph\">Por ello el Dr Cisneros habla de una nueva era de oportunidades y una de ellas es; \u00abLa desobediencia social colectiva\u00bb, la cual implica muchos factores y riesgos <\/p>\n\n\n\n<p class=\"wp-block-paragraph\">Te invito a ver y escuchar la entrevista del Dr Isidro H Cisneros, que plantea acciones disruptivas, pero plenas de argumentos para analizar.<\/p>\n\n\n\n<p class=\"wp-block-paragraph\">Ir\u00e1 viniendo, iremos viendo como la ciudadania mantiene su pluralidad, ante la abrumadora presencia de un gobierno monol\u00edtico, unidimensional que no permite la incursi\u00f3n de la cr\u00edtica y la desobediencia <\/p>\n","protected":false},"excerpt":{"rendered":"<p>Dr Cisneros platica y describe que la sociedad mexicana esta hu\u00e9rfana de pol\u00edtica e ideolog\u00eda&#8230;.<\/p>\n","protected":false},"author":8,"featured_media":15167,"comment_status":"open","ping_status":"open","sticky":false,"template":"","format":"standard","meta":{"footnotes":""},"categories":[7],"tags":[2310],"class_list":["post-15166","post","type-post","status-publish","format-standard","has-post-thumbnail","hentry","category-politica","tag-4t-no-tieneideologia"],"yoast_head":"<!-- This site is optimized with the Yoast SEO plugin v28.4 - https:\/\/yoast.com\/product\/yoast-seo-wordpress\/ -->\n<title>Hoy las emociones sustituyen la ideolog\u00eda: Dr Isidro H Cisneros -<\/title>\n<meta name=\"description\" content=\"La 4T no han podido comunicar cual es su ideolog\u00eda, ya que transitan en caminos sinuosos, confusos, pues no son de izquierda, no son de derecha, su discurso es cambiante, tal es el caso de la atenci\u00f3n a demandas de las madres buscadoras, de los pensionados de CFE, PEMEX, ISSTE, a los transportistas, agricultores y muchos mas colectivos,\" \/>\n<meta name=\"robots\" content=\"index, follow, max-snippet:-1, max-image-preview:large, max-video-preview:-1\" \/>\n<link rel=\"canonical\" href=\"https:\/\/arjenoticias.com.mx\/politica\/hoy-las-emociones-sustituyen-la-ideologia-dr-isidro-h-cisneros\/\" \/>\n<meta property=\"og:locale\" content=\"es_ES\" \/>\n<meta property=\"og:type\" content=\"article\" \/>\n<meta property=\"og:title\" content=\"Hoy las emociones sustituyen la ideolog\u00eda: Dr Isidro H Cisneros -\" \/>\n<meta property=\"og:description\" content=\"La 4T no han podido comunicar cual es su ideolog\u00eda, ya que transitan en caminos sinuosos, confusos, pues no son de izquierda, no son de derecha, su discurso es cambiante, tal es el caso de la atenci\u00f3n a demandas de las madres buscadoras, de los pensionados de CFE, PEMEX, ISSTE, a los transportistas, agricultores y muchos mas colectivos,\" \/>\n<meta property=\"og:url\" content=\"https:\/\/arjenoticias.com.mx\/politica\/hoy-las-emociones-sustituyen-la-ideologia-dr-isidro-h-cisneros\/\" \/>\n<meta property=\"article:publisher\" content=\"https:\/\/www.facebook.com\/ArjeNoticiasMX\" \/>\n<meta property=\"article:published_time\" content=\"2026-06-12T20:15:15+00:00\" \/>\n<meta property=\"article:modified_time\" content=\"2026-06-12T20:15:18+00:00\" \/>\n<meta property=\"og:image\" content=\"https:\/\/arjenoticias.com.mx\/wp-content\/uploads\/2026\/06\/Raul-Monter-Ortega-40.png\" \/>\n\t<meta property=\"og:image:width\" content=\"600\" \/>\n\t<meta property=\"og:image:height\" content=\"400\" \/>\n\t<meta property=\"og:image:type\" content=\"image\/png\" \/>\n<meta name=\"author\" content=\"Ra\u00fal Monter Ortega\" \/>\n<meta name=\"twitter:card\" content=\"summary_large_image\" \/>\n<meta name=\"twitter:creator\" content=\"@ArjeNoticias\" \/>\n<meta name=\"twitter:site\" content=\"@ArjeNoticias\" \/>\n<meta name=\"twitter:label1\" content=\"Escrito por\" \/>\n\t<meta name=\"twitter:data1\" content=\"Ra\u00fal Monter Ortega\" \/>\n\t<meta name=\"twitter:label2\" content=\"Tiempo de lectura\" \/>\n\t<meta name=\"twitter:data2\" content=\"2 minutos\" \/>\n<script type=\"application\/ld+json\" class=\"yoast-schema-graph\">{\"@context\":\"https:\\\/\\\/schema.org\",\"@graph\":[{\"@type\":\"Article\",\"@id\":\"https:\\\/\\\/arjenoticias.com.mx\\\/politica\\\/hoy-las-emociones-sustituyen-la-ideologia-dr-isidro-h-cisneros\\\/#article\",\"isPartOf\":{\"@id\":\"https:\\\/\\\/arjenoticias.com.mx\\\/politica\\\/hoy-las-emociones-sustituyen-la-ideologia-dr-isidro-h-cisneros\\\/\"},\"author\":{\"name\":\"Ra\u00fal Monter Ortega\",\"@id\":\"https:\\\/\\\/arjenoticias.com.mx\\\/#\\\/schema\\\/person\\\/ea4e505f8f8f30d5745f4a0712a580d8\"},\"headline\":\"Hoy las emociones sustituyen la ideolog\u00eda: Dr Isidro H Cisneros\",\"datePublished\":\"2026-06-12T20:15:15+00:00\",\"dateModified\":\"2026-06-12T20:15:18+00:00\",\"mainEntityOfPage\":{\"@id\":\"https:\\\/\\\/arjenoticias.com.mx\\\/politica\\\/hoy-las-emociones-sustituyen-la-ideologia-dr-isidro-h-cisneros\\\/\"},\"wordCount\":304,\"commentCount\":0,\"publisher\":{\"@id\":\"https:\\\/\\\/arjenoticias.com.mx\\\/#organization\"},\"image\":{\"@id\":\"https:\\\/\\\/arjenoticias.com.mx\\\/politica\\\/hoy-las-emociones-sustituyen-la-ideologia-dr-isidro-h-cisneros\\\/#primaryimage\"},\"thumbnailUrl\":\"https:\\\/\\\/arjenoticias.com.mx\\\/wp-content\\\/uploads\\\/2026\\\/06\\\/Raul-Monter-Ortega-40.png\",\"keywords\":[\"4T no tieneideologia\"],\"articleSection\":[\"Pol\u00edtica\"],\"inLanguage\":\"es\",\"potentialAction\":[{\"@type\":\"CommentAction\",\"name\":\"Comment\",\"target\":[\"https:\\\/\\\/arjenoticias.com.mx\\\/politica\\\/hoy-las-emociones-sustituyen-la-ideologia-dr-isidro-h-cisneros\\\/#respond\"]}]},{\"@type\":\"WebPage\",\"@id\":\"https:\\\/\\\/arjenoticias.com.mx\\\/politica\\\/hoy-las-emociones-sustituyen-la-ideologia-dr-isidro-h-cisneros\\\/\",\"url\":\"https:\\\/\\\/arjenoticias.com.mx\\\/politica\\\/hoy-las-emociones-sustituyen-la-ideologia-dr-isidro-h-cisneros\\\/\",\"name\":\"Hoy las emociones sustituyen la ideolog\u00eda: Dr Isidro H Cisneros -\",\"isPartOf\":{\"@id\":\"https:\\\/\\\/arjenoticias.com.mx\\\/#website\"},\"primaryImageOfPage\":{\"@id\":\"https:\\\/\\\/arjenoticias.com.mx\\\/politica\\\/hoy-las-emociones-sustituyen-la-ideologia-dr-isidro-h-cisneros\\\/#primaryimage\"},\"image\":{\"@id\":\"https:\\\/\\\/arjenoticias.com.mx\\\/politica\\\/hoy-las-emociones-sustituyen-la-ideologia-dr-isidro-h-cisneros\\\/#primaryimage\"},\"thumbnailUrl\":\"https:\\\/\\\/arjenoticias.com.mx\\\/wp-content\\\/uploads\\\/2026\\\/06\\\/Raul-Monter-Ortega-40.png\",\"datePublished\":\"2026-06-12T20:15:15+00:00\",\"dateModified\":\"2026-06-12T20:15:18+00:00\",\"description\":\"La 4T no han podido comunicar cual es su ideolog\u00eda, ya que transitan en caminos sinuosos, confusos, pues no son de izquierda, no son de derecha, su discurso es cambiante, tal es el caso de la atenci\u00f3n a demandas de las madres buscadoras, de los pensionados de CFE, PEMEX, ISSTE, a los transportistas, agricultores y muchos mas colectivos,\",\"breadcrumb\":{\"@id\":\"https:\\\/\\\/arjenoticias.com.mx\\\/politica\\\/hoy-las-emociones-sustituyen-la-ideologia-dr-isidro-h-cisneros\\\/#breadcrumb\"},\"inLanguage\":\"es\",\"potentialAction\":[{\"@type\":\"ReadAction\",\"target\":[\"https:\\\/\\\/arjenoticias.com.mx\\\/politica\\\/hoy-las-emociones-sustituyen-la-ideologia-dr-isidro-h-cisneros\\\/\"]}]},{\"@type\":\"ImageObject\",\"inLanguage\":\"es\",\"@id\":\"https:\\\/\\\/arjenoticias.com.mx\\\/politica\\\/hoy-las-emociones-sustituyen-la-ideologia-dr-isidro-h-cisneros\\\/#primaryimage\",\"url\":\"https:\\\/\\\/arjenoticias.com.mx\\\/wp-content\\\/uploads\\\/2026\\\/06\\\/Raul-Monter-Ortega-40.png\",\"contentUrl\":\"https:\\\/\\\/arjenoticias.com.mx\\\/wp-content\\\/uploads\\\/2026\\\/06\\\/Raul-Monter-Ortega-40.png\",\"width\":600,\"height\":400,\"caption\":\"la sociedad mexicana esta hu\u00e9rfana de pol\u00edtica e ideolog\u00eda.\"},{\"@type\":\"BreadcrumbList\",\"@id\":\"https:\\\/\\\/arjenoticias.com.mx\\\/politica\\\/hoy-las-emociones-sustituyen-la-ideologia-dr-isidro-h-cisneros\\\/#breadcrumb\",\"itemListElement\":[{\"@type\":\"ListItem\",\"position\":1,\"name\":\"Portada\",\"item\":\"https:\\\/\\\/arjenoticias.com.mx\\\/\"},{\"@type\":\"ListItem\",\"position\":2,\"name\":\"Hoy las emociones sustituyen la ideolog\u00eda: Dr Isidro H Cisneros\"}]},{\"@type\":\"WebSite\",\"@id\":\"https:\\\/\\\/arjenoticias.com.mx\\\/#website\",\"url\":\"https:\\\/\\\/arjenoticias.com.mx\\\/\",\"name\":\"Arj\u00e9 M\u00e9xico\",\"description\":\"\",\"publisher\":{\"@id\":\"https:\\\/\\\/arjenoticias.com.mx\\\/#organization\"},\"potentialAction\":[{\"@type\":\"SearchAction\",\"target\":{\"@type\":\"EntryPoint\",\"urlTemplate\":\"https:\\\/\\\/arjenoticias.com.mx\\\/?s={search_term_string}\"},\"query-input\":{\"@type\":\"PropertyValueSpecification\",\"valueRequired\":true,\"valueName\":\"search_term_string\"}}],\"inLanguage\":\"es\"},{\"@type\":\"Organization\",\"@id\":\"https:\\\/\\\/arjenoticias.com.mx\\\/#organization\",\"name\":\"Arj\u00e9 M\u00e9xico\",\"url\":\"https:\\\/\\\/arjenoticias.com.mx\\\/\",\"logo\":{\"@type\":\"ImageObject\",\"inLanguage\":\"es\",\"@id\":\"https:\\\/\\\/arjenoticias.com.mx\\\/#\\\/schema\\\/logo\\\/image\\\/\",\"url\":\"https:\\\/\\\/arjenoticias.com\\\/wp-content\\\/uploads\\\/2026\\\/04\\\/cropped-cropped-logo-inverted-1-scaled-1.png\",\"contentUrl\":\"https:\\\/\\\/arjenoticias.com\\\/wp-content\\\/uploads\\\/2026\\\/04\\\/cropped-cropped-logo-inverted-1-scaled-1.png\",\"width\":2556,\"height\":549,\"caption\":\"Arj\u00e9 M\u00e9xico\"},\"image\":{\"@id\":\"https:\\\/\\\/arjenoticias.com.mx\\\/#\\\/schema\\\/logo\\\/image\\\/\"},\"sameAs\":[\"https:\\\/\\\/www.facebook.com\\\/ArjeNoticiasMX\",\"https:\\\/\\\/x.com\\\/ArjeNoticias\"]},{\"@type\":\"Person\",\"@id\":\"https:\\\/\\\/arjenoticias.com.mx\\\/#\\\/schema\\\/person\\\/ea4e505f8f8f30d5745f4a0712a580d8\",\"name\":\"Ra\u00fal Monter Ortega\",\"image\":{\"@type\":\"ImageObject\",\"inLanguage\":\"es\",\"@id\":\"https:\\\/\\\/arjenoticias.com\\\/wp-content\\\/uploads\\\/2026\\\/04\\\/RAUL-MONTER-96x96.png\",\"url\":\"https:\\\/\\\/arjenoticias.com\\\/wp-content\\\/uploads\\\/2026\\\/04\\\/RAUL-MONTER-96x96.png\",\"contentUrl\":\"https:\\\/\\\/arjenoticias.com\\\/wp-content\\\/uploads\\\/2026\\\/04\\\/RAUL-MONTER-96x96.png\",\"caption\":\"Ra\u00fal Monter Ortega\"},\"description\":\"Editorialista, observador y activista. Promotor de las libertades constitucionales de los mexicanos. Catedr\u00e1tico y vicerrector de ESPE.\",\"url\":\"https:\\\/\\\/arjenoticias.com.mx\\\/author\\\/raul-monter-ortega\\\/\"}]}<\/script>\n<!-- \/ Yoast SEO plugin. -->","yoast_head_json":{"title":"Hoy las emociones sustituyen la ideolog\u00eda: Dr Isidro H Cisneros -","description":"La 4T no han podido comunicar cual es su ideolog\u00eda, ya que transitan en caminos sinuosos, confusos, pues no son de izquierda, no son de derecha, su discurso es cambiante, tal es el caso de la atenci\u00f3n a demandas de las madres buscadoras, de los pensionados de CFE, PEMEX, ISSTE, a los transportistas, agricultores y muchos mas colectivos,","robots":{"index":"index","follow":"follow","max-snippet":"max-snippet:-1","max-image-preview":"max-image-preview:large","max-video-preview":"max-video-preview:-1"},"canonical":"https:\/\/arjenoticias.com.mx\/politica\/hoy-las-emociones-sustituyen-la-ideologia-dr-isidro-h-cisneros\/","og_locale":"es_ES","og_type":"article","og_title":"Hoy las emociones sustituyen la ideolog\u00eda: Dr Isidro H Cisneros -","og_description":"La 4T no han podido comunicar cual es su ideolog\u00eda, ya que transitan en caminos sinuosos, confusos, pues no son de izquierda, no son de derecha, su discurso es cambiante, tal es el caso de la atenci\u00f3n a demandas de las madres buscadoras, de los pensionados de CFE, PEMEX, ISSTE, a los transportistas, agricultores y muchos mas colectivos,","og_url":"https:\/\/arjenoticias.com.mx\/politica\/hoy-las-emociones-sustituyen-la-ideologia-dr-isidro-h-cisneros\/","article_publisher":"https:\/\/www.facebook.com\/ArjeNoticiasMX","article_published_time":"2026-06-12T20:15:15+00:00","article_modified_time":"2026-06-12T20:15:18+00:00","og_image":[{"width":600,"height":400,"url":"https:\/\/arjenoticias.com.mx\/wp-content\/uploads\/2026\/06\/Raul-Monter-Ortega-40.png","type":"image\/png"}],"author":"Ra\u00fal Monter Ortega","twitter_card":"summary_large_image","twitter_creator":"@ArjeNoticias","twitter_site":"@ArjeNoticias","twitter_misc":{"Escrito por":"Ra\u00fal Monter Ortega","Tiempo de lectura":"2 minutos"},"schema":{"@context":"https:\/\/schema.org","@graph":[{"@type":"Article","@id":"https:\/\/arjenoticias.com.mx\/politica\/hoy-las-emociones-sustituyen-la-ideologia-dr-isidro-h-cisneros\/#article","isPartOf":{"@id":"https:\/\/arjenoticias.com.mx\/politica\/hoy-las-emociones-sustituyen-la-ideologia-dr-isidro-h-cisneros\/"},"author":{"name":"Ra\u00fal Monter Ortega","@id":"https:\/\/arjenoticias.com.mx\/#\/schema\/person\/ea4e505f8f8f30d5745f4a0712a580d8"},"headline":"Hoy las emociones sustituyen la ideolog\u00eda: Dr Isidro H Cisneros","datePublished":"2026-06-12T20:15:15+00:00","dateModified":"2026-06-12T20:15:18+00:00","mainEntityOfPage":{"@id":"https:\/\/arjenoticias.com.mx\/politica\/hoy-las-emociones-sustituyen-la-ideologia-dr-isidro-h-cisneros\/"},"wordCount":304,"commentCount":0,"publisher":{"@id":"https:\/\/arjenoticias.com.mx\/#organization"},"image":{"@id":"https:\/\/arjenoticias.com.mx\/politica\/hoy-las-emociones-sustituyen-la-ideologia-dr-isidro-h-cisneros\/#primaryimage"},"thumbnailUrl":"https:\/\/arjenoticias.com.mx\/wp-content\/uploads\/2026\/06\/Raul-Monter-Ortega-40.png","keywords":["4T no tieneideologia"],"articleSection":["Pol\u00edtica"],"inLanguage":"es","potentialAction":[{"@type":"CommentAction","name":"Comment","target":["https:\/\/arjenoticias.com.mx\/politica\/hoy-las-emociones-sustituyen-la-ideologia-dr-isidro-h-cisneros\/#respond"]}]},{"@type":"WebPage","@id":"https:\/\/arjenoticias.com.mx\/politica\/hoy-las-emociones-sustituyen-la-ideologia-dr-isidro-h-cisneros\/","url":"https:\/\/arjenoticias.com.mx\/politica\/hoy-las-emociones-sustituyen-la-ideologia-dr-isidro-h-cisneros\/","name":"Hoy las emociones sustituyen la ideolog\u00eda: Dr Isidro H Cisneros -","isPartOf":{"@id":"https:\/\/arjenoticias.com.mx\/#website"},"primaryImageOfPage":{"@id":"https:\/\/arjenoticias.com.mx\/politica\/hoy-las-emociones-sustituyen-la-ideologia-dr-isidro-h-cisneros\/#primaryimage"},"image":{"@id":"https:\/\/arjenoticias.com.mx\/politica\/hoy-las-emociones-sustituyen-la-ideologia-dr-isidro-h-cisneros\/#primaryimage"},"thumbnailUrl":"https:\/\/arjenoticias.com.mx\/wp-content\/uploads\/2026\/06\/Raul-Monter-Ortega-40.png","datePublished":"2026-06-12T20:15:15+00:00","dateModified":"2026-06-12T20:15:18+00:00","description":"La 4T no han podido comunicar cual es su ideolog\u00eda, ya que transitan en caminos sinuosos, confusos, pues no son de izquierda, no son de derecha, su discurso es cambiante, tal es el caso de la atenci\u00f3n a demandas de las madres buscadoras, de los pensionados de CFE, PEMEX, ISSTE, a los transportistas, agricultores y muchos mas colectivos,","breadcrumb":{"@id":"https:\/\/arjenoticias.com.mx\/politica\/hoy-las-emociones-sustituyen-la-ideologia-dr-isidro-h-cisneros\/#breadcrumb"},"inLanguage":"es","potentialAction":[{"@type":"ReadAction","target":["https:\/\/arjenoticias.com.mx\/politica\/hoy-las-emociones-sustituyen-la-ideologia-dr-isidro-h-cisneros\/"]}]},{"@type":"ImageObject","inLanguage":"es","@id":"https:\/\/arjenoticias.com.mx\/politica\/hoy-las-emociones-sustituyen-la-ideologia-dr-isidro-h-cisneros\/#primaryimage","url":"https:\/\/arjenoticias.com.mx\/wp-content\/uploads\/2026\/06\/Raul-Monter-Ortega-40.png","contentUrl":"https:\/\/arjenoticias.com.mx\/wp-content\/uploads\/2026\/06\/Raul-Monter-Ortega-40.png","width":600,"height":400,"caption":"la sociedad mexicana esta hu\u00e9rfana de pol\u00edtica e ideolog\u00eda."},{"@type":"BreadcrumbList","@id":"https:\/\/arjenoticias.com.mx\/politica\/hoy-las-emociones-sustituyen-la-ideologia-dr-isidro-h-cisneros\/#breadcrumb","itemListElement":[{"@type":"ListItem","position":1,"name":"Portada","item":"https:\/\/arjenoticias.com.mx\/"},{"@type":"ListItem","position":2,"name":"Hoy las emociones sustituyen la ideolog\u00eda: Dr Isidro H Cisneros"}]},{"@type":"WebSite","@id":"https:\/\/arjenoticias.com.mx\/#website","url":"https:\/\/arjenoticias.com.mx\/","name":"Arj\u00e9 M\u00e9xico","description":"","publisher":{"@id":"https:\/\/arjenoticias.com.mx\/#organization"},"potentialAction":[{"@type":"SearchAction","target":{"@type":"EntryPoint","urlTemplate":"https:\/\/arjenoticias.com.mx\/?s={search_term_string}"},"query-input":{"@type":"PropertyValueSpecification","valueRequired":true,"valueName":"search_term_string"}}],"inLanguage":"es"},{"@type":"Organization","@id":"https:\/\/arjenoticias.com.mx\/#organization","name":"Arj\u00e9 M\u00e9xico","url":"https:\/\/arjenoticias.com.mx\/","logo":{"@type":"ImageObject","inLanguage":"es","@id":"https:\/\/arjenoticias.com.mx\/#\/schema\/logo\/image\/","url":"https:\/\/arjenoticias.com\/wp-content\/uploads\/2026\/04\/cropped-cropped-logo-inverted-1-scaled-1.png","contentUrl":"https:\/\/arjenoticias.com\/wp-content\/uploads\/2026\/04\/cropped-cropped-logo-inverted-1-scaled-1.png","width":2556,"height":549,"caption":"Arj\u00e9 M\u00e9xico"},"image":{"@id":"https:\/\/arjenoticias.com.mx\/#\/schema\/logo\/image\/"},"sameAs":["https:\/\/www.facebook.com\/ArjeNoticiasMX","https:\/\/x.com\/ArjeNoticias"]},{"@type":"Person","@id":"https:\/\/arjenoticias.com.mx\/#\/schema\/person\/ea4e505f8f8f30d5745f4a0712a580d8","name":"Ra\u00fal Monter Ortega","image":{"@type":"ImageObject","inLanguage":"es","@id":"https:\/\/arjenoticias.com\/wp-content\/uploads\/2026\/04\/RAUL-MONTER-96x96.png","url":"https:\/\/arjenoticias.com\/wp-content\/uploads\/2026\/04\/RAUL-MONTER-96x96.png","contentUrl":"https:\/\/arjenoticias.com\/wp-content\/uploads\/2026\/04\/RAUL-MONTER-96x96.png","caption":"Ra\u00fal Monter Ortega"},"description":"Editorialista, observador y activista. Promotor de las libertades constitucionales de los mexicanos. Catedr\u00e1tico y vicerrector de ESPE.","url":"https:\/\/arjenoticias.com.mx\/author\/raul-monter-ortega\/"}]}},"featured_image_urls":{"full":["https:\/\/arjenoticias.com.mx\/wp-content\/uploads\/2026\/06\/Raul-Monter-Ortega-40.png",600,400,false],"thumbnail":["https:\/\/arjenoticias.com.mx\/wp-content\/uploads\/2026\/06\/Raul-Monter-Ortega-40-150x150.png",150,150,true],"medium":["https:\/\/arjenoticias.com.mx\/wp-content\/uploads\/2026\/06\/Raul-Monter-Ortega-40-300x200.png",300,200,true],"medium_large":["https:\/\/arjenoticias.com.mx\/wp-content\/uploads\/2026\/06\/Raul-Monter-Ortega-40.png",600,400,false],"large":["https:\/\/arjenoticias.com.mx\/wp-content\/uploads\/2026\/06\/Raul-Monter-Ortega-40.png",600,400,false],"1536x1536":["https:\/\/arjenoticias.com.mx\/wp-content\/uploads\/2026\/06\/Raul-Monter-Ortega-40.png",600,400,false],"2048x2048":["https:\/\/arjenoticias.com.mx\/wp-content\/uploads\/2026\/06\/Raul-Monter-Ortega-40.png",600,400,false],"covernews-featured":["https:\/\/arjenoticias.com.mx\/wp-content\/uploads\/2026\/06\/Raul-Monter-Ortega-40.png",600,400,false],"covernews-medium":["https:\/\/arjenoticias.com.mx\/wp-content\/uploads\/2026\/06\/Raul-Monter-Ortega-40-540x340.png",540,340,true]},"author_info":{"info":["Ra\u00fal Monter Ortega"]},"category_info":"<a href=\"https:\/\/arjenoticias.com.mx\/category\/politica\/\" rel=\"category tag\">Pol\u00edtica<\/a>","tag_info":"Pol\u00edtica","comment_count":"0","_links":{"self":[{"href":"https:\/\/arjenoticias.com.mx\/wp-json\/wp\/v2\/posts\/15166","targetHints":{"allow":["GET"]}}],"collection":[{"href":"https:\/\/arjenoticias.com.mx\/wp-json\/wp\/v2\/posts"}],"about":[{"href":"https:\/\/arjenoticias.com.mx\/wp-json\/wp\/v2\/types\/post"}],"author":[{"embeddable":true,"href":"https:\/\/arjenoticias.com.mx\/wp-json\/wp\/v2\/users\/8"}],"replies":[{"embeddable":true,"href":"https:\/\/arjenoticias.com.mx\/wp-json\/wp\/v2\/comments?post=15166"}],"version-history":[{"count":1,"href":"https:\/\/arjenoticias.com.mx\/wp-json\/wp\/v2\/posts\/15166\/revisions"}],"predecessor-version":[{"id":15168,"href":"https:\/\/arjenoticias.com.mx\/wp-json\/wp\/v2\/posts\/15166\/revisions\/15168"}],"wp:featuredmedia":[{"embeddable":true,"href":"https:\/\/arjenoticias.com.mx\/wp-json\/wp\/v2\/media\/15167"}],"wp:attachment":[{"href":"https:\/\/arjenoticias.com.mx\/wp-json\/wp\/v2\/media?parent=15166"}],"wp:term":[{"taxonomy":"category","embeddable":true,"href":"https:\/\/arjenoticias.com.mx\/wp-json\/wp\/v2\/categories?post=15166"},{"taxonomy":"post_tag","embeddable":true,"href":"https:\/\/arjenoticias.com.mx\/wp-json\/wp\/v2\/tags?post=15166"}],"curies":[{"name":"wp","href":"https:\/\/api.w.org\/{rel}","templated":true}]}}