{"id":14859,"date":"2026-06-03T11:24:58","date_gmt":"2026-06-03T17:24:58","guid":{"rendered":"https:\/\/arjenoticias.com\/?p=14859"},"modified":"2026-06-03T11:24:58","modified_gmt":"2026-06-03T17:24:58","slug":"construir-un-proyecto-personal-con-los-recursos-del-dif","status":"publish","type":"post","link":"https:\/\/arjenoticias.com.mx\/?p=14859","title":{"rendered":"Construir un proyecto personal con los recursos del DIF"},"content":{"rendered":"\n<p class=\"wp-block-paragraph\">La llegada de Ale Morales a la Direcci\u00f3n General del DIF Nuevo Le\u00f3n abre una nueva etapa para una de las instituciones m\u00e1s sensibles del estado, &#8220;El DIF&#8221;. Ahora resulta que la excandidata a la alcald\u00eda de San Nicol\u00e1s, que todo apunta volver\u00e1 a buscarla, contar\u00e1 con la chequera de esta instituci\u00f3n.<\/p>\n\n\n\n<p class=\"wp-block-paragraph\">\u00bfY que creen que hizo en su primer d\u00eda en el puesto?, Pues claro, se fue a San Nicol\u00e1s a visitar la Posada del Hospital Metropolitano para supervisar las acciones que ah\u00ed se realizan, as\u00ed como conocer de primera mano el sentir de las personas que ah\u00ed se encuentran, vaya \u00a1que conveniente!<\/p>\n\n\n\n<p class=\"wp-block-paragraph\">Ale Morales, y el equipo de campa\u00f1a del &#8220;DIF&#8221; se pusieron el chaleco naranja; una foto donde solo les falt\u00f3 levantar el pu\u00f1o en se\u00f1al de triunfo, pero no son tiempos electorales \u00bfo s\u00ed?<\/p>\n\n\n\n<p class=\"wp-block-paragraph\">Y mientras tanto en el PAN y en el PRI parecen dormir el sue\u00f1o de los justos, pues no es lo mismo andar por la vida con dinero, que sin dinero.<\/p>\n\n\n\n<figure class=\"wp-block-image size-large\"><img decoding=\"async\" src=\"https:\/\/arjenoticias.com.mx\/wp-content\/uploads\/2026\/06\/image-1-1024x768.png\" alt=\"\" class=\"wp-image-14860\"\/><\/figure>\n\n\n\n<p class=\"wp-block-paragraph\">La relevancia social de esta instituci\u00f3n obliga a mantener una vigilancia permanente sobre el uso de sus recursos y programas.<\/p>\n\n\n\n<p class=\"wp-block-paragraph\">En M\u00e9xico, los organismos de asistencia social han sido hist\u00f3ricamente objeto de escrutinio p\u00fablico debido al riesgo de que los apoyos gubernamentales sean utilizados para construir capital pol\u00edtico o fortalecer proyectos personales. <strong>Por ello, la transparencia, la rendici\u00f3n de cuentas y la separaci\u00f3n entre la labor social y la promoci\u00f3n pol\u00edtica deben ser principios irrenunciables.<\/strong><\/p>\n\n\n\n<p class=\"wp-block-paragraph\">La presencia constante de funcionarios en colonias, eventos comunitarios y programas de apoyo puede generar cercan\u00eda con la ciudadan\u00eda, pero tambi\u00e9n plantea la responsabilidad de garantizar <strong>que cada acci\u00f3n responda exclusivamente a objetivos institucionales y no a estrategias de posicionamiento electoral.<\/strong><\/p>\n\n\n\n<p class=\"wp-block-paragraph\">Ale Morales tiene ahora la oportunidad de demostrar que el DIF Nuevo Le\u00f3n puede fortalecer su labor social sin que exista duda alguna sobre la imparcialidad de sus programas. <strong>La mejor manera de hacerlo ser\u00e1 mediante reglas claras, transparencia en el ejercicio del presupuesto y una atenci\u00f3n centrada en las personas, no en intereses pol\u00edticos.<\/strong><\/p>\n\n\n\n<p class=\"wp-block-paragraph\"><strong>La asistencia social debe servir para aliviar necesidades, no para construir plataformas electorales<\/strong>. Ese es el reto para cualquier administraci\u00f3n y la exigencia leg\u00edtima de la ciudadan\u00eda. El tiempo ser\u00e1 el encargado de demostrar si esta nueva etapa en el DIF Nuevo Le\u00f3n se distingue por los resultados sociales o por las ambiciones pol\u00edticas que algunos observadores ya comienzan a se\u00f1alar.<\/p>\n","protected":false},"excerpt":{"rendered":"<p>La llegada de Ale Morales a la Direcci\u00f3n General del DIF Nuevo Le\u00f3n abre una&#8230;<\/p>\n","protected":false},"author":67,"featured_media":14863,"comment_status":"open","ping_status":"open","sticky":false,"template":"","format":"standard","meta":{"footnotes":""},"categories":[7,12],"tags":[142],"class_list":["post-14859","post","type-post","status-publish","format-standard","has-post-thumbnail","hentry","category-lo-mas-relevante","category-opinion","tag-alejandra-del-moral-llega-al-dif"],"yoast_head":"<!-- This site is optimized with the Yoast SEO plugin v28.4 - https:\/\/yoast.com\/product\/yoast-seo-wordpress\/ -->\n<title>Construir un proyecto personal con los recursos del DIF -<\/title>\n<meta name=\"description\" content=\"Teresa Sep\u00falveda cuestiona en arjenoticias.com si Alejandra Morales utilizar\u00e1 el dinero del DIF para promoverse en San Nicol\u00e1s.\" \/>\n<meta name=\"robots\" content=\"index, follow, max-snippet:-1, max-image-preview:large, max-video-preview:-1\" \/>\n<link rel=\"canonical\" href=\"https:\/\/arjenoticias.com.mx\/?p=14859\" \/>\n<meta property=\"og:locale\" content=\"es_MX\" \/>\n<meta property=\"og:type\" content=\"article\" \/>\n<meta property=\"og:title\" content=\"Construir un proyecto personal con los recursos del DIF -\" \/>\n<meta property=\"og:description\" content=\"Teresa Sep\u00falveda cuestiona en arjenoticias.com si Alejandra Morales utilizar\u00e1 el dinero del DIF para promoverse en San Nicol\u00e1s.\" \/>\n<meta property=\"og:url\" content=\"https:\/\/arjenoticias.com.mx\/?p=14859\" \/>\n<meta property=\"article:published_time\" content=\"2026-06-03T17:24:58+00:00\" \/>\n<meta name=\"author\" content=\"Teresa Sep\u00falveda Elizondo\" \/>\n<meta name=\"twitter:card\" content=\"summary_large_image\" \/>\n<meta name=\"twitter:label1\" content=\"Escrito por\" \/>\n\t<meta name=\"twitter:data1\" content=\"Teresa Sep\u00falveda Elizondo\" \/>\n\t<meta name=\"twitter:label2\" content=\"Tiempo de lectura\" \/>\n\t<meta name=\"twitter:data2\" content=\"3 minutos\" \/>\n<script type=\"application\/ld+json\" class=\"yoast-schema-graph\">{\"@context\":\"https:\\\/\\\/schema.org\",\"@graph\":[{\"@type\":\"Article\",\"@id\":\"https:\\\/\\\/arjenoticias.com.mx\\\/?p=14859#article\",\"isPartOf\":{\"@id\":\"https:\\\/\\\/arjenoticias.com.mx\\\/?p=14859\"},\"author\":{\"name\":\"Teresa Sep\u00falveda Elizondo\",\"@id\":\"https:\\\/\\\/arjenoticias.com.mx\\\/#\\\/schema\\\/person\\\/da5b96cdb3d0ca850682c4c74f9888d1\"},\"headline\":\"Construir un proyecto personal con los recursos del DIF\",\"datePublished\":\"2026-06-03T17:24:58+00:00\",\"mainEntityOfPage\":{\"@id\":\"https:\\\/\\\/arjenoticias.com.mx\\\/?p=14859\"},\"wordCount\":444,\"commentCount\":0,\"publisher\":{\"@id\":\"https:\\\/\\\/arjenoticias.com.mx\\\/#organization\"},\"image\":{\"@id\":\"https:\\\/\\\/arjenoticias.com.mx\\\/?p=14859#primaryimage\"},\"thumbnailUrl\":\"\",\"keywords\":[\"Alejandra del Moral llega al DIF\"],\"articleSection\":[\"Lo m\u00e1s relevante\",\"Opini\u00f3n\"],\"inLanguage\":\"es\",\"potentialAction\":[{\"@type\":\"CommentAction\",\"name\":\"Comment\",\"target\":[\"https:\\\/\\\/arjenoticias.com.mx\\\/?p=14859#respond\"]}]},{\"@type\":\"WebPage\",\"@id\":\"https:\\\/\\\/arjenoticias.com.mx\\\/?p=14859\",\"url\":\"https:\\\/\\\/arjenoticias.com.mx\\\/?p=14859\",\"name\":\"Construir un proyecto personal con los recursos del DIF -\",\"isPartOf\":{\"@id\":\"https:\\\/\\\/arjenoticias.com.mx\\\/#website\"},\"primaryImageOfPage\":{\"@id\":\"https:\\\/\\\/arjenoticias.com.mx\\\/?p=14859#primaryimage\"},\"image\":{\"@id\":\"https:\\\/\\\/arjenoticias.com.mx\\\/?p=14859#primaryimage\"},\"thumbnailUrl\":\"\",\"datePublished\":\"2026-06-03T17:24:58+00:00\",\"description\":\"Teresa Sep\u00falveda cuestiona en arjenoticias.com si Alejandra Morales utilizar\u00e1 el dinero del DIF para promoverse en San Nicol\u00e1s.\",\"breadcrumb\":{\"@id\":\"https:\\\/\\\/arjenoticias.com.mx\\\/?p=14859#breadcrumb\"},\"inLanguage\":\"es\",\"potentialAction\":[{\"@type\":\"ReadAction\",\"target\":[\"https:\\\/\\\/arjenoticias.com.mx\\\/?p=14859\"]}]},{\"@type\":\"ImageObject\",\"inLanguage\":\"es\",\"@id\":\"https:\\\/\\\/arjenoticias.com.mx\\\/?p=14859#primaryimage\",\"url\":\"\",\"contentUrl\":\"\"},{\"@type\":\"BreadcrumbList\",\"@id\":\"https:\\\/\\\/arjenoticias.com.mx\\\/?p=14859#breadcrumb\",\"itemListElement\":[{\"@type\":\"ListItem\",\"position\":1,\"name\":\"Inicio\",\"item\":\"https:\\\/\\\/arjenoticias.com.mx\\\/\"},{\"@type\":\"ListItem\",\"position\":2,\"name\":\"Construir un proyecto personal con los recursos del DIF\"}]},{\"@type\":\"WebSite\",\"@id\":\"https:\\\/\\\/arjenoticias.com.mx\\\/#website\",\"url\":\"https:\\\/\\\/arjenoticias.com.mx\\\/\",\"name\":\"arjenoticias.com.mx\",\"description\":\"\",\"publisher\":{\"@id\":\"https:\\\/\\\/arjenoticias.com.mx\\\/#organization\"},\"potentialAction\":[{\"@type\":\"SearchAction\",\"target\":{\"@type\":\"EntryPoint\",\"urlTemplate\":\"https:\\\/\\\/arjenoticias.com.mx\\\/?s={search_term_string}\"},\"query-input\":{\"@type\":\"PropertyValueSpecification\",\"valueRequired\":true,\"valueName\":\"search_term_string\"}}],\"inLanguage\":\"es\"},{\"@type\":\"Organization\",\"@id\":\"https:\\\/\\\/arjenoticias.com.mx\\\/#organization\",\"name\":\"Arj\u00e9 de M\u00e9xico Noticias\",\"url\":\"https:\\\/\\\/arjenoticias.com.mx\\\/\",\"logo\":{\"@type\":\"ImageObject\",\"inLanguage\":\"es\",\"@id\":\"https:\\\/\\\/arjenoticias.com.mx\\\/#\\\/schema\\\/logo\\\/image\\\/\",\"url\":\"https:\\\/\\\/arjenoticias.com.mx\\\/wp-content\\\/uploads\\\/2025\\\/07\\\/cropped-logo-scaled-1.png\",\"contentUrl\":\"https:\\\/\\\/arjenoticias.com.mx\\\/wp-content\\\/uploads\\\/2025\\\/07\\\/cropped-logo-scaled-1.png\",\"width\":2558,\"height\":558,\"caption\":\"Arj\u00e9 de M\u00e9xico Noticias\"},\"image\":{\"@id\":\"https:\\\/\\\/arjenoticias.com.mx\\\/#\\\/schema\\\/logo\\\/image\\\/\"}},{\"@type\":\"Person\",\"@id\":\"https:\\\/\\\/arjenoticias.com.mx\\\/#\\\/schema\\\/person\\\/da5b96cdb3d0ca850682c4c74f9888d1\",\"name\":\"Teresa Sep\u00falveda Elizondo\",\"image\":{\"@type\":\"ImageObject\",\"inLanguage\":\"es\",\"@id\":\"https:\\\/\\\/secure.gravatar.com\\\/avatar\\\/d028fefd8eb201705a23e8ddfe978fbf484e56c5190e4b37aa46229a4d471d39?s=96&d=mm&r=g\",\"url\":\"https:\\\/\\\/secure.gravatar.com\\\/avatar\\\/d028fefd8eb201705a23e8ddfe978fbf484e56c5190e4b37aa46229a4d471d39?s=96&d=mm&r=g\",\"contentUrl\":\"https:\\\/\\\/secure.gravatar.com\\\/avatar\\\/d028fefd8eb201705a23e8ddfe978fbf484e56c5190e4b37aa46229a4d471d39?s=96&d=mm&r=g\",\"caption\":\"Teresa Sep\u00falveda Elizondo\"},\"url\":\"https:\\\/\\\/arjenoticias.com.mx\\\/?author=67\"}]}<\/script>\n<!-- \/ Yoast SEO plugin. -->","yoast_head_json":{"title":"Construir un proyecto personal con los recursos del DIF -","description":"Teresa Sep\u00falveda cuestiona en arjenoticias.com si Alejandra Morales utilizar\u00e1 el dinero del DIF para promoverse en San Nicol\u00e1s.","robots":{"index":"index","follow":"follow","max-snippet":"max-snippet:-1","max-image-preview":"max-image-preview:large","max-video-preview":"max-video-preview:-1"},"canonical":"https:\/\/arjenoticias.com.mx\/?p=14859","og_locale":"es_MX","og_type":"article","og_title":"Construir un proyecto personal con los recursos del DIF -","og_description":"Teresa Sep\u00falveda cuestiona en arjenoticias.com si Alejandra Morales utilizar\u00e1 el dinero del DIF para promoverse en San Nicol\u00e1s.","og_url":"https:\/\/arjenoticias.com.mx\/?p=14859","article_published_time":"2026-06-03T17:24:58+00:00","author":"Teresa Sep\u00falveda Elizondo","twitter_card":"summary_large_image","twitter_misc":{"Escrito por":"Teresa Sep\u00falveda Elizondo","Tiempo de lectura":"3 minutos"},"schema":{"@context":"https:\/\/schema.org","@graph":[{"@type":"Article","@id":"https:\/\/arjenoticias.com.mx\/?p=14859#article","isPartOf":{"@id":"https:\/\/arjenoticias.com.mx\/?p=14859"},"author":{"name":"Teresa Sep\u00falveda Elizondo","@id":"https:\/\/arjenoticias.com.mx\/#\/schema\/person\/da5b96cdb3d0ca850682c4c74f9888d1"},"headline":"Construir un proyecto personal con los recursos del DIF","datePublished":"2026-06-03T17:24:58+00:00","mainEntityOfPage":{"@id":"https:\/\/arjenoticias.com.mx\/?p=14859"},"wordCount":444,"commentCount":0,"publisher":{"@id":"https:\/\/arjenoticias.com.mx\/#organization"},"image":{"@id":"https:\/\/arjenoticias.com.mx\/?p=14859#primaryimage"},"thumbnailUrl":"","keywords":["Alejandra del Moral llega al DIF"],"articleSection":["Lo m\u00e1s relevante","Opini\u00f3n"],"inLanguage":"es","potentialAction":[{"@type":"CommentAction","name":"Comment","target":["https:\/\/arjenoticias.com.mx\/?p=14859#respond"]}]},{"@type":"WebPage","@id":"https:\/\/arjenoticias.com.mx\/?p=14859","url":"https:\/\/arjenoticias.com.mx\/?p=14859","name":"Construir un proyecto personal con los recursos del DIF -","isPartOf":{"@id":"https:\/\/arjenoticias.com.mx\/#website"},"primaryImageOfPage":{"@id":"https:\/\/arjenoticias.com.mx\/?p=14859#primaryimage"},"image":{"@id":"https:\/\/arjenoticias.com.mx\/?p=14859#primaryimage"},"thumbnailUrl":"","datePublished":"2026-06-03T17:24:58+00:00","description":"Teresa Sep\u00falveda cuestiona en arjenoticias.com si Alejandra Morales utilizar\u00e1 el dinero del DIF para promoverse en San Nicol\u00e1s.","breadcrumb":{"@id":"https:\/\/arjenoticias.com.mx\/?p=14859#breadcrumb"},"inLanguage":"es","potentialAction":[{"@type":"ReadAction","target":["https:\/\/arjenoticias.com.mx\/?p=14859"]}]},{"@type":"ImageObject","inLanguage":"es","@id":"https:\/\/arjenoticias.com.mx\/?p=14859#primaryimage","url":"","contentUrl":""},{"@type":"BreadcrumbList","@id":"https:\/\/arjenoticias.com.mx\/?p=14859#breadcrumb","itemListElement":[{"@type":"ListItem","position":1,"name":"Inicio","item":"https:\/\/arjenoticias.com.mx\/"},{"@type":"ListItem","position":2,"name":"Construir un proyecto personal con los recursos del DIF"}]},{"@type":"WebSite","@id":"https:\/\/arjenoticias.com.mx\/#website","url":"https:\/\/arjenoticias.com.mx\/","name":"arjenoticias.com.mx","description":"","publisher":{"@id":"https:\/\/arjenoticias.com.mx\/#organization"},"potentialAction":[{"@type":"SearchAction","target":{"@type":"EntryPoint","urlTemplate":"https:\/\/arjenoticias.com.mx\/?s={search_term_string}"},"query-input":{"@type":"PropertyValueSpecification","valueRequired":true,"valueName":"search_term_string"}}],"inLanguage":"es"},{"@type":"Organization","@id":"https:\/\/arjenoticias.com.mx\/#organization","name":"Arj\u00e9 de M\u00e9xico Noticias","url":"https:\/\/arjenoticias.com.mx\/","logo":{"@type":"ImageObject","inLanguage":"es","@id":"https:\/\/arjenoticias.com.mx\/#\/schema\/logo\/image\/","url":"https:\/\/arjenoticias.com.mx\/wp-content\/uploads\/2025\/07\/cropped-logo-scaled-1.png","contentUrl":"https:\/\/arjenoticias.com.mx\/wp-content\/uploads\/2025\/07\/cropped-logo-scaled-1.png","width":2558,"height":558,"caption":"Arj\u00e9 de M\u00e9xico Noticias"},"image":{"@id":"https:\/\/arjenoticias.com.mx\/#\/schema\/logo\/image\/"}},{"@type":"Person","@id":"https:\/\/arjenoticias.com.mx\/#\/schema\/person\/da5b96cdb3d0ca850682c4c74f9888d1","name":"Teresa Sep\u00falveda Elizondo","image":{"@type":"ImageObject","inLanguage":"es","@id":"https:\/\/secure.gravatar.com\/avatar\/d028fefd8eb201705a23e8ddfe978fbf484e56c5190e4b37aa46229a4d471d39?s=96&d=mm&r=g","url":"https:\/\/secure.gravatar.com\/avatar\/d028fefd8eb201705a23e8ddfe978fbf484e56c5190e4b37aa46229a4d471d39?s=96&d=mm&r=g","contentUrl":"https:\/\/secure.gravatar.com\/avatar\/d028fefd8eb201705a23e8ddfe978fbf484e56c5190e4b37aa46229a4d471d39?s=96&d=mm&r=g","caption":"Teresa Sep\u00falveda Elizondo"},"url":"https:\/\/arjenoticias.com.mx\/?author=67"}]}},"_links":{"self":[{"href":"https:\/\/arjenoticias.com.mx\/index.php?rest_route=\/wp\/v2\/posts\/14859","targetHints":{"allow":["GET"]}}],"collection":[{"href":"https:\/\/arjenoticias.com.mx\/index.php?rest_route=\/wp\/v2\/posts"}],"about":[{"href":"https:\/\/arjenoticias.com.mx\/index.php?rest_route=\/wp\/v2\/types\/post"}],"author":[{"embeddable":true,"href":"https:\/\/arjenoticias.com.mx\/index.php?rest_route=\/wp\/v2\/users\/67"}],"replies":[{"embeddable":true,"href":"https:\/\/arjenoticias.com.mx\/index.php?rest_route=%2Fwp%2Fv2%2Fcomments&post=14859"}],"version-history":[{"count":0,"href":"https:\/\/arjenoticias.com.mx\/index.php?rest_route=\/wp\/v2\/posts\/14859\/revisions"}],"wp:attachment":[{"href":"https:\/\/arjenoticias.com.mx\/index.php?rest_route=%2Fwp%2Fv2%2Fmedia&parent=14859"}],"wp:term":[{"taxonomy":"category","embeddable":true,"href":"https:\/\/arjenoticias.com.mx\/index.php?rest_route=%2Fwp%2Fv2%2Fcategories&post=14859"},{"taxonomy":"post_tag","embeddable":true,"href":"https:\/\/arjenoticias.com.mx\/index.php?rest_route=%2Fwp%2Fv2%2Ftags&post=14859"}],"curies":[{"name":"wp","href":"https:\/\/api.w.org\/{rel}","templated":true}]}}