{"id":14851,"date":"2026-06-03T10:41:47","date_gmt":"2026-06-03T16:41:47","guid":{"rendered":"https:\/\/arjenoticias.com\/?p=14851"},"modified":"2026-06-03T10:52:24","modified_gmt":"2026-06-03T16:52:24","slug":"titulares-de-gobernacion-educacion-e-issste-llaman-al-dialogo-a-maestros","status":"publish","type":"post","link":"https:\/\/arjenoticias.com.mx\/lo-mas-relevante\/titulares-de-gobernacion-educacion-e-issste-llaman-al-dialogo-a-maestros\/","title":{"rendered":"Titulares de Gobernaci\u00f3n, Educaci\u00f3n e ISSSTE llaman al di\u00e1logo a maestros"},"content":{"rendered":"\n<p class=\"wp-block-paragraph\">Con el fin de mantener el di\u00e1logo abierto y evita que los estudiantes del pa\u00eds se vean afectados en sus clases, los titulares de Gobernaci\u00f3n, Rosa Icela Rodr\u00edguez Vel\u00e1zquez; el Secretario de Educaci\u00f3n, Mario Delgado y el Director General del ISSSTE, Mart\u00ed Batres Guadarrama, lanzaron un video reafirmando que a los maestros que las puertas est\u00e1n abiertas para seguir dialogando.<\/p>\n\n\n\n<p class=\"wp-block-paragraph\">Lo anterior se da tras Tras las nuevas protestas y bloqueos suscitados ayer 2 de junio por parte de integrantes de la Coordinadora Nacional de Trabajadores de la Educaci\u00f3n (<strong>CNTE<\/strong>),\u00a0<strong>la Secretar\u00eda de Gobernaci\u00f3n (Segob) anunci\u00f3 que continuar\u00e1n las mesas de trabajo con ellos este mi\u00e9rcoles 3 de junio.<\/strong><\/p>\n\n\n\n<p class=\"wp-block-paragraph\">En el mensaje conjunto de Rosa Icela Rodr\u00edguez inform\u00f3 que el gobierno de M\u00e9xico, por instrucci\u00f3n de Claudia Sheinbaum, mantiene abierta la v\u00eda del di\u00e1logo permanente, respetuoso y constructivo con los maestros de la CNTE. Asimismo, dijo, los tres funcionarios han expresado su voluntad para continuar en las mesas de trabajo y en la revisi\u00f3n de los temas que preocupan al magisterio.<\/p>\n\n\n\n<p class=\"wp-block-paragraph\">Por su parte el titular de la SEP indic\u00f3 que hay disposici\u00f3n de la Presidenta Claudia Sheinbaum para cumplir con el compromiso de desaparecer la Unidad del Sistema para la Carrera de las Maestras y los Maestros (Usicamm), el \u00f3rgano encargado de regular los procesos de selecci\u00f3n para la admisi\u00f3n, promoci\u00f3n y reconocimiento del personal docente y directivo, lo cual a sido una de las principales demandas de la CNTE.<\/p>\n\n\n\n<figure class=\"wp-block-embed is-type-video is-provider-youtube wp-block-embed-youtube wp-embed-aspect-16-9 wp-has-aspect-ratio\"><div class=\"wp-block-embed__wrapper\">\n<iframe title=\"Llaman al di\u00e1logo a maestros titulares del gobierno Federal\" width=\"640\" height=\"360\" src=\"https:\/\/www.youtube.com\/embed\/SJhoqGr9Ln8?feature=oembed\" frameborder=\"0\" allow=\"accelerometer; autoplay; clipboard-write; encrypted-media; gyroscope; picture-in-picture; web-share\" referrerpolicy=\"strict-origin-when-cross-origin\" allowfullscreen><\/iframe>\n<\/div><\/figure>\n","protected":false},"excerpt":{"rendered":"<p>Con el fin de mantener el di\u00e1logo abierto y evita que los estudiantes del pa\u00eds&#8230;<\/p>\n","protected":false},"author":1,"featured_media":14857,"comment_status":"open","ping_status":"open","sticky":false,"template":"","format":"standard","meta":{"footnotes":""},"categories":[605,7],"tags":[],"class_list":["post-14851","post","type-post","status-publish","format-standard","has-post-thumbnail","hentry","category-lo-mas-relevante","category-politica"],"yoast_head":"<!-- This site is optimized with the Yoast SEO plugin v28.4 - https:\/\/yoast.com\/product\/yoast-seo-wordpress\/ -->\n<title>Titulares de Gobernaci\u00f3n, Educaci\u00f3n e ISSSTE llaman al di\u00e1logo a maestros -<\/title>\n<meta name=\"description\" content=\"Arjenoticias.com\/ Desaparecer\u00e1n la Unidad del Sistema para la Carrera de los docentes (Usicamm) y mejorar\u00e1n servicios del ISSSTE.\" \/>\n<meta name=\"robots\" content=\"index, follow, max-snippet:-1, max-image-preview:large, max-video-preview:-1\" \/>\n<link rel=\"canonical\" href=\"https:\/\/arjenoticias.com.mx\/lo-mas-relevante\/titulares-de-gobernacion-educacion-e-issste-llaman-al-dialogo-a-maestros\/\" \/>\n<meta property=\"og:locale\" content=\"es_ES\" \/>\n<meta property=\"og:type\" content=\"article\" \/>\n<meta property=\"og:title\" content=\"Titulares de Gobernaci\u00f3n, Educaci\u00f3n e ISSSTE llaman al di\u00e1logo a maestros -\" \/>\n<meta property=\"og:description\" content=\"Arjenoticias.com\/ Desaparecer\u00e1n la Unidad del Sistema para la Carrera de los docentes (Usicamm) y mejorar\u00e1n servicios del ISSSTE.\" \/>\n<meta property=\"og:url\" content=\"https:\/\/arjenoticias.com.mx\/lo-mas-relevante\/titulares-de-gobernacion-educacion-e-issste-llaman-al-dialogo-a-maestros\/\" \/>\n<meta property=\"article:publisher\" content=\"https:\/\/www.facebook.com\/ArjeNoticiasMX\" \/>\n<meta property=\"article:published_time\" content=\"2026-06-03T16:41:47+00:00\" \/>\n<meta property=\"article:modified_time\" content=\"2026-06-03T16:52:24+00:00\" \/>\n<meta property=\"og:image\" content=\"https:\/\/arjenoticias.com.mx\/wp-content\/uploads\/2026\/06\/Arje-Noticias.png\" \/>\n\t<meta property=\"og:image:width\" content=\"600\" \/>\n\t<meta property=\"og:image:height\" content=\"400\" \/>\n\t<meta property=\"og:image:type\" content=\"image\/png\" \/>\n<meta name=\"author\" content=\"Arj\u00e9 Noticias\" \/>\n<meta name=\"twitter:card\" content=\"summary_large_image\" \/>\n<meta name=\"twitter:creator\" content=\"@ArjeNoticias\" \/>\n<meta name=\"twitter:site\" content=\"@ArjeNoticias\" \/>\n<meta name=\"twitter:label1\" content=\"Escrito por\" \/>\n\t<meta name=\"twitter:data1\" content=\"Arj\u00e9 Noticias\" \/>\n\t<meta name=\"twitter:label2\" content=\"Tiempo de lectura\" \/>\n\t<meta name=\"twitter:data2\" content=\"2 minutos\" \/>\n<script type=\"application\/ld+json\" class=\"yoast-schema-graph\">{\"@context\":\"https:\\\/\\\/schema.org\",\"@graph\":[{\"@type\":\"Article\",\"@id\":\"https:\\\/\\\/arjenoticias.com.mx\\\/lo-mas-relevante\\\/titulares-de-gobernacion-educacion-e-issste-llaman-al-dialogo-a-maestros\\\/#article\",\"isPartOf\":{\"@id\":\"https:\\\/\\\/arjenoticias.com.mx\\\/lo-mas-relevante\\\/titulares-de-gobernacion-educacion-e-issste-llaman-al-dialogo-a-maestros\\\/\"},\"author\":{\"name\":\"Arj\u00e9 Noticias\",\"@id\":\"https:\\\/\\\/arjenoticias.com.mx\\\/#\\\/schema\\\/person\\\/1f8657b2ea5d2a202124d43971a97b85\"},\"headline\":\"Titulares de Gobernaci\u00f3n, Educaci\u00f3n e ISSSTE llaman al di\u00e1logo a maestros\",\"datePublished\":\"2026-06-03T16:41:47+00:00\",\"dateModified\":\"2026-06-03T16:52:24+00:00\",\"mainEntityOfPage\":{\"@id\":\"https:\\\/\\\/arjenoticias.com.mx\\\/lo-mas-relevante\\\/titulares-de-gobernacion-educacion-e-issste-llaman-al-dialogo-a-maestros\\\/\"},\"wordCount\":280,\"commentCount\":0,\"publisher\":{\"@id\":\"https:\\\/\\\/arjenoticias.com.mx\\\/#organization\"},\"image\":{\"@id\":\"https:\\\/\\\/arjenoticias.com.mx\\\/lo-mas-relevante\\\/titulares-de-gobernacion-educacion-e-issste-llaman-al-dialogo-a-maestros\\\/#primaryimage\"},\"thumbnailUrl\":\"https:\\\/\\\/arjenoticias.com.mx\\\/wp-content\\\/uploads\\\/2026\\\/06\\\/Arje-Noticias.png\",\"articleSection\":[\"Lo m\u00e1s relevante\",\"Pol\u00edtica\"],\"inLanguage\":\"es\",\"potentialAction\":[{\"@type\":\"CommentAction\",\"name\":\"Comment\",\"target\":[\"https:\\\/\\\/arjenoticias.com.mx\\\/lo-mas-relevante\\\/titulares-de-gobernacion-educacion-e-issste-llaman-al-dialogo-a-maestros\\\/#respond\"]}]},{\"@type\":\"WebPage\",\"@id\":\"https:\\\/\\\/arjenoticias.com.mx\\\/lo-mas-relevante\\\/titulares-de-gobernacion-educacion-e-issste-llaman-al-dialogo-a-maestros\\\/\",\"url\":\"https:\\\/\\\/arjenoticias.com.mx\\\/lo-mas-relevante\\\/titulares-de-gobernacion-educacion-e-issste-llaman-al-dialogo-a-maestros\\\/\",\"name\":\"Titulares de Gobernaci\u00f3n, Educaci\u00f3n e ISSSTE llaman al di\u00e1logo a maestros -\",\"isPartOf\":{\"@id\":\"https:\\\/\\\/arjenoticias.com.mx\\\/#website\"},\"primaryImageOfPage\":{\"@id\":\"https:\\\/\\\/arjenoticias.com.mx\\\/lo-mas-relevante\\\/titulares-de-gobernacion-educacion-e-issste-llaman-al-dialogo-a-maestros\\\/#primaryimage\"},\"image\":{\"@id\":\"https:\\\/\\\/arjenoticias.com.mx\\\/lo-mas-relevante\\\/titulares-de-gobernacion-educacion-e-issste-llaman-al-dialogo-a-maestros\\\/#primaryimage\"},\"thumbnailUrl\":\"https:\\\/\\\/arjenoticias.com.mx\\\/wp-content\\\/uploads\\\/2026\\\/06\\\/Arje-Noticias.png\",\"datePublished\":\"2026-06-03T16:41:47+00:00\",\"dateModified\":\"2026-06-03T16:52:24+00:00\",\"description\":\"Arjenoticias.com\\\/ Desaparecer\u00e1n la Unidad del Sistema para la Carrera de los docentes (Usicamm) y mejorar\u00e1n servicios del ISSSTE.\",\"breadcrumb\":{\"@id\":\"https:\\\/\\\/arjenoticias.com.mx\\\/lo-mas-relevante\\\/titulares-de-gobernacion-educacion-e-issste-llaman-al-dialogo-a-maestros\\\/#breadcrumb\"},\"inLanguage\":\"es\",\"potentialAction\":[{\"@type\":\"ReadAction\",\"target\":[\"https:\\\/\\\/arjenoticias.com.mx\\\/lo-mas-relevante\\\/titulares-de-gobernacion-educacion-e-issste-llaman-al-dialogo-a-maestros\\\/\"]}]},{\"@type\":\"ImageObject\",\"inLanguage\":\"es\",\"@id\":\"https:\\\/\\\/arjenoticias.com.mx\\\/lo-mas-relevante\\\/titulares-de-gobernacion-educacion-e-issste-llaman-al-dialogo-a-maestros\\\/#primaryimage\",\"url\":\"https:\\\/\\\/arjenoticias.com.mx\\\/wp-content\\\/uploads\\\/2026\\\/06\\\/Arje-Noticias.png\",\"contentUrl\":\"https:\\\/\\\/arjenoticias.com.mx\\\/wp-content\\\/uploads\\\/2026\\\/06\\\/Arje-Noticias.png\",\"width\":600,\"height\":400,\"caption\":\"Segob, SEP e ISSSTE plantean dos mesas de trabajo con la CNTE\"},{\"@type\":\"BreadcrumbList\",\"@id\":\"https:\\\/\\\/arjenoticias.com.mx\\\/lo-mas-relevante\\\/titulares-de-gobernacion-educacion-e-issste-llaman-al-dialogo-a-maestros\\\/#breadcrumb\",\"itemListElement\":[{\"@type\":\"ListItem\",\"position\":1,\"name\":\"Portada\",\"item\":\"https:\\\/\\\/arjenoticias.com.mx\\\/\"},{\"@type\":\"ListItem\",\"position\":2,\"name\":\"Titulares de Gobernaci\u00f3n, Educaci\u00f3n e ISSSTE llaman al di\u00e1logo a maestros\"}]},{\"@type\":\"WebSite\",\"@id\":\"https:\\\/\\\/arjenoticias.com.mx\\\/#website\",\"url\":\"https:\\\/\\\/arjenoticias.com.mx\\\/\",\"name\":\"Arj\u00e9 M\u00e9xico\",\"description\":\"\",\"publisher\":{\"@id\":\"https:\\\/\\\/arjenoticias.com.mx\\\/#organization\"},\"potentialAction\":[{\"@type\":\"SearchAction\",\"target\":{\"@type\":\"EntryPoint\",\"urlTemplate\":\"https:\\\/\\\/arjenoticias.com.mx\\\/?s={search_term_string}\"},\"query-input\":{\"@type\":\"PropertyValueSpecification\",\"valueRequired\":true,\"valueName\":\"search_term_string\"}}],\"inLanguage\":\"es\"},{\"@type\":\"Organization\",\"@id\":\"https:\\\/\\\/arjenoticias.com.mx\\\/#organization\",\"name\":\"Arj\u00e9 M\u00e9xico\",\"url\":\"https:\\\/\\\/arjenoticias.com.mx\\\/\",\"logo\":{\"@type\":\"ImageObject\",\"inLanguage\":\"es\",\"@id\":\"https:\\\/\\\/arjenoticias.com.mx\\\/#\\\/schema\\\/logo\\\/image\\\/\",\"url\":\"https:\\\/\\\/arjenoticias.com\\\/wp-content\\\/uploads\\\/2026\\\/04\\\/cropped-cropped-logo-inverted-1-scaled-1.png\",\"contentUrl\":\"https:\\\/\\\/arjenoticias.com\\\/wp-content\\\/uploads\\\/2026\\\/04\\\/cropped-cropped-logo-inverted-1-scaled-1.png\",\"width\":2556,\"height\":549,\"caption\":\"Arj\u00e9 M\u00e9xico\"},\"image\":{\"@id\":\"https:\\\/\\\/arjenoticias.com.mx\\\/#\\\/schema\\\/logo\\\/image\\\/\"},\"sameAs\":[\"https:\\\/\\\/www.facebook.com\\\/ArjeNoticiasMX\",\"https:\\\/\\\/x.com\\\/ArjeNoticias\"]},{\"@type\":\"Person\",\"@id\":\"https:\\\/\\\/arjenoticias.com.mx\\\/#\\\/schema\\\/person\\\/1f8657b2ea5d2a202124d43971a97b85\",\"name\":\"Arj\u00e9 Noticias\",\"image\":{\"@type\":\"ImageObject\",\"inLanguage\":\"es\",\"@id\":\"https:\\\/\\\/arjenoticias.com\\\/wp-content\\\/uploads\\\/2026\\\/04\\\/Arje-Noticias-96x96.png\",\"url\":\"https:\\\/\\\/arjenoticias.com\\\/wp-content\\\/uploads\\\/2026\\\/04\\\/Arje-Noticias-96x96.png\",\"contentUrl\":\"https:\\\/\\\/arjenoticias.com\\\/wp-content\\\/uploads\\\/2026\\\/04\\\/Arje-Noticias-96x96.png\",\"caption\":\"Arj\u00e9 Noticias\"},\"sameAs\":[\"https:\\\/\\\/arjenoticias.com\"],\"url\":\"https:\\\/\\\/arjenoticias.com.mx\\\/author\\\/admin\\\/\"}]}<\/script>\n<!-- \/ Yoast SEO plugin. -->","yoast_head_json":{"title":"Titulares de Gobernaci\u00f3n, Educaci\u00f3n e ISSSTE llaman al di\u00e1logo a maestros -","description":"Arjenoticias.com\/ Desaparecer\u00e1n la Unidad del Sistema para la Carrera de los docentes (Usicamm) y mejorar\u00e1n servicios del ISSSTE.","robots":{"index":"index","follow":"follow","max-snippet":"max-snippet:-1","max-image-preview":"max-image-preview:large","max-video-preview":"max-video-preview:-1"},"canonical":"https:\/\/arjenoticias.com.mx\/lo-mas-relevante\/titulares-de-gobernacion-educacion-e-issste-llaman-al-dialogo-a-maestros\/","og_locale":"es_ES","og_type":"article","og_title":"Titulares de Gobernaci\u00f3n, Educaci\u00f3n e ISSSTE llaman al di\u00e1logo a maestros -","og_description":"Arjenoticias.com\/ Desaparecer\u00e1n la Unidad del Sistema para la Carrera de los docentes (Usicamm) y mejorar\u00e1n servicios del ISSSTE.","og_url":"https:\/\/arjenoticias.com.mx\/lo-mas-relevante\/titulares-de-gobernacion-educacion-e-issste-llaman-al-dialogo-a-maestros\/","article_publisher":"https:\/\/www.facebook.com\/ArjeNoticiasMX","article_published_time":"2026-06-03T16:41:47+00:00","article_modified_time":"2026-06-03T16:52:24+00:00","og_image":[{"width":600,"height":400,"url":"https:\/\/arjenoticias.com.mx\/wp-content\/uploads\/2026\/06\/Arje-Noticias.png","type":"image\/png"}],"author":"Arj\u00e9 Noticias","twitter_card":"summary_large_image","twitter_creator":"@ArjeNoticias","twitter_site":"@ArjeNoticias","twitter_misc":{"Escrito por":"Arj\u00e9 Noticias","Tiempo de lectura":"2 minutos"},"schema":{"@context":"https:\/\/schema.org","@graph":[{"@type":"Article","@id":"https:\/\/arjenoticias.com.mx\/lo-mas-relevante\/titulares-de-gobernacion-educacion-e-issste-llaman-al-dialogo-a-maestros\/#article","isPartOf":{"@id":"https:\/\/arjenoticias.com.mx\/lo-mas-relevante\/titulares-de-gobernacion-educacion-e-issste-llaman-al-dialogo-a-maestros\/"},"author":{"name":"Arj\u00e9 Noticias","@id":"https:\/\/arjenoticias.com.mx\/#\/schema\/person\/1f8657b2ea5d2a202124d43971a97b85"},"headline":"Titulares de Gobernaci\u00f3n, Educaci\u00f3n e ISSSTE llaman al di\u00e1logo a maestros","datePublished":"2026-06-03T16:41:47+00:00","dateModified":"2026-06-03T16:52:24+00:00","mainEntityOfPage":{"@id":"https:\/\/arjenoticias.com.mx\/lo-mas-relevante\/titulares-de-gobernacion-educacion-e-issste-llaman-al-dialogo-a-maestros\/"},"wordCount":280,"commentCount":0,"publisher":{"@id":"https:\/\/arjenoticias.com.mx\/#organization"},"image":{"@id":"https:\/\/arjenoticias.com.mx\/lo-mas-relevante\/titulares-de-gobernacion-educacion-e-issste-llaman-al-dialogo-a-maestros\/#primaryimage"},"thumbnailUrl":"https:\/\/arjenoticias.com.mx\/wp-content\/uploads\/2026\/06\/Arje-Noticias.png","articleSection":["Lo m\u00e1s relevante","Pol\u00edtica"],"inLanguage":"es","potentialAction":[{"@type":"CommentAction","name":"Comment","target":["https:\/\/arjenoticias.com.mx\/lo-mas-relevante\/titulares-de-gobernacion-educacion-e-issste-llaman-al-dialogo-a-maestros\/#respond"]}]},{"@type":"WebPage","@id":"https:\/\/arjenoticias.com.mx\/lo-mas-relevante\/titulares-de-gobernacion-educacion-e-issste-llaman-al-dialogo-a-maestros\/","url":"https:\/\/arjenoticias.com.mx\/lo-mas-relevante\/titulares-de-gobernacion-educacion-e-issste-llaman-al-dialogo-a-maestros\/","name":"Titulares de Gobernaci\u00f3n, Educaci\u00f3n e ISSSTE llaman al di\u00e1logo a maestros -","isPartOf":{"@id":"https:\/\/arjenoticias.com.mx\/#website"},"primaryImageOfPage":{"@id":"https:\/\/arjenoticias.com.mx\/lo-mas-relevante\/titulares-de-gobernacion-educacion-e-issste-llaman-al-dialogo-a-maestros\/#primaryimage"},"image":{"@id":"https:\/\/arjenoticias.com.mx\/lo-mas-relevante\/titulares-de-gobernacion-educacion-e-issste-llaman-al-dialogo-a-maestros\/#primaryimage"},"thumbnailUrl":"https:\/\/arjenoticias.com.mx\/wp-content\/uploads\/2026\/06\/Arje-Noticias.png","datePublished":"2026-06-03T16:41:47+00:00","dateModified":"2026-06-03T16:52:24+00:00","description":"Arjenoticias.com\/ Desaparecer\u00e1n la Unidad del Sistema para la Carrera de los docentes (Usicamm) y mejorar\u00e1n servicios del ISSSTE.","breadcrumb":{"@id":"https:\/\/arjenoticias.com.mx\/lo-mas-relevante\/titulares-de-gobernacion-educacion-e-issste-llaman-al-dialogo-a-maestros\/#breadcrumb"},"inLanguage":"es","potentialAction":[{"@type":"ReadAction","target":["https:\/\/arjenoticias.com.mx\/lo-mas-relevante\/titulares-de-gobernacion-educacion-e-issste-llaman-al-dialogo-a-maestros\/"]}]},{"@type":"ImageObject","inLanguage":"es","@id":"https:\/\/arjenoticias.com.mx\/lo-mas-relevante\/titulares-de-gobernacion-educacion-e-issste-llaman-al-dialogo-a-maestros\/#primaryimage","url":"https:\/\/arjenoticias.com.mx\/wp-content\/uploads\/2026\/06\/Arje-Noticias.png","contentUrl":"https:\/\/arjenoticias.com.mx\/wp-content\/uploads\/2026\/06\/Arje-Noticias.png","width":600,"height":400,"caption":"Segob, SEP e ISSSTE plantean dos mesas de trabajo con la CNTE"},{"@type":"BreadcrumbList","@id":"https:\/\/arjenoticias.com.mx\/lo-mas-relevante\/titulares-de-gobernacion-educacion-e-issste-llaman-al-dialogo-a-maestros\/#breadcrumb","itemListElement":[{"@type":"ListItem","position":1,"name":"Portada","item":"https:\/\/arjenoticias.com.mx\/"},{"@type":"ListItem","position":2,"name":"Titulares de Gobernaci\u00f3n, Educaci\u00f3n e ISSSTE llaman al di\u00e1logo a maestros"}]},{"@type":"WebSite","@id":"https:\/\/arjenoticias.com.mx\/#website","url":"https:\/\/arjenoticias.com.mx\/","name":"Arj\u00e9 M\u00e9xico","description":"","publisher":{"@id":"https:\/\/arjenoticias.com.mx\/#organization"},"potentialAction":[{"@type":"SearchAction","target":{"@type":"EntryPoint","urlTemplate":"https:\/\/arjenoticias.com.mx\/?s={search_term_string}"},"query-input":{"@type":"PropertyValueSpecification","valueRequired":true,"valueName":"search_term_string"}}],"inLanguage":"es"},{"@type":"Organization","@id":"https:\/\/arjenoticias.com.mx\/#organization","name":"Arj\u00e9 M\u00e9xico","url":"https:\/\/arjenoticias.com.mx\/","logo":{"@type":"ImageObject","inLanguage":"es","@id":"https:\/\/arjenoticias.com.mx\/#\/schema\/logo\/image\/","url":"https:\/\/arjenoticias.com\/wp-content\/uploads\/2026\/04\/cropped-cropped-logo-inverted-1-scaled-1.png","contentUrl":"https:\/\/arjenoticias.com\/wp-content\/uploads\/2026\/04\/cropped-cropped-logo-inverted-1-scaled-1.png","width":2556,"height":549,"caption":"Arj\u00e9 M\u00e9xico"},"image":{"@id":"https:\/\/arjenoticias.com.mx\/#\/schema\/logo\/image\/"},"sameAs":["https:\/\/www.facebook.com\/ArjeNoticiasMX","https:\/\/x.com\/ArjeNoticias"]},{"@type":"Person","@id":"https:\/\/arjenoticias.com.mx\/#\/schema\/person\/1f8657b2ea5d2a202124d43971a97b85","name":"Arj\u00e9 Noticias","image":{"@type":"ImageObject","inLanguage":"es","@id":"https:\/\/arjenoticias.com\/wp-content\/uploads\/2026\/04\/Arje-Noticias-96x96.png","url":"https:\/\/arjenoticias.com\/wp-content\/uploads\/2026\/04\/Arje-Noticias-96x96.png","contentUrl":"https:\/\/arjenoticias.com\/wp-content\/uploads\/2026\/04\/Arje-Noticias-96x96.png","caption":"Arj\u00e9 Noticias"},"sameAs":["https:\/\/arjenoticias.com"],"url":"https:\/\/arjenoticias.com.mx\/author\/admin\/"}]}},"featured_image_urls":{"full":["https:\/\/arjenoticias.com.mx\/wp-content\/uploads\/2026\/06\/Arje-Noticias.png",600,400,false],"thumbnail":["https:\/\/arjenoticias.com.mx\/wp-content\/uploads\/2026\/06\/Arje-Noticias-150x150.png",150,150,true],"medium":["https:\/\/arjenoticias.com.mx\/wp-content\/uploads\/2026\/06\/Arje-Noticias-300x200.png",300,200,true],"medium_large":["https:\/\/arjenoticias.com.mx\/wp-content\/uploads\/2026\/06\/Arje-Noticias.png",600,400,false],"large":["https:\/\/arjenoticias.com.mx\/wp-content\/uploads\/2026\/06\/Arje-Noticias.png",600,400,false],"1536x1536":["https:\/\/arjenoticias.com.mx\/wp-content\/uploads\/2026\/06\/Arje-Noticias.png",600,400,false],"2048x2048":["https:\/\/arjenoticias.com.mx\/wp-content\/uploads\/2026\/06\/Arje-Noticias.png",600,400,false],"covernews-featured":["https:\/\/arjenoticias.com.mx\/wp-content\/uploads\/2026\/06\/Arje-Noticias.png",600,400,false],"covernews-medium":["https:\/\/arjenoticias.com.mx\/wp-content\/uploads\/2026\/06\/Arje-Noticias-540x340.png",540,340,true]},"author_info":{"info":["Arj\u00e9 Noticias"]},"category_info":"<a href=\"https:\/\/arjenoticias.com.mx\/category\/lo-mas-relevante\/\" rel=\"category tag\">Lo m\u00e1s relevante<\/a> <a href=\"https:\/\/arjenoticias.com.mx\/category\/politica\/\" rel=\"category tag\">Pol\u00edtica<\/a>","tag_info":"Pol\u00edtica","comment_count":"0","_links":{"self":[{"href":"https:\/\/arjenoticias.com.mx\/wp-json\/wp\/v2\/posts\/14851","targetHints":{"allow":["GET"]}}],"collection":[{"href":"https:\/\/arjenoticias.com.mx\/wp-json\/wp\/v2\/posts"}],"about":[{"href":"https:\/\/arjenoticias.com.mx\/wp-json\/wp\/v2\/types\/post"}],"author":[{"embeddable":true,"href":"https:\/\/arjenoticias.com.mx\/wp-json\/wp\/v2\/users\/1"}],"replies":[{"embeddable":true,"href":"https:\/\/arjenoticias.com.mx\/wp-json\/wp\/v2\/comments?post=14851"}],"version-history":[{"count":3,"href":"https:\/\/arjenoticias.com.mx\/wp-json\/wp\/v2\/posts\/14851\/revisions"}],"predecessor-version":[{"id":14856,"href":"https:\/\/arjenoticias.com.mx\/wp-json\/wp\/v2\/posts\/14851\/revisions\/14856"}],"wp:featuredmedia":[{"embeddable":true,"href":"https:\/\/arjenoticias.com.mx\/wp-json\/wp\/v2\/media\/14857"}],"wp:attachment":[{"href":"https:\/\/arjenoticias.com.mx\/wp-json\/wp\/v2\/media?parent=14851"}],"wp:term":[{"taxonomy":"category","embeddable":true,"href":"https:\/\/arjenoticias.com.mx\/wp-json\/wp\/v2\/categories?post=14851"},{"taxonomy":"post_tag","embeddable":true,"href":"https:\/\/arjenoticias.com.mx\/wp-json\/wp\/v2\/tags?post=14851"}],"curies":[{"name":"wp","href":"https:\/\/api.w.org\/{rel}","templated":true}]}}