{"id":14765,"date":"2026-06-01T10:54:14","date_gmt":"2026-06-01T16:54:14","guid":{"rendered":"https:\/\/arjenoticias.com\/?p=14765"},"modified":"2026-06-01T10:54:14","modified_gmt":"2026-06-01T16:54:14","slug":"ecos-y-reflejos-del-evento-de-sheinbaum-en-monumento-de-la-revolucion-karl-kraus","status":"publish","type":"post","link":"https:\/\/arjenoticias.com.mx\/?p=14765","title":{"rendered":"Ecos y reflejos del evento de Sheinbaum en Monumento de la Revoluci\u00f3n: Karl Kraus"},"content":{"rendered":"\n<p class=\"wp-block-paragraph\">Como ustedes ya conocen y saben que tenemos observadores en todos lados , tanto con los de aqu\u00ed los de all\u00e1 y los m\u00e1s lejanos, a casa de la tiznada: estos Voyeurs pol\u00edticos , no se les pasa nada y se fueron no solo al monumento a la Revoluci\u00f3n sino a cada una de las plazas del pa\u00eds este en y este es su an\u00e1lisis de los argumentos originales y la realidad.<\/p>\n\n\n\n<p class=\"wp-block-paragraph\">I.&#8212;El argumento original Sobre la &#8220;Cohesi\u00f3n Interna&#8221; y los Fieles de AMLO<br>\u00abLa narrativa oficial insiste en presumir una &#8220;cohesi\u00f3n interna&#8221; que solo existe en las infograf\u00edas del partido. En la realidad secular, el Monumento a la Revoluci\u00f3n fue el escenario de una tregua armada muy fr\u00e1gil. Tras bambalinas, los seguidores de la vieja guardia \u2014los puros del obradorismo radical\u2014 miran con desprecio los modales tecnocr\u00e1ticos del nuevo gabinete y el desembarco masivo de los conversos del PRIAN y de emeceistas.<br>No hay unidad; hay una guerra de guerrillas.<br>Sin unidad interna donde los viudos pol\u00edticos de Palenque intentan sabotear cada nombramiento, operando bajo la sospecha paranoica de que el &#8220;segundo piso&#8221; es en realidad una demolici\u00f3n encubierta del legado del patriarca. La concentraci\u00f3n no fue un despliegue de amor militante, sino un pase de lista obligatorio para medir cu\u00e1ntas facciones est\u00e1n dispuestas a rebelarse antes de 2027.<\/p>\n\n\n\n<p class=\"wp-block-paragraph\">II.- Sobre la Narrativa y la Incapacidad (traici\u00f3n) o las dos cosas de Jes\u00fas Ram\u00edrez Cuevas.<br>El argumento original: Una operaci\u00f3n pol\u00edtica cuidadosamente dise\u00f1ada para colocar a la mandataria en el centro de la agenda nacional. La realidad e: una coreograf\u00eda nacionalista que intenta llenar el vac\u00edo dejado por la alarmante incapacidad de Jes\u00fas Ram\u00edrez Cuevas para controlar la narrativa gubernamental. El otrora infalible estratega de la propaganda oficial ha perdido el toque m\u00e1gico; la maquinaria de comunicaci\u00f3n que antes dictaba la agenda nacional con un solo adjetivo matutino hoy luce lenta, torpe y rebasada por las crisis de seguridad y las filtraciones internas del propio movimiento. Ante la ineficacia (o traici\u00f3n) de Ram\u00edrez para contener los da\u00f1os y apagar los fuegos de la discordia dom\u00e9stica, el gobierno se ve obligado a recurrir al viejo truco anal\u00f3gico: movilizar masas al Monumento a la Revoluci\u00f3n para que el ruido de los tambores tape el descontrol de la comunicaci\u00f3n oficial. Si la narrativa ya no se puede ganar con argumentos en los medios, se intenta aplastar con decibelios en la plaza p\u00fablica.<\/p>\n\n\n\n<p class=\"wp-block-paragraph\">III.- El evento fue una demostraci\u00f3n de fuerza pol\u00edtica y defensa de la soberan\u00eda frente a Washington y Donald Trump.<br>Llamar &#8220;demostraci\u00f3n de fuerza soberana&#8221; a llenar la plaza con autobuses financiados por el erario es como decir que un concierto de rock fue un \u00e9xito porque el artista compr\u00f3 todos los boletos. La &#8220;firme defensa frente a Washington&#8221; durar\u00e1 exactamente hasta el pr\u00f3ximo tuit de Trump amenazando con aranceles u otras medidas como la del gas u otra lista de funcionarios narcos en el gobierno, momento en el cual la soberan\u00eda nacional volver\u00e1 a su estado natural: una meticulosa operaci\u00f3n de contenci\u00f3n migratoria en la frontera sur disfrazada de &#8220;humanismo mexicano&#8221;. No es soberan\u00eda, es ret\u00f3rica para consumo interno; el nacionalismo en M\u00e9xico siempre ha sido el mejor sustituto ante la falta de un buena administraci\u00f3n de la econom\u00eda y presupuesto nacional.<br>IV.- El argumento original: La mandataria mostr\u00f3 cohesi\u00f3n interna, unidad y capacidad de organizaci\u00f3n territorial bajo su conducci\u00f3n.<br>nuestros Criptoanalistas Pol\u00edticos: manifiestan que hasta los analistas m\u00e1s ingenuos celebran la &#8220;capacidad de convocatoria y organizaci\u00f3n territorial&#8221;, omitiendo ol\u00edmpicamente la log\u00edstica del acarreo m\u00edstico. La verdadera fuerza del movimiento no radica en la ideolog\u00eda, sino en la infalible &#8220;operaci\u00f3n torta y refresco&#8221;. Las huestes de Morena no marcharon movidas por el Tratado de Libre Comercio, sino por el miedo a que el coordinador de zona les borre el nombre de la lista de asistencia. El Monumento a la Revoluci\u00f3n no atestigu\u00f3 la &#8220;unidad del proyecto&#8221;, sino el pase de lista de los gobernadores, miembros del gabinete y del partido que necesitan purgar sus deudas p\u00fablicas aplaudiendo a rabiar bajo el sol.<\/p>\n\n\n\n<p class=\"wp-block-paragraph\">V.- Sobre &#8220;La ruta electoral hacia 2027 y el fin del informe&#8221;<br>El argumento original: El evento represent\u00f3 una operaci\u00f3n pol\u00edtica para colocar a Sheinbaum en el centro de la agenda y arrancar la ruta hacia 2027.<br>Nuestra visi\u00f3n es que el &#8220;Informe de Avances&#8221; haya mutado en el arranque de la campa\u00f1a electoral de 2027 \u2014con un a\u00f1o de anticipaci\u00f3n\u2014 es la prueba reina de que en este gobierno los resultados son un tr\u00e1mite estorboso<br>\u00bfPara qu\u00e9 perder el tiempo rindiendo cuentas sobre hospitales sin medicina, los desaparecidos, las carreteras con baches si podemos pasar directo a la repartici\u00f3n de candidaturas?<br>El evento no fue un informe, fue la apertura oficial del mercado de subastas para entre otras candidaturas las de las Pluris. Sheinbaum no se coloc\u00f3 en el centro de la agenda por sus logros de infraestructura, sino porque es la \u00fanica que tiene el bol\u00edgrafo que decidir\u00e1 qu\u00e9 camale\u00f3n del presupuesto comer\u00e1 del erario los pr\u00f3ximos tres a\u00f1os.<br>Un Remate Corto y fuerte a la porter\u00eda (Ideal para estar a tono con el mundial de futbol .<br>\u00abTraducci\u00f3n simult\u00e1nea del informe: Dice la versi\u00f3n oficial que &#8220;M\u00e9xico no aceptar\u00e1 injerencias externas en sus asuntos internos&#8221;. La traducci\u00f3n real para los voyeurs pol\u00edticos es: &#8216;D\u00e9jennos operar el reparto de candidaturas para 2027 en paz, que bastantes problemas tenemos ya alineando a los conversos del PAN los duros de Amlo y los tarugos como para tener que lidiar tambi\u00e9n con las llamadas de Washington&#8217;.<br>y el pecado de este domingo fue cambiar la rendici\u00f3n de cuentas por un gigantesco mitin de precampa\u00f1a pagado por el pueblo bueno y sabio \u00bb.<\/p>\n\n\n\n<p class=\"wp-block-paragraph\">VI.- De acuerdo al evento mundial del futbol hacemos un remate a gol.<br>\u00abLa Traducci\u00f3n de nuestros: Zorros de Contrainteligencia y Criptoanalistas Pol\u00edticos: del texto oficial del evento informe donde celebra que la Cuarta Transformaci\u00f3n mantiene su &#8220;capacidad de organizaci\u00f3n territorial bajo la conducci\u00f3n presidencial&#8221;.<br>Los voyeurs pol\u00edticos, que todo lo ven y todo lo anotan, tienen otros datos: el evento fue un costoso tanque de ox\u00edgeno para un aparato de propaganda en crisis y una desesperada exhibici\u00f3n de fuerza para apaciguar las encarnizadas peleas internas entre los puros de AMLO y los reci\u00e9n llegados del pragmatismo. Al final, como siempre dicta la sabidur\u00eda popular, &#8220;se dice el pecado, pero no el pecador&#8221;. Guardaremos el secreto de qu\u00e9 gobernadores se estaban picando los ojos en el pres\u00eddium y qu\u00e9 voceros ya no controlan ni los tuits de su propia oficina, mientras el equipo de electoral sigue aplaudiendo a rabiar, ajeno a las fracturas del palacio, con tal de que no lo bajen de la t\u00f3mbola de 2027\u00bb.<br>K. K.<br>Aclaraci\u00f3n, no pedida, pero por si las moscas.<br>\u00ab\u2026Al revisar el calce del documento, nuestros Analistas de Contubernios notaron una anomal\u00eda gr\u00e1fica perturbadora: el esp\u00e9cimen fue sellado con una grotesca e ir\u00f3nica doble &#8220;K&#8221;. Como bien ense\u00f1\u00f3 Voltaire, el poder absoluto adora los s\u00edmbolos solemnes y las liturgias sagradas, pero el rid\u00edculo ciudadano siempre los delata.<br>En esta ocasi\u00f3n, la doble &#8220;K&#8221; no es un error de tinta ni una concesi\u00f3n al r\u00e9gimen; es el c\u00f3digo de barras de la resistencia humor\u00edstica, la bofetada tipogr\u00e1fica con la que los observadores independientes bautizan la decadencia del oficialismo. Es la marca con la que el ingenio popular reduce el discurso gubernamental a su verdadera esencia escatol\u00f3gica, record\u00e1ndole al ne\u00f3fito radical que sus intentos de sonar purificado solo provocan carcajadas en la plaza p\u00fablica.<br>Utilizar la doble &#8220;K&#8221; es el recordatorio de Karl Kraus (Austria, Siglo XX): que Mediante su revista sat\u00edrica Die Fackel (La Antorcha), desnud\u00f3 la hipocres\u00eda, la propaganda b\u00e9lica del gobierno y la corrupci\u00f3n de los intelectuales de su \u00e9poca. Se gan\u00f3 el odio simult\u00e1neo del ej\u00e9rcito, los pol\u00edticos y la prensa, sobreviviendo a interminables demandas judiciales y amenazas de muerte.<\/p>\n\n\n\n<p class=\"wp-block-paragraph\">Y como Karl Kraus con antecedentes de retar al poder ratificamos que no les tememos, de que sus amenazas a 135 decibelios naufragan ante la risa de los sabuesos de contrainteligencia. Al final, se confirma el teorema: se dice el pecado, pero no el pecador, aunque la firma de los poderosos huela a la m\u00e1s rancia descomposici\u00f3n del presupuesto y la tipograf\u00eda ciudadana se encargue de restreg\u00e1rselos en la cara.<br>K: K:<\/p>\n","protected":false},"excerpt":{"rendered":"<p>Como ustedes ya conocen y saben que tenemos observadores en todos lados , tanto con&#8230;<\/p>\n","protected":false},"author":66,"featured_media":14766,"comment_status":"open","ping_status":"open","sticky":false,"template":"","format":"standard","meta":{"footnotes":""},"categories":[12],"tags":[2457],"class_list":["post-14765","post","type-post","status-publish","format-standard","has-post-thumbnail","hentry","category-opinion","tag-sheinbaum"],"yoast_head":"<!-- This site is optimized with the Yoast SEO plugin v28.4 - https:\/\/yoast.com\/product\/yoast-seo-wordpress\/ -->\n<title>Ecos y reflejos del evento de Sheinbaum en Monumento de la Revoluci\u00f3n: Karl Kraus -<\/title>\n<meta name=\"description\" content=\"El mensaje real de Sheinbaum fue: &#039;D\u00e9jennos operar el reparto de candidaturas para 2027 en paz, que bastantes problemas tenemos ya alineando a los conversos del PAN los duros de Amlo y los tarugos como para tener que lidiar tambi\u00e9n con las llamadas de Washington&#039;.\" \/>\n<meta name=\"robots\" content=\"index, follow, max-snippet:-1, max-image-preview:large, max-video-preview:-1\" \/>\n<link rel=\"canonical\" href=\"https:\/\/arjenoticias.com.mx\/?p=14765\" \/>\n<meta property=\"og:locale\" content=\"es_MX\" \/>\n<meta property=\"og:type\" content=\"article\" \/>\n<meta property=\"og:title\" content=\"Ecos y reflejos del evento de Sheinbaum en Monumento de la Revoluci\u00f3n: Karl Kraus -\" \/>\n<meta property=\"og:description\" content=\"El mensaje real de Sheinbaum fue: &#039;D\u00e9jennos operar el reparto de candidaturas para 2027 en paz, que bastantes problemas tenemos ya alineando a los conversos del PAN los duros de Amlo y los tarugos como para tener que lidiar tambi\u00e9n con las llamadas de Washington&#039;.\" \/>\n<meta property=\"og:url\" content=\"https:\/\/arjenoticias.com.mx\/?p=14765\" \/>\n<meta property=\"article:published_time\" content=\"2026-06-01T16:54:14+00:00\" \/>\n<meta name=\"author\" content=\"Arj\u00e9 Noticias\" \/>\n<meta name=\"twitter:card\" content=\"summary_large_image\" \/>\n<meta name=\"twitter:label1\" content=\"Escrito por\" \/>\n\t<meta name=\"twitter:data1\" content=\"Arj\u00e9 Noticias\" \/>\n\t<meta name=\"twitter:label2\" content=\"Tiempo de lectura\" \/>\n\t<meta name=\"twitter:data2\" content=\"7 minutos\" \/>\n<script type=\"application\/ld+json\" class=\"yoast-schema-graph\">{\"@context\":\"https:\\\/\\\/schema.org\",\"@graph\":[{\"@type\":\"Article\",\"@id\":\"https:\\\/\\\/arjenoticias.com.mx\\\/?p=14765#article\",\"isPartOf\":{\"@id\":\"https:\\\/\\\/arjenoticias.com.mx\\\/?p=14765\"},\"author\":{\"name\":\"Arj\u00e9 Noticias\",\"@id\":\"https:\\\/\\\/arjenoticias.com.mx\\\/#\\\/schema\\\/person\\\/83f9fb68162b16794b69a8186dd31bc0\"},\"headline\":\"Ecos y reflejos del evento de Sheinbaum en Monumento de la Revoluci\u00f3n: Karl Kraus\",\"datePublished\":\"2026-06-01T16:54:14+00:00\",\"mainEntityOfPage\":{\"@id\":\"https:\\\/\\\/arjenoticias.com.mx\\\/?p=14765\"},\"wordCount\":1511,\"commentCount\":0,\"publisher\":{\"@id\":\"https:\\\/\\\/arjenoticias.com.mx\\\/#organization\"},\"image\":{\"@id\":\"https:\\\/\\\/arjenoticias.com.mx\\\/?p=14765#primaryimage\"},\"thumbnailUrl\":\"\",\"keywords\":[\"Sheinbaum\"],\"articleSection\":[\"Opini\u00f3n\"],\"inLanguage\":\"es\",\"potentialAction\":[{\"@type\":\"CommentAction\",\"name\":\"Comment\",\"target\":[\"https:\\\/\\\/arjenoticias.com.mx\\\/?p=14765#respond\"]}]},{\"@type\":\"WebPage\",\"@id\":\"https:\\\/\\\/arjenoticias.com.mx\\\/?p=14765\",\"url\":\"https:\\\/\\\/arjenoticias.com.mx\\\/?p=14765\",\"name\":\"Ecos y reflejos del evento de Sheinbaum en Monumento de la Revoluci\u00f3n: Karl Kraus -\",\"isPartOf\":{\"@id\":\"https:\\\/\\\/arjenoticias.com.mx\\\/#website\"},\"primaryImageOfPage\":{\"@id\":\"https:\\\/\\\/arjenoticias.com.mx\\\/?p=14765#primaryimage\"},\"image\":{\"@id\":\"https:\\\/\\\/arjenoticias.com.mx\\\/?p=14765#primaryimage\"},\"thumbnailUrl\":\"\",\"datePublished\":\"2026-06-01T16:54:14+00:00\",\"description\":\"El mensaje real de Sheinbaum fue: 'D\u00e9jennos operar el reparto de candidaturas para 2027 en paz, que bastantes problemas tenemos ya alineando a los conversos del PAN los duros de Amlo y los tarugos como para tener que lidiar tambi\u00e9n con las llamadas de Washington'.\",\"breadcrumb\":{\"@id\":\"https:\\\/\\\/arjenoticias.com.mx\\\/?p=14765#breadcrumb\"},\"inLanguage\":\"es\",\"potentialAction\":[{\"@type\":\"ReadAction\",\"target\":[\"https:\\\/\\\/arjenoticias.com.mx\\\/?p=14765\"]}]},{\"@type\":\"ImageObject\",\"inLanguage\":\"es\",\"@id\":\"https:\\\/\\\/arjenoticias.com.mx\\\/?p=14765#primaryimage\",\"url\":\"\",\"contentUrl\":\"\"},{\"@type\":\"BreadcrumbList\",\"@id\":\"https:\\\/\\\/arjenoticias.com.mx\\\/?p=14765#breadcrumb\",\"itemListElement\":[{\"@type\":\"ListItem\",\"position\":1,\"name\":\"Inicio\",\"item\":\"https:\\\/\\\/arjenoticias.com.mx\\\/\"},{\"@type\":\"ListItem\",\"position\":2,\"name\":\"Ecos y reflejos del evento de Sheinbaum en Monumento de la Revoluci\u00f3n: Karl Kraus\"}]},{\"@type\":\"WebSite\",\"@id\":\"https:\\\/\\\/arjenoticias.com.mx\\\/#website\",\"url\":\"https:\\\/\\\/arjenoticias.com.mx\\\/\",\"name\":\"arjenoticias.com.mx\",\"description\":\"\",\"publisher\":{\"@id\":\"https:\\\/\\\/arjenoticias.com.mx\\\/#organization\"},\"potentialAction\":[{\"@type\":\"SearchAction\",\"target\":{\"@type\":\"EntryPoint\",\"urlTemplate\":\"https:\\\/\\\/arjenoticias.com.mx\\\/?s={search_term_string}\"},\"query-input\":{\"@type\":\"PropertyValueSpecification\",\"valueRequired\":true,\"valueName\":\"search_term_string\"}}],\"inLanguage\":\"es\"},{\"@type\":\"Organization\",\"@id\":\"https:\\\/\\\/arjenoticias.com.mx\\\/#organization\",\"name\":\"Arj\u00e9 de M\u00e9xico Noticias\",\"url\":\"https:\\\/\\\/arjenoticias.com.mx\\\/\",\"logo\":{\"@type\":\"ImageObject\",\"inLanguage\":\"es\",\"@id\":\"https:\\\/\\\/arjenoticias.com.mx\\\/#\\\/schema\\\/logo\\\/image\\\/\",\"url\":\"https:\\\/\\\/arjenoticias.com.mx\\\/wp-content\\\/uploads\\\/2025\\\/07\\\/cropped-logo-scaled-1.png\",\"contentUrl\":\"https:\\\/\\\/arjenoticias.com.mx\\\/wp-content\\\/uploads\\\/2025\\\/07\\\/cropped-logo-scaled-1.png\",\"width\":2558,\"height\":558,\"caption\":\"Arj\u00e9 de M\u00e9xico Noticias\"},\"image\":{\"@id\":\"https:\\\/\\\/arjenoticias.com.mx\\\/#\\\/schema\\\/logo\\\/image\\\/\"}},{\"@type\":\"Person\",\"@id\":\"https:\\\/\\\/arjenoticias.com.mx\\\/#\\\/schema\\\/person\\\/83f9fb68162b16794b69a8186dd31bc0\",\"name\":\"Arj\u00e9 Noticias\",\"image\":{\"@type\":\"ImageObject\",\"inLanguage\":\"es\",\"@id\":\"https:\\\/\\\/secure.gravatar.com\\\/avatar\\\/f604b88a0e24c04f3f89fae6b5400bfd6093d0999292a64803d3651d9d4a35a5?s=96&d=mm&r=g\",\"url\":\"https:\\\/\\\/secure.gravatar.com\\\/avatar\\\/f604b88a0e24c04f3f89fae6b5400bfd6093d0999292a64803d3651d9d4a35a5?s=96&d=mm&r=g\",\"contentUrl\":\"https:\\\/\\\/secure.gravatar.com\\\/avatar\\\/f604b88a0e24c04f3f89fae6b5400bfd6093d0999292a64803d3651d9d4a35a5?s=96&d=mm&r=g\",\"caption\":\"Arj\u00e9 Noticias\"},\"url\":\"https:\\\/\\\/arjenoticias.com.mx\\\/?author=66\"}]}<\/script>\n<!-- \/ Yoast SEO plugin. -->","yoast_head_json":{"title":"Ecos y reflejos del evento de Sheinbaum en Monumento de la Revoluci\u00f3n: Karl Kraus -","description":"El mensaje real de Sheinbaum fue: 'D\u00e9jennos operar el reparto de candidaturas para 2027 en paz, que bastantes problemas tenemos ya alineando a los conversos del PAN los duros de Amlo y los tarugos como para tener que lidiar tambi\u00e9n con las llamadas de Washington'.","robots":{"index":"index","follow":"follow","max-snippet":"max-snippet:-1","max-image-preview":"max-image-preview:large","max-video-preview":"max-video-preview:-1"},"canonical":"https:\/\/arjenoticias.com.mx\/?p=14765","og_locale":"es_MX","og_type":"article","og_title":"Ecos y reflejos del evento de Sheinbaum en Monumento de la Revoluci\u00f3n: Karl Kraus -","og_description":"El mensaje real de Sheinbaum fue: 'D\u00e9jennos operar el reparto de candidaturas para 2027 en paz, que bastantes problemas tenemos ya alineando a los conversos del PAN los duros de Amlo y los tarugos como para tener que lidiar tambi\u00e9n con las llamadas de Washington'.","og_url":"https:\/\/arjenoticias.com.mx\/?p=14765","article_published_time":"2026-06-01T16:54:14+00:00","author":"Arj\u00e9 Noticias","twitter_card":"summary_large_image","twitter_misc":{"Escrito por":"Arj\u00e9 Noticias","Tiempo de lectura":"7 minutos"},"schema":{"@context":"https:\/\/schema.org","@graph":[{"@type":"Article","@id":"https:\/\/arjenoticias.com.mx\/?p=14765#article","isPartOf":{"@id":"https:\/\/arjenoticias.com.mx\/?p=14765"},"author":{"name":"Arj\u00e9 Noticias","@id":"https:\/\/arjenoticias.com.mx\/#\/schema\/person\/83f9fb68162b16794b69a8186dd31bc0"},"headline":"Ecos y reflejos del evento de Sheinbaum en Monumento de la Revoluci\u00f3n: Karl Kraus","datePublished":"2026-06-01T16:54:14+00:00","mainEntityOfPage":{"@id":"https:\/\/arjenoticias.com.mx\/?p=14765"},"wordCount":1511,"commentCount":0,"publisher":{"@id":"https:\/\/arjenoticias.com.mx\/#organization"},"image":{"@id":"https:\/\/arjenoticias.com.mx\/?p=14765#primaryimage"},"thumbnailUrl":"","keywords":["Sheinbaum"],"articleSection":["Opini\u00f3n"],"inLanguage":"es","potentialAction":[{"@type":"CommentAction","name":"Comment","target":["https:\/\/arjenoticias.com.mx\/?p=14765#respond"]}]},{"@type":"WebPage","@id":"https:\/\/arjenoticias.com.mx\/?p=14765","url":"https:\/\/arjenoticias.com.mx\/?p=14765","name":"Ecos y reflejos del evento de Sheinbaum en Monumento de la Revoluci\u00f3n: Karl Kraus -","isPartOf":{"@id":"https:\/\/arjenoticias.com.mx\/#website"},"primaryImageOfPage":{"@id":"https:\/\/arjenoticias.com.mx\/?p=14765#primaryimage"},"image":{"@id":"https:\/\/arjenoticias.com.mx\/?p=14765#primaryimage"},"thumbnailUrl":"","datePublished":"2026-06-01T16:54:14+00:00","description":"El mensaje real de Sheinbaum fue: 'D\u00e9jennos operar el reparto de candidaturas para 2027 en paz, que bastantes problemas tenemos ya alineando a los conversos del PAN los duros de Amlo y los tarugos como para tener que lidiar tambi\u00e9n con las llamadas de Washington'.","breadcrumb":{"@id":"https:\/\/arjenoticias.com.mx\/?p=14765#breadcrumb"},"inLanguage":"es","potentialAction":[{"@type":"ReadAction","target":["https:\/\/arjenoticias.com.mx\/?p=14765"]}]},{"@type":"ImageObject","inLanguage":"es","@id":"https:\/\/arjenoticias.com.mx\/?p=14765#primaryimage","url":"","contentUrl":""},{"@type":"BreadcrumbList","@id":"https:\/\/arjenoticias.com.mx\/?p=14765#breadcrumb","itemListElement":[{"@type":"ListItem","position":1,"name":"Inicio","item":"https:\/\/arjenoticias.com.mx\/"},{"@type":"ListItem","position":2,"name":"Ecos y reflejos del evento de Sheinbaum en Monumento de la Revoluci\u00f3n: Karl Kraus"}]},{"@type":"WebSite","@id":"https:\/\/arjenoticias.com.mx\/#website","url":"https:\/\/arjenoticias.com.mx\/","name":"arjenoticias.com.mx","description":"","publisher":{"@id":"https:\/\/arjenoticias.com.mx\/#organization"},"potentialAction":[{"@type":"SearchAction","target":{"@type":"EntryPoint","urlTemplate":"https:\/\/arjenoticias.com.mx\/?s={search_term_string}"},"query-input":{"@type":"PropertyValueSpecification","valueRequired":true,"valueName":"search_term_string"}}],"inLanguage":"es"},{"@type":"Organization","@id":"https:\/\/arjenoticias.com.mx\/#organization","name":"Arj\u00e9 de M\u00e9xico Noticias","url":"https:\/\/arjenoticias.com.mx\/","logo":{"@type":"ImageObject","inLanguage":"es","@id":"https:\/\/arjenoticias.com.mx\/#\/schema\/logo\/image\/","url":"https:\/\/arjenoticias.com.mx\/wp-content\/uploads\/2025\/07\/cropped-logo-scaled-1.png","contentUrl":"https:\/\/arjenoticias.com.mx\/wp-content\/uploads\/2025\/07\/cropped-logo-scaled-1.png","width":2558,"height":558,"caption":"Arj\u00e9 de M\u00e9xico Noticias"},"image":{"@id":"https:\/\/arjenoticias.com.mx\/#\/schema\/logo\/image\/"}},{"@type":"Person","@id":"https:\/\/arjenoticias.com.mx\/#\/schema\/person\/83f9fb68162b16794b69a8186dd31bc0","name":"Arj\u00e9 Noticias","image":{"@type":"ImageObject","inLanguage":"es","@id":"https:\/\/secure.gravatar.com\/avatar\/f604b88a0e24c04f3f89fae6b5400bfd6093d0999292a64803d3651d9d4a35a5?s=96&d=mm&r=g","url":"https:\/\/secure.gravatar.com\/avatar\/f604b88a0e24c04f3f89fae6b5400bfd6093d0999292a64803d3651d9d4a35a5?s=96&d=mm&r=g","contentUrl":"https:\/\/secure.gravatar.com\/avatar\/f604b88a0e24c04f3f89fae6b5400bfd6093d0999292a64803d3651d9d4a35a5?s=96&d=mm&r=g","caption":"Arj\u00e9 Noticias"},"url":"https:\/\/arjenoticias.com.mx\/?author=66"}]}},"_links":{"self":[{"href":"https:\/\/arjenoticias.com.mx\/index.php?rest_route=\/wp\/v2\/posts\/14765","targetHints":{"allow":["GET"]}}],"collection":[{"href":"https:\/\/arjenoticias.com.mx\/index.php?rest_route=\/wp\/v2\/posts"}],"about":[{"href":"https:\/\/arjenoticias.com.mx\/index.php?rest_route=\/wp\/v2\/types\/post"}],"author":[{"embeddable":true,"href":"https:\/\/arjenoticias.com.mx\/index.php?rest_route=\/wp\/v2\/users\/66"}],"replies":[{"embeddable":true,"href":"https:\/\/arjenoticias.com.mx\/index.php?rest_route=%2Fwp%2Fv2%2Fcomments&post=14765"}],"version-history":[{"count":0,"href":"https:\/\/arjenoticias.com.mx\/index.php?rest_route=\/wp\/v2\/posts\/14765\/revisions"}],"wp:attachment":[{"href":"https:\/\/arjenoticias.com.mx\/index.php?rest_route=%2Fwp%2Fv2%2Fmedia&parent=14765"}],"wp:term":[{"taxonomy":"category","embeddable":true,"href":"https:\/\/arjenoticias.com.mx\/index.php?rest_route=%2Fwp%2Fv2%2Fcategories&post=14765"},{"taxonomy":"post_tag","embeddable":true,"href":"https:\/\/arjenoticias.com.mx\/index.php?rest_route=%2Fwp%2Fv2%2Ftags&post=14765"}],"curies":[{"name":"wp","href":"https:\/\/api.w.org\/{rel}","templated":true}]}}