{"id":14660,"date":"2026-05-30T11:23:06","date_gmt":"2026-05-30T17:23:06","guid":{"rendered":"https:\/\/arjenoticias.com\/?p=14660"},"modified":"2026-05-30T11:23:06","modified_gmt":"2026-05-30T17:23:06","slug":"recuerdos-politicos-con-jorge-trevino-qepd","status":"publish","type":"post","link":"https:\/\/arjenoticias.com.mx\/?p=14660","title":{"rendered":"Recuerdos pol\u00edticos con Jorge Trevi\u00f1o. QEPD"},"content":{"rendered":"\n<p class=\"wp-block-paragraph\">Durante mis a\u00f1os en la pol\u00edtica, tengo muchos recuerdos. Precisamente, con motivo del fallecimiento del Gobernador Jorge Trevi\u00f1o, con quien tuve una relaci\u00f3n interesante e intensa, a pesar de que \u00e9ramos de diferentes partidos pol\u00edticos, siempre me dispenso con su saludo, dialogo y respeto. <\/p>\n\n\n\n<h2 class=\"wp-block-heading\">En memoria de Jorge A Trevi\u00f1o<\/h2>\n\n\n\n<p class=\"wp-block-paragraph\">Han pasado casi cuatro d\u00e9cadas, pero a\u00fan recuerdo la emoci\u00f3n de aquellos d\u00edas de mayo de 1988, cuando la campa\u00f1a presidencial de Manuel J. Clouthier, &#8220;Maqu\u00edo&#8221;, despertaba una esperanza in\u00e9dita para miles de mexicanos que anhel\u00e1bamos una aut\u00e9ntica democracia.<\/p>\n\n\n\n<p class=\"wp-block-paragraph\">En ese entonces yo ten\u00eda el honor de presidir el Comit\u00e9 Municipal del PAN en Monterrey y de coordinar la campa\u00f1a de Maqu\u00edo en nuestra ciudad. Eran tiempos muy distintos a los de hoy. El PAN era oposici\u00f3n; no cont\u00e1bamos con los recursos ni las estructuras que ten\u00eda el partido en el gobierno. Todo se constru\u00eda con el esfuerzo de militantes, simpatizantes y ciudadanos convencidos de que M\u00e9xico pod\u00eda cambiar.<\/p>\n\n\n\n<p class=\"wp-block-paragraph\">La visita de Maqu\u00edo a Monterrey para encabezar un gran acto en la Macroplaza representaba uno de los momentos m\u00e1s importantes de la campa\u00f1a. La expectativa crec\u00eda d\u00eda con d\u00eda. Sab\u00edamos que miles de nuevoleoneses acudir\u00edan a escuchar a un hombre que hablaba sin discursos acartonados, que cuestionaba al poder y que invitaba a los ciudadanos a convertirse en protagonistas de la vida p\u00fablica.<\/p>\n\n\n\n<p class=\"wp-block-paragraph\">La agenda nacional del candidato era intensa. Los tiempos eran ajustados y exist\u00eda la necesidad de garantizar su llegada puntual a Monterrey para cumplir con el compromiso programado en la Explanada de los H\u00e9roes. <\/p>\n\n\n\n<p class=\"wp-block-paragraph\">Recuerdo que, en mi calidad de coordinador de campa\u00f1a, realic\u00e9 gestiones institucionales ante el entonces gobernador de Nuevo Le\u00f3n, Jorge Trevi\u00f1o Mart\u00ednez, pues nos hab\u00edan negado el uso de la Macro Plaza, as\u00ed como para facilitar la log\u00edstica del traslado, e inclusive llegue a solicitar el avi\u00f3n del gobierno para trasladar al Maquio, el cual me fue negado. Sin embargo, el gobernador Trevi\u00f1o di\u00f3 instrucciones para facilitar el uso de la Explanada,  lo cual siempre apreci\u00e9.<\/p>\n\n\n\n<p class=\"wp-block-paragraph\">La disposici\u00f3n institucional mostrada por el entonces gobernador Trevi\u00f1o Mart\u00ednez, quien entendi\u00f3 que la competencia pol\u00edtica no deb\u00eda convertirse en un obst\u00e1culo para el ejercicio democr\u00e1tico.<\/p>\n\n\n\n<p class=\"wp-block-paragraph\">Aquella actitud refleja una diferencia importante con los tiempos actuales. Exist\u00edan profundas diferencias ideol\u00f3gicas y electorales, pero tambi\u00e9n prevalec\u00eda el respeto a las instituciones y a la participaci\u00f3n de quienes pensaban distinto.<\/p>\n\n\n\n<p class=\"wp-block-paragraph\">Aquellos eran tiempos de competencia pol\u00edtica firme, pero tambi\u00e9n de respeto institucional. M\u00e1s all\u00e1 de las diferencias partidistas, exist\u00eda la convicci\u00f3n de que la actividad democr\u00e1tica deb\u00eda desarrollarse con normalidad y que los candidatos ten\u00edan derecho a presentar sus propuestas ante los ciudadanos.<\/p>\n\n\n\n<p class=\"wp-block-paragraph\">El d\u00eda del evento la Macroplaza luc\u00eda impresionante. Desde horas antes comenzaron a llegar familias enteras, j\u00f3venes, empresarios, trabajadores y militantes procedentes de distintos municipios. Conforme avanzaba la tarde, la explanada se fue llenando de entusiasmo y esperanza.<\/p>\n\n\n\n<p class=\"wp-block-paragraph\">Acompa\u00f1aban a Maqu\u00edo destacados liderazgos panistas de Nuevo Le\u00f3n, entre ellos Fernando Canales Clariond, Pablo Emilio Madero, Jos\u00e9 Luis Salas Cacho entre otros mas. Todos compart\u00edamos la convicci\u00f3n de que M\u00e9xico estaba entrando en una nueva etapa pol\u00edtica.<\/p>\n\n\n\n<p class=\"wp-block-paragraph\">Cuando Maqu\u00edo tom\u00f3 el micr\u00f3fono, la respuesta de la gente fue extraordinaria. Su mensaje era directo, valiente y profundamente ciudadano. No hablaba \u00fanicamente de ganar una elecci\u00f3n; hablaba de recuperar la dignidad de la pol\u00edtica y de construir una naci\u00f3n donde la voluntad de los ciudadanos fuera respetada.<\/p>\n\n\n\n<p class=\"wp-block-paragraph\">La elecci\u00f3n de 1988 qued\u00f3 marcada por la pol\u00e9mica y por acontecimientos que forman parte de la historia pol\u00edtica nacional. Sin embargo, para quienes participamos en aquella campa\u00f1a, el verdadero legado de Maqu\u00edo fue haber sembrado una conciencia democr\u00e1tica que a\u00f1os despu\u00e9s contribuir\u00eda a transformar la vida p\u00fablica de M\u00e9xico.<\/p>\n\n\n\n<p class=\"wp-block-paragraph\">Cada vez que recuerdo aquella tarde en la Macroplaza, vuelvo a sentir la energ\u00eda de miles de ciudadanos convencidos de que el cambio era posible. M\u00e1s all\u00e1 de los resultados electorales, esa fue la gran victoria de Maqu\u00edo: demostrar que la democracia pod\u00eda convertirse en una causa capaz de unir a los mexicanos.<\/p>\n\n\n\n<p class=\"wp-block-paragraph\">QEPD el gobernador y amigo Jorge A Trevi\u00f1o. Dios lo reciba en Su Gloria y la familia y amigos, deseo encuentra la paz, el consuelo y la esperanza. <\/p>\n","protected":false},"excerpt":{"rendered":"<p>Durante mis a\u00f1os en la pol\u00edtica, tengo muchos recuerdos. Precisamente, con motivo del fallecimiento del&#8230;<\/p>\n","protected":false},"author":68,"featured_media":14661,"comment_status":"open","ping_status":"open","sticky":false,"template":"","format":"standard","meta":{"footnotes":""},"categories":[4],"tags":[],"class_list":["post-14660","post","type-post","status-publish","format-standard","has-post-thumbnail","hentry","category-ciudad"],"yoast_head":"<!-- This site is optimized with the Yoast SEO plugin v28.4 - https:\/\/yoast.com\/product\/yoast-seo-wordpress\/ -->\n<title>Recuerdos pol\u00edticos con Jorge Trevi\u00f1o. QEPD -<\/title>\n<meta name=\"robots\" content=\"index, follow, max-snippet:-1, max-image-preview:large, max-video-preview:-1\" \/>\n<link rel=\"canonical\" href=\"https:\/\/arjenoticias.com.mx\/?p=14660\" \/>\n<meta property=\"og:locale\" content=\"es_MX\" \/>\n<meta property=\"og:type\" content=\"article\" \/>\n<meta property=\"og:title\" content=\"Recuerdos pol\u00edticos con Jorge Trevi\u00f1o. QEPD -\" \/>\n<meta property=\"og:description\" content=\"Durante mis a\u00f1os en la pol\u00edtica, tengo muchos recuerdos. Precisamente, con motivo del fallecimiento del...\" \/>\n<meta property=\"og:url\" content=\"https:\/\/arjenoticias.com.mx\/?p=14660\" \/>\n<meta property=\"article:published_time\" content=\"2026-05-30T17:23:06+00:00\" \/>\n<meta name=\"author\" content=\"Ra\u00fal Monter Ortega\" \/>\n<meta name=\"twitter:card\" content=\"summary_large_image\" \/>\n<meta name=\"twitter:label1\" content=\"Escrito por\" \/>\n\t<meta name=\"twitter:data1\" content=\"Ra\u00fal Monter Ortega\" \/>\n\t<meta name=\"twitter:label2\" content=\"Tiempo de lectura\" \/>\n\t<meta name=\"twitter:data2\" content=\"4 minutos\" \/>\n<script type=\"application\/ld+json\" class=\"yoast-schema-graph\">{\"@context\":\"https:\\\/\\\/schema.org\",\"@graph\":[{\"@type\":\"Article\",\"@id\":\"https:\\\/\\\/arjenoticias.com.mx\\\/?p=14660#article\",\"isPartOf\":{\"@id\":\"https:\\\/\\\/arjenoticias.com.mx\\\/?p=14660\"},\"author\":{\"name\":\"Ra\u00fal Monter Ortega\",\"@id\":\"https:\\\/\\\/arjenoticias.com.mx\\\/#\\\/schema\\\/person\\\/f48bc28476b38490cbe82bd109c72b24\"},\"headline\":\"Recuerdos pol\u00edticos con Jorge Trevi\u00f1o. QEPD\",\"datePublished\":\"2026-05-30T17:23:06+00:00\",\"mainEntityOfPage\":{\"@id\":\"https:\\\/\\\/arjenoticias.com.mx\\\/?p=14660\"},\"wordCount\":789,\"commentCount\":0,\"publisher\":{\"@id\":\"https:\\\/\\\/arjenoticias.com.mx\\\/#organization\"},\"image\":{\"@id\":\"https:\\\/\\\/arjenoticias.com.mx\\\/?p=14660#primaryimage\"},\"thumbnailUrl\":\"\",\"articleSection\":[\"Ciudad\"],\"inLanguage\":\"es\",\"potentialAction\":[{\"@type\":\"CommentAction\",\"name\":\"Comment\",\"target\":[\"https:\\\/\\\/arjenoticias.com.mx\\\/?p=14660#respond\"]}]},{\"@type\":\"WebPage\",\"@id\":\"https:\\\/\\\/arjenoticias.com.mx\\\/?p=14660\",\"url\":\"https:\\\/\\\/arjenoticias.com.mx\\\/?p=14660\",\"name\":\"Recuerdos pol\u00edticos con Jorge Trevi\u00f1o. QEPD -\",\"isPartOf\":{\"@id\":\"https:\\\/\\\/arjenoticias.com.mx\\\/#website\"},\"primaryImageOfPage\":{\"@id\":\"https:\\\/\\\/arjenoticias.com.mx\\\/?p=14660#primaryimage\"},\"image\":{\"@id\":\"https:\\\/\\\/arjenoticias.com.mx\\\/?p=14660#primaryimage\"},\"thumbnailUrl\":\"\",\"datePublished\":\"2026-05-30T17:23:06+00:00\",\"breadcrumb\":{\"@id\":\"https:\\\/\\\/arjenoticias.com.mx\\\/?p=14660#breadcrumb\"},\"inLanguage\":\"es\",\"potentialAction\":[{\"@type\":\"ReadAction\",\"target\":[\"https:\\\/\\\/arjenoticias.com.mx\\\/?p=14660\"]}]},{\"@type\":\"ImageObject\",\"inLanguage\":\"es\",\"@id\":\"https:\\\/\\\/arjenoticias.com.mx\\\/?p=14660#primaryimage\",\"url\":\"\",\"contentUrl\":\"\"},{\"@type\":\"BreadcrumbList\",\"@id\":\"https:\\\/\\\/arjenoticias.com.mx\\\/?p=14660#breadcrumb\",\"itemListElement\":[{\"@type\":\"ListItem\",\"position\":1,\"name\":\"Inicio\",\"item\":\"https:\\\/\\\/arjenoticias.com.mx\\\/\"},{\"@type\":\"ListItem\",\"position\":2,\"name\":\"Recuerdos pol\u00edticos con Jorge Trevi\u00f1o. QEPD\"}]},{\"@type\":\"WebSite\",\"@id\":\"https:\\\/\\\/arjenoticias.com.mx\\\/#website\",\"url\":\"https:\\\/\\\/arjenoticias.com.mx\\\/\",\"name\":\"arjenoticias.com.mx\",\"description\":\"\",\"publisher\":{\"@id\":\"https:\\\/\\\/arjenoticias.com.mx\\\/#organization\"},\"potentialAction\":[{\"@type\":\"SearchAction\",\"target\":{\"@type\":\"EntryPoint\",\"urlTemplate\":\"https:\\\/\\\/arjenoticias.com.mx\\\/?s={search_term_string}\"},\"query-input\":{\"@type\":\"PropertyValueSpecification\",\"valueRequired\":true,\"valueName\":\"search_term_string\"}}],\"inLanguage\":\"es\"},{\"@type\":\"Organization\",\"@id\":\"https:\\\/\\\/arjenoticias.com.mx\\\/#organization\",\"name\":\"Arj\u00e9 de M\u00e9xico Noticias\",\"url\":\"https:\\\/\\\/arjenoticias.com.mx\\\/\",\"logo\":{\"@type\":\"ImageObject\",\"inLanguage\":\"es\",\"@id\":\"https:\\\/\\\/arjenoticias.com.mx\\\/#\\\/schema\\\/logo\\\/image\\\/\",\"url\":\"https:\\\/\\\/arjenoticias.com.mx\\\/wp-content\\\/uploads\\\/2025\\\/07\\\/cropped-logo-scaled-1.png\",\"contentUrl\":\"https:\\\/\\\/arjenoticias.com.mx\\\/wp-content\\\/uploads\\\/2025\\\/07\\\/cropped-logo-scaled-1.png\",\"width\":2558,\"height\":558,\"caption\":\"Arj\u00e9 de M\u00e9xico Noticias\"},\"image\":{\"@id\":\"https:\\\/\\\/arjenoticias.com.mx\\\/#\\\/schema\\\/logo\\\/image\\\/\"}},{\"@type\":\"Person\",\"@id\":\"https:\\\/\\\/arjenoticias.com.mx\\\/#\\\/schema\\\/person\\\/f48bc28476b38490cbe82bd109c72b24\",\"name\":\"Ra\u00fal Monter Ortega\",\"image\":{\"@type\":\"ImageObject\",\"inLanguage\":\"es\",\"@id\":\"https:\\\/\\\/secure.gravatar.com\\\/avatar\\\/1616403283ceadc5d9a2d98c21703f217676e6be6595972f5d3d26ff78793f9d?s=96&d=mm&r=g\",\"url\":\"https:\\\/\\\/secure.gravatar.com\\\/avatar\\\/1616403283ceadc5d9a2d98c21703f217676e6be6595972f5d3d26ff78793f9d?s=96&d=mm&r=g\",\"contentUrl\":\"https:\\\/\\\/secure.gravatar.com\\\/avatar\\\/1616403283ceadc5d9a2d98c21703f217676e6be6595972f5d3d26ff78793f9d?s=96&d=mm&r=g\",\"caption\":\"Ra\u00fal Monter Ortega\"},\"url\":\"https:\\\/\\\/arjenoticias.com.mx\\\/?author=68\"}]}<\/script>\n<!-- \/ Yoast SEO plugin. -->","yoast_head_json":{"title":"Recuerdos pol\u00edticos con Jorge Trevi\u00f1o. QEPD -","robots":{"index":"index","follow":"follow","max-snippet":"max-snippet:-1","max-image-preview":"max-image-preview:large","max-video-preview":"max-video-preview:-1"},"canonical":"https:\/\/arjenoticias.com.mx\/?p=14660","og_locale":"es_MX","og_type":"article","og_title":"Recuerdos pol\u00edticos con Jorge Trevi\u00f1o. QEPD -","og_description":"Durante mis a\u00f1os en la pol\u00edtica, tengo muchos recuerdos. Precisamente, con motivo del fallecimiento del...","og_url":"https:\/\/arjenoticias.com.mx\/?p=14660","article_published_time":"2026-05-30T17:23:06+00:00","author":"Ra\u00fal Monter Ortega","twitter_card":"summary_large_image","twitter_misc":{"Escrito por":"Ra\u00fal Monter Ortega","Tiempo de lectura":"4 minutos"},"schema":{"@context":"https:\/\/schema.org","@graph":[{"@type":"Article","@id":"https:\/\/arjenoticias.com.mx\/?p=14660#article","isPartOf":{"@id":"https:\/\/arjenoticias.com.mx\/?p=14660"},"author":{"name":"Ra\u00fal Monter Ortega","@id":"https:\/\/arjenoticias.com.mx\/#\/schema\/person\/f48bc28476b38490cbe82bd109c72b24"},"headline":"Recuerdos pol\u00edticos con Jorge Trevi\u00f1o. QEPD","datePublished":"2026-05-30T17:23:06+00:00","mainEntityOfPage":{"@id":"https:\/\/arjenoticias.com.mx\/?p=14660"},"wordCount":789,"commentCount":0,"publisher":{"@id":"https:\/\/arjenoticias.com.mx\/#organization"},"image":{"@id":"https:\/\/arjenoticias.com.mx\/?p=14660#primaryimage"},"thumbnailUrl":"","articleSection":["Ciudad"],"inLanguage":"es","potentialAction":[{"@type":"CommentAction","name":"Comment","target":["https:\/\/arjenoticias.com.mx\/?p=14660#respond"]}]},{"@type":"WebPage","@id":"https:\/\/arjenoticias.com.mx\/?p=14660","url":"https:\/\/arjenoticias.com.mx\/?p=14660","name":"Recuerdos pol\u00edticos con Jorge Trevi\u00f1o. QEPD -","isPartOf":{"@id":"https:\/\/arjenoticias.com.mx\/#website"},"primaryImageOfPage":{"@id":"https:\/\/arjenoticias.com.mx\/?p=14660#primaryimage"},"image":{"@id":"https:\/\/arjenoticias.com.mx\/?p=14660#primaryimage"},"thumbnailUrl":"","datePublished":"2026-05-30T17:23:06+00:00","breadcrumb":{"@id":"https:\/\/arjenoticias.com.mx\/?p=14660#breadcrumb"},"inLanguage":"es","potentialAction":[{"@type":"ReadAction","target":["https:\/\/arjenoticias.com.mx\/?p=14660"]}]},{"@type":"ImageObject","inLanguage":"es","@id":"https:\/\/arjenoticias.com.mx\/?p=14660#primaryimage","url":"","contentUrl":""},{"@type":"BreadcrumbList","@id":"https:\/\/arjenoticias.com.mx\/?p=14660#breadcrumb","itemListElement":[{"@type":"ListItem","position":1,"name":"Inicio","item":"https:\/\/arjenoticias.com.mx\/"},{"@type":"ListItem","position":2,"name":"Recuerdos pol\u00edticos con Jorge Trevi\u00f1o. QEPD"}]},{"@type":"WebSite","@id":"https:\/\/arjenoticias.com.mx\/#website","url":"https:\/\/arjenoticias.com.mx\/","name":"arjenoticias.com.mx","description":"","publisher":{"@id":"https:\/\/arjenoticias.com.mx\/#organization"},"potentialAction":[{"@type":"SearchAction","target":{"@type":"EntryPoint","urlTemplate":"https:\/\/arjenoticias.com.mx\/?s={search_term_string}"},"query-input":{"@type":"PropertyValueSpecification","valueRequired":true,"valueName":"search_term_string"}}],"inLanguage":"es"},{"@type":"Organization","@id":"https:\/\/arjenoticias.com.mx\/#organization","name":"Arj\u00e9 de M\u00e9xico Noticias","url":"https:\/\/arjenoticias.com.mx\/","logo":{"@type":"ImageObject","inLanguage":"es","@id":"https:\/\/arjenoticias.com.mx\/#\/schema\/logo\/image\/","url":"https:\/\/arjenoticias.com.mx\/wp-content\/uploads\/2025\/07\/cropped-logo-scaled-1.png","contentUrl":"https:\/\/arjenoticias.com.mx\/wp-content\/uploads\/2025\/07\/cropped-logo-scaled-1.png","width":2558,"height":558,"caption":"Arj\u00e9 de M\u00e9xico Noticias"},"image":{"@id":"https:\/\/arjenoticias.com.mx\/#\/schema\/logo\/image\/"}},{"@type":"Person","@id":"https:\/\/arjenoticias.com.mx\/#\/schema\/person\/f48bc28476b38490cbe82bd109c72b24","name":"Ra\u00fal Monter Ortega","image":{"@type":"ImageObject","inLanguage":"es","@id":"https:\/\/secure.gravatar.com\/avatar\/1616403283ceadc5d9a2d98c21703f217676e6be6595972f5d3d26ff78793f9d?s=96&d=mm&r=g","url":"https:\/\/secure.gravatar.com\/avatar\/1616403283ceadc5d9a2d98c21703f217676e6be6595972f5d3d26ff78793f9d?s=96&d=mm&r=g","contentUrl":"https:\/\/secure.gravatar.com\/avatar\/1616403283ceadc5d9a2d98c21703f217676e6be6595972f5d3d26ff78793f9d?s=96&d=mm&r=g","caption":"Ra\u00fal Monter Ortega"},"url":"https:\/\/arjenoticias.com.mx\/?author=68"}]}},"_links":{"self":[{"href":"https:\/\/arjenoticias.com.mx\/index.php?rest_route=\/wp\/v2\/posts\/14660","targetHints":{"allow":["GET"]}}],"collection":[{"href":"https:\/\/arjenoticias.com.mx\/index.php?rest_route=\/wp\/v2\/posts"}],"about":[{"href":"https:\/\/arjenoticias.com.mx\/index.php?rest_route=\/wp\/v2\/types\/post"}],"author":[{"embeddable":true,"href":"https:\/\/arjenoticias.com.mx\/index.php?rest_route=\/wp\/v2\/users\/68"}],"replies":[{"embeddable":true,"href":"https:\/\/arjenoticias.com.mx\/index.php?rest_route=%2Fwp%2Fv2%2Fcomments&post=14660"}],"version-history":[{"count":0,"href":"https:\/\/arjenoticias.com.mx\/index.php?rest_route=\/wp\/v2\/posts\/14660\/revisions"}],"wp:attachment":[{"href":"https:\/\/arjenoticias.com.mx\/index.php?rest_route=%2Fwp%2Fv2%2Fmedia&parent=14660"}],"wp:term":[{"taxonomy":"category","embeddable":true,"href":"https:\/\/arjenoticias.com.mx\/index.php?rest_route=%2Fwp%2Fv2%2Fcategories&post=14660"},{"taxonomy":"post_tag","embeddable":true,"href":"https:\/\/arjenoticias.com.mx\/index.php?rest_route=%2Fwp%2Fv2%2Ftags&post=14660"}],"curies":[{"name":"wp","href":"https:\/\/api.w.org\/{rel}","templated":true}]}}